{"id":32915,"date":"2019-06-20T23:40:13","date_gmt":"2019-06-21T04:40:13","guid":{"rendered":"https:\/\/www.dev.nitu.mx\/?p=32915"},"modified":"2019-06-21T00:11:46","modified_gmt":"2019-06-21T05:11:46","slug":"volaris-ofrece-vuelos-a-1-dolar-a-migrantes-que-regresen-de-mexico-a-centroamerica","status":"publish","type":"post","link":"https:\/\/nitu.mx\/index.php\/2019\/06\/20\/volaris-ofrece-vuelos-a-1-dolar-a-migrantes-que-regresen-de-mexico-a-centroamerica\/","title":{"rendered":"Volaris ofrece vuelos a 1 d\u00f3lar a migrantes que regresen de M\u00e9xico a Centroam\u00e9rica"},"content":{"rendered":"<p>La l\u00ednea a\u00e9rea invit\u00f3 a trav\u00e9s de Twitter a los migrantes centroamericanos en situaci\u00f3n migratoria irregular que est\u00e9n en M\u00e9xico y que quieran volver voluntariamente podr\u00e1n hacerlo hasta el 30 de junio.<\/p>\n<p>A la par de un plan que ejecuta M\u00e9xico para reducir el flujo migratorio hacia Estados Unidos, la aerol\u00ednea mexicana Volaris lanz\u00f3 este jueves el programa &#8220;Reuniendo familias&#8221; que ofrece a los inmigrantes centroamericanos en territorio mexicano regresar a sus pa\u00edses de origen.<\/p>\n<p>La l\u00ednea a\u00e9rea de bajo costo que opera tambi\u00e9n en Estados Unidos y Centroam\u00e9rica invit\u00f3 a trav\u00e9s de Twitter a los migrantes centroamericanos en situaci\u00f3n migratoria irregular que est\u00e9n en M\u00e9xico y quieran volver voluntariamente a sus pa\u00edses de origen a hacerlo pagando un d\u00f3lar m\u00e1s impuestos hasta el 30 de junio.<\/p>\n<p>Hace un a\u00f1o, Volaris ofreci\u00f3 vuelos gratuitos para reunir a familias separadas por la pol\u00edtica migratoria &#8220;tolerancia cero&#8221; del presidente de Estados Unidos Donald Trump, mientras otras aerol\u00edneas estadounidenses pidieron a su gobierno no usar sus vuelos para transportar a los ni\u00f1os separados de sus padres.<\/p>\n<p>En esta ocasi\u00f3n, los inmigrantes que quieran viajar a Costa Rica, El Salvador y Guatemala podr\u00e1n hacerlo present\u00e1ndose en los aeropuertos de Tijuana, Ciudad Ju\u00e1rez, Guadalajara y Ciudad de M\u00e9xico con su documento de identidad si son mayores de edad o partida de nacimiento o pasaporte si son menores de 18 a\u00f1os.<\/p>\n<p>&#8220;De esta manera Volaris refuerza su compromiso de unir familias y colaborar ofreciendo una alternativa en la soluci\u00f3n del fen\u00f3meno migratorio de los \u00faltimos meses&#8221;, dijo la empresa en un comunicado. (Volaris lanza nuevo modelo tarifario Vuela Plus).<br \/>\nMiles de centroamericanos escapan cada a\u00f1o de la violencia y pobreza en sus pa\u00edses rumbo a Estados Unidos.<\/p>\n<p>Aunque muchos son deportados al llegar o se quedan a mitad de camino en M\u00e9xico, el fen\u00f3meno despert\u00f3 la ira de Trump, quien mantiene la amenaza de aplicarle aranceles a todos los bienes mexicanos si el gobierno de Andr\u00e9s Manuel L\u00f3pez Obrador no reduce el flujo de migrantes en las pr\u00f3ximas semanas.<\/p>\n","protected":false},"excerpt":{"rendered":"<p>La l\u00ednea a\u00e9rea invit\u00f3 a trav\u00e9s de Twitter a los migrantes centroamericanos en situaci\u00f3n migratoria irregular que est\u00e9n en M\u00e9xico y que quieran volver voluntariamente podr\u00e1n hacerlo hasta el 30 de junio. A la par de un plan que ejecuta M\u00e9xico para reducir el flujo migratorio hacia Estados Unidos, la aerol\u00ednea mexicana Volaris lanz\u00f3 este [&hellip;]<\/p>\n","protected":false},"author":17,"featured_media":27038,"comment_status":"open","ping_status":"open","sticky":false,"template":"","format":"standard","meta":{"footnotes":""},"categories":[29],"tags":[9821,16188],"yoast_head":"<!-- This site is optimized with the Yoast SEO plugin v22.2 - https:\/\/yoast.com\/wordpress\/plugins\/seo\/ -->\n<title>Volaris ofrece vuelos a 1 d\u00f3lar a migrantes que regresen de M\u00e9xico a Centroam\u00e9rica - Nitu - Noticias de la Industria Turistica<\/title>\n<meta name=\"robots\" content=\"index, follow, max-snippet:-1, max-image-preview:large, max-video-preview:-1\" \/>\n<link rel=\"canonical\" href=\"https:\/\/nitu.mx\/index.php\/2019\/06\/20\/volaris-ofrece-vuelos-a-1-dolar-a-migrantes-que-regresen-de-mexico-a-centroamerica\/\" \/>\n<meta name=\"twitter:card\" content=\"summary_large_image\" \/>\n<meta name=\"twitter:title\" content=\"Volaris ofrece vuelos a 1 d\u00f3lar a migrantes que regresen de M\u00e9xico a Centroam\u00e9rica - Nitu - Noticias de la Industria Turistica\" \/>\n<meta name=\"twitter:description\" content=\"La l\u00ednea a\u00e9rea invit\u00f3 a trav\u00e9s de Twitter a los migrantes centroamericanos en situaci\u00f3n migratoria irregular que est\u00e9n en M\u00e9xico y que quieran volver voluntariamente podr\u00e1n hacerlo hasta el 30 de junio. A la par de un plan que ejecuta M\u00e9xico para reducir el flujo migratorio hacia Estados Unidos, la aerol\u00ednea mexicana Volaris lanz\u00f3 este [&hellip;]\" \/>\n<meta name=\"twitter:image\" content=\"https:\/\/nitu.mx\/wp-content\/uploads\/2018\/11\/Avi\u00f3n-A320neo-Volaris.jpg\" \/>\n<meta name=\"twitter:creator\" content=\"@NITUmx\" \/>\n<meta name=\"twitter:site\" content=\"@Arturo_Medina_G\" \/>\n<meta name=\"twitter:label1\" content=\"Escrito por\" \/>\n\t<meta name=\"twitter:data1\" content=\"Redacci\u00f3n\" \/>\n\t<meta name=\"twitter:label2\" content=\"Tiempo de lectura\" \/>\n\t<meta name=\"twitter:data2\" content=\"2 minutos\" \/>\n<script type=\"application\/ld+json\" class=\"yoast-schema-graph\">{\"@context\":\"https:\/\/schema.org\",\"@graph\":[{\"@type\":\"Article\",\"@id\":\"https:\/\/nitu.mx\/index.php\/2019\/06\/20\/volaris-ofrece-vuelos-a-1-dolar-a-migrantes-que-regresen-de-mexico-a-centroamerica\/#article\",\"isPartOf\":{\"@id\":\"https:\/\/nitu.mx\/index.php\/2019\/06\/20\/volaris-ofrece-vuelos-a-1-dolar-a-migrantes-que-regresen-de-mexico-a-centroamerica\/\"},\"author\":{\"name\":\"Redacci\u00f3n\",\"@id\":\"https:\/\/nitu.mx\/#\/schema\/person\/4a28fe9bd65924f7c90623773daf1b0b\"},\"headline\":\"Volaris ofrece vuelos a 1 d\u00f3lar a migrantes que regresen de M\u00e9xico a Centroam\u00e9rica\",\"datePublished\":\"2019-06-21T04:40:13+00:00\",\"dateModified\":\"2019-06-21T05:11:46+00:00\",\"mainEntityOfPage\":{\"@id\":\"https:\/\/nitu.mx\/index.php\/2019\/06\/20\/volaris-ofrece-vuelos-a-1-dolar-a-migrantes-que-regresen-de-mexico-a-centroamerica\/\"},\"wordCount\":386,\"commentCount\":0,\"publisher\":{\"@id\":\"https:\/\/nitu.mx\/#\/schema\/person\/ae7a53426417292d3dd07b45a33e01bc\"},\"image\":{\"@id\":\"https:\/\/nitu.mx\/index.php\/2019\/06\/20\/volaris-ofrece-vuelos-a-1-dolar-a-migrantes-que-regresen-de-mexico-a-centroamerica\/#primaryimage\"},\"thumbnailUrl\":\"https:\/\/nitu.mx\/wp-content\/uploads\/2018\/11\/Avi\u00f3n-A320neo-Volaris.jpg\",\"keywords\":[\"presidente de Estados Unidos Donald Trump\",\"programa \\\"Reuniendo familias\\\"\"],\"articleSection\":[\"Aerol\u00edneas\"],\"inLanguage\":\"es-MX\",\"potentialAction\":[{\"@type\":\"CommentAction\",\"name\":\"Comment\",\"target\":[\"https:\/\/nitu.mx\/index.php\/2019\/06\/20\/volaris-ofrece-vuelos-a-1-dolar-a-migrantes-que-regresen-de-mexico-a-centroamerica\/#respond\"]}]},{\"@type\":\"WebPage\",\"@id\":\"https:\/\/nitu.mx\/index.php\/2019\/06\/20\/volaris-ofrece-vuelos-a-1-dolar-a-migrantes-que-regresen-de-mexico-a-centroamerica\/\",\"url\":\"https:\/\/nitu.mx\/index.php\/2019\/06\/20\/volaris-ofrece-vuelos-a-1-dolar-a-migrantes-que-regresen-de-mexico-a-centroamerica\/\",\"name\":\"Volaris ofrece vuelos a 1 d\u00f3lar a migrantes que regresen de M\u00e9xico a Centroam\u00e9rica - Nitu - Noticias de la Industria Turistica\",\"isPartOf\":{\"@id\":\"https:\/\/nitu.mx\/#website\"},\"primaryImageOfPage\":{\"@id\":\"https:\/\/nitu.mx\/index.php\/2019\/06\/20\/volaris-ofrece-vuelos-a-1-dolar-a-migrantes-que-regresen-de-mexico-a-centroamerica\/#primaryimage\"},\"image\":{\"@id\":\"https:\/\/nitu.mx\/index.php\/2019\/06\/20\/volaris-ofrece-vuelos-a-1-dolar-a-migrantes-que-regresen-de-mexico-a-centroamerica\/#primaryimage\"},\"thumbnailUrl\":\"https:\/\/nitu.mx\/wp-content\/uploads\/2018\/11\/Avi\u00f3n-A320neo-Volaris.jpg\",\"datePublished\":\"2019-06-21T04:40:13+00:00\",\"dateModified\":\"2019-06-21T05:11:46+00:00\",\"breadcrumb\":{\"@id\":\"https:\/\/nitu.mx\/index.php\/2019\/06\/20\/volaris-ofrece-vuelos-a-1-dolar-a-migrantes-que-regresen-de-mexico-a-centroamerica\/#breadcrumb\"},\"inLanguage\":\"es-MX\",\"potentialAction\":[{\"@type\":\"ReadAction\",\"target\":[\"https:\/\/nitu.mx\/index.php\/2019\/06\/20\/volaris-ofrece-vuelos-a-1-dolar-a-migrantes-que-regresen-de-mexico-a-centroamerica\/\"]}]},{\"@type\":\"ImageObject\",\"inLanguage\":\"es-MX\",\"@id\":\"https:\/\/nitu.mx\/index.php\/2019\/06\/20\/volaris-ofrece-vuelos-a-1-dolar-a-migrantes-que-regresen-de-mexico-a-centroamerica\/#primaryimage\",\"url\":\"https:\/\/nitu.mx\/wp-content\/uploads\/2018\/11\/Avi\u00f3n-A320neo-Volaris.jpg\",\"contentUrl\":\"https:\/\/nitu.mx\/wp-content\/uploads\/2018\/11\/Avi\u00f3n-A320neo-Volaris.jpg\",\"width\":850,\"height\":480,\"caption\":\"Volaris BMV v.business Baja California Sur\"},{\"@type\":\"BreadcrumbList\",\"@id\":\"https:\/\/nitu.mx\/index.php\/2019\/06\/20\/volaris-ofrece-vuelos-a-1-dolar-a-migrantes-que-regresen-de-mexico-a-centroamerica\/#breadcrumb\",\"itemListElement\":[{\"@type\":\"ListItem\",\"position\":1,\"name\":\"Inicio\",\"item\":\"https:\/\/nitu.mx\/\"},{\"@type\":\"ListItem\",\"position\":2,\"name\":\"Volaris ofrece vuelos a 1 d\u00f3lar a migrantes que regresen de M\u00e9xico a Centroam\u00e9rica\"}]},{\"@type\":\"WebSite\",\"@id\":\"https:\/\/nitu.mx\/#website\",\"url\":\"https:\/\/nitu.mx\/\",\"name\":\"Nitu - Noticias de la Industria Turistica\",\"description\":\"Noticias de la Industria Turistica\",\"publisher\":{\"@id\":\"https:\/\/nitu.mx\/#\/schema\/person\/ae7a53426417292d3dd07b45a33e01bc\"},\"alternateName\":\"Noticias de la Industria Turistica\",\"potentialAction\":[{\"@type\":\"SearchAction\",\"target\":{\"@type\":\"EntryPoint\",\"urlTemplate\":\"https:\/\/nitu.mx\/?s={search_term_string}\"},\"query-input\":\"required name=search_term_string\"}],\"inLanguage\":\"es-MX\"},{\"@type\":[\"Person\",\"Organization\"],\"@id\":\"https:\/\/nitu.mx\/#\/schema\/person\/ae7a53426417292d3dd07b45a33e01bc\",\"name\":\"Arturo Medina\",\"image\":{\"@type\":\"ImageObject\",\"inLanguage\":\"es-MX\",\"@id\":\"https:\/\/nitu.mx\/#\/schema\/person\/image\/\",\"url\":\"https:\/\/nitu.mx\/wp-content\/uploads\/2024\/04\/4A315622-1904-4D5C-B022-878CDC840E04-90x90-1.jpeg\",\"contentUrl\":\"https:\/\/nitu.mx\/wp-content\/uploads\/2024\/04\/4A315622-1904-4D5C-B022-878CDC840E04-90x90-1.jpeg\",\"width\":90,\"height\":90,\"caption\":\"Arturo Medina\"},\"logo\":{\"@id\":\"https:\/\/nitu.mx\/#\/schema\/person\/image\/\"},\"description\":\"Director NITU.mx, Egresado de la Escuela de Periodismo Carlos Septi\u00e9n Garc\u00eda. Periodista y analista especializado en turismo desde hace 35 a\u00f1os, radicado en Canc\u00fan Q.Roo. arturo@nitu.mx\",\"sameAs\":[\"https:\/\/nitu.mx\",\"https:\/\/www.facebook.com\/NITUmx\/\",\"medinacancun\",\"https:\/\/twitter.com\/@Arturo_Medina_G\"]},{\"@type\":\"Person\",\"@id\":\"https:\/\/nitu.mx\/#\/schema\/person\/4a28fe9bd65924f7c90623773daf1b0b\",\"name\":\"Redacci\u00f3n\",\"image\":{\"@type\":\"ImageObject\",\"inLanguage\":\"es-MX\",\"@id\":\"https:\/\/nitu.mx\/#\/schema\/person\/image\/\",\"url\":\"https:\/\/secure.gravatar.com\/avatar\/5dd011c8ccfc5cd7e4c81e42252aab38?s=96&d=mm&r=g\",\"contentUrl\":\"https:\/\/secure.gravatar.com\/avatar\/5dd011c8ccfc5cd7e4c81e42252aab38?s=96&d=mm&r=g\",\"caption\":\"Redacci\u00f3n\"},\"url\":\"https:\/\/nitu.mx\/index.php\/author\/redaccion\/\"}]}<\/script>\n<!-- \/ Yoast SEO plugin. -->","yoast_head_json":{"title":"Volaris ofrece vuelos a 1 d\u00f3lar a migrantes que regresen de M\u00e9xico a Centroam\u00e9rica - Nitu - Noticias de la Industria Turistica","robots":{"index":"index","follow":"follow","max-snippet":"max-snippet:-1","max-image-preview":"max-image-preview:large","max-video-preview":"max-video-preview:-1"},"canonical":"https:\/\/nitu.mx\/index.php\/2019\/06\/20\/volaris-ofrece-vuelos-a-1-dolar-a-migrantes-que-regresen-de-mexico-a-centroamerica\/","twitter_card":"summary_large_image","twitter_title":"Volaris ofrece vuelos a 1 d\u00f3lar a migrantes que regresen de M\u00e9xico a Centroam\u00e9rica - Nitu - Noticias de la Industria Turistica","twitter_description":"La l\u00ednea a\u00e9rea invit\u00f3 a trav\u00e9s de Twitter a los migrantes centroamericanos en situaci\u00f3n migratoria irregular que est\u00e9n en M\u00e9xico y que quieran volver voluntariamente podr\u00e1n hacerlo hasta el 30 de junio. A la par de un plan que ejecuta M\u00e9xico para reducir el flujo migratorio hacia Estados Unidos, la aerol\u00ednea mexicana Volaris lanz\u00f3 este [&hellip;]","twitter_image":"https:\/\/nitu.mx\/wp-content\/uploads\/2018\/11\/Avi\u00f3n-A320neo-Volaris.jpg","twitter_creator":"@NITUmx","twitter_site":"@Arturo_Medina_G","twitter_misc":{"Escrito por":"Redacci\u00f3n","Tiempo de lectura":"2 minutos"},"schema":{"@context":"https:\/\/schema.org","@graph":[{"@type":"Article","@id":"https:\/\/nitu.mx\/index.php\/2019\/06\/20\/volaris-ofrece-vuelos-a-1-dolar-a-migrantes-que-regresen-de-mexico-a-centroamerica\/#article","isPartOf":{"@id":"https:\/\/nitu.mx\/index.php\/2019\/06\/20\/volaris-ofrece-vuelos-a-1-dolar-a-migrantes-que-regresen-de-mexico-a-centroamerica\/"},"author":{"name":"Redacci\u00f3n","@id":"https:\/\/nitu.mx\/#\/schema\/person\/4a28fe9bd65924f7c90623773daf1b0b"},"headline":"Volaris ofrece vuelos a 1 d\u00f3lar a migrantes que regresen de M\u00e9xico a Centroam\u00e9rica","datePublished":"2019-06-21T04:40:13+00:00","dateModified":"2019-06-21T05:11:46+00:00","mainEntityOfPage":{"@id":"https:\/\/nitu.mx\/index.php\/2019\/06\/20\/volaris-ofrece-vuelos-a-1-dolar-a-migrantes-que-regresen-de-mexico-a-centroamerica\/"},"wordCount":386,"commentCount":0,"publisher":{"@id":"https:\/\/nitu.mx\/#\/schema\/person\/ae7a53426417292d3dd07b45a33e01bc"},"image":{"@id":"https:\/\/nitu.mx\/index.php\/2019\/06\/20\/volaris-ofrece-vuelos-a-1-dolar-a-migrantes-que-regresen-de-mexico-a-centroamerica\/#primaryimage"},"thumbnailUrl":"https:\/\/nitu.mx\/wp-content\/uploads\/2018\/11\/Avi\u00f3n-A320neo-Volaris.jpg","keywords":["presidente de Estados Unidos Donald Trump","programa \"Reuniendo familias\""],"articleSection":["Aerol\u00edneas"],"inLanguage":"es-MX","potentialAction":[{"@type":"CommentAction","name":"Comment","target":["https:\/\/nitu.mx\/index.php\/2019\/06\/20\/volaris-ofrece-vuelos-a-1-dolar-a-migrantes-que-regresen-de-mexico-a-centroamerica\/#respond"]}]},{"@type":"WebPage","@id":"https:\/\/nitu.mx\/index.php\/2019\/06\/20\/volaris-ofrece-vuelos-a-1-dolar-a-migrantes-que-regresen-de-mexico-a-centroamerica\/","url":"https:\/\/nitu.mx\/index.php\/2019\/06\/20\/volaris-ofrece-vuelos-a-1-dolar-a-migrantes-que-regresen-de-mexico-a-centroamerica\/","name":"Volaris ofrece vuelos a 1 d\u00f3lar a migrantes que regresen de M\u00e9xico a Centroam\u00e9rica - Nitu - Noticias de la Industria Turistica","isPartOf":{"@id":"https:\/\/nitu.mx\/#website"},"primaryImageOfPage":{"@id":"https:\/\/nitu.mx\/index.php\/2019\/06\/20\/volaris-ofrece-vuelos-a-1-dolar-a-migrantes-que-regresen-de-mexico-a-centroamerica\/#primaryimage"},"image":{"@id":"https:\/\/nitu.mx\/index.php\/2019\/06\/20\/volaris-ofrece-vuelos-a-1-dolar-a-migrantes-que-regresen-de-mexico-a-centroamerica\/#primaryimage"},"thumbnailUrl":"https:\/\/nitu.mx\/wp-content\/uploads\/2018\/11\/Avi\u00f3n-A320neo-Volaris.jpg","datePublished":"2019-06-21T04:40:13+00:00","dateModified":"2019-06-21T05:11:46+00:00","breadcrumb":{"@id":"https:\/\/nitu.mx\/index.php\/2019\/06\/20\/volaris-ofrece-vuelos-a-1-dolar-a-migrantes-que-regresen-de-mexico-a-centroamerica\/#breadcrumb"},"inLanguage":"es-MX","potentialAction":[{"@type":"ReadAction","target":["https:\/\/nitu.mx\/index.php\/2019\/06\/20\/volaris-ofrece-vuelos-a-1-dolar-a-migrantes-que-regresen-de-mexico-a-centroamerica\/"]}]},{"@type":"ImageObject","inLanguage":"es-MX","@id":"https:\/\/nitu.mx\/index.php\/2019\/06\/20\/volaris-ofrece-vuelos-a-1-dolar-a-migrantes-que-regresen-de-mexico-a-centroamerica\/#primaryimage","url":"https:\/\/nitu.mx\/wp-content\/uploads\/2018\/11\/Avi\u00f3n-A320neo-Volaris.jpg","contentUrl":"https:\/\/nitu.mx\/wp-content\/uploads\/2018\/11\/Avi\u00f3n-A320neo-Volaris.jpg","width":850,"height":480,"caption":"Volaris BMV v.business Baja California Sur"},{"@type":"BreadcrumbList","@id":"https:\/\/nitu.mx\/index.php\/2019\/06\/20\/volaris-ofrece-vuelos-a-1-dolar-a-migrantes-que-regresen-de-mexico-a-centroamerica\/#breadcrumb","itemListElement":[{"@type":"ListItem","position":1,"name":"Inicio","item":"https:\/\/nitu.mx\/"},{"@type":"ListItem","position":2,"name":"Volaris ofrece vuelos a 1 d\u00f3lar a migrantes que regresen de M\u00e9xico a Centroam\u00e9rica"}]},{"@type":"WebSite","@id":"https:\/\/nitu.mx\/#website","url":"https:\/\/nitu.mx\/","name":"Nitu - Noticias de la Industria Turistica","description":"Noticias de la Industria Turistica","publisher":{"@id":"https:\/\/nitu.mx\/#\/schema\/person\/ae7a53426417292d3dd07b45a33e01bc"},"alternateName":"Noticias de la Industria Turistica","potentialAction":[{"@type":"SearchAction","target":{"@type":"EntryPoint","urlTemplate":"https:\/\/nitu.mx\/?s={search_term_string}"},"query-input":"required name=search_term_string"}],"inLanguage":"es-MX"},{"@type":["Person","Organization"],"@id":"https:\/\/nitu.mx\/#\/schema\/person\/ae7a53426417292d3dd07b45a33e01bc","name":"Arturo Medina","image":{"@type":"ImageObject","inLanguage":"es-MX","@id":"https:\/\/nitu.mx\/#\/schema\/person\/image\/","url":"https:\/\/nitu.mx\/wp-content\/uploads\/2024\/04\/4A315622-1904-4D5C-B022-878CDC840E04-90x90-1.jpeg","contentUrl":"https:\/\/nitu.mx\/wp-content\/uploads\/2024\/04\/4A315622-1904-4D5C-B022-878CDC840E04-90x90-1.jpeg","width":90,"height":90,"caption":"Arturo Medina"},"logo":{"@id":"https:\/\/nitu.mx\/#\/schema\/person\/image\/"},"description":"Director NITU.mx, Egresado de la Escuela de Periodismo Carlos Septi\u00e9n Garc\u00eda. Periodista y analista especializado en turismo desde hace 35 a\u00f1os, radicado en Canc\u00fan Q.Roo. arturo@nitu.mx","sameAs":["https:\/\/nitu.mx","https:\/\/www.facebook.com\/NITUmx\/","medinacancun","https:\/\/twitter.com\/@Arturo_Medina_G"]},{"@type":"Person","@id":"https:\/\/nitu.mx\/#\/schema\/person\/4a28fe9bd65924f7c90623773daf1b0b","name":"Redacci\u00f3n","image":{"@type":"ImageObject","inLanguage":"es-MX","@id":"https:\/\/nitu.mx\/#\/schema\/person\/image\/","url":"https:\/\/secure.gravatar.com\/avatar\/5dd011c8ccfc5cd7e4c81e42252aab38?s=96&d=mm&r=g","contentUrl":"https:\/\/secure.gravatar.com\/avatar\/5dd011c8ccfc5cd7e4c81e42252aab38?s=96&d=mm&r=g","caption":"Redacci\u00f3n"},"url":"https:\/\/nitu.mx\/index.php\/author\/redaccion\/"}]}},"views":248,"_links":{"self":[{"href":"https:\/\/nitu.mx\/index.php\/wp-json\/wp\/v2\/posts\/32915"}],"collection":[{"href":"https:\/\/nitu.mx\/index.php\/wp-json\/wp\/v2\/posts"}],"about":[{"href":"https:\/\/nitu.mx\/index.php\/wp-json\/wp\/v2\/types\/post"}],"author":[{"embeddable":true,"href":"https:\/\/nitu.mx\/index.php\/wp-json\/wp\/v2\/users\/17"}],"replies":[{"embeddable":true,"href":"https:\/\/nitu.mx\/index.php\/wp-json\/wp\/v2\/comments?post=32915"}],"version-history":[{"count":1,"href":"https:\/\/nitu.mx\/index.php\/wp-json\/wp\/v2\/posts\/32915\/revisions"}],"predecessor-version":[{"id":32916,"href":"https:\/\/nitu.mx\/index.php\/wp-json\/wp\/v2\/posts\/32915\/revisions\/32916"}],"wp:featuredmedia":[{"embeddable":true,"href":"https:\/\/nitu.mx\/index.php\/wp-json\/wp\/v2\/media\/27038"}],"wp:attachment":[{"href":"https:\/\/nitu.mx\/index.php\/wp-json\/wp\/v2\/media?parent=32915"}],"wp:term":[{"taxonomy":"category","embeddable":true,"href":"https:\/\/nitu.mx\/index.php\/wp-json\/wp\/v2\/categories?post=32915"},{"taxonomy":"post_tag","embeddable":true,"href":"https:\/\/nitu.mx\/index.php\/wp-json\/wp\/v2\/tags?post=32915"}],"curies":[{"name":"wp","href":"https:\/\/api.w.org\/{rel}","templated":true}]}}