{"id":32825,"date":"2019-06-17T23:53:26","date_gmt":"2019-06-18T04:53:26","guid":{"rendered":"https:\/\/www.dev.nitu.mx\/?p=32825"},"modified":"2019-06-18T00:37:42","modified_gmt":"2019-06-18T05:37:42","slug":"volaris-conecta-a-aguascalientes-con-chicago","status":"publish","type":"post","link":"https:\/\/nitu.mx\/index.php\/2019\/06\/17\/volaris-conecta-a-aguascalientes-con-chicago\/","title":{"rendered":"Volaris conecta a Aguascalientes con Chicago"},"content":{"rendered":"<p style=\"font-weight: 400;\">La aerol\u00ednea mexicana de ultra bajo costo permitir\u00e1 que m\u00e1s personas tengan la oportunidad de viajar m\u00e1s y a menor costo entre M\u00e9xico y Estados Unidos, gracias a su nueva ruta\u00a0 Aguascalientes \u2013 Chicago.<\/p>\n<p style=\"font-weight: 400;\">La nueva ruta de\u00a0Volaris, ofrece a los habitantes de Aguascalientes la oportunidad de ir a visitar a familiares y amigos o de desarrollar y concretar importantes negocios para que ayuden a atraer m\u00e1s inversi\u00f3n extranjera al Estado, de forma m\u00e1s r\u00e1pida y con las mejores tarifas.<\/p>\n<p style=\"font-weight: 400;\">\u201cPara\u00a0Volaris\u00a0nuestros Clientes son lo m\u00e1s importante. Por eso, uno de nuestros principales objetivos es poder acercarlos con la gente que m\u00e1s quieren y que muchas veces no se encuentra en el pa\u00eds. Adem\u00e1s, estamos muy contentos de poder ser parte del continuo crecimiento econ\u00f3mico de Aguascalientes al conectar al Estado con Chicago, una de las ciudades econ\u00f3micamente m\u00e1s importante de Estados Unidos, pues sabemos que ayudar\u00e1 a muchos empresarios a poder concretar importantes negocios, lo que impulsar\u00e1 el desarrollo econ\u00f3mico de la entidad.\u201d se\u00f1al\u00f3 Miguel Agui\u00f1iga, director de Desarrollo de Mercados para Volaris. (<a title=\"Volaris busca concientizar sobre el cuidado del medio ambiente a trav\u00e9s de documental\" href=\"https:\/\/www.dev.nitu.mx\/index.php\/2019\/06\/13\/volaris-busca-concientizar-sobre-el-cuidado-del-medio-ambiente-a-traves-de-documental\/\" rel=\"bookmark\">Volaris busca concientizar sobre el cuidado del medio ambiente a trav\u00e9s de documental<\/a>).<\/p>\n<p style=\"font-weight: 400;\">\u00a0Aguascalientes se ha posicionado como uno de los estados que ha tenido mayor crecimiento y desarrollo. En 2018, el Estado tuvo un alza del PIB de 4.5 por ciento, logrando con esto ser la entidad con el segundo mayor crecimiento econ\u00f3mico del pa\u00eds.<\/p>\n<p style=\"font-weight: 400;\">En este a\u00f1o, Aguascalientes desarroll\u00f3 una estrategia que consiste en que su fuerte industria manufacturera, a trav\u00e9s de eventos internacionales, impulse a la industria tur\u00edstica con el objetivo de atraer a empresas extranjeras para que se establezcan en el estado.<\/p>\n<p style=\"font-weight: 400;\">Por otro lado, Chicago es una de las ciudades industriales m\u00e1s importantes de Estados Unidos. Por si sola, mantiene una de las econom\u00edas m\u00e1s diversificadas del mundo, con casi 4.3 millones de empleados y un producto regional bruto (PRB) de 500 mil millones de d\u00f3lares. Adem\u00e1s, alrededor del 6% de su poblaci\u00f3n es de origen mexicano.<\/p>\n<p style=\"font-weight: 400;\">Con esta nueva ruta, Volaris ofrecer\u00e1 576 asientos disponibles semanalmente.\u00a0Los vuelos salen los d\u00edas viernes y domingos con c\u00f3modos horarios.<\/p>\n","protected":false},"excerpt":{"rendered":"<p>La aerol\u00ednea mexicana de ultra bajo costo permitir\u00e1 que m\u00e1s personas tengan la oportunidad de viajar m\u00e1s y a menor costo entre M\u00e9xico y Estados Unidos, gracias a su nueva ruta\u00a0 Aguascalientes \u2013 Chicago. La nueva ruta de\u00a0Volaris, ofrece a los habitantes de Aguascalientes la oportunidad de ir a visitar a familiares y amigos o [&hellip;]<\/p>\n","protected":false},"author":17,"featured_media":27038,"comment_status":"open","ping_status":"open","sticky":false,"template":"","format":"standard","meta":{"footnotes":""},"categories":[29,6],"tags":[2071,324,4250,131],"yoast_head":"<!-- This site is optimized with the Yoast SEO plugin v22.2 - https:\/\/yoast.com\/wordpress\/plugins\/seo\/ -->\n<title>Volaris conecta a Aguascalientes con Chicago - Nitu - Noticias de la Industria Turistica<\/title>\n<meta name=\"description\" content=\"La aerol\u00ednea mexicana de ultra bajo costo permitir\u00e1 que m\u00e1s personas tengan la oportunidad de viajar m\u00e1s y a menor costo entre M\u00e9xico y Estados Unidos.\" \/>\n<meta name=\"robots\" content=\"index, follow, max-snippet:-1, max-image-preview:large, max-video-preview:-1\" \/>\n<link rel=\"canonical\" href=\"https:\/\/nitu.mx\/index.php\/2019\/06\/17\/volaris-conecta-a-aguascalientes-con-chicago\/\" \/>\n<meta name=\"twitter:card\" content=\"summary_large_image\" \/>\n<meta name=\"twitter:title\" content=\"Volaris conecta a Aguascalientes con Chicago - Nitu - Noticias de la Industria Turistica\" \/>\n<meta name=\"twitter:description\" content=\"La aerol\u00ednea mexicana de ultra bajo costo permitir\u00e1 que m\u00e1s personas tengan la oportunidad de viajar m\u00e1s y a menor costo entre M\u00e9xico y Estados Unidos.\" \/>\n<meta name=\"twitter:image\" content=\"https:\/\/nitu.mx\/wp-content\/uploads\/2018\/11\/Avi\u00f3n-A320neo-Volaris.jpg\" \/>\n<meta name=\"twitter:creator\" content=\"@NITUmx\" \/>\n<meta name=\"twitter:site\" content=\"@Arturo_Medina_G\" \/>\n<meta name=\"twitter:label1\" content=\"Escrito por\" \/>\n\t<meta name=\"twitter:data1\" content=\"Redacci\u00f3n\" \/>\n\t<meta name=\"twitter:label2\" content=\"Tiempo de lectura\" \/>\n\t<meta name=\"twitter:data2\" content=\"2 minutos\" \/>\n<script type=\"application\/ld+json\" class=\"yoast-schema-graph\">{\"@context\":\"https:\/\/schema.org\",\"@graph\":[{\"@type\":\"Article\",\"@id\":\"https:\/\/nitu.mx\/index.php\/2019\/06\/17\/volaris-conecta-a-aguascalientes-con-chicago\/#article\",\"isPartOf\":{\"@id\":\"https:\/\/nitu.mx\/index.php\/2019\/06\/17\/volaris-conecta-a-aguascalientes-con-chicago\/\"},\"author\":{\"name\":\"Redacci\u00f3n\",\"@id\":\"https:\/\/nitu.mx\/#\/schema\/person\/4a28fe9bd65924f7c90623773daf1b0b\"},\"headline\":\"Volaris conecta a Aguascalientes con Chicago\",\"datePublished\":\"2019-06-18T04:53:26+00:00\",\"dateModified\":\"2019-06-18T05:37:42+00:00\",\"mainEntityOfPage\":{\"@id\":\"https:\/\/nitu.mx\/index.php\/2019\/06\/17\/volaris-conecta-a-aguascalientes-con-chicago\/\"},\"wordCount\":380,\"commentCount\":0,\"publisher\":{\"@id\":\"https:\/\/nitu.mx\/#\/schema\/person\/ae7a53426417292d3dd07b45a33e01bc\"},\"image\":{\"@id\":\"https:\/\/nitu.mx\/index.php\/2019\/06\/17\/volaris-conecta-a-aguascalientes-con-chicago\/#primaryimage\"},\"thumbnailUrl\":\"https:\/\/nitu.mx\/wp-content\/uploads\/2018\/11\/Avi\u00f3n-A320neo-Volaris.jpg\",\"keywords\":[\"Aguascalientes\",\"Chicago\",\"Miguel Agui\u00f1iga\",\"Volaris\"],\"articleSection\":[\"Aerol\u00edneas\",\"M\u00e9xico\"],\"inLanguage\":\"es-MX\",\"potentialAction\":[{\"@type\":\"CommentAction\",\"name\":\"Comment\",\"target\":[\"https:\/\/nitu.mx\/index.php\/2019\/06\/17\/volaris-conecta-a-aguascalientes-con-chicago\/#respond\"]}]},{\"@type\":\"WebPage\",\"@id\":\"https:\/\/nitu.mx\/index.php\/2019\/06\/17\/volaris-conecta-a-aguascalientes-con-chicago\/\",\"url\":\"https:\/\/nitu.mx\/index.php\/2019\/06\/17\/volaris-conecta-a-aguascalientes-con-chicago\/\",\"name\":\"Volaris conecta a Aguascalientes con Chicago - Nitu - Noticias de la Industria Turistica\",\"isPartOf\":{\"@id\":\"https:\/\/nitu.mx\/#website\"},\"primaryImageOfPage\":{\"@id\":\"https:\/\/nitu.mx\/index.php\/2019\/06\/17\/volaris-conecta-a-aguascalientes-con-chicago\/#primaryimage\"},\"image\":{\"@id\":\"https:\/\/nitu.mx\/index.php\/2019\/06\/17\/volaris-conecta-a-aguascalientes-con-chicago\/#primaryimage\"},\"thumbnailUrl\":\"https:\/\/nitu.mx\/wp-content\/uploads\/2018\/11\/Avi\u00f3n-A320neo-Volaris.jpg\",\"datePublished\":\"2019-06-18T04:53:26+00:00\",\"dateModified\":\"2019-06-18T05:37:42+00:00\",\"description\":\"La aerol\u00ednea mexicana de ultra bajo costo permitir\u00e1 que m\u00e1s personas tengan la oportunidad de viajar m\u00e1s y a menor costo entre M\u00e9xico y Estados Unidos.\",\"breadcrumb\":{\"@id\":\"https:\/\/nitu.mx\/index.php\/2019\/06\/17\/volaris-conecta-a-aguascalientes-con-chicago\/#breadcrumb\"},\"inLanguage\":\"es-MX\",\"potentialAction\":[{\"@type\":\"ReadAction\",\"target\":[\"https:\/\/nitu.mx\/index.php\/2019\/06\/17\/volaris-conecta-a-aguascalientes-con-chicago\/\"]}]},{\"@type\":\"ImageObject\",\"inLanguage\":\"es-MX\",\"@id\":\"https:\/\/nitu.mx\/index.php\/2019\/06\/17\/volaris-conecta-a-aguascalientes-con-chicago\/#primaryimage\",\"url\":\"https:\/\/nitu.mx\/wp-content\/uploads\/2018\/11\/Avi\u00f3n-A320neo-Volaris.jpg\",\"contentUrl\":\"https:\/\/nitu.mx\/wp-content\/uploads\/2018\/11\/Avi\u00f3n-A320neo-Volaris.jpg\",\"width\":850,\"height\":480,\"caption\":\"Volaris BMV v.business Baja California Sur\"},{\"@type\":\"BreadcrumbList\",\"@id\":\"https:\/\/nitu.mx\/index.php\/2019\/06\/17\/volaris-conecta-a-aguascalientes-con-chicago\/#breadcrumb\",\"itemListElement\":[{\"@type\":\"ListItem\",\"position\":1,\"name\":\"Inicio\",\"item\":\"https:\/\/nitu.mx\/\"},{\"@type\":\"ListItem\",\"position\":2,\"name\":\"Volaris conecta a Aguascalientes con Chicago\"}]},{\"@type\":\"WebSite\",\"@id\":\"https:\/\/nitu.mx\/#website\",\"url\":\"https:\/\/nitu.mx\/\",\"name\":\"Nitu - Noticias de la Industria Turistica\",\"description\":\"Noticias de la Industria Turistica\",\"publisher\":{\"@id\":\"https:\/\/nitu.mx\/#\/schema\/person\/ae7a53426417292d3dd07b45a33e01bc\"},\"alternateName\":\"Noticias de la Industria Turistica\",\"potentialAction\":[{\"@type\":\"SearchAction\",\"target\":{\"@type\":\"EntryPoint\",\"urlTemplate\":\"https:\/\/nitu.mx\/?s={search_term_string}\"},\"query-input\":\"required name=search_term_string\"}],\"inLanguage\":\"es-MX\"},{\"@type\":[\"Person\",\"Organization\"],\"@id\":\"https:\/\/nitu.mx\/#\/schema\/person\/ae7a53426417292d3dd07b45a33e01bc\",\"name\":\"Arturo Medina\",\"image\":{\"@type\":\"ImageObject\",\"inLanguage\":\"es-MX\",\"@id\":\"https:\/\/nitu.mx\/#\/schema\/person\/image\/\",\"url\":\"https:\/\/nitu.mx\/wp-content\/uploads\/2024\/04\/4A315622-1904-4D5C-B022-878CDC840E04-90x90-1.jpeg\",\"contentUrl\":\"https:\/\/nitu.mx\/wp-content\/uploads\/2024\/04\/4A315622-1904-4D5C-B022-878CDC840E04-90x90-1.jpeg\",\"width\":90,\"height\":90,\"caption\":\"Arturo Medina\"},\"logo\":{\"@id\":\"https:\/\/nitu.mx\/#\/schema\/person\/image\/\"},\"description\":\"Director NITU.mx, Egresado de la Escuela de Periodismo Carlos Septi\u00e9n Garc\u00eda. Periodista y analista especializado en turismo desde hace 35 a\u00f1os, radicado en Canc\u00fan Q.Roo. arturo@nitu.mx\",\"sameAs\":[\"https:\/\/nitu.mx\",\"https:\/\/www.facebook.com\/NITUmx\/\",\"medinacancun\",\"https:\/\/twitter.com\/@Arturo_Medina_G\"]},{\"@type\":\"Person\",\"@id\":\"https:\/\/nitu.mx\/#\/schema\/person\/4a28fe9bd65924f7c90623773daf1b0b\",\"name\":\"Redacci\u00f3n\",\"image\":{\"@type\":\"ImageObject\",\"inLanguage\":\"es-MX\",\"@id\":\"https:\/\/nitu.mx\/#\/schema\/person\/image\/\",\"url\":\"https:\/\/secure.gravatar.com\/avatar\/5dd011c8ccfc5cd7e4c81e42252aab38?s=96&d=mm&r=g\",\"contentUrl\":\"https:\/\/secure.gravatar.com\/avatar\/5dd011c8ccfc5cd7e4c81e42252aab38?s=96&d=mm&r=g\",\"caption\":\"Redacci\u00f3n\"},\"url\":\"https:\/\/nitu.mx\/index.php\/author\/redaccion\/\"}]}<\/script>\n<!-- \/ Yoast SEO plugin. -->","yoast_head_json":{"title":"Volaris conecta a Aguascalientes con Chicago - Nitu - Noticias de la Industria Turistica","description":"La aerol\u00ednea mexicana de ultra bajo costo permitir\u00e1 que m\u00e1s personas tengan la oportunidad de viajar m\u00e1s y a menor costo entre M\u00e9xico y Estados Unidos.","robots":{"index":"index","follow":"follow","max-snippet":"max-snippet:-1","max-image-preview":"max-image-preview:large","max-video-preview":"max-video-preview:-1"},"canonical":"https:\/\/nitu.mx\/index.php\/2019\/06\/17\/volaris-conecta-a-aguascalientes-con-chicago\/","twitter_card":"summary_large_image","twitter_title":"Volaris conecta a Aguascalientes con Chicago - Nitu - Noticias de la Industria Turistica","twitter_description":"La aerol\u00ednea mexicana de ultra bajo costo permitir\u00e1 que m\u00e1s personas tengan la oportunidad de viajar m\u00e1s y a menor costo entre M\u00e9xico y Estados Unidos.","twitter_image":"https:\/\/nitu.mx\/wp-content\/uploads\/2018\/11\/Avi\u00f3n-A320neo-Volaris.jpg","twitter_creator":"@NITUmx","twitter_site":"@Arturo_Medina_G","twitter_misc":{"Escrito por":"Redacci\u00f3n","Tiempo de lectura":"2 minutos"},"schema":{"@context":"https:\/\/schema.org","@graph":[{"@type":"Article","@id":"https:\/\/nitu.mx\/index.php\/2019\/06\/17\/volaris-conecta-a-aguascalientes-con-chicago\/#article","isPartOf":{"@id":"https:\/\/nitu.mx\/index.php\/2019\/06\/17\/volaris-conecta-a-aguascalientes-con-chicago\/"},"author":{"name":"Redacci\u00f3n","@id":"https:\/\/nitu.mx\/#\/schema\/person\/4a28fe9bd65924f7c90623773daf1b0b"},"headline":"Volaris conecta a Aguascalientes con Chicago","datePublished":"2019-06-18T04:53:26+00:00","dateModified":"2019-06-18T05:37:42+00:00","mainEntityOfPage":{"@id":"https:\/\/nitu.mx\/index.php\/2019\/06\/17\/volaris-conecta-a-aguascalientes-con-chicago\/"},"wordCount":380,"commentCount":0,"publisher":{"@id":"https:\/\/nitu.mx\/#\/schema\/person\/ae7a53426417292d3dd07b45a33e01bc"},"image":{"@id":"https:\/\/nitu.mx\/index.php\/2019\/06\/17\/volaris-conecta-a-aguascalientes-con-chicago\/#primaryimage"},"thumbnailUrl":"https:\/\/nitu.mx\/wp-content\/uploads\/2018\/11\/Avi\u00f3n-A320neo-Volaris.jpg","keywords":["Aguascalientes","Chicago","Miguel Agui\u00f1iga","Volaris"],"articleSection":["Aerol\u00edneas","M\u00e9xico"],"inLanguage":"es-MX","potentialAction":[{"@type":"CommentAction","name":"Comment","target":["https:\/\/nitu.mx\/index.php\/2019\/06\/17\/volaris-conecta-a-aguascalientes-con-chicago\/#respond"]}]},{"@type":"WebPage","@id":"https:\/\/nitu.mx\/index.php\/2019\/06\/17\/volaris-conecta-a-aguascalientes-con-chicago\/","url":"https:\/\/nitu.mx\/index.php\/2019\/06\/17\/volaris-conecta-a-aguascalientes-con-chicago\/","name":"Volaris conecta a Aguascalientes con Chicago - Nitu - Noticias de la Industria Turistica","isPartOf":{"@id":"https:\/\/nitu.mx\/#website"},"primaryImageOfPage":{"@id":"https:\/\/nitu.mx\/index.php\/2019\/06\/17\/volaris-conecta-a-aguascalientes-con-chicago\/#primaryimage"},"image":{"@id":"https:\/\/nitu.mx\/index.php\/2019\/06\/17\/volaris-conecta-a-aguascalientes-con-chicago\/#primaryimage"},"thumbnailUrl":"https:\/\/nitu.mx\/wp-content\/uploads\/2018\/11\/Avi\u00f3n-A320neo-Volaris.jpg","datePublished":"2019-06-18T04:53:26+00:00","dateModified":"2019-06-18T05:37:42+00:00","description":"La aerol\u00ednea mexicana de ultra bajo costo permitir\u00e1 que m\u00e1s personas tengan la oportunidad de viajar m\u00e1s y a menor costo entre M\u00e9xico y Estados Unidos.","breadcrumb":{"@id":"https:\/\/nitu.mx\/index.php\/2019\/06\/17\/volaris-conecta-a-aguascalientes-con-chicago\/#breadcrumb"},"inLanguage":"es-MX","potentialAction":[{"@type":"ReadAction","target":["https:\/\/nitu.mx\/index.php\/2019\/06\/17\/volaris-conecta-a-aguascalientes-con-chicago\/"]}]},{"@type":"ImageObject","inLanguage":"es-MX","@id":"https:\/\/nitu.mx\/index.php\/2019\/06\/17\/volaris-conecta-a-aguascalientes-con-chicago\/#primaryimage","url":"https:\/\/nitu.mx\/wp-content\/uploads\/2018\/11\/Avi\u00f3n-A320neo-Volaris.jpg","contentUrl":"https:\/\/nitu.mx\/wp-content\/uploads\/2018\/11\/Avi\u00f3n-A320neo-Volaris.jpg","width":850,"height":480,"caption":"Volaris BMV v.business Baja California Sur"},{"@type":"BreadcrumbList","@id":"https:\/\/nitu.mx\/index.php\/2019\/06\/17\/volaris-conecta-a-aguascalientes-con-chicago\/#breadcrumb","itemListElement":[{"@type":"ListItem","position":1,"name":"Inicio","item":"https:\/\/nitu.mx\/"},{"@type":"ListItem","position":2,"name":"Volaris conecta a Aguascalientes con Chicago"}]},{"@type":"WebSite","@id":"https:\/\/nitu.mx\/#website","url":"https:\/\/nitu.mx\/","name":"Nitu - Noticias de la Industria Turistica","description":"Noticias de la Industria Turistica","publisher":{"@id":"https:\/\/nitu.mx\/#\/schema\/person\/ae7a53426417292d3dd07b45a33e01bc"},"alternateName":"Noticias de la Industria Turistica","potentialAction":[{"@type":"SearchAction","target":{"@type":"EntryPoint","urlTemplate":"https:\/\/nitu.mx\/?s={search_term_string}"},"query-input":"required name=search_term_string"}],"inLanguage":"es-MX"},{"@type":["Person","Organization"],"@id":"https:\/\/nitu.mx\/#\/schema\/person\/ae7a53426417292d3dd07b45a33e01bc","name":"Arturo Medina","image":{"@type":"ImageObject","inLanguage":"es-MX","@id":"https:\/\/nitu.mx\/#\/schema\/person\/image\/","url":"https:\/\/nitu.mx\/wp-content\/uploads\/2024\/04\/4A315622-1904-4D5C-B022-878CDC840E04-90x90-1.jpeg","contentUrl":"https:\/\/nitu.mx\/wp-content\/uploads\/2024\/04\/4A315622-1904-4D5C-B022-878CDC840E04-90x90-1.jpeg","width":90,"height":90,"caption":"Arturo Medina"},"logo":{"@id":"https:\/\/nitu.mx\/#\/schema\/person\/image\/"},"description":"Director NITU.mx, Egresado de la Escuela de Periodismo Carlos Septi\u00e9n Garc\u00eda. Periodista y analista especializado en turismo desde hace 35 a\u00f1os, radicado en Canc\u00fan Q.Roo. arturo@nitu.mx","sameAs":["https:\/\/nitu.mx","https:\/\/www.facebook.com\/NITUmx\/","medinacancun","https:\/\/twitter.com\/@Arturo_Medina_G"]},{"@type":"Person","@id":"https:\/\/nitu.mx\/#\/schema\/person\/4a28fe9bd65924f7c90623773daf1b0b","name":"Redacci\u00f3n","image":{"@type":"ImageObject","inLanguage":"es-MX","@id":"https:\/\/nitu.mx\/#\/schema\/person\/image\/","url":"https:\/\/secure.gravatar.com\/avatar\/5dd011c8ccfc5cd7e4c81e42252aab38?s=96&d=mm&r=g","contentUrl":"https:\/\/secure.gravatar.com\/avatar\/5dd011c8ccfc5cd7e4c81e42252aab38?s=96&d=mm&r=g","caption":"Redacci\u00f3n"},"url":"https:\/\/nitu.mx\/index.php\/author\/redaccion\/"}]}},"views":344,"_links":{"self":[{"href":"https:\/\/nitu.mx\/index.php\/wp-json\/wp\/v2\/posts\/32825"}],"collection":[{"href":"https:\/\/nitu.mx\/index.php\/wp-json\/wp\/v2\/posts"}],"about":[{"href":"https:\/\/nitu.mx\/index.php\/wp-json\/wp\/v2\/types\/post"}],"author":[{"embeddable":true,"href":"https:\/\/nitu.mx\/index.php\/wp-json\/wp\/v2\/users\/17"}],"replies":[{"embeddable":true,"href":"https:\/\/nitu.mx\/index.php\/wp-json\/wp\/v2\/comments?post=32825"}],"version-history":[{"count":3,"href":"https:\/\/nitu.mx\/index.php\/wp-json\/wp\/v2\/posts\/32825\/revisions"}],"predecessor-version":[{"id":32839,"href":"https:\/\/nitu.mx\/index.php\/wp-json\/wp\/v2\/posts\/32825\/revisions\/32839"}],"wp:featuredmedia":[{"embeddable":true,"href":"https:\/\/nitu.mx\/index.php\/wp-json\/wp\/v2\/media\/27038"}],"wp:attachment":[{"href":"https:\/\/nitu.mx\/index.php\/wp-json\/wp\/v2\/media?parent=32825"}],"wp:term":[{"taxonomy":"category","embeddable":true,"href":"https:\/\/nitu.mx\/index.php\/wp-json\/wp\/v2\/categories?post=32825"},{"taxonomy":"post_tag","embeddable":true,"href":"https:\/\/nitu.mx\/index.php\/wp-json\/wp\/v2\/tags?post=32825"}],"curies":[{"name":"wp","href":"https:\/\/api.w.org\/{rel}","templated":true}]}}