{"id":32806,"date":"2019-06-17T23:40:13","date_gmt":"2019-06-18T04:40:13","guid":{"rendered":"https:\/\/www.dev.nitu.mx\/?p=32806"},"modified":"2019-06-18T00:36:59","modified_gmt":"2019-06-18T05:36:59","slug":"inaugura-interjet-ruta-que-conectara-a-cancun-con-lima","status":"publish","type":"post","link":"https:\/\/nitu.mx\/index.php\/2019\/06\/17\/inaugura-interjet-ruta-que-conectara-a-cancun-con-lima\/","title":{"rendered":"Inaugura Interjet ruta que conectar\u00e1 a Canc\u00fan con Lima"},"content":{"rendered":"<p>Como parte de su plan de expansi\u00f3n internacional, Interjet inici\u00f3 hoy operaciones en la ruta que conectar\u00e1 a la ciudad de Lima, Per\u00fa, con Canc\u00fan, M\u00e9xico, a trav\u00e9s de una frecuencia diaria. Los vuelos ser\u00e1n operados con aeronaves Airbus A320 de 150 pasajeros, con el siguiente itinerario:<\/p>\n<p>Esta ruta es la segunda en ser atendida por la l\u00ednea a\u00e9rea en la costa central del pa\u00eds sudamericano, ya que actualmente sirve la que va de la Ciudad de M\u00e9xico a Lima y de Lima a la Ciudad de M\u00e9xico con un total de 26 vuelos a la semana y una oferta de 3 mil 900 asientos semanales.<\/p>\n<p>Desde su apertura en 2016, Interjet ha transportado hacia y desde la capital peruana a m\u00e1s de 326 mil 409 pasajeros. Durante 2018 moviliz\u00f3 a 110 mil 343 personas, 30.3 por ciento m\u00e1s que un a\u00f1o antes con un factor de ocupaci\u00f3n del 90 por ciento.<\/p>\n<p>Adem\u00e1s, durante los primeros cinco meses de 2019 moviliz\u00f3 a 78 mil 869 viajeros, cifra 93 por ciento superior a la registrada en el mismo periodo del a\u00f1o pasado.<\/p>\n<p>En\u00a0 su ruta inaugural Canc\u00fan-Lima, Interjet ofrecer\u00e1 2 mil 100 asientos semanales y estima una transportaci\u00f3n de 40 mil 170 viajeros al t\u00e9rmino del 2019 con un factor de ocupaci\u00f3n del 71 por ciento.<\/p>\n<p>Los boletos ya se encuentran disponibles con una tarifa de introducci\u00f3n desde los 299 d\u00f3lares para el mercado nacional en viaje redondo, con impuestos incluidos, en tanto que para quienes los adquieran fuera de la Rep\u00fablica Mexicana, el precio va desde los 359 d\u00f3lares. Para aprovechar \u00e9stos precios , los viajeros deber\u00e1n adquirir sus boletos antes del 4 de agosto de 2019, para viajar a partir de hoy y hasta el 30 de noviembre del presente a\u00f1o.<\/p>\n<p>Canc\u00fan es estrat\u00e9gico en las operaciones de la aerol\u00ednea. Durante el primer cuatrimestre de este a\u00f1o registr\u00f3 un aumento de 22.3 por ciento en el n\u00famero de usuarios movilizados en las 16 rutas que opera en este destino, respecto al mismo periodo del a\u00f1o pasado, al haber atendido a 934 mil 362 pasajeros. Adem\u00e1s, report\u00f3 un factor de ocupaci\u00f3n del 85 por ciento, 4 puntos porcentuales m\u00e1s que en igual lapso de 2018.<\/p>\n<p>Recientemente la l\u00ednea a\u00e9rea inici\u00f3 operaciones de las rutas M\u00e9xico-Medell\u00edn y Canc\u00fan-Medell\u00edn con una frecuencia diaria. Adem\u00e1s, para los pr\u00f3ximos meses prev\u00e9 la apertura de las rutas Canc\u00fan-Guayaquil y Ciudad de M\u00e9xico-Guayaquil, las cuales ser\u00e1n las primeras que operar\u00e1 Interjet en Ecuador. (<a title=\"Interjet fortalece conectividad entre Canc\u00fan y Colombia\" href=\"https:\/\/www.dev.nitu.mx\/index.php\/2019\/06\/05\/interjet-fortalece-conectividad-entre-cancun-y-colombia\/\" rel=\"bookmark\">Interjet fortalece conectividad entre Canc\u00fan y Colombia<\/a>).<\/p>\n<p>Lo anterior refleja el crecimiento ininterrumpido de la aerol\u00ednea en el tr\u00e1fico de pasajeros en rutas internacionales, donde en los primeros cinco meses de 2019 atendi\u00f3 a un mill\u00f3n 813 mil 117 viajeros, 26.2 por ciento m\u00e1s en comparaci\u00f3n con el mismo periodo del a\u00f1o anterior.<\/p>\n","protected":false},"excerpt":{"rendered":"<p>Como parte de su plan de expansi\u00f3n internacional, Interjet inici\u00f3 hoy operaciones en la ruta que conectar\u00e1 a la ciudad de Lima, Per\u00fa, con Canc\u00fan, M\u00e9xico, a trav\u00e9s de una frecuencia diaria. Los vuelos ser\u00e1n operados con aeronaves Airbus A320 de 150 pasajeros, con el siguiente itinerario: Esta ruta es la segunda en ser atendida [&hellip;]<\/p>\n","protected":false},"author":17,"featured_media":28706,"comment_status":"open","ping_status":"open","sticky":false,"template":"","format":"standard","meta":{"footnotes":""},"categories":[29,5],"tags":[125,16123,16124,172,10612,3788,4042],"yoast_head":"<!-- This site is optimized with the Yoast SEO plugin v22.2 - https:\/\/yoast.com\/wordpress\/plugins\/seo\/ -->\n<title>Inaugura Interjet ruta que conectar\u00e1 a Canc\u00fan con Lima - Nitu - Noticias de la Industria Turistica<\/title>\n<meta name=\"description\" content=\"Interjet inici\u00f3 hoy operaciones en la ruta que conectar\u00e1 a la ciudad de Lima, Per\u00fa, con Canc\u00fan, M\u00e9xico, a trav\u00e9s de una frecuencia diaria.\" \/>\n<meta name=\"robots\" content=\"index, follow, max-snippet:-1, max-image-preview:large, max-video-preview:-1\" \/>\n<link rel=\"canonical\" href=\"https:\/\/nitu.mx\/index.php\/2019\/06\/17\/inaugura-interjet-ruta-que-conectara-a-cancun-con-lima\/\" \/>\n<meta name=\"twitter:card\" content=\"summary_large_image\" \/>\n<meta name=\"twitter:title\" content=\"Inaugura Interjet ruta que conectar\u00e1 a Canc\u00fan con Lima - Nitu - Noticias de la Industria Turistica\" \/>\n<meta name=\"twitter:description\" content=\"Interjet inici\u00f3 hoy operaciones en la ruta que conectar\u00e1 a la ciudad de Lima, Per\u00fa, con Canc\u00fan, M\u00e9xico, a trav\u00e9s de una frecuencia diaria.\" \/>\n<meta name=\"twitter:image\" content=\"https:\/\/nitu.mx\/wp-content\/uploads\/2019\/01\/Interjet-Air-Canada.jpg\" \/>\n<meta name=\"twitter:creator\" content=\"@NITUmx\" \/>\n<meta name=\"twitter:site\" content=\"@Arturo_Medina_G\" \/>\n<meta name=\"twitter:label1\" content=\"Escrito por\" \/>\n\t<meta name=\"twitter:data1\" content=\"Redacci\u00f3n\" \/>\n\t<meta name=\"twitter:label2\" content=\"Tiempo de lectura\" \/>\n\t<meta name=\"twitter:data2\" content=\"2 minutos\" \/>\n<script type=\"application\/ld+json\" class=\"yoast-schema-graph\">{\"@context\":\"https:\/\/schema.org\",\"@graph\":[{\"@type\":\"Article\",\"@id\":\"https:\/\/nitu.mx\/index.php\/2019\/06\/17\/inaugura-interjet-ruta-que-conectara-a-cancun-con-lima\/#article\",\"isPartOf\":{\"@id\":\"https:\/\/nitu.mx\/index.php\/2019\/06\/17\/inaugura-interjet-ruta-que-conectara-a-cancun-con-lima\/\"},\"author\":{\"name\":\"Redacci\u00f3n\",\"@id\":\"https:\/\/nitu.mx\/#\/schema\/person\/4a28fe9bd65924f7c90623773daf1b0b\"},\"headline\":\"Inaugura Interjet ruta que conectar\u00e1 a Canc\u00fan con Lima\",\"datePublished\":\"2019-06-18T04:40:13+00:00\",\"dateModified\":\"2019-06-18T05:36:59+00:00\",\"mainEntityOfPage\":{\"@id\":\"https:\/\/nitu.mx\/index.php\/2019\/06\/17\/inaugura-interjet-ruta-que-conectara-a-cancun-con-lima\/\"},\"wordCount\":484,\"commentCount\":0,\"publisher\":{\"@id\":\"https:\/\/nitu.mx\/#\/schema\/person\/ae7a53426417292d3dd07b45a33e01bc\"},\"image\":{\"@id\":\"https:\/\/nitu.mx\/index.php\/2019\/06\/17\/inaugura-interjet-ruta-que-conectara-a-cancun-con-lima\/#primaryimage\"},\"thumbnailUrl\":\"https:\/\/nitu.mx\/wp-content\/uploads\/2019\/01\/Interjet-Air-Canada.jpg\",\"keywords\":[\"Ciudad de M\u00e9xico\",\"conexi\u00f3n directa\",\"destino de playa mexicano\",\"Interjet\",\"rutas internacionales\",\"viajeros\",\"Vuelos\"],\"articleSection\":[\"Aerol\u00edneas\",\"Destinos\"],\"inLanguage\":\"es-MX\",\"potentialAction\":[{\"@type\":\"CommentAction\",\"name\":\"Comment\",\"target\":[\"https:\/\/nitu.mx\/index.php\/2019\/06\/17\/inaugura-interjet-ruta-que-conectara-a-cancun-con-lima\/#respond\"]}]},{\"@type\":\"WebPage\",\"@id\":\"https:\/\/nitu.mx\/index.php\/2019\/06\/17\/inaugura-interjet-ruta-que-conectara-a-cancun-con-lima\/\",\"url\":\"https:\/\/nitu.mx\/index.php\/2019\/06\/17\/inaugura-interjet-ruta-que-conectara-a-cancun-con-lima\/\",\"name\":\"Inaugura Interjet ruta que conectar\u00e1 a Canc\u00fan con Lima - Nitu - Noticias de la Industria Turistica\",\"isPartOf\":{\"@id\":\"https:\/\/nitu.mx\/#website\"},\"primaryImageOfPage\":{\"@id\":\"https:\/\/nitu.mx\/index.php\/2019\/06\/17\/inaugura-interjet-ruta-que-conectara-a-cancun-con-lima\/#primaryimage\"},\"image\":{\"@id\":\"https:\/\/nitu.mx\/index.php\/2019\/06\/17\/inaugura-interjet-ruta-que-conectara-a-cancun-con-lima\/#primaryimage\"},\"thumbnailUrl\":\"https:\/\/nitu.mx\/wp-content\/uploads\/2019\/01\/Interjet-Air-Canada.jpg\",\"datePublished\":\"2019-06-18T04:40:13+00:00\",\"dateModified\":\"2019-06-18T05:36:59+00:00\",\"description\":\"Interjet inici\u00f3 hoy operaciones en la ruta que conectar\u00e1 a la ciudad de Lima, Per\u00fa, con Canc\u00fan, M\u00e9xico, a trav\u00e9s de una frecuencia diaria.\",\"breadcrumb\":{\"@id\":\"https:\/\/nitu.mx\/index.php\/2019\/06\/17\/inaugura-interjet-ruta-que-conectara-a-cancun-con-lima\/#breadcrumb\"},\"inLanguage\":\"es-MX\",\"potentialAction\":[{\"@type\":\"ReadAction\",\"target\":[\"https:\/\/nitu.mx\/index.php\/2019\/06\/17\/inaugura-interjet-ruta-que-conectara-a-cancun-con-lima\/\"]}]},{\"@type\":\"ImageObject\",\"inLanguage\":\"es-MX\",\"@id\":\"https:\/\/nitu.mx\/index.php\/2019\/06\/17\/inaugura-interjet-ruta-que-conectara-a-cancun-con-lima\/#primaryimage\",\"url\":\"https:\/\/nitu.mx\/wp-content\/uploads\/2019\/01\/Interjet-Air-Canada.jpg\",\"contentUrl\":\"https:\/\/nitu.mx\/wp-content\/uploads\/2019\/01\/Interjet-Air-Canada.jpg\",\"width\":850,\"height\":480,\"caption\":\"Interjet Air Canada Outlet Quiero Viajar\"},{\"@type\":\"BreadcrumbList\",\"@id\":\"https:\/\/nitu.mx\/index.php\/2019\/06\/17\/inaugura-interjet-ruta-que-conectara-a-cancun-con-lima\/#breadcrumb\",\"itemListElement\":[{\"@type\":\"ListItem\",\"position\":1,\"name\":\"Inicio\",\"item\":\"https:\/\/nitu.mx\/\"},{\"@type\":\"ListItem\",\"position\":2,\"name\":\"Inaugura Interjet ruta que conectar\u00e1 a Canc\u00fan con Lima\"}]},{\"@type\":\"WebSite\",\"@id\":\"https:\/\/nitu.mx\/#website\",\"url\":\"https:\/\/nitu.mx\/\",\"name\":\"Nitu - Noticias de la Industria Turistica\",\"description\":\"Noticias de la Industria Turistica\",\"publisher\":{\"@id\":\"https:\/\/nitu.mx\/#\/schema\/person\/ae7a53426417292d3dd07b45a33e01bc\"},\"alternateName\":\"Noticias de la Industria Turistica\",\"potentialAction\":[{\"@type\":\"SearchAction\",\"target\":{\"@type\":\"EntryPoint\",\"urlTemplate\":\"https:\/\/nitu.mx\/?s={search_term_string}\"},\"query-input\":\"required name=search_term_string\"}],\"inLanguage\":\"es-MX\"},{\"@type\":[\"Person\",\"Organization\"],\"@id\":\"https:\/\/nitu.mx\/#\/schema\/person\/ae7a53426417292d3dd07b45a33e01bc\",\"name\":\"Arturo Medina\",\"image\":{\"@type\":\"ImageObject\",\"inLanguage\":\"es-MX\",\"@id\":\"https:\/\/nitu.mx\/#\/schema\/person\/image\/\",\"url\":\"https:\/\/nitu.mx\/wp-content\/uploads\/2024\/04\/4A315622-1904-4D5C-B022-878CDC840E04-90x90-1.jpeg\",\"contentUrl\":\"https:\/\/nitu.mx\/wp-content\/uploads\/2024\/04\/4A315622-1904-4D5C-B022-878CDC840E04-90x90-1.jpeg\",\"width\":90,\"height\":90,\"caption\":\"Arturo Medina\"},\"logo\":{\"@id\":\"https:\/\/nitu.mx\/#\/schema\/person\/image\/\"},\"description\":\"Director NITU.mx, Egresado de la Escuela de Periodismo Carlos Septi\u00e9n Garc\u00eda. Periodista y analista especializado en turismo desde hace 35 a\u00f1os, radicado en Canc\u00fan Q.Roo. arturo@nitu.mx\",\"sameAs\":[\"https:\/\/nitu.mx\",\"https:\/\/www.facebook.com\/NITUmx\/\",\"medinacancun\",\"https:\/\/twitter.com\/@Arturo_Medina_G\"]},{\"@type\":\"Person\",\"@id\":\"https:\/\/nitu.mx\/#\/schema\/person\/4a28fe9bd65924f7c90623773daf1b0b\",\"name\":\"Redacci\u00f3n\",\"image\":{\"@type\":\"ImageObject\",\"inLanguage\":\"es-MX\",\"@id\":\"https:\/\/nitu.mx\/#\/schema\/person\/image\/\",\"url\":\"https:\/\/secure.gravatar.com\/avatar\/5dd011c8ccfc5cd7e4c81e42252aab38?s=96&d=mm&r=g\",\"contentUrl\":\"https:\/\/secure.gravatar.com\/avatar\/5dd011c8ccfc5cd7e4c81e42252aab38?s=96&d=mm&r=g\",\"caption\":\"Redacci\u00f3n\"},\"url\":\"https:\/\/nitu.mx\/index.php\/author\/redaccion\/\"}]}<\/script>\n<!-- \/ Yoast SEO plugin. -->","yoast_head_json":{"title":"Inaugura Interjet ruta que conectar\u00e1 a Canc\u00fan con Lima - Nitu - Noticias de la Industria Turistica","description":"Interjet inici\u00f3 hoy operaciones en la ruta que conectar\u00e1 a la ciudad de Lima, Per\u00fa, con Canc\u00fan, M\u00e9xico, a trav\u00e9s de una frecuencia diaria.","robots":{"index":"index","follow":"follow","max-snippet":"max-snippet:-1","max-image-preview":"max-image-preview:large","max-video-preview":"max-video-preview:-1"},"canonical":"https:\/\/nitu.mx\/index.php\/2019\/06\/17\/inaugura-interjet-ruta-que-conectara-a-cancun-con-lima\/","twitter_card":"summary_large_image","twitter_title":"Inaugura Interjet ruta que conectar\u00e1 a Canc\u00fan con Lima - Nitu - Noticias de la Industria Turistica","twitter_description":"Interjet inici\u00f3 hoy operaciones en la ruta que conectar\u00e1 a la ciudad de Lima, Per\u00fa, con Canc\u00fan, M\u00e9xico, a trav\u00e9s de una frecuencia diaria.","twitter_image":"https:\/\/nitu.mx\/wp-content\/uploads\/2019\/01\/Interjet-Air-Canada.jpg","twitter_creator":"@NITUmx","twitter_site":"@Arturo_Medina_G","twitter_misc":{"Escrito por":"Redacci\u00f3n","Tiempo de lectura":"2 minutos"},"schema":{"@context":"https:\/\/schema.org","@graph":[{"@type":"Article","@id":"https:\/\/nitu.mx\/index.php\/2019\/06\/17\/inaugura-interjet-ruta-que-conectara-a-cancun-con-lima\/#article","isPartOf":{"@id":"https:\/\/nitu.mx\/index.php\/2019\/06\/17\/inaugura-interjet-ruta-que-conectara-a-cancun-con-lima\/"},"author":{"name":"Redacci\u00f3n","@id":"https:\/\/nitu.mx\/#\/schema\/person\/4a28fe9bd65924f7c90623773daf1b0b"},"headline":"Inaugura Interjet ruta que conectar\u00e1 a Canc\u00fan con Lima","datePublished":"2019-06-18T04:40:13+00:00","dateModified":"2019-06-18T05:36:59+00:00","mainEntityOfPage":{"@id":"https:\/\/nitu.mx\/index.php\/2019\/06\/17\/inaugura-interjet-ruta-que-conectara-a-cancun-con-lima\/"},"wordCount":484,"commentCount":0,"publisher":{"@id":"https:\/\/nitu.mx\/#\/schema\/person\/ae7a53426417292d3dd07b45a33e01bc"},"image":{"@id":"https:\/\/nitu.mx\/index.php\/2019\/06\/17\/inaugura-interjet-ruta-que-conectara-a-cancun-con-lima\/#primaryimage"},"thumbnailUrl":"https:\/\/nitu.mx\/wp-content\/uploads\/2019\/01\/Interjet-Air-Canada.jpg","keywords":["Ciudad de M\u00e9xico","conexi\u00f3n directa","destino de playa mexicano","Interjet","rutas internacionales","viajeros","Vuelos"],"articleSection":["Aerol\u00edneas","Destinos"],"inLanguage":"es-MX","potentialAction":[{"@type":"CommentAction","name":"Comment","target":["https:\/\/nitu.mx\/index.php\/2019\/06\/17\/inaugura-interjet-ruta-que-conectara-a-cancun-con-lima\/#respond"]}]},{"@type":"WebPage","@id":"https:\/\/nitu.mx\/index.php\/2019\/06\/17\/inaugura-interjet-ruta-que-conectara-a-cancun-con-lima\/","url":"https:\/\/nitu.mx\/index.php\/2019\/06\/17\/inaugura-interjet-ruta-que-conectara-a-cancun-con-lima\/","name":"Inaugura Interjet ruta que conectar\u00e1 a Canc\u00fan con Lima - Nitu - Noticias de la Industria Turistica","isPartOf":{"@id":"https:\/\/nitu.mx\/#website"},"primaryImageOfPage":{"@id":"https:\/\/nitu.mx\/index.php\/2019\/06\/17\/inaugura-interjet-ruta-que-conectara-a-cancun-con-lima\/#primaryimage"},"image":{"@id":"https:\/\/nitu.mx\/index.php\/2019\/06\/17\/inaugura-interjet-ruta-que-conectara-a-cancun-con-lima\/#primaryimage"},"thumbnailUrl":"https:\/\/nitu.mx\/wp-content\/uploads\/2019\/01\/Interjet-Air-Canada.jpg","datePublished":"2019-06-18T04:40:13+00:00","dateModified":"2019-06-18T05:36:59+00:00","description":"Interjet inici\u00f3 hoy operaciones en la ruta que conectar\u00e1 a la ciudad de Lima, Per\u00fa, con Canc\u00fan, M\u00e9xico, a trav\u00e9s de una frecuencia diaria.","breadcrumb":{"@id":"https:\/\/nitu.mx\/index.php\/2019\/06\/17\/inaugura-interjet-ruta-que-conectara-a-cancun-con-lima\/#breadcrumb"},"inLanguage":"es-MX","potentialAction":[{"@type":"ReadAction","target":["https:\/\/nitu.mx\/index.php\/2019\/06\/17\/inaugura-interjet-ruta-que-conectara-a-cancun-con-lima\/"]}]},{"@type":"ImageObject","inLanguage":"es-MX","@id":"https:\/\/nitu.mx\/index.php\/2019\/06\/17\/inaugura-interjet-ruta-que-conectara-a-cancun-con-lima\/#primaryimage","url":"https:\/\/nitu.mx\/wp-content\/uploads\/2019\/01\/Interjet-Air-Canada.jpg","contentUrl":"https:\/\/nitu.mx\/wp-content\/uploads\/2019\/01\/Interjet-Air-Canada.jpg","width":850,"height":480,"caption":"Interjet Air Canada Outlet Quiero Viajar"},{"@type":"BreadcrumbList","@id":"https:\/\/nitu.mx\/index.php\/2019\/06\/17\/inaugura-interjet-ruta-que-conectara-a-cancun-con-lima\/#breadcrumb","itemListElement":[{"@type":"ListItem","position":1,"name":"Inicio","item":"https:\/\/nitu.mx\/"},{"@type":"ListItem","position":2,"name":"Inaugura Interjet ruta que conectar\u00e1 a Canc\u00fan con Lima"}]},{"@type":"WebSite","@id":"https:\/\/nitu.mx\/#website","url":"https:\/\/nitu.mx\/","name":"Nitu - Noticias de la Industria Turistica","description":"Noticias de la Industria Turistica","publisher":{"@id":"https:\/\/nitu.mx\/#\/schema\/person\/ae7a53426417292d3dd07b45a33e01bc"},"alternateName":"Noticias de la Industria Turistica","potentialAction":[{"@type":"SearchAction","target":{"@type":"EntryPoint","urlTemplate":"https:\/\/nitu.mx\/?s={search_term_string}"},"query-input":"required name=search_term_string"}],"inLanguage":"es-MX"},{"@type":["Person","Organization"],"@id":"https:\/\/nitu.mx\/#\/schema\/person\/ae7a53426417292d3dd07b45a33e01bc","name":"Arturo Medina","image":{"@type":"ImageObject","inLanguage":"es-MX","@id":"https:\/\/nitu.mx\/#\/schema\/person\/image\/","url":"https:\/\/nitu.mx\/wp-content\/uploads\/2024\/04\/4A315622-1904-4D5C-B022-878CDC840E04-90x90-1.jpeg","contentUrl":"https:\/\/nitu.mx\/wp-content\/uploads\/2024\/04\/4A315622-1904-4D5C-B022-878CDC840E04-90x90-1.jpeg","width":90,"height":90,"caption":"Arturo Medina"},"logo":{"@id":"https:\/\/nitu.mx\/#\/schema\/person\/image\/"},"description":"Director NITU.mx, Egresado de la Escuela de Periodismo Carlos Septi\u00e9n Garc\u00eda. Periodista y analista especializado en turismo desde hace 35 a\u00f1os, radicado en Canc\u00fan Q.Roo. arturo@nitu.mx","sameAs":["https:\/\/nitu.mx","https:\/\/www.facebook.com\/NITUmx\/","medinacancun","https:\/\/twitter.com\/@Arturo_Medina_G"]},{"@type":"Person","@id":"https:\/\/nitu.mx\/#\/schema\/person\/4a28fe9bd65924f7c90623773daf1b0b","name":"Redacci\u00f3n","image":{"@type":"ImageObject","inLanguage":"es-MX","@id":"https:\/\/nitu.mx\/#\/schema\/person\/image\/","url":"https:\/\/secure.gravatar.com\/avatar\/5dd011c8ccfc5cd7e4c81e42252aab38?s=96&d=mm&r=g","contentUrl":"https:\/\/secure.gravatar.com\/avatar\/5dd011c8ccfc5cd7e4c81e42252aab38?s=96&d=mm&r=g","caption":"Redacci\u00f3n"},"url":"https:\/\/nitu.mx\/index.php\/author\/redaccion\/"}]}},"views":263,"_links":{"self":[{"href":"https:\/\/nitu.mx\/index.php\/wp-json\/wp\/v2\/posts\/32806"}],"collection":[{"href":"https:\/\/nitu.mx\/index.php\/wp-json\/wp\/v2\/posts"}],"about":[{"href":"https:\/\/nitu.mx\/index.php\/wp-json\/wp\/v2\/types\/post"}],"author":[{"embeddable":true,"href":"https:\/\/nitu.mx\/index.php\/wp-json\/wp\/v2\/users\/17"}],"replies":[{"embeddable":true,"href":"https:\/\/nitu.mx\/index.php\/wp-json\/wp\/v2\/comments?post=32806"}],"version-history":[{"count":3,"href":"https:\/\/nitu.mx\/index.php\/wp-json\/wp\/v2\/posts\/32806\/revisions"}],"predecessor-version":[{"id":32835,"href":"https:\/\/nitu.mx\/index.php\/wp-json\/wp\/v2\/posts\/32806\/revisions\/32835"}],"wp:featuredmedia":[{"embeddable":true,"href":"https:\/\/nitu.mx\/index.php\/wp-json\/wp\/v2\/media\/28706"}],"wp:attachment":[{"href":"https:\/\/nitu.mx\/index.php\/wp-json\/wp\/v2\/media?parent=32806"}],"wp:term":[{"taxonomy":"category","embeddable":true,"href":"https:\/\/nitu.mx\/index.php\/wp-json\/wp\/v2\/categories?post=32806"},{"taxonomy":"post_tag","embeddable":true,"href":"https:\/\/nitu.mx\/index.php\/wp-json\/wp\/v2\/tags?post=32806"}],"curies":[{"name":"wp","href":"https:\/\/api.w.org\/{rel}","templated":true}]}}