{"id":32612,"date":"2019-06-09T22:44:06","date_gmt":"2019-06-10T03:44:06","guid":{"rendered":"https:\/\/www.dev.nitu.mx\/?p=32612"},"modified":"2019-06-10T00:50:25","modified_gmt":"2019-06-10T05:50:25","slug":"aumenta-interjet-14-por-ciento-numero-de-pasajeros-atendidos-durante-mayo","status":"publish","type":"post","link":"https:\/\/nitu.mx\/index.php\/2019\/06\/09\/aumenta-interjet-14-por-ciento-numero-de-pasajeros-atendidos-durante-mayo\/","title":{"rendered":"Aumenta Interjet 14 por ciento n\u00famero de pasajeros atendidos durante mayo"},"content":{"rendered":"<p>Durante mayo de 2019, Interjet transport\u00f3 a un total de un mill\u00f3n 368 mil 250 pasajeros en las 10 mil 110 operaciones que realiz\u00f3 en sus rutas dom\u00e9sticas e internacionales, lo que represent\u00f3 un incremento de 14 por ciento en comparaci\u00f3n con los movilizados en el mismo mes del a\u00f1o pasado.<\/p>\n<p>En el mercado internacional registr\u00f3 un crecimiento del 27.2 por ciento, al haber atendido a 394 mil 637 viajeros, en tanto que en el dom\u00e9stico, la aerol\u00ednea atendi\u00f3 a 973 mil 613 personas, para un alza del 9.2 respecto a mayo de 2018.<\/p>\n<p>En M\u00e9xico, durante el quinto mes del presente a\u00f1o la aerol\u00ednea registr\u00f3 un factor de ocupaci\u00f3n del 90 por ciento y de 86 por ciento en sus rutas internacionales, con lo que logr\u00f3 aumentos de 4 y 5.3 puntos porcentuales, respectivamente, comparado con mayo del a\u00f1o anterior.<\/p>\n<p>Con ello, la l\u00ednea a\u00e9rea alcanz\u00f3 un factor de ocupaci\u00f3n total, al promediar ambos mercados, del 88 por ciento, para una expansi\u00f3n de 4.4 puntos porcentuales.<\/p>\n<p>Mientras que la demanda total de Interjet, medida en pasajeros-kil\u00f3metro disponibles (RPKs), aument\u00f3 19 por ciento respecto a mayo de 2018, la oferta en asientos-kil\u00f3metro disponibles (ASKs) lo hizo en 13 por ciento.<\/p>\n<p>En el acumulado de los primeros cinco meses de 2019, el tr\u00e1fico total de pasaje de Interjet creci\u00f3 8 por ciento al haber atendido a 6 millones 9 mil 126 viajeros. En las rutas nacionales e internacionales, los incrementos fueron de 2 y 26.2 por ciento, respectivamente. (<a title=\"Interjet fortalece conectividad entre Canc\u00fan y Colombia\" href=\"https:\/\/www.dev.nitu.mx\/index.php\/2019\/06\/05\/interjet-fortalece-conectividad-entre-cancun-y-colombia\/\" rel=\"bookmark\">Interjet fortalece conectividad entre Canc\u00fan y Colombia<\/a>).<\/p>\n<p>Es importante destacar que recientemente Interjet concret\u00f3 un acuerdo de c\u00f3digo compartido con Alitalia, la principal aerol\u00ednea del pa\u00eds que preside Sergio Mattarella, con quien ya posee una alianza comercial interlineal. Este convenio se suma a los que ya tiene con empresas como American Airlines, Qatar Airlines, British Airways, Iberia, Emirates, Lufthansa y LATAM.<\/p>\n<p>Interjet se distingue por ser una empresa que brinda una alta experiencia de viaje, con un conjunto \u00fanico de servicios que proporciona a los viajeros el equilibrio perfecto entre costo y beneficio; tal es el caso de su pol\u00edtica de no sobreventa, disfrutar del mayor espacio entre asientos de su categor\u00eda en el continente americano, snacks y bebidas sin costo, as\u00ed como la posibilidad de documentar hasta 50 kilogramos de equipaje en tarifa Priority, entre otros.<\/p>\n","protected":false},"excerpt":{"rendered":"<p>Durante mayo de 2019, Interjet transport\u00f3 a un total de un mill\u00f3n 368 mil 250 pasajeros en las 10 mil 110 operaciones que realiz\u00f3 en sus rutas dom\u00e9sticas e internacionales, lo que represent\u00f3 un incremento de 14 por ciento en comparaci\u00f3n con los movilizados en el mismo mes del a\u00f1o pasado. En el mercado internacional [&hellip;]<\/p>\n","protected":false},"author":17,"featured_media":18143,"comment_status":"open","ping_status":"open","sticky":false,"template":"","format":"standard","meta":{"footnotes":""},"categories":[29,6],"tags":[3735,125,10612,9306],"yoast_head":"<!-- This site is optimized with the Yoast SEO plugin v22.2 - https:\/\/yoast.com\/wordpress\/plugins\/seo\/ -->\n<title>Aumenta Interjet 14 por ciento n\u00famero de pasajeros atendidos durante mayo - Nitu - Noticias de la Industria Turistica<\/title>\n<meta name=\"description\" content=\"Durante mayo de 2019, Interjet transport\u00f3 un mill\u00f3n 368 mil 250 pasajeros en las 10 mil 110 operaciones que realiz\u00f3 en sus rutas.\" \/>\n<meta name=\"robots\" content=\"index, follow, max-snippet:-1, max-image-preview:large, max-video-preview:-1\" \/>\n<link rel=\"canonical\" href=\"https:\/\/nitu.mx\/index.php\/2019\/06\/09\/aumenta-interjet-14-por-ciento-numero-de-pasajeros-atendidos-durante-mayo\/\" \/>\n<meta name=\"twitter:card\" content=\"summary_large_image\" \/>\n<meta name=\"twitter:title\" content=\"Aumenta Interjet 14 por ciento n\u00famero de pasajeros atendidos durante mayo - Nitu - Noticias de la Industria Turistica\" \/>\n<meta name=\"twitter:description\" content=\"Durante mayo de 2019, Interjet transport\u00f3 un mill\u00f3n 368 mil 250 pasajeros en las 10 mil 110 operaciones que realiz\u00f3 en sus rutas.\" \/>\n<meta name=\"twitter:image\" content=\"https:\/\/nitu.mx\/wp-content\/uploads\/2018\/03\/Interjet-A321Neo.jpg\" \/>\n<meta name=\"twitter:creator\" content=\"@NITUmx\" \/>\n<meta name=\"twitter:site\" content=\"@Arturo_Medina_G\" \/>\n<meta name=\"twitter:label1\" content=\"Escrito por\" \/>\n\t<meta name=\"twitter:data1\" content=\"Redacci\u00f3n\" \/>\n\t<meta name=\"twitter:label2\" content=\"Tiempo de lectura\" \/>\n\t<meta name=\"twitter:data2\" content=\"2 minutos\" \/>\n<script type=\"application\/ld+json\" class=\"yoast-schema-graph\">{\"@context\":\"https:\/\/schema.org\",\"@graph\":[{\"@type\":\"Article\",\"@id\":\"https:\/\/nitu.mx\/index.php\/2019\/06\/09\/aumenta-interjet-14-por-ciento-numero-de-pasajeros-atendidos-durante-mayo\/#article\",\"isPartOf\":{\"@id\":\"https:\/\/nitu.mx\/index.php\/2019\/06\/09\/aumenta-interjet-14-por-ciento-numero-de-pasajeros-atendidos-durante-mayo\/\"},\"author\":{\"name\":\"Redacci\u00f3n\",\"@id\":\"https:\/\/nitu.mx\/#\/schema\/person\/4a28fe9bd65924f7c90623773daf1b0b\"},\"headline\":\"Aumenta Interjet 14 por ciento n\u00famero de pasajeros atendidos durante mayo\",\"datePublished\":\"2019-06-10T03:44:06+00:00\",\"dateModified\":\"2019-06-10T05:50:25+00:00\",\"mainEntityOfPage\":{\"@id\":\"https:\/\/nitu.mx\/index.php\/2019\/06\/09\/aumenta-interjet-14-por-ciento-numero-de-pasajeros-atendidos-durante-mayo\/\"},\"wordCount\":389,\"commentCount\":0,\"publisher\":{\"@id\":\"https:\/\/nitu.mx\/#\/schema\/person\/ae7a53426417292d3dd07b45a33e01bc\"},\"image\":{\"@id\":\"https:\/\/nitu.mx\/index.php\/2019\/06\/09\/aumenta-interjet-14-por-ciento-numero-de-pasajeros-atendidos-durante-mayo\/#primaryimage\"},\"thumbnailUrl\":\"https:\/\/nitu.mx\/wp-content\/uploads\/2018\/03\/Interjet-A321Neo.jpg\",\"keywords\":[\"Aerol\u00ednea\",\"Ciudad de M\u00e9xico\",\"rutas internacionales\",\"rutas nacionales\"],\"articleSection\":[\"Aerol\u00edneas\",\"M\u00e9xico\"],\"inLanguage\":\"es-MX\",\"potentialAction\":[{\"@type\":\"CommentAction\",\"name\":\"Comment\",\"target\":[\"https:\/\/nitu.mx\/index.php\/2019\/06\/09\/aumenta-interjet-14-por-ciento-numero-de-pasajeros-atendidos-durante-mayo\/#respond\"]}]},{\"@type\":\"WebPage\",\"@id\":\"https:\/\/nitu.mx\/index.php\/2019\/06\/09\/aumenta-interjet-14-por-ciento-numero-de-pasajeros-atendidos-durante-mayo\/\",\"url\":\"https:\/\/nitu.mx\/index.php\/2019\/06\/09\/aumenta-interjet-14-por-ciento-numero-de-pasajeros-atendidos-durante-mayo\/\",\"name\":\"Aumenta Interjet 14 por ciento n\u00famero de pasajeros atendidos durante mayo - Nitu - Noticias de la Industria Turistica\",\"isPartOf\":{\"@id\":\"https:\/\/nitu.mx\/#website\"},\"primaryImageOfPage\":{\"@id\":\"https:\/\/nitu.mx\/index.php\/2019\/06\/09\/aumenta-interjet-14-por-ciento-numero-de-pasajeros-atendidos-durante-mayo\/#primaryimage\"},\"image\":{\"@id\":\"https:\/\/nitu.mx\/index.php\/2019\/06\/09\/aumenta-interjet-14-por-ciento-numero-de-pasajeros-atendidos-durante-mayo\/#primaryimage\"},\"thumbnailUrl\":\"https:\/\/nitu.mx\/wp-content\/uploads\/2018\/03\/Interjet-A321Neo.jpg\",\"datePublished\":\"2019-06-10T03:44:06+00:00\",\"dateModified\":\"2019-06-10T05:50:25+00:00\",\"description\":\"Durante mayo de 2019, Interjet transport\u00f3 un mill\u00f3n 368 mil 250 pasajeros en las 10 mil 110 operaciones que realiz\u00f3 en sus rutas.\",\"breadcrumb\":{\"@id\":\"https:\/\/nitu.mx\/index.php\/2019\/06\/09\/aumenta-interjet-14-por-ciento-numero-de-pasajeros-atendidos-durante-mayo\/#breadcrumb\"},\"inLanguage\":\"es-MX\",\"potentialAction\":[{\"@type\":\"ReadAction\",\"target\":[\"https:\/\/nitu.mx\/index.php\/2019\/06\/09\/aumenta-interjet-14-por-ciento-numero-de-pasajeros-atendidos-durante-mayo\/\"]}]},{\"@type\":\"ImageObject\",\"inLanguage\":\"es-MX\",\"@id\":\"https:\/\/nitu.mx\/index.php\/2019\/06\/09\/aumenta-interjet-14-por-ciento-numero-de-pasajeros-atendidos-durante-mayo\/#primaryimage\",\"url\":\"https:\/\/nitu.mx\/wp-content\/uploads\/2018\/03\/Interjet-A321Neo.jpg\",\"contentUrl\":\"https:\/\/nitu.mx\/wp-content\/uploads\/2018\/03\/Interjet-A321Neo.jpg\",\"width\":850,\"height\":480,\"caption\":\"Interjet A321Neo\"},{\"@type\":\"BreadcrumbList\",\"@id\":\"https:\/\/nitu.mx\/index.php\/2019\/06\/09\/aumenta-interjet-14-por-ciento-numero-de-pasajeros-atendidos-durante-mayo\/#breadcrumb\",\"itemListElement\":[{\"@type\":\"ListItem\",\"position\":1,\"name\":\"Inicio\",\"item\":\"https:\/\/nitu.mx\/\"},{\"@type\":\"ListItem\",\"position\":2,\"name\":\"Aumenta Interjet 14 por ciento n\u00famero de pasajeros atendidos durante mayo\"}]},{\"@type\":\"WebSite\",\"@id\":\"https:\/\/nitu.mx\/#website\",\"url\":\"https:\/\/nitu.mx\/\",\"name\":\"Nitu - Noticias de la Industria Turistica\",\"description\":\"Noticias de la Industria Turistica\",\"publisher\":{\"@id\":\"https:\/\/nitu.mx\/#\/schema\/person\/ae7a53426417292d3dd07b45a33e01bc\"},\"alternateName\":\"Noticias de la Industria Turistica\",\"potentialAction\":[{\"@type\":\"SearchAction\",\"target\":{\"@type\":\"EntryPoint\",\"urlTemplate\":\"https:\/\/nitu.mx\/?s={search_term_string}\"},\"query-input\":\"required name=search_term_string\"}],\"inLanguage\":\"es-MX\"},{\"@type\":[\"Person\",\"Organization\"],\"@id\":\"https:\/\/nitu.mx\/#\/schema\/person\/ae7a53426417292d3dd07b45a33e01bc\",\"name\":\"Arturo Medina\",\"image\":{\"@type\":\"ImageObject\",\"inLanguage\":\"es-MX\",\"@id\":\"https:\/\/nitu.mx\/#\/schema\/person\/image\/\",\"url\":\"https:\/\/nitu.mx\/wp-content\/uploads\/2024\/04\/4A315622-1904-4D5C-B022-878CDC840E04-90x90-1.jpeg\",\"contentUrl\":\"https:\/\/nitu.mx\/wp-content\/uploads\/2024\/04\/4A315622-1904-4D5C-B022-878CDC840E04-90x90-1.jpeg\",\"width\":90,\"height\":90,\"caption\":\"Arturo Medina\"},\"logo\":{\"@id\":\"https:\/\/nitu.mx\/#\/schema\/person\/image\/\"},\"description\":\"Director NITU.mx, Egresado de la Escuela de Periodismo Carlos Septi\u00e9n Garc\u00eda. Periodista y analista especializado en turismo desde hace 35 a\u00f1os, radicado en Canc\u00fan Q.Roo. arturo@nitu.mx\",\"sameAs\":[\"https:\/\/nitu.mx\",\"https:\/\/www.facebook.com\/NITUmx\/\",\"medinacancun\",\"https:\/\/twitter.com\/@Arturo_Medina_G\"]},{\"@type\":\"Person\",\"@id\":\"https:\/\/nitu.mx\/#\/schema\/person\/4a28fe9bd65924f7c90623773daf1b0b\",\"name\":\"Redacci\u00f3n\",\"image\":{\"@type\":\"ImageObject\",\"inLanguage\":\"es-MX\",\"@id\":\"https:\/\/nitu.mx\/#\/schema\/person\/image\/\",\"url\":\"https:\/\/secure.gravatar.com\/avatar\/5dd011c8ccfc5cd7e4c81e42252aab38?s=96&d=mm&r=g\",\"contentUrl\":\"https:\/\/secure.gravatar.com\/avatar\/5dd011c8ccfc5cd7e4c81e42252aab38?s=96&d=mm&r=g\",\"caption\":\"Redacci\u00f3n\"},\"url\":\"https:\/\/nitu.mx\/index.php\/author\/redaccion\/\"}]}<\/script>\n<!-- \/ Yoast SEO plugin. -->","yoast_head_json":{"title":"Aumenta Interjet 14 por ciento n\u00famero de pasajeros atendidos durante mayo - Nitu - Noticias de la Industria Turistica","description":"Durante mayo de 2019, Interjet transport\u00f3 un mill\u00f3n 368 mil 250 pasajeros en las 10 mil 110 operaciones que realiz\u00f3 en sus rutas.","robots":{"index":"index","follow":"follow","max-snippet":"max-snippet:-1","max-image-preview":"max-image-preview:large","max-video-preview":"max-video-preview:-1"},"canonical":"https:\/\/nitu.mx\/index.php\/2019\/06\/09\/aumenta-interjet-14-por-ciento-numero-de-pasajeros-atendidos-durante-mayo\/","twitter_card":"summary_large_image","twitter_title":"Aumenta Interjet 14 por ciento n\u00famero de pasajeros atendidos durante mayo - Nitu - Noticias de la Industria Turistica","twitter_description":"Durante mayo de 2019, Interjet transport\u00f3 un mill\u00f3n 368 mil 250 pasajeros en las 10 mil 110 operaciones que realiz\u00f3 en sus rutas.","twitter_image":"https:\/\/nitu.mx\/wp-content\/uploads\/2018\/03\/Interjet-A321Neo.jpg","twitter_creator":"@NITUmx","twitter_site":"@Arturo_Medina_G","twitter_misc":{"Escrito por":"Redacci\u00f3n","Tiempo de lectura":"2 minutos"},"schema":{"@context":"https:\/\/schema.org","@graph":[{"@type":"Article","@id":"https:\/\/nitu.mx\/index.php\/2019\/06\/09\/aumenta-interjet-14-por-ciento-numero-de-pasajeros-atendidos-durante-mayo\/#article","isPartOf":{"@id":"https:\/\/nitu.mx\/index.php\/2019\/06\/09\/aumenta-interjet-14-por-ciento-numero-de-pasajeros-atendidos-durante-mayo\/"},"author":{"name":"Redacci\u00f3n","@id":"https:\/\/nitu.mx\/#\/schema\/person\/4a28fe9bd65924f7c90623773daf1b0b"},"headline":"Aumenta Interjet 14 por ciento n\u00famero de pasajeros atendidos durante mayo","datePublished":"2019-06-10T03:44:06+00:00","dateModified":"2019-06-10T05:50:25+00:00","mainEntityOfPage":{"@id":"https:\/\/nitu.mx\/index.php\/2019\/06\/09\/aumenta-interjet-14-por-ciento-numero-de-pasajeros-atendidos-durante-mayo\/"},"wordCount":389,"commentCount":0,"publisher":{"@id":"https:\/\/nitu.mx\/#\/schema\/person\/ae7a53426417292d3dd07b45a33e01bc"},"image":{"@id":"https:\/\/nitu.mx\/index.php\/2019\/06\/09\/aumenta-interjet-14-por-ciento-numero-de-pasajeros-atendidos-durante-mayo\/#primaryimage"},"thumbnailUrl":"https:\/\/nitu.mx\/wp-content\/uploads\/2018\/03\/Interjet-A321Neo.jpg","keywords":["Aerol\u00ednea","Ciudad de M\u00e9xico","rutas internacionales","rutas nacionales"],"articleSection":["Aerol\u00edneas","M\u00e9xico"],"inLanguage":"es-MX","potentialAction":[{"@type":"CommentAction","name":"Comment","target":["https:\/\/nitu.mx\/index.php\/2019\/06\/09\/aumenta-interjet-14-por-ciento-numero-de-pasajeros-atendidos-durante-mayo\/#respond"]}]},{"@type":"WebPage","@id":"https:\/\/nitu.mx\/index.php\/2019\/06\/09\/aumenta-interjet-14-por-ciento-numero-de-pasajeros-atendidos-durante-mayo\/","url":"https:\/\/nitu.mx\/index.php\/2019\/06\/09\/aumenta-interjet-14-por-ciento-numero-de-pasajeros-atendidos-durante-mayo\/","name":"Aumenta Interjet 14 por ciento n\u00famero de pasajeros atendidos durante mayo - Nitu - Noticias de la Industria Turistica","isPartOf":{"@id":"https:\/\/nitu.mx\/#website"},"primaryImageOfPage":{"@id":"https:\/\/nitu.mx\/index.php\/2019\/06\/09\/aumenta-interjet-14-por-ciento-numero-de-pasajeros-atendidos-durante-mayo\/#primaryimage"},"image":{"@id":"https:\/\/nitu.mx\/index.php\/2019\/06\/09\/aumenta-interjet-14-por-ciento-numero-de-pasajeros-atendidos-durante-mayo\/#primaryimage"},"thumbnailUrl":"https:\/\/nitu.mx\/wp-content\/uploads\/2018\/03\/Interjet-A321Neo.jpg","datePublished":"2019-06-10T03:44:06+00:00","dateModified":"2019-06-10T05:50:25+00:00","description":"Durante mayo de 2019, Interjet transport\u00f3 un mill\u00f3n 368 mil 250 pasajeros en las 10 mil 110 operaciones que realiz\u00f3 en sus rutas.","breadcrumb":{"@id":"https:\/\/nitu.mx\/index.php\/2019\/06\/09\/aumenta-interjet-14-por-ciento-numero-de-pasajeros-atendidos-durante-mayo\/#breadcrumb"},"inLanguage":"es-MX","potentialAction":[{"@type":"ReadAction","target":["https:\/\/nitu.mx\/index.php\/2019\/06\/09\/aumenta-interjet-14-por-ciento-numero-de-pasajeros-atendidos-durante-mayo\/"]}]},{"@type":"ImageObject","inLanguage":"es-MX","@id":"https:\/\/nitu.mx\/index.php\/2019\/06\/09\/aumenta-interjet-14-por-ciento-numero-de-pasajeros-atendidos-durante-mayo\/#primaryimage","url":"https:\/\/nitu.mx\/wp-content\/uploads\/2018\/03\/Interjet-A321Neo.jpg","contentUrl":"https:\/\/nitu.mx\/wp-content\/uploads\/2018\/03\/Interjet-A321Neo.jpg","width":850,"height":480,"caption":"Interjet A321Neo"},{"@type":"BreadcrumbList","@id":"https:\/\/nitu.mx\/index.php\/2019\/06\/09\/aumenta-interjet-14-por-ciento-numero-de-pasajeros-atendidos-durante-mayo\/#breadcrumb","itemListElement":[{"@type":"ListItem","position":1,"name":"Inicio","item":"https:\/\/nitu.mx\/"},{"@type":"ListItem","position":2,"name":"Aumenta Interjet 14 por ciento n\u00famero de pasajeros atendidos durante mayo"}]},{"@type":"WebSite","@id":"https:\/\/nitu.mx\/#website","url":"https:\/\/nitu.mx\/","name":"Nitu - Noticias de la Industria Turistica","description":"Noticias de la Industria Turistica","publisher":{"@id":"https:\/\/nitu.mx\/#\/schema\/person\/ae7a53426417292d3dd07b45a33e01bc"},"alternateName":"Noticias de la Industria Turistica","potentialAction":[{"@type":"SearchAction","target":{"@type":"EntryPoint","urlTemplate":"https:\/\/nitu.mx\/?s={search_term_string}"},"query-input":"required name=search_term_string"}],"inLanguage":"es-MX"},{"@type":["Person","Organization"],"@id":"https:\/\/nitu.mx\/#\/schema\/person\/ae7a53426417292d3dd07b45a33e01bc","name":"Arturo Medina","image":{"@type":"ImageObject","inLanguage":"es-MX","@id":"https:\/\/nitu.mx\/#\/schema\/person\/image\/","url":"https:\/\/nitu.mx\/wp-content\/uploads\/2024\/04\/4A315622-1904-4D5C-B022-878CDC840E04-90x90-1.jpeg","contentUrl":"https:\/\/nitu.mx\/wp-content\/uploads\/2024\/04\/4A315622-1904-4D5C-B022-878CDC840E04-90x90-1.jpeg","width":90,"height":90,"caption":"Arturo Medina"},"logo":{"@id":"https:\/\/nitu.mx\/#\/schema\/person\/image\/"},"description":"Director NITU.mx, Egresado de la Escuela de Periodismo Carlos Septi\u00e9n Garc\u00eda. Periodista y analista especializado en turismo desde hace 35 a\u00f1os, radicado en Canc\u00fan Q.Roo. arturo@nitu.mx","sameAs":["https:\/\/nitu.mx","https:\/\/www.facebook.com\/NITUmx\/","medinacancun","https:\/\/twitter.com\/@Arturo_Medina_G"]},{"@type":"Person","@id":"https:\/\/nitu.mx\/#\/schema\/person\/4a28fe9bd65924f7c90623773daf1b0b","name":"Redacci\u00f3n","image":{"@type":"ImageObject","inLanguage":"es-MX","@id":"https:\/\/nitu.mx\/#\/schema\/person\/image\/","url":"https:\/\/secure.gravatar.com\/avatar\/5dd011c8ccfc5cd7e4c81e42252aab38?s=96&d=mm&r=g","contentUrl":"https:\/\/secure.gravatar.com\/avatar\/5dd011c8ccfc5cd7e4c81e42252aab38?s=96&d=mm&r=g","caption":"Redacci\u00f3n"},"url":"https:\/\/nitu.mx\/index.php\/author\/redaccion\/"}]}},"views":245,"_links":{"self":[{"href":"https:\/\/nitu.mx\/index.php\/wp-json\/wp\/v2\/posts\/32612"}],"collection":[{"href":"https:\/\/nitu.mx\/index.php\/wp-json\/wp\/v2\/posts"}],"about":[{"href":"https:\/\/nitu.mx\/index.php\/wp-json\/wp\/v2\/types\/post"}],"author":[{"embeddable":true,"href":"https:\/\/nitu.mx\/index.php\/wp-json\/wp\/v2\/users\/17"}],"replies":[{"embeddable":true,"href":"https:\/\/nitu.mx\/index.php\/wp-json\/wp\/v2\/comments?post=32612"}],"version-history":[{"count":4,"href":"https:\/\/nitu.mx\/index.php\/wp-json\/wp\/v2\/posts\/32612\/revisions"}],"predecessor-version":[{"id":32645,"href":"https:\/\/nitu.mx\/index.php\/wp-json\/wp\/v2\/posts\/32612\/revisions\/32645"}],"wp:featuredmedia":[{"embeddable":true,"href":"https:\/\/nitu.mx\/index.php\/wp-json\/wp\/v2\/media\/18143"}],"wp:attachment":[{"href":"https:\/\/nitu.mx\/index.php\/wp-json\/wp\/v2\/media?parent=32612"}],"wp:term":[{"taxonomy":"category","embeddable":true,"href":"https:\/\/nitu.mx\/index.php\/wp-json\/wp\/v2\/categories?post=32612"},{"taxonomy":"post_tag","embeddable":true,"href":"https:\/\/nitu.mx\/index.php\/wp-json\/wp\/v2\/tags?post=32612"}],"curies":[{"name":"wp","href":"https:\/\/api.w.org\/{rel}","templated":true}]}}