{"id":32579,"date":"2019-06-06T21:39:16","date_gmt":"2019-06-07T02:39:16","guid":{"rendered":"https:\/\/www.dev.nitu.mx\/?p=32579"},"modified":"2019-06-07T00:42:27","modified_gmt":"2019-06-07T05:42:27","slug":"inicia-la-ruta-durango-dallas-de-american-airlines","status":"publish","type":"post","link":"https:\/\/nitu.mx\/index.php\/2019\/06\/06\/inicia-la-ruta-durango-dallas-de-american-airlines\/","title":{"rendered":"Inicia la ruta Durango &#8211; Dallas de American Airlines"},"content":{"rendered":"<p>Este 6 de junio se realiz\u00f3 el vuelo inaugural de la m\u00e1s reciente ruta de la aerol\u00ednea norteamericana American Airlines en M\u00e9xico, Dallas &#8211; Fort Worth (DFW) \u2013 Durango, la cual comienza a operar diariamente y representa el destino n\u00famero 22 de la l\u00ednea a\u00e9rea hacia nuestro pa\u00eds.<\/p>\n<p>\u201cCon este vuelo inaugural estamos escribiendo una nueva historia en Durango, una ciudad que se ha convertido en un referente comercial, tur\u00edstico y empresarial a nivel internacional. En estos \u00faltimos a\u00f1os American ha tenido un crecimiento muy marcado en M\u00e9xico, y nos enorgullece continuar fortaleciendo nuestros lazos con el pa\u00eds con este nuevo destino, Durango, y luego en diciembre con dos nuevos destinos, Huatulco y Acapulco\u201d, dijo Virginia Uzal, Directora Comercial de American Airlines en M\u00e9xico.<\/p>\n<p>La aeronave Embraer E140, proveniente de Dallas\/Fort Worth, aterriz\u00f3 por la tarde en el Aeropuerto Internacional General Guadalupe Victoria, ubicado en la capital de Durango y fue recibido con el tradicional saludo hecho con un arco de agua.<\/p>\n<p>Para recibir este vuelo inaugural, se dieron cita al evento protocolario el gobernador del estado de Durango, Jos\u00e9 Rosas Aispuro Torres; el secretario de Turismo, Eleazar Gamboa de la Parra; el Administrador del Aeropuerto Gral. Guadalupe Victoria, Luis Gildardo Gardu\u00f1o Monta\u00f1o; la Directora Municipal de Promoci\u00f3n Tur\u00edstica Emilia Elizondo Torres; el Subsecretario de Infraestructura y Planeaci\u00f3n, Rafael Sarmiento Aguirre y la Subsecretaria de Desarrollo Tur\u00edstico, Elvira Silerio, entre otros invitados especiales. (<a title=\"American Airlines dejar\u00e1 de aceptar dinero en efectivo en otros 10 aeropuertos de M\u00e9xico\" href=\"https:\/\/www.dev.nitu.mx\/index.php\/2019\/02\/25\/american-airlines-dejara-de-aceptar-dinero-en-efectivo-en-otros-10-aeropuertos-de-mexico\/\" rel=\"bookmark\">American Airlines dejar\u00e1 de aceptar dinero en efectivo en otros 10 aeropuertos de M\u00e9xico<\/a>).<\/p>\n<p>\u201cEsta nueva ruta representa una importante v\u00eda de acceso y conexi\u00f3n con el mundo entero y es prueba de que Durango es un estado atractivo y valioso en operaciones nacionales e internacionales. As\u00ed que recibimos con las puertas abiertas a American Airlines, que a partir de ahora representa un aliado estrat\u00e9gico para todos los duranguenses y para el desarrollo de nuestra entidad\u201d, declar\u00f3 el gobernador de Durango, Jos\u00e9 Rosas Aispuro Torres.<\/p>\n<p>Por su parte, Eleazar Gamboa de la Parra, Secretario de Turismo del Estado de Durango, destac\u00f3 que \u201cel vuelo 3318 de American Airlines no pudo llegar en mejor momento, ya que tan solo en abril registramos un aumento del 20 por ciento de pasajeros extranjeros, que ahora tendr\u00e1n una opci\u00f3n segura, profesional y de calidad para llegar a nuestra entidad\u201d.<\/p>\n","protected":false},"excerpt":{"rendered":"<p>Este 6 de junio se realiz\u00f3 el vuelo inaugural de la m\u00e1s reciente ruta de la aerol\u00ednea norteamericana American Airlines en M\u00e9xico, Dallas &#8211; Fort Worth (DFW) \u2013 Durango, la cual comienza a operar diariamente y representa el destino n\u00famero 22 de la l\u00ednea a\u00e9rea hacia nuestro pa\u00eds. \u201cCon este vuelo inaugural estamos escribiendo una [&hellip;]<\/p>\n","protected":false},"author":5,"featured_media":32582,"comment_status":"open","ping_status":"open","sticky":false,"template":"","format":"standard","meta":{"footnotes":""},"categories":[29],"tags":[481,483,11182,16022,16021,16023],"yoast_head":"<!-- This site is optimized with the Yoast SEO plugin v22.2 - https:\/\/yoast.com\/wordpress\/plugins\/seo\/ -->\n<title>Inicia la ruta Durango - Dallas de American Airlines - Nitu - Noticias de la Industria Turistica<\/title>\n<meta name=\"description\" content=\"Este 6 de junio se realiz\u00f3 el vuelo inaugural de la ruta de la aerol\u00ednea norteamericana American Airlines en M\u00e9xico, Dallas - Fort Worth (DFW) \u2013 Durango.\" \/>\n<meta name=\"robots\" content=\"index, follow, max-snippet:-1, max-image-preview:large, max-video-preview:-1\" \/>\n<link rel=\"canonical\" href=\"https:\/\/nitu.mx\/index.php\/2019\/06\/06\/inicia-la-ruta-durango-dallas-de-american-airlines\/\" \/>\n<meta name=\"twitter:card\" content=\"summary_large_image\" \/>\n<meta name=\"twitter:title\" content=\"Inicia la ruta Durango - Dallas de American Airlines - Nitu - Noticias de la Industria Turistica\" \/>\n<meta name=\"twitter:description\" content=\"Este 6 de junio se realiz\u00f3 el vuelo inaugural de la ruta de la aerol\u00ednea norteamericana American Airlines en M\u00e9xico, Dallas - Fort Worth (DFW) \u2013 Durango.\" \/>\n<meta name=\"twitter:image\" content=\"https:\/\/nitu.mx\/wp-content\/uploads\/2019\/06\/Dallas-Durango-American-Airlines.jpg\" \/>\n<meta name=\"twitter:creator\" content=\"@NITUmx\" \/>\n<meta name=\"twitter:site\" content=\"@Arturo_Medina_G\" \/>\n<meta name=\"twitter:label1\" content=\"Escrito por\" \/>\n\t<meta name=\"twitter:data1\" content=\"Mari Soto\" \/>\n\t<meta name=\"twitter:label2\" content=\"Tiempo de lectura\" \/>\n\t<meta name=\"twitter:data2\" content=\"2 minutos\" \/>\n<script type=\"application\/ld+json\" class=\"yoast-schema-graph\">{\"@context\":\"https:\/\/schema.org\",\"@graph\":[{\"@type\":\"Article\",\"@id\":\"https:\/\/nitu.mx\/index.php\/2019\/06\/06\/inicia-la-ruta-durango-dallas-de-american-airlines\/#article\",\"isPartOf\":{\"@id\":\"https:\/\/nitu.mx\/index.php\/2019\/06\/06\/inicia-la-ruta-durango-dallas-de-american-airlines\/\"},\"author\":{\"name\":\"Mari Soto\",\"@id\":\"https:\/\/nitu.mx\/#\/schema\/person\/afc52e313e27e660739556d421d3d6b4\"},\"headline\":\"Inicia la ruta Durango &#8211; Dallas de American Airlines\",\"datePublished\":\"2019-06-07T02:39:16+00:00\",\"dateModified\":\"2019-06-07T05:42:27+00:00\",\"mainEntityOfPage\":{\"@id\":\"https:\/\/nitu.mx\/index.php\/2019\/06\/06\/inicia-la-ruta-durango-dallas-de-american-airlines\/\"},\"wordCount\":406,\"commentCount\":0,\"publisher\":{\"@id\":\"https:\/\/nitu.mx\/#\/schema\/person\/ae7a53426417292d3dd07b45a33e01bc\"},\"image\":{\"@id\":\"https:\/\/nitu.mx\/index.php\/2019\/06\/06\/inicia-la-ruta-durango-dallas-de-american-airlines\/#primaryimage\"},\"thumbnailUrl\":\"https:\/\/nitu.mx\/wp-content\/uploads\/2019\/06\/Dallas-Durango-American-Airlines.jpg\",\"keywords\":[\"American AIrlines\",\"Dallas Fort Worth\",\"Durango\",\"Eleazar Gamboa de la Parra\",\"Jos\u00e9 Rosas Aispuro\",\"Virginia Uzal\"],\"articleSection\":[\"Aerol\u00edneas\"],\"inLanguage\":\"es-MX\",\"potentialAction\":[{\"@type\":\"CommentAction\",\"name\":\"Comment\",\"target\":[\"https:\/\/nitu.mx\/index.php\/2019\/06\/06\/inicia-la-ruta-durango-dallas-de-american-airlines\/#respond\"]}]},{\"@type\":\"WebPage\",\"@id\":\"https:\/\/nitu.mx\/index.php\/2019\/06\/06\/inicia-la-ruta-durango-dallas-de-american-airlines\/\",\"url\":\"https:\/\/nitu.mx\/index.php\/2019\/06\/06\/inicia-la-ruta-durango-dallas-de-american-airlines\/\",\"name\":\"Inicia la ruta Durango - Dallas de American Airlines - Nitu - Noticias de la Industria Turistica\",\"isPartOf\":{\"@id\":\"https:\/\/nitu.mx\/#website\"},\"primaryImageOfPage\":{\"@id\":\"https:\/\/nitu.mx\/index.php\/2019\/06\/06\/inicia-la-ruta-durango-dallas-de-american-airlines\/#primaryimage\"},\"image\":{\"@id\":\"https:\/\/nitu.mx\/index.php\/2019\/06\/06\/inicia-la-ruta-durango-dallas-de-american-airlines\/#primaryimage\"},\"thumbnailUrl\":\"https:\/\/nitu.mx\/wp-content\/uploads\/2019\/06\/Dallas-Durango-American-Airlines.jpg\",\"datePublished\":\"2019-06-07T02:39:16+00:00\",\"dateModified\":\"2019-06-07T05:42:27+00:00\",\"description\":\"Este 6 de junio se realiz\u00f3 el vuelo inaugural de la ruta de la aerol\u00ednea norteamericana American Airlines en M\u00e9xico, Dallas - Fort Worth (DFW) \u2013 Durango.\",\"breadcrumb\":{\"@id\":\"https:\/\/nitu.mx\/index.php\/2019\/06\/06\/inicia-la-ruta-durango-dallas-de-american-airlines\/#breadcrumb\"},\"inLanguage\":\"es-MX\",\"potentialAction\":[{\"@type\":\"ReadAction\",\"target\":[\"https:\/\/nitu.mx\/index.php\/2019\/06\/06\/inicia-la-ruta-durango-dallas-de-american-airlines\/\"]}]},{\"@type\":\"ImageObject\",\"inLanguage\":\"es-MX\",\"@id\":\"https:\/\/nitu.mx\/index.php\/2019\/06\/06\/inicia-la-ruta-durango-dallas-de-american-airlines\/#primaryimage\",\"url\":\"https:\/\/nitu.mx\/wp-content\/uploads\/2019\/06\/Dallas-Durango-American-Airlines.jpg\",\"contentUrl\":\"https:\/\/nitu.mx\/wp-content\/uploads\/2019\/06\/Dallas-Durango-American-Airlines.jpg\",\"width\":850,\"height\":480,\"caption\":\"Dallas Durango American Airlines\"},{\"@type\":\"BreadcrumbList\",\"@id\":\"https:\/\/nitu.mx\/index.php\/2019\/06\/06\/inicia-la-ruta-durango-dallas-de-american-airlines\/#breadcrumb\",\"itemListElement\":[{\"@type\":\"ListItem\",\"position\":1,\"name\":\"Inicio\",\"item\":\"https:\/\/nitu.mx\/\"},{\"@type\":\"ListItem\",\"position\":2,\"name\":\"Inicia la ruta Durango &#8211; Dallas de American Airlines\"}]},{\"@type\":\"WebSite\",\"@id\":\"https:\/\/nitu.mx\/#website\",\"url\":\"https:\/\/nitu.mx\/\",\"name\":\"Nitu - Noticias de la Industria Turistica\",\"description\":\"Noticias de la Industria Turistica\",\"publisher\":{\"@id\":\"https:\/\/nitu.mx\/#\/schema\/person\/ae7a53426417292d3dd07b45a33e01bc\"},\"alternateName\":\"Noticias de la Industria Turistica\",\"potentialAction\":[{\"@type\":\"SearchAction\",\"target\":{\"@type\":\"EntryPoint\",\"urlTemplate\":\"https:\/\/nitu.mx\/?s={search_term_string}\"},\"query-input\":\"required name=search_term_string\"}],\"inLanguage\":\"es-MX\"},{\"@type\":[\"Person\",\"Organization\"],\"@id\":\"https:\/\/nitu.mx\/#\/schema\/person\/ae7a53426417292d3dd07b45a33e01bc\",\"name\":\"Arturo Medina\",\"image\":{\"@type\":\"ImageObject\",\"inLanguage\":\"es-MX\",\"@id\":\"https:\/\/nitu.mx\/#\/schema\/person\/image\/\",\"url\":\"https:\/\/nitu.mx\/wp-content\/uploads\/2024\/04\/4A315622-1904-4D5C-B022-878CDC840E04-90x90-1.jpeg\",\"contentUrl\":\"https:\/\/nitu.mx\/wp-content\/uploads\/2024\/04\/4A315622-1904-4D5C-B022-878CDC840E04-90x90-1.jpeg\",\"width\":90,\"height\":90,\"caption\":\"Arturo Medina\"},\"logo\":{\"@id\":\"https:\/\/nitu.mx\/#\/schema\/person\/image\/\"},\"description\":\"Director NITU.mx, Egresado de la Escuela de Periodismo Carlos Septi\u00e9n Garc\u00eda. Periodista y analista especializado en turismo desde hace 35 a\u00f1os, radicado en Canc\u00fan Q.Roo. arturo@nitu.mx\",\"sameAs\":[\"https:\/\/nitu.mx\",\"https:\/\/www.facebook.com\/NITUmx\/\",\"medinacancun\",\"https:\/\/twitter.com\/@Arturo_Medina_G\"]},{\"@type\":\"Person\",\"@id\":\"https:\/\/nitu.mx\/#\/schema\/person\/afc52e313e27e660739556d421d3d6b4\",\"name\":\"Mari Soto\",\"image\":{\"@type\":\"ImageObject\",\"inLanguage\":\"es-MX\",\"@id\":\"https:\/\/nitu.mx\/#\/schema\/person\/image\/\",\"url\":\"https:\/\/secure.gravatar.com\/avatar\/2619c282a180a20d89fcaea82a6736e2?s=96&d=mm&r=g\",\"contentUrl\":\"https:\/\/secure.gravatar.com\/avatar\/2619c282a180a20d89fcaea82a6736e2?s=96&d=mm&r=g\",\"caption\":\"Mari Soto\"},\"sameAs\":[\"https:\/\/nitu.mx\"],\"url\":\"https:\/\/nitu.mx\/index.php\/author\/guadalupe\/\"}]}<\/script>\n<!-- \/ Yoast SEO plugin. -->","yoast_head_json":{"title":"Inicia la ruta Durango - Dallas de American Airlines - Nitu - Noticias de la Industria Turistica","description":"Este 6 de junio se realiz\u00f3 el vuelo inaugural de la ruta de la aerol\u00ednea norteamericana American Airlines en M\u00e9xico, Dallas - Fort Worth (DFW) \u2013 Durango.","robots":{"index":"index","follow":"follow","max-snippet":"max-snippet:-1","max-image-preview":"max-image-preview:large","max-video-preview":"max-video-preview:-1"},"canonical":"https:\/\/nitu.mx\/index.php\/2019\/06\/06\/inicia-la-ruta-durango-dallas-de-american-airlines\/","twitter_card":"summary_large_image","twitter_title":"Inicia la ruta Durango - Dallas de American Airlines - Nitu - Noticias de la Industria Turistica","twitter_description":"Este 6 de junio se realiz\u00f3 el vuelo inaugural de la ruta de la aerol\u00ednea norteamericana American Airlines en M\u00e9xico, Dallas - Fort Worth (DFW) \u2013 Durango.","twitter_image":"https:\/\/nitu.mx\/wp-content\/uploads\/2019\/06\/Dallas-Durango-American-Airlines.jpg","twitter_creator":"@NITUmx","twitter_site":"@Arturo_Medina_G","twitter_misc":{"Escrito por":"Mari Soto","Tiempo de lectura":"2 minutos"},"schema":{"@context":"https:\/\/schema.org","@graph":[{"@type":"Article","@id":"https:\/\/nitu.mx\/index.php\/2019\/06\/06\/inicia-la-ruta-durango-dallas-de-american-airlines\/#article","isPartOf":{"@id":"https:\/\/nitu.mx\/index.php\/2019\/06\/06\/inicia-la-ruta-durango-dallas-de-american-airlines\/"},"author":{"name":"Mari Soto","@id":"https:\/\/nitu.mx\/#\/schema\/person\/afc52e313e27e660739556d421d3d6b4"},"headline":"Inicia la ruta Durango &#8211; Dallas de American Airlines","datePublished":"2019-06-07T02:39:16+00:00","dateModified":"2019-06-07T05:42:27+00:00","mainEntityOfPage":{"@id":"https:\/\/nitu.mx\/index.php\/2019\/06\/06\/inicia-la-ruta-durango-dallas-de-american-airlines\/"},"wordCount":406,"commentCount":0,"publisher":{"@id":"https:\/\/nitu.mx\/#\/schema\/person\/ae7a53426417292d3dd07b45a33e01bc"},"image":{"@id":"https:\/\/nitu.mx\/index.php\/2019\/06\/06\/inicia-la-ruta-durango-dallas-de-american-airlines\/#primaryimage"},"thumbnailUrl":"https:\/\/nitu.mx\/wp-content\/uploads\/2019\/06\/Dallas-Durango-American-Airlines.jpg","keywords":["American AIrlines","Dallas Fort Worth","Durango","Eleazar Gamboa de la Parra","Jos\u00e9 Rosas Aispuro","Virginia Uzal"],"articleSection":["Aerol\u00edneas"],"inLanguage":"es-MX","potentialAction":[{"@type":"CommentAction","name":"Comment","target":["https:\/\/nitu.mx\/index.php\/2019\/06\/06\/inicia-la-ruta-durango-dallas-de-american-airlines\/#respond"]}]},{"@type":"WebPage","@id":"https:\/\/nitu.mx\/index.php\/2019\/06\/06\/inicia-la-ruta-durango-dallas-de-american-airlines\/","url":"https:\/\/nitu.mx\/index.php\/2019\/06\/06\/inicia-la-ruta-durango-dallas-de-american-airlines\/","name":"Inicia la ruta Durango - Dallas de American Airlines - Nitu - Noticias de la Industria Turistica","isPartOf":{"@id":"https:\/\/nitu.mx\/#website"},"primaryImageOfPage":{"@id":"https:\/\/nitu.mx\/index.php\/2019\/06\/06\/inicia-la-ruta-durango-dallas-de-american-airlines\/#primaryimage"},"image":{"@id":"https:\/\/nitu.mx\/index.php\/2019\/06\/06\/inicia-la-ruta-durango-dallas-de-american-airlines\/#primaryimage"},"thumbnailUrl":"https:\/\/nitu.mx\/wp-content\/uploads\/2019\/06\/Dallas-Durango-American-Airlines.jpg","datePublished":"2019-06-07T02:39:16+00:00","dateModified":"2019-06-07T05:42:27+00:00","description":"Este 6 de junio se realiz\u00f3 el vuelo inaugural de la ruta de la aerol\u00ednea norteamericana American Airlines en M\u00e9xico, Dallas - Fort Worth (DFW) \u2013 Durango.","breadcrumb":{"@id":"https:\/\/nitu.mx\/index.php\/2019\/06\/06\/inicia-la-ruta-durango-dallas-de-american-airlines\/#breadcrumb"},"inLanguage":"es-MX","potentialAction":[{"@type":"ReadAction","target":["https:\/\/nitu.mx\/index.php\/2019\/06\/06\/inicia-la-ruta-durango-dallas-de-american-airlines\/"]}]},{"@type":"ImageObject","inLanguage":"es-MX","@id":"https:\/\/nitu.mx\/index.php\/2019\/06\/06\/inicia-la-ruta-durango-dallas-de-american-airlines\/#primaryimage","url":"https:\/\/nitu.mx\/wp-content\/uploads\/2019\/06\/Dallas-Durango-American-Airlines.jpg","contentUrl":"https:\/\/nitu.mx\/wp-content\/uploads\/2019\/06\/Dallas-Durango-American-Airlines.jpg","width":850,"height":480,"caption":"Dallas Durango American Airlines"},{"@type":"BreadcrumbList","@id":"https:\/\/nitu.mx\/index.php\/2019\/06\/06\/inicia-la-ruta-durango-dallas-de-american-airlines\/#breadcrumb","itemListElement":[{"@type":"ListItem","position":1,"name":"Inicio","item":"https:\/\/nitu.mx\/"},{"@type":"ListItem","position":2,"name":"Inicia la ruta Durango &#8211; Dallas de American Airlines"}]},{"@type":"WebSite","@id":"https:\/\/nitu.mx\/#website","url":"https:\/\/nitu.mx\/","name":"Nitu - Noticias de la Industria Turistica","description":"Noticias de la Industria Turistica","publisher":{"@id":"https:\/\/nitu.mx\/#\/schema\/person\/ae7a53426417292d3dd07b45a33e01bc"},"alternateName":"Noticias de la Industria Turistica","potentialAction":[{"@type":"SearchAction","target":{"@type":"EntryPoint","urlTemplate":"https:\/\/nitu.mx\/?s={search_term_string}"},"query-input":"required name=search_term_string"}],"inLanguage":"es-MX"},{"@type":["Person","Organization"],"@id":"https:\/\/nitu.mx\/#\/schema\/person\/ae7a53426417292d3dd07b45a33e01bc","name":"Arturo Medina","image":{"@type":"ImageObject","inLanguage":"es-MX","@id":"https:\/\/nitu.mx\/#\/schema\/person\/image\/","url":"https:\/\/nitu.mx\/wp-content\/uploads\/2024\/04\/4A315622-1904-4D5C-B022-878CDC840E04-90x90-1.jpeg","contentUrl":"https:\/\/nitu.mx\/wp-content\/uploads\/2024\/04\/4A315622-1904-4D5C-B022-878CDC840E04-90x90-1.jpeg","width":90,"height":90,"caption":"Arturo Medina"},"logo":{"@id":"https:\/\/nitu.mx\/#\/schema\/person\/image\/"},"description":"Director NITU.mx, Egresado de la Escuela de Periodismo Carlos Septi\u00e9n Garc\u00eda. Periodista y analista especializado en turismo desde hace 35 a\u00f1os, radicado en Canc\u00fan Q.Roo. arturo@nitu.mx","sameAs":["https:\/\/nitu.mx","https:\/\/www.facebook.com\/NITUmx\/","medinacancun","https:\/\/twitter.com\/@Arturo_Medina_G"]},{"@type":"Person","@id":"https:\/\/nitu.mx\/#\/schema\/person\/afc52e313e27e660739556d421d3d6b4","name":"Mari Soto","image":{"@type":"ImageObject","inLanguage":"es-MX","@id":"https:\/\/nitu.mx\/#\/schema\/person\/image\/","url":"https:\/\/secure.gravatar.com\/avatar\/2619c282a180a20d89fcaea82a6736e2?s=96&d=mm&r=g","contentUrl":"https:\/\/secure.gravatar.com\/avatar\/2619c282a180a20d89fcaea82a6736e2?s=96&d=mm&r=g","caption":"Mari Soto"},"sameAs":["https:\/\/nitu.mx"],"url":"https:\/\/nitu.mx\/index.php\/author\/guadalupe\/"}]}},"views":335,"_links":{"self":[{"href":"https:\/\/nitu.mx\/index.php\/wp-json\/wp\/v2\/posts\/32579"}],"collection":[{"href":"https:\/\/nitu.mx\/index.php\/wp-json\/wp\/v2\/posts"}],"about":[{"href":"https:\/\/nitu.mx\/index.php\/wp-json\/wp\/v2\/types\/post"}],"author":[{"embeddable":true,"href":"https:\/\/nitu.mx\/index.php\/wp-json\/wp\/v2\/users\/5"}],"replies":[{"embeddable":true,"href":"https:\/\/nitu.mx\/index.php\/wp-json\/wp\/v2\/comments?post=32579"}],"version-history":[{"count":2,"href":"https:\/\/nitu.mx\/index.php\/wp-json\/wp\/v2\/posts\/32579\/revisions"}],"predecessor-version":[{"id":32583,"href":"https:\/\/nitu.mx\/index.php\/wp-json\/wp\/v2\/posts\/32579\/revisions\/32583"}],"wp:featuredmedia":[{"embeddable":true,"href":"https:\/\/nitu.mx\/index.php\/wp-json\/wp\/v2\/media\/32582"}],"wp:attachment":[{"href":"https:\/\/nitu.mx\/index.php\/wp-json\/wp\/v2\/media?parent=32579"}],"wp:term":[{"taxonomy":"category","embeddable":true,"href":"https:\/\/nitu.mx\/index.php\/wp-json\/wp\/v2\/categories?post=32579"},{"taxonomy":"post_tag","embeddable":true,"href":"https:\/\/nitu.mx\/index.php\/wp-json\/wp\/v2\/tags?post=32579"}],"curies":[{"name":"wp","href":"https:\/\/api.w.org\/{rel}","templated":true}]}}