{"id":32528,"date":"2019-06-05T23:32:11","date_gmt":"2019-06-06T04:32:11","guid":{"rendered":"https:\/\/www.dev.nitu.mx\/?p=32528"},"modified":"2019-06-05T23:55:49","modified_gmt":"2019-06-06T04:55:49","slug":"crecen-llegadas-internacionales-casi-3-por-ciento-en-mayo-en-aeropuerto-de-cancun","status":"publish","type":"post","link":"https:\/\/nitu.mx\/index.php\/2019\/06\/05\/crecen-llegadas-internacionales-casi-3-por-ciento-en-mayo-en-aeropuerto-de-cancun\/","title":{"rendered":"Crecen llegadas internacionales casi 3 por ciento en mayo en Aeropuerto de Canc\u00fan"},"content":{"rendered":"<p>De acuerdo con los n\u00fameros oficiales de ASUR durante el mes de mayo, la llegada de pasajeros internacionales creci\u00f3 cerca del 3% en el Aeropuerto Internacional de Canc\u00fan. Estas cifras mantienen n\u00fameros a la alza durante los primeros cinco meses del a\u00f1o, aunque apenas arriba del 1% en cuanto al transito de pasajeros nacionales, las cifras siguen una significativa alza, alcanzando 8.1% en mayo.<\/p>\n<p>De acuerdo con la cifras, el 2.3 por ciento de pasajeros transportados en Canc\u00fan, indica que se ha rebasado la cifra de 14 millones y medio de pasajeros casi 300 mil m\u00e1s que en el mismo periodo enero-mayo en 2018, en cuanto al aeropuerto con mayor crecimiento, de los operados por ASUR,\u00a0 el de Tapachula registra cifras 21% por encima del a\u00f1o anterior, y el segundo con mayor pasajeros transportados, es M\u00e9rida, que ya rebas\u00f3 el mill\u00f3n de pasajeros y reporta un crecimiento del 13%<\/p>\n<p><img decoding=\"async\" loading=\"lazy\" class=\"aligncenter wp-image-32547 size-full\" src=\"https:\/\/www.dev.nitu.mx\/wp-content\/uploads\/2019\/06\/5E4984FD-7166-45B0-8F6D-51DE73EBBE2E.jpeg\" alt=\"\" width=\"909\" height=\"672\" srcset=\"https:\/\/nitu.mx\/wp-content\/uploads\/2019\/06\/5E4984FD-7166-45B0-8F6D-51DE73EBBE2E.jpeg 909w, https:\/\/nitu.mx\/wp-content\/uploads\/2019\/06\/5E4984FD-7166-45B0-8F6D-51DE73EBBE2E-300x222.jpeg 300w, https:\/\/nitu.mx\/wp-content\/uploads\/2019\/06\/5E4984FD-7166-45B0-8F6D-51DE73EBBE2E-768x568.jpeg 768w\" sizes=\"(max-width: 909px) 100vw, 909px\" \/><img decoding=\"async\" loading=\"lazy\" class=\"aligncenter wp-image-32540 size-large\" src=\"https:\/\/www.dev.nitu.mx\/wp-content\/uploads\/2019\/06\/BE415260-A5EC-42A7-BBFC-2D1BBACC72FB-1024x625.jpeg\" alt=\"\" width=\"1024\" height=\"625\" srcset=\"https:\/\/nitu.mx\/wp-content\/uploads\/2019\/06\/BE415260-A5EC-42A7-BBFC-2D1BBACC72FB-1024x625.jpeg 1024w, https:\/\/nitu.mx\/wp-content\/uploads\/2019\/06\/BE415260-A5EC-42A7-BBFC-2D1BBACC72FB-300x183.jpeg 300w, https:\/\/nitu.mx\/wp-content\/uploads\/2019\/06\/BE415260-A5EC-42A7-BBFC-2D1BBACC72FB-768x469.jpeg 768w, https:\/\/nitu.mx\/wp-content\/uploads\/2019\/06\/BE415260-A5EC-42A7-BBFC-2D1BBACC72FB.jpeg 1029w\" sizes=\"(max-width: 1024px) 100vw, 1024px\" \/><\/p>\n<p>&nbsp;<\/p>\n","protected":false},"excerpt":{"rendered":"<p>De acuerdo con los n\u00fameros oficiales de ASUR durante el mes de mayo, la llegada de pasajeros internacionales creci\u00f3 cerca del 3% en el Aeropuerto Internacional de Canc\u00fan. Estas cifras mantienen n\u00fameros a la alza durante los primeros cinco meses del a\u00f1o, aunque apenas arriba del 1% en cuanto al transito de pasajeros nacionales, las [&hellip;]<\/p>\n","protected":false},"author":17,"featured_media":4985,"comment_status":"open","ping_status":"open","sticky":false,"template":"","format":"standard","meta":{"footnotes":""},"categories":[5],"tags":[268,43,301],"yoast_head":"<!-- This site is optimized with the Yoast SEO plugin v22.2 - https:\/\/yoast.com\/wordpress\/plugins\/seo\/ -->\n<title>Crecen llegadas internacionales casi 3 por ciento en mayo en Aeropuerto de Canc\u00fan - Nitu - Noticias de la Industria Turistica<\/title>\n<meta name=\"description\" content=\"Durante el mes de mayo, la llegada de pasajeros internacionales creci\u00f3 cerca del 3% en el Aeropuerto Internacional de Canc\u00fan.\" \/>\n<meta name=\"robots\" content=\"index, follow, max-snippet:-1, max-image-preview:large, max-video-preview:-1\" \/>\n<link rel=\"canonical\" href=\"https:\/\/nitu.mx\/index.php\/2019\/06\/05\/crecen-llegadas-internacionales-casi-3-por-ciento-en-mayo-en-aeropuerto-de-cancun\/\" \/>\n<meta name=\"twitter:card\" content=\"summary_large_image\" \/>\n<meta name=\"twitter:title\" content=\"Crecen llegadas internacionales casi 3 por ciento en mayo en Aeropuerto de Canc\u00fan - Nitu - Noticias de la Industria Turistica\" \/>\n<meta name=\"twitter:description\" content=\"Durante el mes de mayo, la llegada de pasajeros internacionales creci\u00f3 cerca del 3% en el Aeropuerto Internacional de Canc\u00fan.\" \/>\n<meta name=\"twitter:image\" content=\"https:\/\/nitu.mx\/wp-content\/uploads\/2016\/12\/aeropuerto-internacional-de-canc\u00fan.jpg\" \/>\n<meta name=\"twitter:creator\" content=\"@NITUmx\" \/>\n<meta name=\"twitter:site\" content=\"@Arturo_Medina_G\" \/>\n<meta name=\"twitter:label1\" content=\"Escrito por\" \/>\n\t<meta name=\"twitter:data1\" content=\"Redacci\u00f3n\" \/>\n\t<meta name=\"twitter:label2\" content=\"Tiempo de lectura\" \/>\n\t<meta name=\"twitter:data2\" content=\"1 minuto\" \/>\n<script type=\"application\/ld+json\" class=\"yoast-schema-graph\">{\"@context\":\"https:\/\/schema.org\",\"@graph\":[{\"@type\":\"Article\",\"@id\":\"https:\/\/nitu.mx\/index.php\/2019\/06\/05\/crecen-llegadas-internacionales-casi-3-por-ciento-en-mayo-en-aeropuerto-de-cancun\/#article\",\"isPartOf\":{\"@id\":\"https:\/\/nitu.mx\/index.php\/2019\/06\/05\/crecen-llegadas-internacionales-casi-3-por-ciento-en-mayo-en-aeropuerto-de-cancun\/\"},\"author\":{\"name\":\"Redacci\u00f3n\",\"@id\":\"https:\/\/nitu.mx\/#\/schema\/person\/4a28fe9bd65924f7c90623773daf1b0b\"},\"headline\":\"Crecen llegadas internacionales casi 3 por ciento en mayo en Aeropuerto de Canc\u00fan\",\"datePublished\":\"2019-06-06T04:32:11+00:00\",\"dateModified\":\"2019-06-06T04:55:49+00:00\",\"mainEntityOfPage\":{\"@id\":\"https:\/\/nitu.mx\/index.php\/2019\/06\/05\/crecen-llegadas-internacionales-casi-3-por-ciento-en-mayo-en-aeropuerto-de-cancun\/\"},\"wordCount\":163,\"commentCount\":0,\"publisher\":{\"@id\":\"https:\/\/nitu.mx\/#\/schema\/person\/ae7a53426417292d3dd07b45a33e01bc\"},\"image\":{\"@id\":\"https:\/\/nitu.mx\/index.php\/2019\/06\/05\/crecen-llegadas-internacionales-casi-3-por-ciento-en-mayo-en-aeropuerto-de-cancun\/#primaryimage\"},\"thumbnailUrl\":\"https:\/\/nitu.mx\/wp-content\/uploads\/2016\/12\/aeropuerto-internacional-de-canc\u00fan.jpg\",\"keywords\":[\"Aeropuertos del Sureste (Asur)\",\"Canc\u00fan\",\"M\u00e9rida\"],\"articleSection\":[\"Destinos\"],\"inLanguage\":\"es-MX\",\"potentialAction\":[{\"@type\":\"CommentAction\",\"name\":\"Comment\",\"target\":[\"https:\/\/nitu.mx\/index.php\/2019\/06\/05\/crecen-llegadas-internacionales-casi-3-por-ciento-en-mayo-en-aeropuerto-de-cancun\/#respond\"]}]},{\"@type\":\"WebPage\",\"@id\":\"https:\/\/nitu.mx\/index.php\/2019\/06\/05\/crecen-llegadas-internacionales-casi-3-por-ciento-en-mayo-en-aeropuerto-de-cancun\/\",\"url\":\"https:\/\/nitu.mx\/index.php\/2019\/06\/05\/crecen-llegadas-internacionales-casi-3-por-ciento-en-mayo-en-aeropuerto-de-cancun\/\",\"name\":\"Crecen llegadas internacionales casi 3 por ciento en mayo en Aeropuerto de Canc\u00fan - Nitu - Noticias de la Industria Turistica\",\"isPartOf\":{\"@id\":\"https:\/\/nitu.mx\/#website\"},\"primaryImageOfPage\":{\"@id\":\"https:\/\/nitu.mx\/index.php\/2019\/06\/05\/crecen-llegadas-internacionales-casi-3-por-ciento-en-mayo-en-aeropuerto-de-cancun\/#primaryimage\"},\"image\":{\"@id\":\"https:\/\/nitu.mx\/index.php\/2019\/06\/05\/crecen-llegadas-internacionales-casi-3-por-ciento-en-mayo-en-aeropuerto-de-cancun\/#primaryimage\"},\"thumbnailUrl\":\"https:\/\/nitu.mx\/wp-content\/uploads\/2016\/12\/aeropuerto-internacional-de-canc\u00fan.jpg\",\"datePublished\":\"2019-06-06T04:32:11+00:00\",\"dateModified\":\"2019-06-06T04:55:49+00:00\",\"description\":\"Durante el mes de mayo, la llegada de pasajeros internacionales creci\u00f3 cerca del 3% en el Aeropuerto Internacional de Canc\u00fan.\",\"breadcrumb\":{\"@id\":\"https:\/\/nitu.mx\/index.php\/2019\/06\/05\/crecen-llegadas-internacionales-casi-3-por-ciento-en-mayo-en-aeropuerto-de-cancun\/#breadcrumb\"},\"inLanguage\":\"es-MX\",\"potentialAction\":[{\"@type\":\"ReadAction\",\"target\":[\"https:\/\/nitu.mx\/index.php\/2019\/06\/05\/crecen-llegadas-internacionales-casi-3-por-ciento-en-mayo-en-aeropuerto-de-cancun\/\"]}]},{\"@type\":\"ImageObject\",\"inLanguage\":\"es-MX\",\"@id\":\"https:\/\/nitu.mx\/index.php\/2019\/06\/05\/crecen-llegadas-internacionales-casi-3-por-ciento-en-mayo-en-aeropuerto-de-cancun\/#primaryimage\",\"url\":\"https:\/\/nitu.mx\/wp-content\/uploads\/2016\/12\/aeropuerto-internacional-de-canc\u00fan.jpg\",\"contentUrl\":\"https:\/\/nitu.mx\/wp-content\/uploads\/2016\/12\/aeropuerto-internacional-de-canc\u00fan.jpg\",\"width\":848,\"height\":478,\"caption\":\"Aeropuerto de Canc\u00fan aeropuertos CDMX-Canc\u00fan\"},{\"@type\":\"BreadcrumbList\",\"@id\":\"https:\/\/nitu.mx\/index.php\/2019\/06\/05\/crecen-llegadas-internacionales-casi-3-por-ciento-en-mayo-en-aeropuerto-de-cancun\/#breadcrumb\",\"itemListElement\":[{\"@type\":\"ListItem\",\"position\":1,\"name\":\"Inicio\",\"item\":\"https:\/\/nitu.mx\/\"},{\"@type\":\"ListItem\",\"position\":2,\"name\":\"Crecen llegadas internacionales casi 3 por ciento en mayo en Aeropuerto de Canc\u00fan\"}]},{\"@type\":\"WebSite\",\"@id\":\"https:\/\/nitu.mx\/#website\",\"url\":\"https:\/\/nitu.mx\/\",\"name\":\"Nitu - Noticias de la Industria Turistica\",\"description\":\"Noticias de la Industria Turistica\",\"publisher\":{\"@id\":\"https:\/\/nitu.mx\/#\/schema\/person\/ae7a53426417292d3dd07b45a33e01bc\"},\"alternateName\":\"Noticias de la Industria Turistica\",\"potentialAction\":[{\"@type\":\"SearchAction\",\"target\":{\"@type\":\"EntryPoint\",\"urlTemplate\":\"https:\/\/nitu.mx\/?s={search_term_string}\"},\"query-input\":\"required name=search_term_string\"}],\"inLanguage\":\"es-MX\"},{\"@type\":[\"Person\",\"Organization\"],\"@id\":\"https:\/\/nitu.mx\/#\/schema\/person\/ae7a53426417292d3dd07b45a33e01bc\",\"name\":\"Arturo Medina\",\"image\":{\"@type\":\"ImageObject\",\"inLanguage\":\"es-MX\",\"@id\":\"https:\/\/nitu.mx\/#\/schema\/person\/image\/\",\"url\":\"https:\/\/nitu.mx\/wp-content\/uploads\/2024\/04\/4A315622-1904-4D5C-B022-878CDC840E04-90x90-1.jpeg\",\"contentUrl\":\"https:\/\/nitu.mx\/wp-content\/uploads\/2024\/04\/4A315622-1904-4D5C-B022-878CDC840E04-90x90-1.jpeg\",\"width\":90,\"height\":90,\"caption\":\"Arturo Medina\"},\"logo\":{\"@id\":\"https:\/\/nitu.mx\/#\/schema\/person\/image\/\"},\"description\":\"Director NITU.mx, Egresado de la Escuela de Periodismo Carlos Septi\u00e9n Garc\u00eda. Periodista y analista especializado en turismo desde hace 35 a\u00f1os, radicado en Canc\u00fan Q.Roo. arturo@nitu.mx\",\"sameAs\":[\"https:\/\/nitu.mx\",\"https:\/\/www.facebook.com\/NITUmx\/\",\"medinacancun\",\"https:\/\/twitter.com\/@Arturo_Medina_G\"]},{\"@type\":\"Person\",\"@id\":\"https:\/\/nitu.mx\/#\/schema\/person\/4a28fe9bd65924f7c90623773daf1b0b\",\"name\":\"Redacci\u00f3n\",\"image\":{\"@type\":\"ImageObject\",\"inLanguage\":\"es-MX\",\"@id\":\"https:\/\/nitu.mx\/#\/schema\/person\/image\/\",\"url\":\"https:\/\/secure.gravatar.com\/avatar\/5dd011c8ccfc5cd7e4c81e42252aab38?s=96&d=mm&r=g\",\"contentUrl\":\"https:\/\/secure.gravatar.com\/avatar\/5dd011c8ccfc5cd7e4c81e42252aab38?s=96&d=mm&r=g\",\"caption\":\"Redacci\u00f3n\"},\"url\":\"https:\/\/nitu.mx\/index.php\/author\/redaccion\/\"}]}<\/script>\n<!-- \/ Yoast SEO plugin. -->","yoast_head_json":{"title":"Crecen llegadas internacionales casi 3 por ciento en mayo en Aeropuerto de Canc\u00fan - Nitu - Noticias de la Industria Turistica","description":"Durante el mes de mayo, la llegada de pasajeros internacionales creci\u00f3 cerca del 3% en el Aeropuerto Internacional de Canc\u00fan.","robots":{"index":"index","follow":"follow","max-snippet":"max-snippet:-1","max-image-preview":"max-image-preview:large","max-video-preview":"max-video-preview:-1"},"canonical":"https:\/\/nitu.mx\/index.php\/2019\/06\/05\/crecen-llegadas-internacionales-casi-3-por-ciento-en-mayo-en-aeropuerto-de-cancun\/","twitter_card":"summary_large_image","twitter_title":"Crecen llegadas internacionales casi 3 por ciento en mayo en Aeropuerto de Canc\u00fan - Nitu - Noticias de la Industria Turistica","twitter_description":"Durante el mes de mayo, la llegada de pasajeros internacionales creci\u00f3 cerca del 3% en el Aeropuerto Internacional de Canc\u00fan.","twitter_image":"https:\/\/nitu.mx\/wp-content\/uploads\/2016\/12\/aeropuerto-internacional-de-canc\u00fan.jpg","twitter_creator":"@NITUmx","twitter_site":"@Arturo_Medina_G","twitter_misc":{"Escrito por":"Redacci\u00f3n","Tiempo de lectura":"1 minuto"},"schema":{"@context":"https:\/\/schema.org","@graph":[{"@type":"Article","@id":"https:\/\/nitu.mx\/index.php\/2019\/06\/05\/crecen-llegadas-internacionales-casi-3-por-ciento-en-mayo-en-aeropuerto-de-cancun\/#article","isPartOf":{"@id":"https:\/\/nitu.mx\/index.php\/2019\/06\/05\/crecen-llegadas-internacionales-casi-3-por-ciento-en-mayo-en-aeropuerto-de-cancun\/"},"author":{"name":"Redacci\u00f3n","@id":"https:\/\/nitu.mx\/#\/schema\/person\/4a28fe9bd65924f7c90623773daf1b0b"},"headline":"Crecen llegadas internacionales casi 3 por ciento en mayo en Aeropuerto de Canc\u00fan","datePublished":"2019-06-06T04:32:11+00:00","dateModified":"2019-06-06T04:55:49+00:00","mainEntityOfPage":{"@id":"https:\/\/nitu.mx\/index.php\/2019\/06\/05\/crecen-llegadas-internacionales-casi-3-por-ciento-en-mayo-en-aeropuerto-de-cancun\/"},"wordCount":163,"commentCount":0,"publisher":{"@id":"https:\/\/nitu.mx\/#\/schema\/person\/ae7a53426417292d3dd07b45a33e01bc"},"image":{"@id":"https:\/\/nitu.mx\/index.php\/2019\/06\/05\/crecen-llegadas-internacionales-casi-3-por-ciento-en-mayo-en-aeropuerto-de-cancun\/#primaryimage"},"thumbnailUrl":"https:\/\/nitu.mx\/wp-content\/uploads\/2016\/12\/aeropuerto-internacional-de-canc\u00fan.jpg","keywords":["Aeropuertos del Sureste (Asur)","Canc\u00fan","M\u00e9rida"],"articleSection":["Destinos"],"inLanguage":"es-MX","potentialAction":[{"@type":"CommentAction","name":"Comment","target":["https:\/\/nitu.mx\/index.php\/2019\/06\/05\/crecen-llegadas-internacionales-casi-3-por-ciento-en-mayo-en-aeropuerto-de-cancun\/#respond"]}]},{"@type":"WebPage","@id":"https:\/\/nitu.mx\/index.php\/2019\/06\/05\/crecen-llegadas-internacionales-casi-3-por-ciento-en-mayo-en-aeropuerto-de-cancun\/","url":"https:\/\/nitu.mx\/index.php\/2019\/06\/05\/crecen-llegadas-internacionales-casi-3-por-ciento-en-mayo-en-aeropuerto-de-cancun\/","name":"Crecen llegadas internacionales casi 3 por ciento en mayo en Aeropuerto de Canc\u00fan - Nitu - Noticias de la Industria Turistica","isPartOf":{"@id":"https:\/\/nitu.mx\/#website"},"primaryImageOfPage":{"@id":"https:\/\/nitu.mx\/index.php\/2019\/06\/05\/crecen-llegadas-internacionales-casi-3-por-ciento-en-mayo-en-aeropuerto-de-cancun\/#primaryimage"},"image":{"@id":"https:\/\/nitu.mx\/index.php\/2019\/06\/05\/crecen-llegadas-internacionales-casi-3-por-ciento-en-mayo-en-aeropuerto-de-cancun\/#primaryimage"},"thumbnailUrl":"https:\/\/nitu.mx\/wp-content\/uploads\/2016\/12\/aeropuerto-internacional-de-canc\u00fan.jpg","datePublished":"2019-06-06T04:32:11+00:00","dateModified":"2019-06-06T04:55:49+00:00","description":"Durante el mes de mayo, la llegada de pasajeros internacionales creci\u00f3 cerca del 3% en el Aeropuerto Internacional de Canc\u00fan.","breadcrumb":{"@id":"https:\/\/nitu.mx\/index.php\/2019\/06\/05\/crecen-llegadas-internacionales-casi-3-por-ciento-en-mayo-en-aeropuerto-de-cancun\/#breadcrumb"},"inLanguage":"es-MX","potentialAction":[{"@type":"ReadAction","target":["https:\/\/nitu.mx\/index.php\/2019\/06\/05\/crecen-llegadas-internacionales-casi-3-por-ciento-en-mayo-en-aeropuerto-de-cancun\/"]}]},{"@type":"ImageObject","inLanguage":"es-MX","@id":"https:\/\/nitu.mx\/index.php\/2019\/06\/05\/crecen-llegadas-internacionales-casi-3-por-ciento-en-mayo-en-aeropuerto-de-cancun\/#primaryimage","url":"https:\/\/nitu.mx\/wp-content\/uploads\/2016\/12\/aeropuerto-internacional-de-canc\u00fan.jpg","contentUrl":"https:\/\/nitu.mx\/wp-content\/uploads\/2016\/12\/aeropuerto-internacional-de-canc\u00fan.jpg","width":848,"height":478,"caption":"Aeropuerto de Canc\u00fan aeropuertos CDMX-Canc\u00fan"},{"@type":"BreadcrumbList","@id":"https:\/\/nitu.mx\/index.php\/2019\/06\/05\/crecen-llegadas-internacionales-casi-3-por-ciento-en-mayo-en-aeropuerto-de-cancun\/#breadcrumb","itemListElement":[{"@type":"ListItem","position":1,"name":"Inicio","item":"https:\/\/nitu.mx\/"},{"@type":"ListItem","position":2,"name":"Crecen llegadas internacionales casi 3 por ciento en mayo en Aeropuerto de Canc\u00fan"}]},{"@type":"WebSite","@id":"https:\/\/nitu.mx\/#website","url":"https:\/\/nitu.mx\/","name":"Nitu - Noticias de la Industria Turistica","description":"Noticias de la Industria Turistica","publisher":{"@id":"https:\/\/nitu.mx\/#\/schema\/person\/ae7a53426417292d3dd07b45a33e01bc"},"alternateName":"Noticias de la Industria Turistica","potentialAction":[{"@type":"SearchAction","target":{"@type":"EntryPoint","urlTemplate":"https:\/\/nitu.mx\/?s={search_term_string}"},"query-input":"required name=search_term_string"}],"inLanguage":"es-MX"},{"@type":["Person","Organization"],"@id":"https:\/\/nitu.mx\/#\/schema\/person\/ae7a53426417292d3dd07b45a33e01bc","name":"Arturo Medina","image":{"@type":"ImageObject","inLanguage":"es-MX","@id":"https:\/\/nitu.mx\/#\/schema\/person\/image\/","url":"https:\/\/nitu.mx\/wp-content\/uploads\/2024\/04\/4A315622-1904-4D5C-B022-878CDC840E04-90x90-1.jpeg","contentUrl":"https:\/\/nitu.mx\/wp-content\/uploads\/2024\/04\/4A315622-1904-4D5C-B022-878CDC840E04-90x90-1.jpeg","width":90,"height":90,"caption":"Arturo Medina"},"logo":{"@id":"https:\/\/nitu.mx\/#\/schema\/person\/image\/"},"description":"Director NITU.mx, Egresado de la Escuela de Periodismo Carlos Septi\u00e9n Garc\u00eda. Periodista y analista especializado en turismo desde hace 35 a\u00f1os, radicado en Canc\u00fan Q.Roo. arturo@nitu.mx","sameAs":["https:\/\/nitu.mx","https:\/\/www.facebook.com\/NITUmx\/","medinacancun","https:\/\/twitter.com\/@Arturo_Medina_G"]},{"@type":"Person","@id":"https:\/\/nitu.mx\/#\/schema\/person\/4a28fe9bd65924f7c90623773daf1b0b","name":"Redacci\u00f3n","image":{"@type":"ImageObject","inLanguage":"es-MX","@id":"https:\/\/nitu.mx\/#\/schema\/person\/image\/","url":"https:\/\/secure.gravatar.com\/avatar\/5dd011c8ccfc5cd7e4c81e42252aab38?s=96&d=mm&r=g","contentUrl":"https:\/\/secure.gravatar.com\/avatar\/5dd011c8ccfc5cd7e4c81e42252aab38?s=96&d=mm&r=g","caption":"Redacci\u00f3n"},"url":"https:\/\/nitu.mx\/index.php\/author\/redaccion\/"}]}},"views":249,"_links":{"self":[{"href":"https:\/\/nitu.mx\/index.php\/wp-json\/wp\/v2\/posts\/32528"}],"collection":[{"href":"https:\/\/nitu.mx\/index.php\/wp-json\/wp\/v2\/posts"}],"about":[{"href":"https:\/\/nitu.mx\/index.php\/wp-json\/wp\/v2\/types\/post"}],"author":[{"embeddable":true,"href":"https:\/\/nitu.mx\/index.php\/wp-json\/wp\/v2\/users\/17"}],"replies":[{"embeddable":true,"href":"https:\/\/nitu.mx\/index.php\/wp-json\/wp\/v2\/comments?post=32528"}],"version-history":[{"count":5,"href":"https:\/\/nitu.mx\/index.php\/wp-json\/wp\/v2\/posts\/32528\/revisions"}],"predecessor-version":[{"id":32551,"href":"https:\/\/nitu.mx\/index.php\/wp-json\/wp\/v2\/posts\/32528\/revisions\/32551"}],"wp:featuredmedia":[{"embeddable":true,"href":"https:\/\/nitu.mx\/index.php\/wp-json\/wp\/v2\/media\/4985"}],"wp:attachment":[{"href":"https:\/\/nitu.mx\/index.php\/wp-json\/wp\/v2\/media?parent=32528"}],"wp:term":[{"taxonomy":"category","embeddable":true,"href":"https:\/\/nitu.mx\/index.php\/wp-json\/wp\/v2\/categories?post=32528"},{"taxonomy":"post_tag","embeddable":true,"href":"https:\/\/nitu.mx\/index.php\/wp-json\/wp\/v2\/tags?post=32528"}],"curies":[{"name":"wp","href":"https:\/\/api.w.org\/{rel}","templated":true}]}}