{"id":32524,"date":"2019-06-05T23:19:11","date_gmt":"2019-06-06T04:19:11","guid":{"rendered":"https:\/\/www.dev.nitu.mx\/?p=32524"},"modified":"2019-06-05T23:57:05","modified_gmt":"2019-06-06T04:57:05","slug":"volaris-alcanza-factor-de-ocupacion-del-88-por-ciento","status":"publish","type":"post","link":"https:\/\/nitu.mx\/index.php\/2019\/06\/05\/volaris-alcanza-factor-de-ocupacion-del-88-por-ciento\/","title":{"rendered":"Volaris alcanza factor de ocupaci\u00f3n de 88 por ciento"},"content":{"rendered":"<p style=\"font-weight: 400;\">Volaris, la aerol\u00ednea que dirige Enrique Beltranena, report\u00f3 que durante el mes de mayo obtuvo un incremento de pasajeros del 28%\u00a0 y creci\u00f3 un 88% su factor de ocupaci\u00f3n.<\/p>\n<p style=\"font-weight: 400;\">El directivo explic\u00f3 que la capacidad\u00a0medida en t\u00e9rminos de asientos por milla disponibles (ASMs por sus siglas en ingl\u00e9s), aument\u00f3 en un 22.9% comparado con el mismo periodo del a\u00f1o anterior, mientras que la demanda\u00a0medida en pasajeros reservados por milla (RPMs por sus siglas en ingl\u00e9s), mostr\u00f3 un fuerte aumento del 26.1%.<\/p>\n<p style=\"font-weight: 400;\">Se\u00f1al\u00f3 que Volaris transport\u00f3 un total de 1.9 millones de pasajeros (28.3% de aumento comparado contra el mismo per\u00edodo del a\u00f1o anterior), con un aumento en el factor de ocupaci\u00f3n de<strong>\u00a0<\/strong>2.2 pp a 88.0%. (<a title=\"Volaris reporta un crecimiento en n\u00famero de pasajeros de 25%\" href=\"https:\/\/www.dev.nitu.mx\/index.php\/2019\/05\/06\/volaris-reporta-un-crecimiento-en-numero-de-pasajeros-del-25\/\" rel=\"bookmark\">Volaris reporta un crecimiento en n\u00famero de pasajeros de 25%<\/a>).<\/p>\n<p style=\"font-weight: 400;\">En relaci\u00f3n a los resultados de este segundo trimestre y los pron\u00f3sticos, Beltranena, se\u00f1al\u00f3 que el crecimiento significativo de la capacidad durante el mes de mayo y el crecimiento esperado para el segundo trimestre, se atribuye a la temporada alta durante el mes de abril (semana santa), el lanzamiento de 17 nuevas rutas y una base comparativa relativamente baja durante el segundo trimestre del a\u00f1o pasado. Respecto a la flota, destac\u00f3 que estar\u00e1n finalizando este trimestre con el mismo n\u00famero de aeronaves que el trimestre anterior, &#8220;78 aeronaves\u201d.<\/p>\n","protected":false},"excerpt":{"rendered":"<p>Volaris, la aerol\u00ednea que dirige Enrique Beltranena, report\u00f3 que durante el mes de mayo obtuvo un incremento de pasajeros del 28%\u00a0 y creci\u00f3 un 88% su factor de ocupaci\u00f3n. El directivo explic\u00f3 que la capacidad\u00a0medida en t\u00e9rminos de asientos por milla disponibles (ASMs por sus siglas en ingl\u00e9s), aument\u00f3 en un 22.9% comparado con el [&hellip;]<\/p>\n","protected":false},"author":17,"featured_media":27038,"comment_status":"open","ping_status":"open","sticky":false,"template":"","format":"standard","meta":{"footnotes":""},"categories":[29],"tags":[435,131],"yoast_head":"<!-- This site is optimized with the Yoast SEO plugin v22.2 - https:\/\/yoast.com\/wordpress\/plugins\/seo\/ -->\n<title>Volaris alcanza factor de ocupaci\u00f3n de 88 por ciento - Nitu - Noticias de la Industria Turistica<\/title>\n<meta name=\"description\" content=\"Volaris report\u00f3 que durante el mes de mayo obtuvo un incremento de pasajeros del 28%\u00a0 y creci\u00f3 un 88% su factor de ocupaci\u00f3n.\" \/>\n<meta name=\"robots\" content=\"index, follow, max-snippet:-1, max-image-preview:large, max-video-preview:-1\" \/>\n<link rel=\"canonical\" href=\"https:\/\/nitu.mx\/index.php\/2019\/06\/05\/volaris-alcanza-factor-de-ocupacion-del-88-por-ciento\/\" \/>\n<meta name=\"twitter:card\" content=\"summary_large_image\" \/>\n<meta name=\"twitter:title\" content=\"Volaris alcanza factor de ocupaci\u00f3n de 88 por ciento - Nitu - Noticias de la Industria Turistica\" \/>\n<meta name=\"twitter:description\" content=\"Volaris report\u00f3 que durante el mes de mayo obtuvo un incremento de pasajeros del 28%\u00a0 y creci\u00f3 un 88% su factor de ocupaci\u00f3n.\" \/>\n<meta name=\"twitter:image\" content=\"https:\/\/nitu.mx\/wp-content\/uploads\/2018\/11\/Avi\u00f3n-A320neo-Volaris.jpg\" \/>\n<meta name=\"twitter:creator\" content=\"@NITUmx\" \/>\n<meta name=\"twitter:site\" content=\"@Arturo_Medina_G\" \/>\n<meta name=\"twitter:label1\" content=\"Escrito por\" \/>\n\t<meta name=\"twitter:data1\" content=\"Redacci\u00f3n\" \/>\n\t<meta name=\"twitter:label2\" content=\"Tiempo de lectura\" \/>\n\t<meta name=\"twitter:data2\" content=\"1 minuto\" \/>\n<script type=\"application\/ld+json\" class=\"yoast-schema-graph\">{\"@context\":\"https:\/\/schema.org\",\"@graph\":[{\"@type\":\"Article\",\"@id\":\"https:\/\/nitu.mx\/index.php\/2019\/06\/05\/volaris-alcanza-factor-de-ocupacion-del-88-por-ciento\/#article\",\"isPartOf\":{\"@id\":\"https:\/\/nitu.mx\/index.php\/2019\/06\/05\/volaris-alcanza-factor-de-ocupacion-del-88-por-ciento\/\"},\"author\":{\"name\":\"Redacci\u00f3n\",\"@id\":\"https:\/\/nitu.mx\/#\/schema\/person\/4a28fe9bd65924f7c90623773daf1b0b\"},\"headline\":\"Volaris alcanza factor de ocupaci\u00f3n de 88 por ciento\",\"datePublished\":\"2019-06-06T04:19:11+00:00\",\"dateModified\":\"2019-06-06T04:57:05+00:00\",\"mainEntityOfPage\":{\"@id\":\"https:\/\/nitu.mx\/index.php\/2019\/06\/05\/volaris-alcanza-factor-de-ocupacion-del-88-por-ciento\/\"},\"wordCount\":231,\"commentCount\":0,\"publisher\":{\"@id\":\"https:\/\/nitu.mx\/#\/schema\/person\/ae7a53426417292d3dd07b45a33e01bc\"},\"image\":{\"@id\":\"https:\/\/nitu.mx\/index.php\/2019\/06\/05\/volaris-alcanza-factor-de-ocupacion-del-88-por-ciento\/#primaryimage\"},\"thumbnailUrl\":\"https:\/\/nitu.mx\/wp-content\/uploads\/2018\/11\/Avi\u00f3n-A320neo-Volaris.jpg\",\"keywords\":[\"Enrique Beltranena\",\"Volaris\"],\"articleSection\":[\"Aerol\u00edneas\"],\"inLanguage\":\"es-MX\",\"potentialAction\":[{\"@type\":\"CommentAction\",\"name\":\"Comment\",\"target\":[\"https:\/\/nitu.mx\/index.php\/2019\/06\/05\/volaris-alcanza-factor-de-ocupacion-del-88-por-ciento\/#respond\"]}]},{\"@type\":\"WebPage\",\"@id\":\"https:\/\/nitu.mx\/index.php\/2019\/06\/05\/volaris-alcanza-factor-de-ocupacion-del-88-por-ciento\/\",\"url\":\"https:\/\/nitu.mx\/index.php\/2019\/06\/05\/volaris-alcanza-factor-de-ocupacion-del-88-por-ciento\/\",\"name\":\"Volaris alcanza factor de ocupaci\u00f3n de 88 por ciento - Nitu - Noticias de la Industria Turistica\",\"isPartOf\":{\"@id\":\"https:\/\/nitu.mx\/#website\"},\"primaryImageOfPage\":{\"@id\":\"https:\/\/nitu.mx\/index.php\/2019\/06\/05\/volaris-alcanza-factor-de-ocupacion-del-88-por-ciento\/#primaryimage\"},\"image\":{\"@id\":\"https:\/\/nitu.mx\/index.php\/2019\/06\/05\/volaris-alcanza-factor-de-ocupacion-del-88-por-ciento\/#primaryimage\"},\"thumbnailUrl\":\"https:\/\/nitu.mx\/wp-content\/uploads\/2018\/11\/Avi\u00f3n-A320neo-Volaris.jpg\",\"datePublished\":\"2019-06-06T04:19:11+00:00\",\"dateModified\":\"2019-06-06T04:57:05+00:00\",\"description\":\"Volaris report\u00f3 que durante el mes de mayo obtuvo un incremento de pasajeros del 28%\u00a0 y creci\u00f3 un 88% su factor de ocupaci\u00f3n.\",\"breadcrumb\":{\"@id\":\"https:\/\/nitu.mx\/index.php\/2019\/06\/05\/volaris-alcanza-factor-de-ocupacion-del-88-por-ciento\/#breadcrumb\"},\"inLanguage\":\"es-MX\",\"potentialAction\":[{\"@type\":\"ReadAction\",\"target\":[\"https:\/\/nitu.mx\/index.php\/2019\/06\/05\/volaris-alcanza-factor-de-ocupacion-del-88-por-ciento\/\"]}]},{\"@type\":\"ImageObject\",\"inLanguage\":\"es-MX\",\"@id\":\"https:\/\/nitu.mx\/index.php\/2019\/06\/05\/volaris-alcanza-factor-de-ocupacion-del-88-por-ciento\/#primaryimage\",\"url\":\"https:\/\/nitu.mx\/wp-content\/uploads\/2018\/11\/Avi\u00f3n-A320neo-Volaris.jpg\",\"contentUrl\":\"https:\/\/nitu.mx\/wp-content\/uploads\/2018\/11\/Avi\u00f3n-A320neo-Volaris.jpg\",\"width\":850,\"height\":480,\"caption\":\"Volaris BMV v.business Baja California Sur\"},{\"@type\":\"BreadcrumbList\",\"@id\":\"https:\/\/nitu.mx\/index.php\/2019\/06\/05\/volaris-alcanza-factor-de-ocupacion-del-88-por-ciento\/#breadcrumb\",\"itemListElement\":[{\"@type\":\"ListItem\",\"position\":1,\"name\":\"Inicio\",\"item\":\"https:\/\/nitu.mx\/\"},{\"@type\":\"ListItem\",\"position\":2,\"name\":\"Volaris alcanza factor de ocupaci\u00f3n de 88 por ciento\"}]},{\"@type\":\"WebSite\",\"@id\":\"https:\/\/nitu.mx\/#website\",\"url\":\"https:\/\/nitu.mx\/\",\"name\":\"Nitu - Noticias de la Industria Turistica\",\"description\":\"Noticias de la Industria Turistica\",\"publisher\":{\"@id\":\"https:\/\/nitu.mx\/#\/schema\/person\/ae7a53426417292d3dd07b45a33e01bc\"},\"alternateName\":\"Noticias de la Industria Turistica\",\"potentialAction\":[{\"@type\":\"SearchAction\",\"target\":{\"@type\":\"EntryPoint\",\"urlTemplate\":\"https:\/\/nitu.mx\/?s={search_term_string}\"},\"query-input\":\"required name=search_term_string\"}],\"inLanguage\":\"es-MX\"},{\"@type\":[\"Person\",\"Organization\"],\"@id\":\"https:\/\/nitu.mx\/#\/schema\/person\/ae7a53426417292d3dd07b45a33e01bc\",\"name\":\"Arturo Medina\",\"image\":{\"@type\":\"ImageObject\",\"inLanguage\":\"es-MX\",\"@id\":\"https:\/\/nitu.mx\/#\/schema\/person\/image\/\",\"url\":\"https:\/\/nitu.mx\/wp-content\/uploads\/2024\/04\/4A315622-1904-4D5C-B022-878CDC840E04-90x90-1.jpeg\",\"contentUrl\":\"https:\/\/nitu.mx\/wp-content\/uploads\/2024\/04\/4A315622-1904-4D5C-B022-878CDC840E04-90x90-1.jpeg\",\"width\":90,\"height\":90,\"caption\":\"Arturo Medina\"},\"logo\":{\"@id\":\"https:\/\/nitu.mx\/#\/schema\/person\/image\/\"},\"description\":\"Director NITU.mx, Egresado de la Escuela de Periodismo Carlos Septi\u00e9n Garc\u00eda. Periodista y analista especializado en turismo desde hace 35 a\u00f1os, radicado en Canc\u00fan Q.Roo. arturo@nitu.mx\",\"sameAs\":[\"https:\/\/nitu.mx\",\"https:\/\/www.facebook.com\/NITUmx\/\",\"medinacancun\",\"https:\/\/twitter.com\/@Arturo_Medina_G\"]},{\"@type\":\"Person\",\"@id\":\"https:\/\/nitu.mx\/#\/schema\/person\/4a28fe9bd65924f7c90623773daf1b0b\",\"name\":\"Redacci\u00f3n\",\"image\":{\"@type\":\"ImageObject\",\"inLanguage\":\"es-MX\",\"@id\":\"https:\/\/nitu.mx\/#\/schema\/person\/image\/\",\"url\":\"https:\/\/secure.gravatar.com\/avatar\/5dd011c8ccfc5cd7e4c81e42252aab38?s=96&d=mm&r=g\",\"contentUrl\":\"https:\/\/secure.gravatar.com\/avatar\/5dd011c8ccfc5cd7e4c81e42252aab38?s=96&d=mm&r=g\",\"caption\":\"Redacci\u00f3n\"},\"url\":\"https:\/\/nitu.mx\/index.php\/author\/redaccion\/\"}]}<\/script>\n<!-- \/ Yoast SEO plugin. -->","yoast_head_json":{"title":"Volaris alcanza factor de ocupaci\u00f3n de 88 por ciento - Nitu - Noticias de la Industria Turistica","description":"Volaris report\u00f3 que durante el mes de mayo obtuvo un incremento de pasajeros del 28%\u00a0 y creci\u00f3 un 88% su factor de ocupaci\u00f3n.","robots":{"index":"index","follow":"follow","max-snippet":"max-snippet:-1","max-image-preview":"max-image-preview:large","max-video-preview":"max-video-preview:-1"},"canonical":"https:\/\/nitu.mx\/index.php\/2019\/06\/05\/volaris-alcanza-factor-de-ocupacion-del-88-por-ciento\/","twitter_card":"summary_large_image","twitter_title":"Volaris alcanza factor de ocupaci\u00f3n de 88 por ciento - Nitu - Noticias de la Industria Turistica","twitter_description":"Volaris report\u00f3 que durante el mes de mayo obtuvo un incremento de pasajeros del 28%\u00a0 y creci\u00f3 un 88% su factor de ocupaci\u00f3n.","twitter_image":"https:\/\/nitu.mx\/wp-content\/uploads\/2018\/11\/Avi\u00f3n-A320neo-Volaris.jpg","twitter_creator":"@NITUmx","twitter_site":"@Arturo_Medina_G","twitter_misc":{"Escrito por":"Redacci\u00f3n","Tiempo de lectura":"1 minuto"},"schema":{"@context":"https:\/\/schema.org","@graph":[{"@type":"Article","@id":"https:\/\/nitu.mx\/index.php\/2019\/06\/05\/volaris-alcanza-factor-de-ocupacion-del-88-por-ciento\/#article","isPartOf":{"@id":"https:\/\/nitu.mx\/index.php\/2019\/06\/05\/volaris-alcanza-factor-de-ocupacion-del-88-por-ciento\/"},"author":{"name":"Redacci\u00f3n","@id":"https:\/\/nitu.mx\/#\/schema\/person\/4a28fe9bd65924f7c90623773daf1b0b"},"headline":"Volaris alcanza factor de ocupaci\u00f3n de 88 por ciento","datePublished":"2019-06-06T04:19:11+00:00","dateModified":"2019-06-06T04:57:05+00:00","mainEntityOfPage":{"@id":"https:\/\/nitu.mx\/index.php\/2019\/06\/05\/volaris-alcanza-factor-de-ocupacion-del-88-por-ciento\/"},"wordCount":231,"commentCount":0,"publisher":{"@id":"https:\/\/nitu.mx\/#\/schema\/person\/ae7a53426417292d3dd07b45a33e01bc"},"image":{"@id":"https:\/\/nitu.mx\/index.php\/2019\/06\/05\/volaris-alcanza-factor-de-ocupacion-del-88-por-ciento\/#primaryimage"},"thumbnailUrl":"https:\/\/nitu.mx\/wp-content\/uploads\/2018\/11\/Avi\u00f3n-A320neo-Volaris.jpg","keywords":["Enrique Beltranena","Volaris"],"articleSection":["Aerol\u00edneas"],"inLanguage":"es-MX","potentialAction":[{"@type":"CommentAction","name":"Comment","target":["https:\/\/nitu.mx\/index.php\/2019\/06\/05\/volaris-alcanza-factor-de-ocupacion-del-88-por-ciento\/#respond"]}]},{"@type":"WebPage","@id":"https:\/\/nitu.mx\/index.php\/2019\/06\/05\/volaris-alcanza-factor-de-ocupacion-del-88-por-ciento\/","url":"https:\/\/nitu.mx\/index.php\/2019\/06\/05\/volaris-alcanza-factor-de-ocupacion-del-88-por-ciento\/","name":"Volaris alcanza factor de ocupaci\u00f3n de 88 por ciento - Nitu - Noticias de la Industria Turistica","isPartOf":{"@id":"https:\/\/nitu.mx\/#website"},"primaryImageOfPage":{"@id":"https:\/\/nitu.mx\/index.php\/2019\/06\/05\/volaris-alcanza-factor-de-ocupacion-del-88-por-ciento\/#primaryimage"},"image":{"@id":"https:\/\/nitu.mx\/index.php\/2019\/06\/05\/volaris-alcanza-factor-de-ocupacion-del-88-por-ciento\/#primaryimage"},"thumbnailUrl":"https:\/\/nitu.mx\/wp-content\/uploads\/2018\/11\/Avi\u00f3n-A320neo-Volaris.jpg","datePublished":"2019-06-06T04:19:11+00:00","dateModified":"2019-06-06T04:57:05+00:00","description":"Volaris report\u00f3 que durante el mes de mayo obtuvo un incremento de pasajeros del 28%\u00a0 y creci\u00f3 un 88% su factor de ocupaci\u00f3n.","breadcrumb":{"@id":"https:\/\/nitu.mx\/index.php\/2019\/06\/05\/volaris-alcanza-factor-de-ocupacion-del-88-por-ciento\/#breadcrumb"},"inLanguage":"es-MX","potentialAction":[{"@type":"ReadAction","target":["https:\/\/nitu.mx\/index.php\/2019\/06\/05\/volaris-alcanza-factor-de-ocupacion-del-88-por-ciento\/"]}]},{"@type":"ImageObject","inLanguage":"es-MX","@id":"https:\/\/nitu.mx\/index.php\/2019\/06\/05\/volaris-alcanza-factor-de-ocupacion-del-88-por-ciento\/#primaryimage","url":"https:\/\/nitu.mx\/wp-content\/uploads\/2018\/11\/Avi\u00f3n-A320neo-Volaris.jpg","contentUrl":"https:\/\/nitu.mx\/wp-content\/uploads\/2018\/11\/Avi\u00f3n-A320neo-Volaris.jpg","width":850,"height":480,"caption":"Volaris BMV v.business Baja California Sur"},{"@type":"BreadcrumbList","@id":"https:\/\/nitu.mx\/index.php\/2019\/06\/05\/volaris-alcanza-factor-de-ocupacion-del-88-por-ciento\/#breadcrumb","itemListElement":[{"@type":"ListItem","position":1,"name":"Inicio","item":"https:\/\/nitu.mx\/"},{"@type":"ListItem","position":2,"name":"Volaris alcanza factor de ocupaci\u00f3n de 88 por ciento"}]},{"@type":"WebSite","@id":"https:\/\/nitu.mx\/#website","url":"https:\/\/nitu.mx\/","name":"Nitu - Noticias de la Industria Turistica","description":"Noticias de la Industria Turistica","publisher":{"@id":"https:\/\/nitu.mx\/#\/schema\/person\/ae7a53426417292d3dd07b45a33e01bc"},"alternateName":"Noticias de la Industria Turistica","potentialAction":[{"@type":"SearchAction","target":{"@type":"EntryPoint","urlTemplate":"https:\/\/nitu.mx\/?s={search_term_string}"},"query-input":"required name=search_term_string"}],"inLanguage":"es-MX"},{"@type":["Person","Organization"],"@id":"https:\/\/nitu.mx\/#\/schema\/person\/ae7a53426417292d3dd07b45a33e01bc","name":"Arturo Medina","image":{"@type":"ImageObject","inLanguage":"es-MX","@id":"https:\/\/nitu.mx\/#\/schema\/person\/image\/","url":"https:\/\/nitu.mx\/wp-content\/uploads\/2024\/04\/4A315622-1904-4D5C-B022-878CDC840E04-90x90-1.jpeg","contentUrl":"https:\/\/nitu.mx\/wp-content\/uploads\/2024\/04\/4A315622-1904-4D5C-B022-878CDC840E04-90x90-1.jpeg","width":90,"height":90,"caption":"Arturo Medina"},"logo":{"@id":"https:\/\/nitu.mx\/#\/schema\/person\/image\/"},"description":"Director NITU.mx, Egresado de la Escuela de Periodismo Carlos Septi\u00e9n Garc\u00eda. Periodista y analista especializado en turismo desde hace 35 a\u00f1os, radicado en Canc\u00fan Q.Roo. arturo@nitu.mx","sameAs":["https:\/\/nitu.mx","https:\/\/www.facebook.com\/NITUmx\/","medinacancun","https:\/\/twitter.com\/@Arturo_Medina_G"]},{"@type":"Person","@id":"https:\/\/nitu.mx\/#\/schema\/person\/4a28fe9bd65924f7c90623773daf1b0b","name":"Redacci\u00f3n","image":{"@type":"ImageObject","inLanguage":"es-MX","@id":"https:\/\/nitu.mx\/#\/schema\/person\/image\/","url":"https:\/\/secure.gravatar.com\/avatar\/5dd011c8ccfc5cd7e4c81e42252aab38?s=96&d=mm&r=g","contentUrl":"https:\/\/secure.gravatar.com\/avatar\/5dd011c8ccfc5cd7e4c81e42252aab38?s=96&d=mm&r=g","caption":"Redacci\u00f3n"},"url":"https:\/\/nitu.mx\/index.php\/author\/redaccion\/"}]}},"views":235,"_links":{"self":[{"href":"https:\/\/nitu.mx\/index.php\/wp-json\/wp\/v2\/posts\/32524"}],"collection":[{"href":"https:\/\/nitu.mx\/index.php\/wp-json\/wp\/v2\/posts"}],"about":[{"href":"https:\/\/nitu.mx\/index.php\/wp-json\/wp\/v2\/types\/post"}],"author":[{"embeddable":true,"href":"https:\/\/nitu.mx\/index.php\/wp-json\/wp\/v2\/users\/17"}],"replies":[{"embeddable":true,"href":"https:\/\/nitu.mx\/index.php\/wp-json\/wp\/v2\/comments?post=32524"}],"version-history":[{"count":4,"href":"https:\/\/nitu.mx\/index.php\/wp-json\/wp\/v2\/posts\/32524\/revisions"}],"predecessor-version":[{"id":32557,"href":"https:\/\/nitu.mx\/index.php\/wp-json\/wp\/v2\/posts\/32524\/revisions\/32557"}],"wp:featuredmedia":[{"embeddable":true,"href":"https:\/\/nitu.mx\/index.php\/wp-json\/wp\/v2\/media\/27038"}],"wp:attachment":[{"href":"https:\/\/nitu.mx\/index.php\/wp-json\/wp\/v2\/media?parent=32524"}],"wp:term":[{"taxonomy":"category","embeddable":true,"href":"https:\/\/nitu.mx\/index.php\/wp-json\/wp\/v2\/categories?post=32524"},{"taxonomy":"post_tag","embeddable":true,"href":"https:\/\/nitu.mx\/index.php\/wp-json\/wp\/v2\/tags?post=32524"}],"curies":[{"name":"wp","href":"https:\/\/api.w.org\/{rel}","templated":true}]}}