{"id":32499,"date":"2019-06-05T00:00:05","date_gmt":"2019-06-05T05:00:05","guid":{"rendered":"https:\/\/www.dev.nitu.mx\/?p=32499"},"modified":"2019-06-05T00:14:47","modified_gmt":"2019-06-05T05:14:47","slug":"amresorts-expande-su-marca-dreams-en-republica-dominicana","status":"publish","type":"post","link":"https:\/\/nitu.mx\/index.php\/2019\/06\/05\/amresorts-expande-su-marca-dreams-en-republica-dominicana\/","title":{"rendered":"AMResorts expande su marca Dreams en Rep\u00fablica Dominicana"},"content":{"rendered":"<p>AMResorts, la gestora de marcas hoteleras del grupo estadounidense Apple Leisure Group (ALG), que preside Alejandro Zozaya Gorostiza, anunci\u00f3 un nuevo acuerdo de gestio\u0301n de su marca Dreams Resorts &amp; Spas a la playa de El Macao, en Repu\u0301blica Dominicana con el que ser\u00e1 el Dreams Macao Beach Punta Cana, cuya apertura esta\u0301 prevista para el segundo trimestre de 2020.<\/p>\n<p>Javier Coll, EVP &amp; CSO de Apple Leisure Group, anunci\u00f3 la incorporaci\u00f3n de Dreams Macao Beach a la AMResorts colecci\u00f3n programado para abrir en el segundo trimestre de 2020, la propiedad de la marca Dreams es una impresionante nueva construcci\u00f3n que ofrecer\u00e1 lujosas villas, tres piscinas, una jaula de bateo, sala de juegos y todas las comodidades del concepto de lujo ilimitado.<\/p>\n<p>Este predio se convertira\u0301 en el unde\u0301cimo establecimiento de marca AMResorts en la isla, mientras que la playa de El Macao se convertira\u0301 en el quinto destino dentro de Repu\u0301blica Dominicana de la gestora. El establecimiento es propiedad de Grupo Santa Mar\u00eda S.A, compan\u0303i\u0301a posicionada en el desarrollo de parques acua\u0301ticos, hoteles y centros de ocio en el Caribe y Europa.<\/p>\n<p>El Dreams Macao Beach Punta Cana dispondra\u0301 de 500 habitaciones y suites con vistas al oce\u0301ano Atla\u0301ntico, refiere un video que la empresa subi\u00f3 a redes sociales.<\/p>\n<p>\u201cNuestra alianza con Grupo Santa Mar\u00eda contribuira\u0301 a la expansio\u0301n de AMResorts en Repu\u0301blica Dominicana gracias a la incorporacio\u0301n de un destino altamente demandado como El Macao a nuestro portfolio\u201d, aseguro\u0301 el ejecutivo.<\/p>\n<p>\u201cLa demanda de hoteles todo incluido sigue siendo alta en el Caribe, y nuestro grupo tiene la capacidad de ofrecer a los propietarios una ventaja inigualable gracias a nuestras poderosas redes de distribucio\u0301n y a nuestros servicios de gestio\u0301n de marca\u201d. (<a title=\"AMResorts cuarta posici\u00f3n del top 10 S\u00faper Empresas 2019\" href=\"https:\/\/www.dev.nitu.mx\/index.php\/2019\/05\/12\/amresorts-cuarta-posicion-del-top-10-super-empresas-2019\/\" rel=\"bookmark\">AMResorts cuarta posici\u00f3n del top 10 S\u00faper Empresas 2019<\/a>).<\/p>\n<p>El hotel, en primera li\u0301nea de mar, es el u\u0301nico ubicado en la playa de El Macao, catalogada como una de mejores del Caribe por la Unesco y cerca de Punta Cana y de las regiones de Ba\u0301varo y Uvero Alto. Una vez finalizado, el Dreams Macao Beach Punta Cana dispondra\u0301 de 500 habitaciones y suites con vistas al oce\u0301ano Atla\u0301ntico. Adema\u0301s, los hue\u0301spedes que busquen una experiencia u\u0301nica podra\u0301n alojarse en el a\u0301rea exclusiva de villas familiares, que cuenta con piscinas privadas o zonas de juego propias.<\/p>\n<p>Quienes se alojen en el establecimiento disfrutara\u0301n adema\u0301s del concepto vacacional Unlimited-Luxury de Dreams Resorts &amp; Spa, que incluye el acceso sin reserva a seis restaurantes, con la posibilidad de escoger entre un buffet de lujo; un restaurante france\u0301s con una bodega cuidadosamente seleccionada; y un Coco Cafe\u0301 que incorpora una heladeri\u0301a. Los clientes tambie\u0301n podra\u0301n disfrutar de siete bares diferentes, incluyendo uno dentro de la piscina y otro con tema\u0301tica deportiva.<\/p>\n<p>Este resort contara\u0301 tambie\u0301n con tres piscinas, dos de ellas de horizonte infinito, con vistas a la playa de El Macao y las montan\u0303as de Punta Cana, un parque acua\u0301tico, un Teen\u2019s Club para adolescentes, un Explorer\u2019s Club para nin\u0303os, una sala de juegos o una jaula de bateo para practicar baseball o softball, entre otras instalaciones.<\/p>\n","protected":false},"excerpt":{"rendered":"<p>AMResorts, la gestora de marcas hoteleras del grupo estadounidense Apple Leisure Group (ALG), que preside Alejandro Zozaya Gorostiza, anunci\u00f3 un nuevo acuerdo de gestio\u0301n de su marca Dreams Resorts &amp; Spas a la playa de El Macao, en Repu\u0301blica Dominicana con el que ser\u00e1 el Dreams Macao Beach Punta Cana, cuya apertura esta\u0301 prevista para [&hellip;]<\/p>\n","protected":false},"author":3,"featured_media":21170,"comment_status":"open","ping_status":"open","sticky":false,"template":"","format":"standard","meta":{"footnotes":""},"categories":[5,2],"tags":[1192,1206,16002,16003,1354,16001,1382],"yoast_head":"<!-- This site is optimized with the Yoast SEO plugin v22.2 - https:\/\/yoast.com\/wordpress\/plugins\/seo\/ -->\n<title>AMResorts expande su marca Dreams en Rep\u00fablica Dominicana - Nitu - Noticias de la Industria Turistica<\/title>\n<meta name=\"description\" content=\"AMResorts anunci\u00f3 un nuevo acuerdo de gestio\u0301n de su marca Dreams Resorts &amp; Spas en la playa de El Macao, en Repu\u0301blica Dominicana en Rep\u00fablica Dominicana.\" \/>\n<meta name=\"robots\" content=\"index, follow, max-snippet:-1, max-image-preview:large, max-video-preview:-1\" \/>\n<link rel=\"canonical\" href=\"https:\/\/nitu.mx\/index.php\/2019\/06\/05\/amresorts-expande-su-marca-dreams-en-republica-dominicana\/\" \/>\n<meta name=\"twitter:card\" content=\"summary_large_image\" \/>\n<meta name=\"twitter:title\" content=\"AMResorts expande su marca Dreams en Rep\u00fablica Dominicana - Nitu - Noticias de la Industria Turistica\" \/>\n<meta name=\"twitter:description\" content=\"AMResorts anunci\u00f3 un nuevo acuerdo de gestio\u0301n de su marca Dreams Resorts &amp; Spas en la playa de El Macao, en Repu\u0301blica Dominicana en Rep\u00fablica Dominicana.\" \/>\n<meta name=\"twitter:image\" content=\"https:\/\/nitu.mx\/wp-content\/uploads\/2018\/06\/Amresorts.jpg\" \/>\n<meta name=\"twitter:creator\" content=\"@NITUmx\" \/>\n<meta name=\"twitter:site\" content=\"@Arturo_Medina_G\" \/>\n<meta name=\"twitter:label1\" content=\"Escrito por\" \/>\n\t<meta name=\"twitter:data1\" content=\"Alejandra Moncisbays\" \/>\n\t<meta name=\"twitter:label2\" content=\"Tiempo de lectura\" \/>\n\t<meta name=\"twitter:data2\" content=\"3 minutos\" \/>\n<script type=\"application\/ld+json\" class=\"yoast-schema-graph\">{\"@context\":\"https:\/\/schema.org\",\"@graph\":[{\"@type\":\"Article\",\"@id\":\"https:\/\/nitu.mx\/index.php\/2019\/06\/05\/amresorts-expande-su-marca-dreams-en-republica-dominicana\/#article\",\"isPartOf\":{\"@id\":\"https:\/\/nitu.mx\/index.php\/2019\/06\/05\/amresorts-expande-su-marca-dreams-en-republica-dominicana\/\"},\"author\":{\"name\":\"Alejandra Moncisbays\",\"@id\":\"https:\/\/nitu.mx\/#\/schema\/person\/2ecd887b19dfd3382d1f14fc5acf24a8\"},\"headline\":\"AMResorts expande su marca Dreams en Rep\u00fablica Dominicana\",\"datePublished\":\"2019-06-05T05:00:05+00:00\",\"dateModified\":\"2019-06-05T05:14:47+00:00\",\"mainEntityOfPage\":{\"@id\":\"https:\/\/nitu.mx\/index.php\/2019\/06\/05\/amresorts-expande-su-marca-dreams-en-republica-dominicana\/\"},\"wordCount\":558,\"commentCount\":0,\"publisher\":{\"@id\":\"https:\/\/nitu.mx\/#\/schema\/person\/ae7a53426417292d3dd07b45a33e01bc\"},\"image\":{\"@id\":\"https:\/\/nitu.mx\/index.php\/2019\/06\/05\/amresorts-expande-su-marca-dreams-en-republica-dominicana\/#primaryimage\"},\"thumbnailUrl\":\"https:\/\/nitu.mx\/wp-content\/uploads\/2018\/06\/Amresorts.jpg\",\"keywords\":[\"AMResorts\",\"Apple Leisure Group\",\"El Macao\",\"EVP &amp; CSO\",\"Javier Coll\",\"Macao Beach Punta Cana\",\"Rep\u00fablica Dominicana\"],\"articleSection\":[\"Destinos\",\"Hoteles\"],\"inLanguage\":\"es-MX\",\"potentialAction\":[{\"@type\":\"CommentAction\",\"name\":\"Comment\",\"target\":[\"https:\/\/nitu.mx\/index.php\/2019\/06\/05\/amresorts-expande-su-marca-dreams-en-republica-dominicana\/#respond\"]}]},{\"@type\":\"WebPage\",\"@id\":\"https:\/\/nitu.mx\/index.php\/2019\/06\/05\/amresorts-expande-su-marca-dreams-en-republica-dominicana\/\",\"url\":\"https:\/\/nitu.mx\/index.php\/2019\/06\/05\/amresorts-expande-su-marca-dreams-en-republica-dominicana\/\",\"name\":\"AMResorts expande su marca Dreams en Rep\u00fablica Dominicana - Nitu - Noticias de la Industria Turistica\",\"isPartOf\":{\"@id\":\"https:\/\/nitu.mx\/#website\"},\"primaryImageOfPage\":{\"@id\":\"https:\/\/nitu.mx\/index.php\/2019\/06\/05\/amresorts-expande-su-marca-dreams-en-republica-dominicana\/#primaryimage\"},\"image\":{\"@id\":\"https:\/\/nitu.mx\/index.php\/2019\/06\/05\/amresorts-expande-su-marca-dreams-en-republica-dominicana\/#primaryimage\"},\"thumbnailUrl\":\"https:\/\/nitu.mx\/wp-content\/uploads\/2018\/06\/Amresorts.jpg\",\"datePublished\":\"2019-06-05T05:00:05+00:00\",\"dateModified\":\"2019-06-05T05:14:47+00:00\",\"description\":\"AMResorts anunci\u00f3 un nuevo acuerdo de gestio\u0301n de su marca Dreams Resorts & Spas en la playa de El Macao, en Repu\u0301blica Dominicana en Rep\u00fablica Dominicana.\",\"breadcrumb\":{\"@id\":\"https:\/\/nitu.mx\/index.php\/2019\/06\/05\/amresorts-expande-su-marca-dreams-en-republica-dominicana\/#breadcrumb\"},\"inLanguage\":\"es-MX\",\"potentialAction\":[{\"@type\":\"ReadAction\",\"target\":[\"https:\/\/nitu.mx\/index.php\/2019\/06\/05\/amresorts-expande-su-marca-dreams-en-republica-dominicana\/\"]}]},{\"@type\":\"ImageObject\",\"inLanguage\":\"es-MX\",\"@id\":\"https:\/\/nitu.mx\/index.php\/2019\/06\/05\/amresorts-expande-su-marca-dreams-en-republica-dominicana\/#primaryimage\",\"url\":\"https:\/\/nitu.mx\/wp-content\/uploads\/2018\/06\/Amresorts.jpg\",\"contentUrl\":\"https:\/\/nitu.mx\/wp-content\/uploads\/2018\/06\/Amresorts.jpg\",\"width\":850,\"height\":480,\"caption\":\"Amresorts republica dominicana\"},{\"@type\":\"BreadcrumbList\",\"@id\":\"https:\/\/nitu.mx\/index.php\/2019\/06\/05\/amresorts-expande-su-marca-dreams-en-republica-dominicana\/#breadcrumb\",\"itemListElement\":[{\"@type\":\"ListItem\",\"position\":1,\"name\":\"Inicio\",\"item\":\"https:\/\/nitu.mx\/\"},{\"@type\":\"ListItem\",\"position\":2,\"name\":\"AMResorts expande su marca Dreams en Rep\u00fablica Dominicana\"}]},{\"@type\":\"WebSite\",\"@id\":\"https:\/\/nitu.mx\/#website\",\"url\":\"https:\/\/nitu.mx\/\",\"name\":\"Nitu - Noticias de la Industria Turistica\",\"description\":\"Noticias de la Industria Turistica\",\"publisher\":{\"@id\":\"https:\/\/nitu.mx\/#\/schema\/person\/ae7a53426417292d3dd07b45a33e01bc\"},\"alternateName\":\"Noticias de la Industria Turistica\",\"potentialAction\":[{\"@type\":\"SearchAction\",\"target\":{\"@type\":\"EntryPoint\",\"urlTemplate\":\"https:\/\/nitu.mx\/?s={search_term_string}\"},\"query-input\":\"required name=search_term_string\"}],\"inLanguage\":\"es-MX\"},{\"@type\":[\"Person\",\"Organization\"],\"@id\":\"https:\/\/nitu.mx\/#\/schema\/person\/ae7a53426417292d3dd07b45a33e01bc\",\"name\":\"Arturo Medina\",\"image\":{\"@type\":\"ImageObject\",\"inLanguage\":\"es-MX\",\"@id\":\"https:\/\/nitu.mx\/#\/schema\/person\/image\/\",\"url\":\"https:\/\/nitu.mx\/wp-content\/uploads\/2024\/04\/4A315622-1904-4D5C-B022-878CDC840E04-90x90-1.jpeg\",\"contentUrl\":\"https:\/\/nitu.mx\/wp-content\/uploads\/2024\/04\/4A315622-1904-4D5C-B022-878CDC840E04-90x90-1.jpeg\",\"width\":90,\"height\":90,\"caption\":\"Arturo Medina\"},\"logo\":{\"@id\":\"https:\/\/nitu.mx\/#\/schema\/person\/image\/\"},\"description\":\"Director NITU.mx, Egresado de la Escuela de Periodismo Carlos Septi\u00e9n Garc\u00eda. Periodista y analista especializado en turismo desde hace 35 a\u00f1os, radicado en Canc\u00fan Q.Roo. arturo@nitu.mx\",\"sameAs\":[\"https:\/\/nitu.mx\",\"https:\/\/www.facebook.com\/NITUmx\/\",\"medinacancun\",\"https:\/\/twitter.com\/@Arturo_Medina_G\"]},{\"@type\":\"Person\",\"@id\":\"https:\/\/nitu.mx\/#\/schema\/person\/2ecd887b19dfd3382d1f14fc5acf24a8\",\"name\":\"Alejandra Moncisbays\",\"image\":{\"@type\":\"ImageObject\",\"inLanguage\":\"es-MX\",\"@id\":\"https:\/\/nitu.mx\/#\/schema\/person\/image\/\",\"url\":\"https:\/\/secure.gravatar.com\/avatar\/e74f7af0be172b7804dacfd0bfbef787?s=96&d=mm&r=g\",\"contentUrl\":\"https:\/\/secure.gravatar.com\/avatar\/e74f7af0be172b7804dacfd0bfbef787?s=96&d=mm&r=g\",\"caption\":\"Alejandra Moncisbays\"},\"description\":\"Curs\u00e9 la carrera de Periodismo y Comunicaci\u00f3n en la Facultad de Estudios Profesionales Acatl\u00e1n. Vivo en Canc\u00fan desde hace 24 a\u00f1os. Fui reportera de La Tarde de Canc\u00fan, y Novedades de Quintana Roo, colabor\u00e9 en TVCUN, edit\u00e9 Cancun\u00edssimo y colabor\u00e9 en las revistas Latitud21, entre otras, con principal enfoque en los sectores empresarial y tur\u00edstico. Desde hace varios a\u00f1os soy Agente de Seguros con c\u00e9dula de la Comisi\u00f3n Nacional de Seguros y Fianzas. Actualmente, me desarrollo en los \u00e1mbitos del periodismo y el sector asegurador.\",\"sameAs\":[\"https:\/\/nitu.mx\"],\"url\":\"https:\/\/nitu.mx\/index.php\/author\/alejandra\/\"}]}<\/script>\n<!-- \/ Yoast SEO plugin. -->","yoast_head_json":{"title":"AMResorts expande su marca Dreams en Rep\u00fablica Dominicana - Nitu - Noticias de la Industria Turistica","description":"AMResorts anunci\u00f3 un nuevo acuerdo de gestio\u0301n de su marca Dreams Resorts & Spas en la playa de El Macao, en Repu\u0301blica Dominicana en Rep\u00fablica Dominicana.","robots":{"index":"index","follow":"follow","max-snippet":"max-snippet:-1","max-image-preview":"max-image-preview:large","max-video-preview":"max-video-preview:-1"},"canonical":"https:\/\/nitu.mx\/index.php\/2019\/06\/05\/amresorts-expande-su-marca-dreams-en-republica-dominicana\/","twitter_card":"summary_large_image","twitter_title":"AMResorts expande su marca Dreams en Rep\u00fablica Dominicana - Nitu - Noticias de la Industria Turistica","twitter_description":"AMResorts anunci\u00f3 un nuevo acuerdo de gestio\u0301n de su marca Dreams Resorts & Spas en la playa de El Macao, en Repu\u0301blica Dominicana en Rep\u00fablica Dominicana.","twitter_image":"https:\/\/nitu.mx\/wp-content\/uploads\/2018\/06\/Amresorts.jpg","twitter_creator":"@NITUmx","twitter_site":"@Arturo_Medina_G","twitter_misc":{"Escrito por":"Alejandra Moncisbays","Tiempo de lectura":"3 minutos"},"schema":{"@context":"https:\/\/schema.org","@graph":[{"@type":"Article","@id":"https:\/\/nitu.mx\/index.php\/2019\/06\/05\/amresorts-expande-su-marca-dreams-en-republica-dominicana\/#article","isPartOf":{"@id":"https:\/\/nitu.mx\/index.php\/2019\/06\/05\/amresorts-expande-su-marca-dreams-en-republica-dominicana\/"},"author":{"name":"Alejandra Moncisbays","@id":"https:\/\/nitu.mx\/#\/schema\/person\/2ecd887b19dfd3382d1f14fc5acf24a8"},"headline":"AMResorts expande su marca Dreams en Rep\u00fablica Dominicana","datePublished":"2019-06-05T05:00:05+00:00","dateModified":"2019-06-05T05:14:47+00:00","mainEntityOfPage":{"@id":"https:\/\/nitu.mx\/index.php\/2019\/06\/05\/amresorts-expande-su-marca-dreams-en-republica-dominicana\/"},"wordCount":558,"commentCount":0,"publisher":{"@id":"https:\/\/nitu.mx\/#\/schema\/person\/ae7a53426417292d3dd07b45a33e01bc"},"image":{"@id":"https:\/\/nitu.mx\/index.php\/2019\/06\/05\/amresorts-expande-su-marca-dreams-en-republica-dominicana\/#primaryimage"},"thumbnailUrl":"https:\/\/nitu.mx\/wp-content\/uploads\/2018\/06\/Amresorts.jpg","keywords":["AMResorts","Apple Leisure Group","El Macao","EVP &amp; CSO","Javier Coll","Macao Beach Punta Cana","Rep\u00fablica Dominicana"],"articleSection":["Destinos","Hoteles"],"inLanguage":"es-MX","potentialAction":[{"@type":"CommentAction","name":"Comment","target":["https:\/\/nitu.mx\/index.php\/2019\/06\/05\/amresorts-expande-su-marca-dreams-en-republica-dominicana\/#respond"]}]},{"@type":"WebPage","@id":"https:\/\/nitu.mx\/index.php\/2019\/06\/05\/amresorts-expande-su-marca-dreams-en-republica-dominicana\/","url":"https:\/\/nitu.mx\/index.php\/2019\/06\/05\/amresorts-expande-su-marca-dreams-en-republica-dominicana\/","name":"AMResorts expande su marca Dreams en Rep\u00fablica Dominicana - Nitu - Noticias de la Industria Turistica","isPartOf":{"@id":"https:\/\/nitu.mx\/#website"},"primaryImageOfPage":{"@id":"https:\/\/nitu.mx\/index.php\/2019\/06\/05\/amresorts-expande-su-marca-dreams-en-republica-dominicana\/#primaryimage"},"image":{"@id":"https:\/\/nitu.mx\/index.php\/2019\/06\/05\/amresorts-expande-su-marca-dreams-en-republica-dominicana\/#primaryimage"},"thumbnailUrl":"https:\/\/nitu.mx\/wp-content\/uploads\/2018\/06\/Amresorts.jpg","datePublished":"2019-06-05T05:00:05+00:00","dateModified":"2019-06-05T05:14:47+00:00","description":"AMResorts anunci\u00f3 un nuevo acuerdo de gestio\u0301n de su marca Dreams Resorts & Spas en la playa de El Macao, en Repu\u0301blica Dominicana en Rep\u00fablica Dominicana.","breadcrumb":{"@id":"https:\/\/nitu.mx\/index.php\/2019\/06\/05\/amresorts-expande-su-marca-dreams-en-republica-dominicana\/#breadcrumb"},"inLanguage":"es-MX","potentialAction":[{"@type":"ReadAction","target":["https:\/\/nitu.mx\/index.php\/2019\/06\/05\/amresorts-expande-su-marca-dreams-en-republica-dominicana\/"]}]},{"@type":"ImageObject","inLanguage":"es-MX","@id":"https:\/\/nitu.mx\/index.php\/2019\/06\/05\/amresorts-expande-su-marca-dreams-en-republica-dominicana\/#primaryimage","url":"https:\/\/nitu.mx\/wp-content\/uploads\/2018\/06\/Amresorts.jpg","contentUrl":"https:\/\/nitu.mx\/wp-content\/uploads\/2018\/06\/Amresorts.jpg","width":850,"height":480,"caption":"Amresorts republica dominicana"},{"@type":"BreadcrumbList","@id":"https:\/\/nitu.mx\/index.php\/2019\/06\/05\/amresorts-expande-su-marca-dreams-en-republica-dominicana\/#breadcrumb","itemListElement":[{"@type":"ListItem","position":1,"name":"Inicio","item":"https:\/\/nitu.mx\/"},{"@type":"ListItem","position":2,"name":"AMResorts expande su marca Dreams en Rep\u00fablica Dominicana"}]},{"@type":"WebSite","@id":"https:\/\/nitu.mx\/#website","url":"https:\/\/nitu.mx\/","name":"Nitu - Noticias de la Industria Turistica","description":"Noticias de la Industria Turistica","publisher":{"@id":"https:\/\/nitu.mx\/#\/schema\/person\/ae7a53426417292d3dd07b45a33e01bc"},"alternateName":"Noticias de la Industria Turistica","potentialAction":[{"@type":"SearchAction","target":{"@type":"EntryPoint","urlTemplate":"https:\/\/nitu.mx\/?s={search_term_string}"},"query-input":"required name=search_term_string"}],"inLanguage":"es-MX"},{"@type":["Person","Organization"],"@id":"https:\/\/nitu.mx\/#\/schema\/person\/ae7a53426417292d3dd07b45a33e01bc","name":"Arturo Medina","image":{"@type":"ImageObject","inLanguage":"es-MX","@id":"https:\/\/nitu.mx\/#\/schema\/person\/image\/","url":"https:\/\/nitu.mx\/wp-content\/uploads\/2024\/04\/4A315622-1904-4D5C-B022-878CDC840E04-90x90-1.jpeg","contentUrl":"https:\/\/nitu.mx\/wp-content\/uploads\/2024\/04\/4A315622-1904-4D5C-B022-878CDC840E04-90x90-1.jpeg","width":90,"height":90,"caption":"Arturo Medina"},"logo":{"@id":"https:\/\/nitu.mx\/#\/schema\/person\/image\/"},"description":"Director NITU.mx, Egresado de la Escuela de Periodismo Carlos Septi\u00e9n Garc\u00eda. Periodista y analista especializado en turismo desde hace 35 a\u00f1os, radicado en Canc\u00fan Q.Roo. arturo@nitu.mx","sameAs":["https:\/\/nitu.mx","https:\/\/www.facebook.com\/NITUmx\/","medinacancun","https:\/\/twitter.com\/@Arturo_Medina_G"]},{"@type":"Person","@id":"https:\/\/nitu.mx\/#\/schema\/person\/2ecd887b19dfd3382d1f14fc5acf24a8","name":"Alejandra Moncisbays","image":{"@type":"ImageObject","inLanguage":"es-MX","@id":"https:\/\/nitu.mx\/#\/schema\/person\/image\/","url":"https:\/\/secure.gravatar.com\/avatar\/e74f7af0be172b7804dacfd0bfbef787?s=96&d=mm&r=g","contentUrl":"https:\/\/secure.gravatar.com\/avatar\/e74f7af0be172b7804dacfd0bfbef787?s=96&d=mm&r=g","caption":"Alejandra Moncisbays"},"description":"Curs\u00e9 la carrera de Periodismo y Comunicaci\u00f3n en la Facultad de Estudios Profesionales Acatl\u00e1n. Vivo en Canc\u00fan desde hace 24 a\u00f1os. Fui reportera de La Tarde de Canc\u00fan, y Novedades de Quintana Roo, colabor\u00e9 en TVCUN, edit\u00e9 Cancun\u00edssimo y colabor\u00e9 en las revistas Latitud21, entre otras, con principal enfoque en los sectores empresarial y tur\u00edstico. Desde hace varios a\u00f1os soy Agente de Seguros con c\u00e9dula de la Comisi\u00f3n Nacional de Seguros y Fianzas. Actualmente, me desarrollo en los \u00e1mbitos del periodismo y el sector asegurador.","sameAs":["https:\/\/nitu.mx"],"url":"https:\/\/nitu.mx\/index.php\/author\/alejandra\/"}]}},"views":306,"_links":{"self":[{"href":"https:\/\/nitu.mx\/index.php\/wp-json\/wp\/v2\/posts\/32499"}],"collection":[{"href":"https:\/\/nitu.mx\/index.php\/wp-json\/wp\/v2\/posts"}],"about":[{"href":"https:\/\/nitu.mx\/index.php\/wp-json\/wp\/v2\/types\/post"}],"author":[{"embeddable":true,"href":"https:\/\/nitu.mx\/index.php\/wp-json\/wp\/v2\/users\/3"}],"replies":[{"embeddable":true,"href":"https:\/\/nitu.mx\/index.php\/wp-json\/wp\/v2\/comments?post=32499"}],"version-history":[{"count":3,"href":"https:\/\/nitu.mx\/index.php\/wp-json\/wp\/v2\/posts\/32499\/revisions"}],"predecessor-version":[{"id":32516,"href":"https:\/\/nitu.mx\/index.php\/wp-json\/wp\/v2\/posts\/32499\/revisions\/32516"}],"wp:featuredmedia":[{"embeddable":true,"href":"https:\/\/nitu.mx\/index.php\/wp-json\/wp\/v2\/media\/21170"}],"wp:attachment":[{"href":"https:\/\/nitu.mx\/index.php\/wp-json\/wp\/v2\/media?parent=32499"}],"wp:term":[{"taxonomy":"category","embeddable":true,"href":"https:\/\/nitu.mx\/index.php\/wp-json\/wp\/v2\/categories?post=32499"},{"taxonomy":"post_tag","embeddable":true,"href":"https:\/\/nitu.mx\/index.php\/wp-json\/wp\/v2\/tags?post=32499"}],"curies":[{"name":"wp","href":"https:\/\/api.w.org\/{rel}","templated":true}]}}