{"id":32457,"date":"2019-06-03T22:57:35","date_gmt":"2019-06-04T03:57:35","guid":{"rendered":"https:\/\/www.dev.nitu.mx\/?p=32457"},"modified":"2019-06-04T00:00:37","modified_gmt":"2019-06-04T05:00:37","slug":"mas-de-200-habitantes-de-puerto-morelos-participan-en-el-festival-de-los-oceanos-del-caribe-mexicano","status":"publish","type":"post","link":"https:\/\/nitu.mx\/index.php\/2019\/06\/03\/mas-de-200-habitantes-de-puerto-morelos-participan-en-el-festival-de-los-oceanos-del-caribe-mexicano\/","title":{"rendered":"M\u00e1s de 200 habitantes de Puerto Morelos participan en el Festival de los Oc\u00e9anos del Caribe Mexicano"},"content":{"rendered":"<p>Para continuar con la ruta del 7\u00b0 Festival de los Oc\u00e9anos del Caribe Mexicano y con la participaci\u00f3n de m\u00e1s de 200 personas que acudieron a la playa p\u00fablica Ojo de Agua en Puerto Morelos, se llev\u00f3 a cabo \u00abDisfruta y cuida tu playa\u00bb con la intenci\u00f3n de que individuos y familias al recrearse en torno al ambiente marino y conocerlo, aprendan a amarlo y a cuidar de \u00e9ste.<\/p>\n<p>El evento dio inicio a las 9 de la ma\u00f1ana con la develaci\u00f3n de la escultura de arena que el artista pl\u00e1stico Jos\u00e9 Luis Gonz\u00e1lez realiz\u00f3 especialmente para el Festival. La obra plasm\u00f3 una dolorosa realidad que se ha vuelto cotidiana: peces comiendo bolsas de pl\u00e1stico, latas de refresco reposando sobre corales, la ic\u00f3nica tortuga marina qu\u00e9 se hizo viral por tener un popote en la fosa nasal, un delf\u00edn enredado en una red \u00abfantasma\u00bb y una mujer que representa a la humanidad que ya consciente del problema, recoge la basura del mar.<\/p>\n<p>Como en otras ediciones, el escultor imparti\u00f3 un taller a las familias que acudieron para dar pie a una alegre contienda de esculturas de arena aplicando las t\u00e9cnicas que el maestro Gonz\u00e1lez les hab\u00eda compartido. A lo largo del d\u00eda, mediante din\u00e1micas, juegos y concursos, los educadores ambientales hac\u00edan llegar datos para informar e invitar a la reflexi\u00f3n al p\u00fablico asistente. La jornada incluy\u00f3 un mini torneo de voleibol en la playa y por la noche se realiz\u00f3 la tercera y \u00faltima presentaci\u00f3n del documental \u00abPlaneta Oc\u00e9ano\u00bb donde al final se hac\u00eda una retroalimentaci\u00f3n y din\u00e1micas conducidas por los educadores ambientales de Delphinus para reforzar el conocimiento adquirido.<\/p>\n<p>El vocero del Festival, Miguel \u00c1ngel Canseco, afirm\u00f3 que las actividades fueron dise\u00f1adas con la finalidad de generar un espacio para la recreaci\u00f3n \u00abde sacar a la gente de la rutina y el estr\u00e9s cotidiano, para invitarlos simplemente a disfrutar los ecosistemas marinos. Nosotros nos inspiramos en la frase del conservacionista senegal\u00e9s Baba Dioum que sintetiza un proceso did\u00e1ctico sencillo pero muy poderoso, y es que nadie conserva lo que no ama, nadie ama lo que no conoce y nadie conoce lo que no se le ense\u00f1a. Recrearse es parte de nuestra responsabilidad de ense\u00f1ar a los habitantes de Quintana Roo la enorme riqueza que los ecosistemas costeros nos brindan y de la cual depende la industria tur\u00edstica de nuestro estado as\u00ed como la salud del planeta entero\u201d concluy\u00f3.<\/p>\n<p>La s\u00e9ptima edici\u00f3n del Festival de los Oc\u00e9anos del Caribe Mexicano entra en su semana final con cuatro eventos, el primero el martes 4 de junio con la develaci\u00f3n de Escul-trash, arte con basura limpiezas de playa que se realizar\u00e1 en Centro Maya a las 10 de la ma\u00f1ana. Continuar\u00e1 el viernes 7 de junio con el Ciclo de Conferencias de Divulgaci\u00f3n Cient\u00edfica que tendr\u00e1 lugar en el Teatro de Canc\u00fan de 8 a 13 horas con la presencia de prestigiadas investigadoras nacionales e internacionales como Sara-Jeanne Royer del International Pacific Research Center de la Universidad de Hawai, la doctora Mar\u00eda del Carmen Garc\u00eda Rivas de la Comisi\u00f3n Nacional de \u00c1reas Naturales Protegidas, el M. en Ciencias Arturo Romero Tenorio y la doctora B\u00e1rbara Linnehan de la Marine Mammal Foundation.<\/p>\n<p>En tanto que el domingo 9 de junio ser\u00e1 la jornada final del Festival de los Oc\u00e9anos con la exposici\u00f3n de fotograf\u00eda en el lobby del Teatro de la Ciudad de Playa del Carmen de 17 a 18 horas y el magno concierto de clausura con el espect\u00e1culo multimedia quedar\u00e1n la Orquesta Sinf\u00f3nica y Coro Esperanza Azteca de Canc\u00fan y la exhibici\u00f3n de im\u00e1genes submarinas del reconocido buzo Armando Gasse a las 19 horas en el mismo recinto.\u00a0<a title=\"La UT de Riviera Maya gana el Intercolegial Gastron\u00f3mico del s\u00e9ptimo Festival de los Oc\u00e9anos\" href=\"https:\/\/www.dev.nitu.mx\/index.php\/2019\/05\/26\/la-ut-de-riviera-maya-gana-el-intercolegial-gastronomico-del-septimo-festival-de-los-oceanos\/\" rel=\"bookmark\">(La UT de Riviera Maya gana el Intercolegial Gastron\u00f3mico del s\u00e9ptimo Festival de los Oc\u00e9anos<\/a>).<\/p>\n","protected":false},"excerpt":{"rendered":"<p>Para continuar con la ruta del 7\u00b0 Festival de los Oc\u00e9anos del Caribe Mexicano y con la participaci\u00f3n de m\u00e1s de 200 personas que acudieron a la playa p\u00fablica Ojo de Agua en Puerto Morelos, se llev\u00f3 a cabo \u00abDisfruta y cuida tu playa\u00bb con la intenci\u00f3n de que individuos y familias al recrearse en [&hellip;]<\/p>\n","protected":false},"author":17,"featured_media":6210,"comment_status":"open","ping_status":"open","sticky":false,"template":"","format":"standard","meta":{"footnotes":""},"categories":[5,6],"tags":[15976,15977,86,260,421],"yoast_head":"<!-- This site is optimized with the Yoast SEO plugin v22.2 - https:\/\/yoast.com\/wordpress\/plugins\/seo\/ -->\n<title>M\u00e1s de 200 habitantes de Puerto Morelos participan en el Festival de los Oc\u00e9anos del Caribe Mexicano - Nitu - Noticias de la Industria Turistica<\/title>\n<meta name=\"description\" content=\"Para continuar con la ruta del 7\u00b0 Festival de los Oc\u00e9anos del Caribe Mexicano se llev\u00f3 a cabo \u00abDisfruta y cuida tu playa\u00bb.\" \/>\n<meta name=\"robots\" content=\"index, follow, max-snippet:-1, max-image-preview:large, max-video-preview:-1\" \/>\n<link rel=\"canonical\" href=\"https:\/\/nitu.mx\/index.php\/2019\/06\/03\/mas-de-200-habitantes-de-puerto-morelos-participan-en-el-festival-de-los-oceanos-del-caribe-mexicano\/\" \/>\n<meta name=\"twitter:card\" content=\"summary_large_image\" \/>\n<meta name=\"twitter:title\" content=\"M\u00e1s de 200 habitantes de Puerto Morelos participan en el Festival de los Oc\u00e9anos del Caribe Mexicano - Nitu - Noticias de la Industria Turistica\" \/>\n<meta name=\"twitter:description\" content=\"Para continuar con la ruta del 7\u00b0 Festival de los Oc\u00e9anos del Caribe Mexicano se llev\u00f3 a cabo \u00abDisfruta y cuida tu playa\u00bb.\" \/>\n<meta name=\"twitter:image\" content=\"https:\/\/nitu.mx\/wp-content\/uploads\/2017\/01\/puerto-morelos-fitur.jpg\" \/>\n<meta name=\"twitter:creator\" content=\"@NITUmx\" \/>\n<meta name=\"twitter:site\" content=\"@Arturo_Medina_G\" \/>\n<meta name=\"twitter:label1\" content=\"Escrito por\" \/>\n\t<meta name=\"twitter:data1\" content=\"Redacci\u00f3n\" \/>\n\t<meta name=\"twitter:label2\" content=\"Tiempo de lectura\" \/>\n\t<meta name=\"twitter:data2\" content=\"3 minutos\" \/>\n<script type=\"application\/ld+json\" class=\"yoast-schema-graph\">{\"@context\":\"https:\/\/schema.org\",\"@graph\":[{\"@type\":\"Article\",\"@id\":\"https:\/\/nitu.mx\/index.php\/2019\/06\/03\/mas-de-200-habitantes-de-puerto-morelos-participan-en-el-festival-de-los-oceanos-del-caribe-mexicano\/#article\",\"isPartOf\":{\"@id\":\"https:\/\/nitu.mx\/index.php\/2019\/06\/03\/mas-de-200-habitantes-de-puerto-morelos-participan-en-el-festival-de-los-oceanos-del-caribe-mexicano\/\"},\"author\":{\"name\":\"Redacci\u00f3n\",\"@id\":\"https:\/\/nitu.mx\/#\/schema\/person\/4a28fe9bd65924f7c90623773daf1b0b\"},\"headline\":\"M\u00e1s de 200 habitantes de Puerto Morelos participan en el Festival de los Oc\u00e9anos del Caribe Mexicano\",\"datePublished\":\"2019-06-04T03:57:35+00:00\",\"dateModified\":\"2019-06-04T05:00:37+00:00\",\"mainEntityOfPage\":{\"@id\":\"https:\/\/nitu.mx\/index.php\/2019\/06\/03\/mas-de-200-habitantes-de-puerto-morelos-participan-en-el-festival-de-los-oceanos-del-caribe-mexicano\/\"},\"wordCount\":685,\"commentCount\":0,\"publisher\":{\"@id\":\"https:\/\/nitu.mx\/#\/schema\/person\/ae7a53426417292d3dd07b45a33e01bc\"},\"image\":{\"@id\":\"https:\/\/nitu.mx\/index.php\/2019\/06\/03\/mas-de-200-habitantes-de-puerto-morelos-participan-en-el-festival-de-los-oceanos-del-caribe-mexicano\/#primaryimage\"},\"thumbnailUrl\":\"https:\/\/nitu.mx\/wp-content\/uploads\/2017\/01\/puerto-morelos-fitur.jpg\",\"keywords\":[\"7\u00b0 Festival de los Oc\u00e9anos del Caribe Mexicano\",\"playa p\u00fablica Ojo de Agua\",\"Puerto Morelos\",\"Quintana Roo\",\"turismo\"],\"articleSection\":[\"Destinos\",\"M\u00e9xico\"],\"inLanguage\":\"es-MX\",\"potentialAction\":[{\"@type\":\"CommentAction\",\"name\":\"Comment\",\"target\":[\"https:\/\/nitu.mx\/index.php\/2019\/06\/03\/mas-de-200-habitantes-de-puerto-morelos-participan-en-el-festival-de-los-oceanos-del-caribe-mexicano\/#respond\"]}]},{\"@type\":\"WebPage\",\"@id\":\"https:\/\/nitu.mx\/index.php\/2019\/06\/03\/mas-de-200-habitantes-de-puerto-morelos-participan-en-el-festival-de-los-oceanos-del-caribe-mexicano\/\",\"url\":\"https:\/\/nitu.mx\/index.php\/2019\/06\/03\/mas-de-200-habitantes-de-puerto-morelos-participan-en-el-festival-de-los-oceanos-del-caribe-mexicano\/\",\"name\":\"M\u00e1s de 200 habitantes de Puerto Morelos participan en el Festival de los Oc\u00e9anos del Caribe Mexicano - Nitu - Noticias de la Industria Turistica\",\"isPartOf\":{\"@id\":\"https:\/\/nitu.mx\/#website\"},\"primaryImageOfPage\":{\"@id\":\"https:\/\/nitu.mx\/index.php\/2019\/06\/03\/mas-de-200-habitantes-de-puerto-morelos-participan-en-el-festival-de-los-oceanos-del-caribe-mexicano\/#primaryimage\"},\"image\":{\"@id\":\"https:\/\/nitu.mx\/index.php\/2019\/06\/03\/mas-de-200-habitantes-de-puerto-morelos-participan-en-el-festival-de-los-oceanos-del-caribe-mexicano\/#primaryimage\"},\"thumbnailUrl\":\"https:\/\/nitu.mx\/wp-content\/uploads\/2017\/01\/puerto-morelos-fitur.jpg\",\"datePublished\":\"2019-06-04T03:57:35+00:00\",\"dateModified\":\"2019-06-04T05:00:37+00:00\",\"description\":\"Para continuar con la ruta del 7\u00b0 Festival de los Oc\u00e9anos del Caribe Mexicano se llev\u00f3 a cabo \u00abDisfruta y cuida tu playa\u00bb.\",\"breadcrumb\":{\"@id\":\"https:\/\/nitu.mx\/index.php\/2019\/06\/03\/mas-de-200-habitantes-de-puerto-morelos-participan-en-el-festival-de-los-oceanos-del-caribe-mexicano\/#breadcrumb\"},\"inLanguage\":\"es-MX\",\"potentialAction\":[{\"@type\":\"ReadAction\",\"target\":[\"https:\/\/nitu.mx\/index.php\/2019\/06\/03\/mas-de-200-habitantes-de-puerto-morelos-participan-en-el-festival-de-los-oceanos-del-caribe-mexicano\/\"]}]},{\"@type\":\"ImageObject\",\"inLanguage\":\"es-MX\",\"@id\":\"https:\/\/nitu.mx\/index.php\/2019\/06\/03\/mas-de-200-habitantes-de-puerto-morelos-participan-en-el-festival-de-los-oceanos-del-caribe-mexicano\/#primaryimage\",\"url\":\"https:\/\/nitu.mx\/wp-content\/uploads\/2017\/01\/puerto-morelos-fitur.jpg\",\"contentUrl\":\"https:\/\/nitu.mx\/wp-content\/uploads\/2017\/01\/puerto-morelos-fitur.jpg\",\"width\":850,\"height\":480,\"caption\":\"puerto morelos festival de los oc\u00e9anos\"},{\"@type\":\"BreadcrumbList\",\"@id\":\"https:\/\/nitu.mx\/index.php\/2019\/06\/03\/mas-de-200-habitantes-de-puerto-morelos-participan-en-el-festival-de-los-oceanos-del-caribe-mexicano\/#breadcrumb\",\"itemListElement\":[{\"@type\":\"ListItem\",\"position\":1,\"name\":\"Inicio\",\"item\":\"https:\/\/nitu.mx\/\"},{\"@type\":\"ListItem\",\"position\":2,\"name\":\"M\u00e1s de 200 habitantes de Puerto Morelos participan en el Festival de los Oc\u00e9anos del Caribe Mexicano\"}]},{\"@type\":\"WebSite\",\"@id\":\"https:\/\/nitu.mx\/#website\",\"url\":\"https:\/\/nitu.mx\/\",\"name\":\"Nitu - Noticias de la Industria Turistica\",\"description\":\"Noticias de la Industria Turistica\",\"publisher\":{\"@id\":\"https:\/\/nitu.mx\/#\/schema\/person\/ae7a53426417292d3dd07b45a33e01bc\"},\"alternateName\":\"Noticias de la Industria Turistica\",\"potentialAction\":[{\"@type\":\"SearchAction\",\"target\":{\"@type\":\"EntryPoint\",\"urlTemplate\":\"https:\/\/nitu.mx\/?s={search_term_string}\"},\"query-input\":\"required name=search_term_string\"}],\"inLanguage\":\"es-MX\"},{\"@type\":[\"Person\",\"Organization\"],\"@id\":\"https:\/\/nitu.mx\/#\/schema\/person\/ae7a53426417292d3dd07b45a33e01bc\",\"name\":\"Arturo Medina\",\"image\":{\"@type\":\"ImageObject\",\"inLanguage\":\"es-MX\",\"@id\":\"https:\/\/nitu.mx\/#\/schema\/person\/image\/\",\"url\":\"https:\/\/nitu.mx\/wp-content\/uploads\/2024\/04\/4A315622-1904-4D5C-B022-878CDC840E04-90x90-1.jpeg\",\"contentUrl\":\"https:\/\/nitu.mx\/wp-content\/uploads\/2024\/04\/4A315622-1904-4D5C-B022-878CDC840E04-90x90-1.jpeg\",\"width\":90,\"height\":90,\"caption\":\"Arturo Medina\"},\"logo\":{\"@id\":\"https:\/\/nitu.mx\/#\/schema\/person\/image\/\"},\"description\":\"Director NITU.mx, Egresado de la Escuela de Periodismo Carlos Septi\u00e9n Garc\u00eda. Periodista y analista especializado en turismo desde hace 35 a\u00f1os, radicado en Canc\u00fan Q.Roo. arturo@nitu.mx\",\"sameAs\":[\"https:\/\/nitu.mx\",\"https:\/\/www.facebook.com\/NITUmx\/\",\"medinacancun\",\"https:\/\/twitter.com\/@Arturo_Medina_G\"]},{\"@type\":\"Person\",\"@id\":\"https:\/\/nitu.mx\/#\/schema\/person\/4a28fe9bd65924f7c90623773daf1b0b\",\"name\":\"Redacci\u00f3n\",\"image\":{\"@type\":\"ImageObject\",\"inLanguage\":\"es-MX\",\"@id\":\"https:\/\/nitu.mx\/#\/schema\/person\/image\/\",\"url\":\"https:\/\/secure.gravatar.com\/avatar\/5dd011c8ccfc5cd7e4c81e42252aab38?s=96&d=mm&r=g\",\"contentUrl\":\"https:\/\/secure.gravatar.com\/avatar\/5dd011c8ccfc5cd7e4c81e42252aab38?s=96&d=mm&r=g\",\"caption\":\"Redacci\u00f3n\"},\"url\":\"https:\/\/nitu.mx\/index.php\/author\/redaccion\/\"}]}<\/script>\n<!-- \/ Yoast SEO plugin. -->","yoast_head_json":{"title":"M\u00e1s de 200 habitantes de Puerto Morelos participan en el Festival de los Oc\u00e9anos del Caribe Mexicano - Nitu - Noticias de la Industria Turistica","description":"Para continuar con la ruta del 7\u00b0 Festival de los Oc\u00e9anos del Caribe Mexicano se llev\u00f3 a cabo \u00abDisfruta y cuida tu playa\u00bb.","robots":{"index":"index","follow":"follow","max-snippet":"max-snippet:-1","max-image-preview":"max-image-preview:large","max-video-preview":"max-video-preview:-1"},"canonical":"https:\/\/nitu.mx\/index.php\/2019\/06\/03\/mas-de-200-habitantes-de-puerto-morelos-participan-en-el-festival-de-los-oceanos-del-caribe-mexicano\/","twitter_card":"summary_large_image","twitter_title":"M\u00e1s de 200 habitantes de Puerto Morelos participan en el Festival de los Oc\u00e9anos del Caribe Mexicano - Nitu - Noticias de la Industria Turistica","twitter_description":"Para continuar con la ruta del 7\u00b0 Festival de los Oc\u00e9anos del Caribe Mexicano se llev\u00f3 a cabo \u00abDisfruta y cuida tu playa\u00bb.","twitter_image":"https:\/\/nitu.mx\/wp-content\/uploads\/2017\/01\/puerto-morelos-fitur.jpg","twitter_creator":"@NITUmx","twitter_site":"@Arturo_Medina_G","twitter_misc":{"Escrito por":"Redacci\u00f3n","Tiempo de lectura":"3 minutos"},"schema":{"@context":"https:\/\/schema.org","@graph":[{"@type":"Article","@id":"https:\/\/nitu.mx\/index.php\/2019\/06\/03\/mas-de-200-habitantes-de-puerto-morelos-participan-en-el-festival-de-los-oceanos-del-caribe-mexicano\/#article","isPartOf":{"@id":"https:\/\/nitu.mx\/index.php\/2019\/06\/03\/mas-de-200-habitantes-de-puerto-morelos-participan-en-el-festival-de-los-oceanos-del-caribe-mexicano\/"},"author":{"name":"Redacci\u00f3n","@id":"https:\/\/nitu.mx\/#\/schema\/person\/4a28fe9bd65924f7c90623773daf1b0b"},"headline":"M\u00e1s de 200 habitantes de Puerto Morelos participan en el Festival de los Oc\u00e9anos del Caribe Mexicano","datePublished":"2019-06-04T03:57:35+00:00","dateModified":"2019-06-04T05:00:37+00:00","mainEntityOfPage":{"@id":"https:\/\/nitu.mx\/index.php\/2019\/06\/03\/mas-de-200-habitantes-de-puerto-morelos-participan-en-el-festival-de-los-oceanos-del-caribe-mexicano\/"},"wordCount":685,"commentCount":0,"publisher":{"@id":"https:\/\/nitu.mx\/#\/schema\/person\/ae7a53426417292d3dd07b45a33e01bc"},"image":{"@id":"https:\/\/nitu.mx\/index.php\/2019\/06\/03\/mas-de-200-habitantes-de-puerto-morelos-participan-en-el-festival-de-los-oceanos-del-caribe-mexicano\/#primaryimage"},"thumbnailUrl":"https:\/\/nitu.mx\/wp-content\/uploads\/2017\/01\/puerto-morelos-fitur.jpg","keywords":["7\u00b0 Festival de los Oc\u00e9anos del Caribe Mexicano","playa p\u00fablica Ojo de Agua","Puerto Morelos","Quintana Roo","turismo"],"articleSection":["Destinos","M\u00e9xico"],"inLanguage":"es-MX","potentialAction":[{"@type":"CommentAction","name":"Comment","target":["https:\/\/nitu.mx\/index.php\/2019\/06\/03\/mas-de-200-habitantes-de-puerto-morelos-participan-en-el-festival-de-los-oceanos-del-caribe-mexicano\/#respond"]}]},{"@type":"WebPage","@id":"https:\/\/nitu.mx\/index.php\/2019\/06\/03\/mas-de-200-habitantes-de-puerto-morelos-participan-en-el-festival-de-los-oceanos-del-caribe-mexicano\/","url":"https:\/\/nitu.mx\/index.php\/2019\/06\/03\/mas-de-200-habitantes-de-puerto-morelos-participan-en-el-festival-de-los-oceanos-del-caribe-mexicano\/","name":"M\u00e1s de 200 habitantes de Puerto Morelos participan en el Festival de los Oc\u00e9anos del Caribe Mexicano - Nitu - Noticias de la Industria Turistica","isPartOf":{"@id":"https:\/\/nitu.mx\/#website"},"primaryImageOfPage":{"@id":"https:\/\/nitu.mx\/index.php\/2019\/06\/03\/mas-de-200-habitantes-de-puerto-morelos-participan-en-el-festival-de-los-oceanos-del-caribe-mexicano\/#primaryimage"},"image":{"@id":"https:\/\/nitu.mx\/index.php\/2019\/06\/03\/mas-de-200-habitantes-de-puerto-morelos-participan-en-el-festival-de-los-oceanos-del-caribe-mexicano\/#primaryimage"},"thumbnailUrl":"https:\/\/nitu.mx\/wp-content\/uploads\/2017\/01\/puerto-morelos-fitur.jpg","datePublished":"2019-06-04T03:57:35+00:00","dateModified":"2019-06-04T05:00:37+00:00","description":"Para continuar con la ruta del 7\u00b0 Festival de los Oc\u00e9anos del Caribe Mexicano se llev\u00f3 a cabo \u00abDisfruta y cuida tu playa\u00bb.","breadcrumb":{"@id":"https:\/\/nitu.mx\/index.php\/2019\/06\/03\/mas-de-200-habitantes-de-puerto-morelos-participan-en-el-festival-de-los-oceanos-del-caribe-mexicano\/#breadcrumb"},"inLanguage":"es-MX","potentialAction":[{"@type":"ReadAction","target":["https:\/\/nitu.mx\/index.php\/2019\/06\/03\/mas-de-200-habitantes-de-puerto-morelos-participan-en-el-festival-de-los-oceanos-del-caribe-mexicano\/"]}]},{"@type":"ImageObject","inLanguage":"es-MX","@id":"https:\/\/nitu.mx\/index.php\/2019\/06\/03\/mas-de-200-habitantes-de-puerto-morelos-participan-en-el-festival-de-los-oceanos-del-caribe-mexicano\/#primaryimage","url":"https:\/\/nitu.mx\/wp-content\/uploads\/2017\/01\/puerto-morelos-fitur.jpg","contentUrl":"https:\/\/nitu.mx\/wp-content\/uploads\/2017\/01\/puerto-morelos-fitur.jpg","width":850,"height":480,"caption":"puerto morelos festival de los oc\u00e9anos"},{"@type":"BreadcrumbList","@id":"https:\/\/nitu.mx\/index.php\/2019\/06\/03\/mas-de-200-habitantes-de-puerto-morelos-participan-en-el-festival-de-los-oceanos-del-caribe-mexicano\/#breadcrumb","itemListElement":[{"@type":"ListItem","position":1,"name":"Inicio","item":"https:\/\/nitu.mx\/"},{"@type":"ListItem","position":2,"name":"M\u00e1s de 200 habitantes de Puerto Morelos participan en el Festival de los Oc\u00e9anos del Caribe Mexicano"}]},{"@type":"WebSite","@id":"https:\/\/nitu.mx\/#website","url":"https:\/\/nitu.mx\/","name":"Nitu - Noticias de la Industria Turistica","description":"Noticias de la Industria Turistica","publisher":{"@id":"https:\/\/nitu.mx\/#\/schema\/person\/ae7a53426417292d3dd07b45a33e01bc"},"alternateName":"Noticias de la Industria Turistica","potentialAction":[{"@type":"SearchAction","target":{"@type":"EntryPoint","urlTemplate":"https:\/\/nitu.mx\/?s={search_term_string}"},"query-input":"required name=search_term_string"}],"inLanguage":"es-MX"},{"@type":["Person","Organization"],"@id":"https:\/\/nitu.mx\/#\/schema\/person\/ae7a53426417292d3dd07b45a33e01bc","name":"Arturo Medina","image":{"@type":"ImageObject","inLanguage":"es-MX","@id":"https:\/\/nitu.mx\/#\/schema\/person\/image\/","url":"https:\/\/nitu.mx\/wp-content\/uploads\/2024\/04\/4A315622-1904-4D5C-B022-878CDC840E04-90x90-1.jpeg","contentUrl":"https:\/\/nitu.mx\/wp-content\/uploads\/2024\/04\/4A315622-1904-4D5C-B022-878CDC840E04-90x90-1.jpeg","width":90,"height":90,"caption":"Arturo Medina"},"logo":{"@id":"https:\/\/nitu.mx\/#\/schema\/person\/image\/"},"description":"Director NITU.mx, Egresado de la Escuela de Periodismo Carlos Septi\u00e9n Garc\u00eda. Periodista y analista especializado en turismo desde hace 35 a\u00f1os, radicado en Canc\u00fan Q.Roo. arturo@nitu.mx","sameAs":["https:\/\/nitu.mx","https:\/\/www.facebook.com\/NITUmx\/","medinacancun","https:\/\/twitter.com\/@Arturo_Medina_G"]},{"@type":"Person","@id":"https:\/\/nitu.mx\/#\/schema\/person\/4a28fe9bd65924f7c90623773daf1b0b","name":"Redacci\u00f3n","image":{"@type":"ImageObject","inLanguage":"es-MX","@id":"https:\/\/nitu.mx\/#\/schema\/person\/image\/","url":"https:\/\/secure.gravatar.com\/avatar\/5dd011c8ccfc5cd7e4c81e42252aab38?s=96&d=mm&r=g","contentUrl":"https:\/\/secure.gravatar.com\/avatar\/5dd011c8ccfc5cd7e4c81e42252aab38?s=96&d=mm&r=g","caption":"Redacci\u00f3n"},"url":"https:\/\/nitu.mx\/index.php\/author\/redaccion\/"}]}},"views":243,"_links":{"self":[{"href":"https:\/\/nitu.mx\/index.php\/wp-json\/wp\/v2\/posts\/32457"}],"collection":[{"href":"https:\/\/nitu.mx\/index.php\/wp-json\/wp\/v2\/posts"}],"about":[{"href":"https:\/\/nitu.mx\/index.php\/wp-json\/wp\/v2\/types\/post"}],"author":[{"embeddable":true,"href":"https:\/\/nitu.mx\/index.php\/wp-json\/wp\/v2\/users\/17"}],"replies":[{"embeddable":true,"href":"https:\/\/nitu.mx\/index.php\/wp-json\/wp\/v2\/comments?post=32457"}],"version-history":[{"count":3,"href":"https:\/\/nitu.mx\/index.php\/wp-json\/wp\/v2\/posts\/32457\/revisions"}],"predecessor-version":[{"id":32470,"href":"https:\/\/nitu.mx\/index.php\/wp-json\/wp\/v2\/posts\/32457\/revisions\/32470"}],"wp:featuredmedia":[{"embeddable":true,"href":"https:\/\/nitu.mx\/index.php\/wp-json\/wp\/v2\/media\/6210"}],"wp:attachment":[{"href":"https:\/\/nitu.mx\/index.php\/wp-json\/wp\/v2\/media?parent=32457"}],"wp:term":[{"taxonomy":"category","embeddable":true,"href":"https:\/\/nitu.mx\/index.php\/wp-json\/wp\/v2\/categories?post=32457"},{"taxonomy":"post_tag","embeddable":true,"href":"https:\/\/nitu.mx\/index.php\/wp-json\/wp\/v2\/tags?post=32457"}],"curies":[{"name":"wp","href":"https:\/\/api.w.org\/{rel}","templated":true}]}}