{"id":32455,"date":"2019-06-03T23:20:04","date_gmt":"2019-06-04T04:20:04","guid":{"rendered":"https:\/\/www.dev.nitu.mx\/?p=32455"},"modified":"2019-06-04T00:00:53","modified_gmt":"2019-06-04T05:00:53","slug":"aumentaria-capacidad-electrica-de-zona-cancun-riviera-maya","status":"publish","type":"post","link":"https:\/\/nitu.mx\/index.php\/2019\/06\/03\/aumentaria-capacidad-electrica-de-zona-cancun-riviera-maya\/","title":{"rendered":"Aumentar\u00eda capacidad el\u00e9ctrica de zona Canc\u00fan-Riviera Maya"},"content":{"rendered":"<p>El Programa de Desarrollo del Sistema El\u00e9ctrico Nacional (Prodesen) 2019-2033 dar\u00e1 prioridad a aumentar la capacidad de transmisi\u00f3n en la Pen\u00ednsula de Yucat\u00e1n, con la finalidad de atender la problem\u00e1tica de suministro de energ\u00eda el\u00e9ctrica en la zona de Canc\u00fan-Riviera Maya.<\/p>\n<p>En el Prodesen, el gobierno mexicano plante\u00f3 18 proyectos de ampliaci\u00f3n de la Red Nacional de Transmisi\u00f3n en los que dar\u00e1 prioridad a la gerencia de control regional Peninsular, mediante el aumento de la capacidad de transmisi\u00f3n para atender el crecimiento de la demanda de las zonas Canc\u00fan y Riviera Maya, y a la Occidental, a trav\u00e9s la compensaci\u00f3n de potencia reactiva din\u00e1mica en el Baj\u00edo.<\/p>\n<p>Para la Pen\u00ednsula, el Prodesen destac\u00f3 que el proyecto aumentar\u00e1 la capacidad de transmisi\u00f3n entre la regi\u00f3n de Valladolid hacia Canc\u00fan y Rivera Maya, mejorar\u00e1 la calidad, confiabilidad y continuidad del suministro de la demanda, as\u00ed como la incorporaci\u00f3n de nuevos centros de carga, mejorando las condiciones econ\u00f3micas de Quintana Roo. (<a title=\"Denuncian hoteleros que en Q. Roo se registran los aumentos m\u00e1s altos en energ\u00eda el\u00e9ctrica\" href=\"https:\/\/www.dev.nitu.mx\/index.php\/2018\/09\/24\/denuncian-hoteleros-que-en-q-roo-se-registran-los-aumentos-mas-altos-en-energia-electrica\/\" rel=\"bookmark\">Denuncian hoteleros que en Q. Roo se registran los aumentos m\u00e1s altos en energ\u00eda el\u00e9ctrica<\/a>).<\/p>\n<p>El Prodesen prev\u00e9 que el proyecto comience a operar en abril de 2023 y contempla una nueva subestaci\u00f3n en Kanten\u00e1h, cerca de Playa del Carmen. (La Jornada Maya).<\/p>\n","protected":false},"excerpt":{"rendered":"<p>El Programa de Desarrollo del Sistema El\u00e9ctrico Nacional (Prodesen) 2019-2033 dar\u00e1 prioridad a aumentar la capacidad de transmisi\u00f3n en la Pen\u00ednsula de Yucat\u00e1n, con la finalidad de atender la problem\u00e1tica de suministro de energ\u00eda el\u00e9ctrica en la zona de Canc\u00fan-Riviera Maya. En el Prodesen, el gobierno mexicano plante\u00f3 18 proyectos de ampliaci\u00f3n de la Red [&hellip;]<\/p>\n","protected":false},"author":17,"featured_media":5584,"comment_status":"open","ping_status":"open","sticky":false,"template":"","format":"standard","meta":{"footnotes":""},"categories":[5,6],"tags":[488,15973,15974,15975],"yoast_head":"<!-- This site is optimized with the Yoast SEO plugin v22.2 - https:\/\/yoast.com\/wordpress\/plugins\/seo\/ -->\n<title>Aumentar\u00eda capacidad el\u00e9ctrica de zona Canc\u00fan-Riviera Maya - Nitu - Noticias de la Industria Turistica<\/title>\n<meta name=\"description\" content=\"Prodesen dar\u00e1 prioridad a atender la problem\u00e1tica de suministro de energ\u00eda el\u00e9ctrica en la zona de Canc\u00fan-Riviera Maya en Quintana Roo.\" \/>\n<meta name=\"robots\" content=\"index, follow, max-snippet:-1, max-image-preview:large, max-video-preview:-1\" \/>\n<link rel=\"canonical\" href=\"https:\/\/nitu.mx\/index.php\/2019\/06\/03\/aumentaria-capacidad-electrica-de-zona-cancun-riviera-maya\/\" \/>\n<meta name=\"twitter:card\" content=\"summary_large_image\" \/>\n<meta name=\"twitter:title\" content=\"Aumentar\u00eda capacidad el\u00e9ctrica de zona Canc\u00fan-Riviera Maya - Nitu - Noticias de la Industria Turistica\" \/>\n<meta name=\"twitter:description\" content=\"Prodesen dar\u00e1 prioridad a atender la problem\u00e1tica de suministro de energ\u00eda el\u00e9ctrica en la zona de Canc\u00fan-Riviera Maya en Quintana Roo.\" \/>\n<meta name=\"twitter:image\" content=\"https:\/\/nitu.mx\/wp-content\/uploads\/2017\/01\/Cancun.jpg\" \/>\n<meta name=\"twitter:creator\" content=\"@NITUmx\" \/>\n<meta name=\"twitter:site\" content=\"@Arturo_Medina_G\" \/>\n<meta name=\"twitter:label1\" content=\"Escrito por\" \/>\n\t<meta name=\"twitter:data1\" content=\"Redacci\u00f3n\" \/>\n\t<meta name=\"twitter:label2\" content=\"Tiempo de lectura\" \/>\n\t<meta name=\"twitter:data2\" content=\"1 minuto\" \/>\n<script type=\"application\/ld+json\" class=\"yoast-schema-graph\">{\"@context\":\"https:\/\/schema.org\",\"@graph\":[{\"@type\":\"Article\",\"@id\":\"https:\/\/nitu.mx\/index.php\/2019\/06\/03\/aumentaria-capacidad-electrica-de-zona-cancun-riviera-maya\/#article\",\"isPartOf\":{\"@id\":\"https:\/\/nitu.mx\/index.php\/2019\/06\/03\/aumentaria-capacidad-electrica-de-zona-cancun-riviera-maya\/\"},\"author\":{\"name\":\"Redacci\u00f3n\",\"@id\":\"https:\/\/nitu.mx\/#\/schema\/person\/4a28fe9bd65924f7c90623773daf1b0b\"},\"headline\":\"Aumentar\u00eda capacidad el\u00e9ctrica de zona Canc\u00fan-Riviera Maya\",\"datePublished\":\"2019-06-04T04:20:04+00:00\",\"dateModified\":\"2019-06-04T05:00:53+00:00\",\"mainEntityOfPage\":{\"@id\":\"https:\/\/nitu.mx\/index.php\/2019\/06\/03\/aumentaria-capacidad-electrica-de-zona-cancun-riviera-maya\/\"},\"wordCount\":236,\"commentCount\":0,\"publisher\":{\"@id\":\"https:\/\/nitu.mx\/#\/schema\/person\/ae7a53426417292d3dd07b45a33e01bc\"},\"image\":{\"@id\":\"https:\/\/nitu.mx\/index.php\/2019\/06\/03\/aumentaria-capacidad-electrica-de-zona-cancun-riviera-maya\/#primaryimage\"},\"thumbnailUrl\":\"https:\/\/nitu.mx\/wp-content\/uploads\/2017\/01\/Cancun.jpg\",\"keywords\":[\"Canc\u00fan-Riviera Maya\",\"El Programa de Desarrollo del Sistema El\u00e9ctrico Nacional (Prodesen) 2019-2033\",\"Red Nacional de Transmisi\u00f3n\",\"regional Peninsular\"],\"articleSection\":[\"Destinos\",\"M\u00e9xico\"],\"inLanguage\":\"es-MX\",\"potentialAction\":[{\"@type\":\"CommentAction\",\"name\":\"Comment\",\"target\":[\"https:\/\/nitu.mx\/index.php\/2019\/06\/03\/aumentaria-capacidad-electrica-de-zona-cancun-riviera-maya\/#respond\"]}]},{\"@type\":\"WebPage\",\"@id\":\"https:\/\/nitu.mx\/index.php\/2019\/06\/03\/aumentaria-capacidad-electrica-de-zona-cancun-riviera-maya\/\",\"url\":\"https:\/\/nitu.mx\/index.php\/2019\/06\/03\/aumentaria-capacidad-electrica-de-zona-cancun-riviera-maya\/\",\"name\":\"Aumentar\u00eda capacidad el\u00e9ctrica de zona Canc\u00fan-Riviera Maya - Nitu - Noticias de la Industria Turistica\",\"isPartOf\":{\"@id\":\"https:\/\/nitu.mx\/#website\"},\"primaryImageOfPage\":{\"@id\":\"https:\/\/nitu.mx\/index.php\/2019\/06\/03\/aumentaria-capacidad-electrica-de-zona-cancun-riviera-maya\/#primaryimage\"},\"image\":{\"@id\":\"https:\/\/nitu.mx\/index.php\/2019\/06\/03\/aumentaria-capacidad-electrica-de-zona-cancun-riviera-maya\/#primaryimage\"},\"thumbnailUrl\":\"https:\/\/nitu.mx\/wp-content\/uploads\/2017\/01\/Cancun.jpg\",\"datePublished\":\"2019-06-04T04:20:04+00:00\",\"dateModified\":\"2019-06-04T05:00:53+00:00\",\"description\":\"Prodesen dar\u00e1 prioridad a atender la problem\u00e1tica de suministro de energ\u00eda el\u00e9ctrica en la zona de Canc\u00fan-Riviera Maya en Quintana Roo.\",\"breadcrumb\":{\"@id\":\"https:\/\/nitu.mx\/index.php\/2019\/06\/03\/aumentaria-capacidad-electrica-de-zona-cancun-riviera-maya\/#breadcrumb\"},\"inLanguage\":\"es-MX\",\"potentialAction\":[{\"@type\":\"ReadAction\",\"target\":[\"https:\/\/nitu.mx\/index.php\/2019\/06\/03\/aumentaria-capacidad-electrica-de-zona-cancun-riviera-maya\/\"]}]},{\"@type\":\"ImageObject\",\"inLanguage\":\"es-MX\",\"@id\":\"https:\/\/nitu.mx\/index.php\/2019\/06\/03\/aumentaria-capacidad-electrica-de-zona-cancun-riviera-maya\/#primaryimage\",\"url\":\"https:\/\/nitu.mx\/wp-content\/uploads\/2017\/01\/Cancun.jpg\",\"contentUrl\":\"https:\/\/nitu.mx\/wp-content\/uploads\/2017\/01\/Cancun.jpg\",\"width\":640,\"height\":400,\"caption\":\"Cancun CPTQ\"},{\"@type\":\"BreadcrumbList\",\"@id\":\"https:\/\/nitu.mx\/index.php\/2019\/06\/03\/aumentaria-capacidad-electrica-de-zona-cancun-riviera-maya\/#breadcrumb\",\"itemListElement\":[{\"@type\":\"ListItem\",\"position\":1,\"name\":\"Inicio\",\"item\":\"https:\/\/nitu.mx\/\"},{\"@type\":\"ListItem\",\"position\":2,\"name\":\"Aumentar\u00eda capacidad el\u00e9ctrica de zona Canc\u00fan-Riviera Maya\"}]},{\"@type\":\"WebSite\",\"@id\":\"https:\/\/nitu.mx\/#website\",\"url\":\"https:\/\/nitu.mx\/\",\"name\":\"Nitu - Noticias de la Industria Turistica\",\"description\":\"Noticias de la Industria Turistica\",\"publisher\":{\"@id\":\"https:\/\/nitu.mx\/#\/schema\/person\/ae7a53426417292d3dd07b45a33e01bc\"},\"alternateName\":\"Noticias de la Industria Turistica\",\"potentialAction\":[{\"@type\":\"SearchAction\",\"target\":{\"@type\":\"EntryPoint\",\"urlTemplate\":\"https:\/\/nitu.mx\/?s={search_term_string}\"},\"query-input\":\"required name=search_term_string\"}],\"inLanguage\":\"es-MX\"},{\"@type\":[\"Person\",\"Organization\"],\"@id\":\"https:\/\/nitu.mx\/#\/schema\/person\/ae7a53426417292d3dd07b45a33e01bc\",\"name\":\"Arturo Medina\",\"image\":{\"@type\":\"ImageObject\",\"inLanguage\":\"es-MX\",\"@id\":\"https:\/\/nitu.mx\/#\/schema\/person\/image\/\",\"url\":\"https:\/\/nitu.mx\/wp-content\/uploads\/2024\/04\/4A315622-1904-4D5C-B022-878CDC840E04-90x90-1.jpeg\",\"contentUrl\":\"https:\/\/nitu.mx\/wp-content\/uploads\/2024\/04\/4A315622-1904-4D5C-B022-878CDC840E04-90x90-1.jpeg\",\"width\":90,\"height\":90,\"caption\":\"Arturo Medina\"},\"logo\":{\"@id\":\"https:\/\/nitu.mx\/#\/schema\/person\/image\/\"},\"description\":\"Director NITU.mx, Egresado de la Escuela de Periodismo Carlos Septi\u00e9n Garc\u00eda. Periodista y analista especializado en turismo desde hace 35 a\u00f1os, radicado en Canc\u00fan Q.Roo. arturo@nitu.mx\",\"sameAs\":[\"https:\/\/nitu.mx\",\"https:\/\/www.facebook.com\/NITUmx\/\",\"medinacancun\",\"https:\/\/twitter.com\/@Arturo_Medina_G\"]},{\"@type\":\"Person\",\"@id\":\"https:\/\/nitu.mx\/#\/schema\/person\/4a28fe9bd65924f7c90623773daf1b0b\",\"name\":\"Redacci\u00f3n\",\"image\":{\"@type\":\"ImageObject\",\"inLanguage\":\"es-MX\",\"@id\":\"https:\/\/nitu.mx\/#\/schema\/person\/image\/\",\"url\":\"https:\/\/secure.gravatar.com\/avatar\/5dd011c8ccfc5cd7e4c81e42252aab38?s=96&d=mm&r=g\",\"contentUrl\":\"https:\/\/secure.gravatar.com\/avatar\/5dd011c8ccfc5cd7e4c81e42252aab38?s=96&d=mm&r=g\",\"caption\":\"Redacci\u00f3n\"},\"url\":\"https:\/\/nitu.mx\/index.php\/author\/redaccion\/\"}]}<\/script>\n<!-- \/ Yoast SEO plugin. -->","yoast_head_json":{"title":"Aumentar\u00eda capacidad el\u00e9ctrica de zona Canc\u00fan-Riviera Maya - Nitu - Noticias de la Industria Turistica","description":"Prodesen dar\u00e1 prioridad a atender la problem\u00e1tica de suministro de energ\u00eda el\u00e9ctrica en la zona de Canc\u00fan-Riviera Maya en Quintana Roo.","robots":{"index":"index","follow":"follow","max-snippet":"max-snippet:-1","max-image-preview":"max-image-preview:large","max-video-preview":"max-video-preview:-1"},"canonical":"https:\/\/nitu.mx\/index.php\/2019\/06\/03\/aumentaria-capacidad-electrica-de-zona-cancun-riviera-maya\/","twitter_card":"summary_large_image","twitter_title":"Aumentar\u00eda capacidad el\u00e9ctrica de zona Canc\u00fan-Riviera Maya - Nitu - Noticias de la Industria Turistica","twitter_description":"Prodesen dar\u00e1 prioridad a atender la problem\u00e1tica de suministro de energ\u00eda el\u00e9ctrica en la zona de Canc\u00fan-Riviera Maya en Quintana Roo.","twitter_image":"https:\/\/nitu.mx\/wp-content\/uploads\/2017\/01\/Cancun.jpg","twitter_creator":"@NITUmx","twitter_site":"@Arturo_Medina_G","twitter_misc":{"Escrito por":"Redacci\u00f3n","Tiempo de lectura":"1 minuto"},"schema":{"@context":"https:\/\/schema.org","@graph":[{"@type":"Article","@id":"https:\/\/nitu.mx\/index.php\/2019\/06\/03\/aumentaria-capacidad-electrica-de-zona-cancun-riviera-maya\/#article","isPartOf":{"@id":"https:\/\/nitu.mx\/index.php\/2019\/06\/03\/aumentaria-capacidad-electrica-de-zona-cancun-riviera-maya\/"},"author":{"name":"Redacci\u00f3n","@id":"https:\/\/nitu.mx\/#\/schema\/person\/4a28fe9bd65924f7c90623773daf1b0b"},"headline":"Aumentar\u00eda capacidad el\u00e9ctrica de zona Canc\u00fan-Riviera Maya","datePublished":"2019-06-04T04:20:04+00:00","dateModified":"2019-06-04T05:00:53+00:00","mainEntityOfPage":{"@id":"https:\/\/nitu.mx\/index.php\/2019\/06\/03\/aumentaria-capacidad-electrica-de-zona-cancun-riviera-maya\/"},"wordCount":236,"commentCount":0,"publisher":{"@id":"https:\/\/nitu.mx\/#\/schema\/person\/ae7a53426417292d3dd07b45a33e01bc"},"image":{"@id":"https:\/\/nitu.mx\/index.php\/2019\/06\/03\/aumentaria-capacidad-electrica-de-zona-cancun-riviera-maya\/#primaryimage"},"thumbnailUrl":"https:\/\/nitu.mx\/wp-content\/uploads\/2017\/01\/Cancun.jpg","keywords":["Canc\u00fan-Riviera Maya","El Programa de Desarrollo del Sistema El\u00e9ctrico Nacional (Prodesen) 2019-2033","Red Nacional de Transmisi\u00f3n","regional Peninsular"],"articleSection":["Destinos","M\u00e9xico"],"inLanguage":"es-MX","potentialAction":[{"@type":"CommentAction","name":"Comment","target":["https:\/\/nitu.mx\/index.php\/2019\/06\/03\/aumentaria-capacidad-electrica-de-zona-cancun-riviera-maya\/#respond"]}]},{"@type":"WebPage","@id":"https:\/\/nitu.mx\/index.php\/2019\/06\/03\/aumentaria-capacidad-electrica-de-zona-cancun-riviera-maya\/","url":"https:\/\/nitu.mx\/index.php\/2019\/06\/03\/aumentaria-capacidad-electrica-de-zona-cancun-riviera-maya\/","name":"Aumentar\u00eda capacidad el\u00e9ctrica de zona Canc\u00fan-Riviera Maya - Nitu - Noticias de la Industria Turistica","isPartOf":{"@id":"https:\/\/nitu.mx\/#website"},"primaryImageOfPage":{"@id":"https:\/\/nitu.mx\/index.php\/2019\/06\/03\/aumentaria-capacidad-electrica-de-zona-cancun-riviera-maya\/#primaryimage"},"image":{"@id":"https:\/\/nitu.mx\/index.php\/2019\/06\/03\/aumentaria-capacidad-electrica-de-zona-cancun-riviera-maya\/#primaryimage"},"thumbnailUrl":"https:\/\/nitu.mx\/wp-content\/uploads\/2017\/01\/Cancun.jpg","datePublished":"2019-06-04T04:20:04+00:00","dateModified":"2019-06-04T05:00:53+00:00","description":"Prodesen dar\u00e1 prioridad a atender la problem\u00e1tica de suministro de energ\u00eda el\u00e9ctrica en la zona de Canc\u00fan-Riviera Maya en Quintana Roo.","breadcrumb":{"@id":"https:\/\/nitu.mx\/index.php\/2019\/06\/03\/aumentaria-capacidad-electrica-de-zona-cancun-riviera-maya\/#breadcrumb"},"inLanguage":"es-MX","potentialAction":[{"@type":"ReadAction","target":["https:\/\/nitu.mx\/index.php\/2019\/06\/03\/aumentaria-capacidad-electrica-de-zona-cancun-riviera-maya\/"]}]},{"@type":"ImageObject","inLanguage":"es-MX","@id":"https:\/\/nitu.mx\/index.php\/2019\/06\/03\/aumentaria-capacidad-electrica-de-zona-cancun-riviera-maya\/#primaryimage","url":"https:\/\/nitu.mx\/wp-content\/uploads\/2017\/01\/Cancun.jpg","contentUrl":"https:\/\/nitu.mx\/wp-content\/uploads\/2017\/01\/Cancun.jpg","width":640,"height":400,"caption":"Cancun CPTQ"},{"@type":"BreadcrumbList","@id":"https:\/\/nitu.mx\/index.php\/2019\/06\/03\/aumentaria-capacidad-electrica-de-zona-cancun-riviera-maya\/#breadcrumb","itemListElement":[{"@type":"ListItem","position":1,"name":"Inicio","item":"https:\/\/nitu.mx\/"},{"@type":"ListItem","position":2,"name":"Aumentar\u00eda capacidad el\u00e9ctrica de zona Canc\u00fan-Riviera Maya"}]},{"@type":"WebSite","@id":"https:\/\/nitu.mx\/#website","url":"https:\/\/nitu.mx\/","name":"Nitu - Noticias de la Industria Turistica","description":"Noticias de la Industria Turistica","publisher":{"@id":"https:\/\/nitu.mx\/#\/schema\/person\/ae7a53426417292d3dd07b45a33e01bc"},"alternateName":"Noticias de la Industria Turistica","potentialAction":[{"@type":"SearchAction","target":{"@type":"EntryPoint","urlTemplate":"https:\/\/nitu.mx\/?s={search_term_string}"},"query-input":"required name=search_term_string"}],"inLanguage":"es-MX"},{"@type":["Person","Organization"],"@id":"https:\/\/nitu.mx\/#\/schema\/person\/ae7a53426417292d3dd07b45a33e01bc","name":"Arturo Medina","image":{"@type":"ImageObject","inLanguage":"es-MX","@id":"https:\/\/nitu.mx\/#\/schema\/person\/image\/","url":"https:\/\/nitu.mx\/wp-content\/uploads\/2024\/04\/4A315622-1904-4D5C-B022-878CDC840E04-90x90-1.jpeg","contentUrl":"https:\/\/nitu.mx\/wp-content\/uploads\/2024\/04\/4A315622-1904-4D5C-B022-878CDC840E04-90x90-1.jpeg","width":90,"height":90,"caption":"Arturo Medina"},"logo":{"@id":"https:\/\/nitu.mx\/#\/schema\/person\/image\/"},"description":"Director NITU.mx, Egresado de la Escuela de Periodismo Carlos Septi\u00e9n Garc\u00eda. Periodista y analista especializado en turismo desde hace 35 a\u00f1os, radicado en Canc\u00fan Q.Roo. arturo@nitu.mx","sameAs":["https:\/\/nitu.mx","https:\/\/www.facebook.com\/NITUmx\/","medinacancun","https:\/\/twitter.com\/@Arturo_Medina_G"]},{"@type":"Person","@id":"https:\/\/nitu.mx\/#\/schema\/person\/4a28fe9bd65924f7c90623773daf1b0b","name":"Redacci\u00f3n","image":{"@type":"ImageObject","inLanguage":"es-MX","@id":"https:\/\/nitu.mx\/#\/schema\/person\/image\/","url":"https:\/\/secure.gravatar.com\/avatar\/5dd011c8ccfc5cd7e4c81e42252aab38?s=96&d=mm&r=g","contentUrl":"https:\/\/secure.gravatar.com\/avatar\/5dd011c8ccfc5cd7e4c81e42252aab38?s=96&d=mm&r=g","caption":"Redacci\u00f3n"},"url":"https:\/\/nitu.mx\/index.php\/author\/redaccion\/"}]}},"views":348,"_links":{"self":[{"href":"https:\/\/nitu.mx\/index.php\/wp-json\/wp\/v2\/posts\/32455"}],"collection":[{"href":"https:\/\/nitu.mx\/index.php\/wp-json\/wp\/v2\/posts"}],"about":[{"href":"https:\/\/nitu.mx\/index.php\/wp-json\/wp\/v2\/types\/post"}],"author":[{"embeddable":true,"href":"https:\/\/nitu.mx\/index.php\/wp-json\/wp\/v2\/users\/17"}],"replies":[{"embeddable":true,"href":"https:\/\/nitu.mx\/index.php\/wp-json\/wp\/v2\/comments?post=32455"}],"version-history":[{"count":3,"href":"https:\/\/nitu.mx\/index.php\/wp-json\/wp\/v2\/posts\/32455\/revisions"}],"predecessor-version":[{"id":32473,"href":"https:\/\/nitu.mx\/index.php\/wp-json\/wp\/v2\/posts\/32455\/revisions\/32473"}],"wp:featuredmedia":[{"embeddable":true,"href":"https:\/\/nitu.mx\/index.php\/wp-json\/wp\/v2\/media\/5584"}],"wp:attachment":[{"href":"https:\/\/nitu.mx\/index.php\/wp-json\/wp\/v2\/media?parent=32455"}],"wp:term":[{"taxonomy":"category","embeddable":true,"href":"https:\/\/nitu.mx\/index.php\/wp-json\/wp\/v2\/categories?post=32455"},{"taxonomy":"post_tag","embeddable":true,"href":"https:\/\/nitu.mx\/index.php\/wp-json\/wp\/v2\/tags?post=32455"}],"curies":[{"name":"wp","href":"https:\/\/api.w.org\/{rel}","templated":true}]}}