{"id":32439,"date":"2019-06-03T00:19:46","date_gmt":"2019-06-03T05:19:46","guid":{"rendered":"https:\/\/www.dev.nitu.mx\/?p=32439"},"modified":"2019-06-03T00:39:11","modified_gmt":"2019-06-03T05:39:11","slug":"chihuahua-refrenda-liderazgo-de-turismo-medico","status":"publish","type":"post","link":"https:\/\/nitu.mx\/index.php\/2019\/06\/03\/chihuahua-refrenda-liderazgo-de-turismo-medico\/","title":{"rendered":"Chihuahua refrenda liderazgo de turismo m\u00e9dico"},"content":{"rendered":"<p>Rebeca Echanove del bur\u00f3 de Convenciones de Chihuahua y Nathalie Desplas, directora de Turismo del Estado de Chihuahua, se\u00f1alaron que el turismo m\u00e9dico es muy relevante para su entidad especialmente en las fronteras, sobre todo por la derrama que para la entidad tiene este segmento, no solamente en las ciudades fronterizas como Ciudad Ju\u00e1rez y otras m\u00e1s peque\u00f1as. Aunque la ciudad capital Chihuahua sobresale en el aspecto dental.<\/p>\n<p>Echanove se\u00f1al\u00f3 que el turismo dental es el principal segmento de la ciudad capital, y acuden ciudadanos procedentes de los estados del sur de Estados Unidos, como Arizona, Nuevo M\u00e9xico y Texas, que son los tres estados que conforman el mayor n\u00famero de personas que visitan Chihuahua para turismo m\u00e9dico.<\/p>\n<p>Chihuahua ser\u00e1 sede del Congreso Nacional de turismo m\u00e9dico 2020 en mayo 20 y 21 por lo que har\u00e1n alianza con el sector privado de la industria para que est\u00e9n presentes en este evento.<\/p>\n<p>Revelaron que en la entidad tienen oftalm\u00f3logos, cl\u00ednicas dentales por lo que pueden certificar que hay especialistas en Chihuahua que tienen un nivel de calidad de excelencia de primer mundo en la mayor\u00eda de las especialidades, pero lo que m\u00e1s tienen demanda son las especialidades se\u00f1aladas.<\/p>\n<p>Grupo Dental Cumbres es uno de los m\u00e1s representativos del turismo m\u00e9dico, con una cl\u00ednica dental de alta odontolog\u00eda con servicios 100% digitales con los cuales han optimizado los tiempos de trabajo.<br \/>\nDoctor Homero Castro rehabilitador oral de Grupo Dental Cumbres, destac\u00f3 que el turismo m\u00e9dico suele quedarse tres o cuatro d\u00edas para hacerse los procedimientos que necesitan.<\/p>\n<p>Apunt\u00f3 que a nivel internacional M\u00e9xico en precios es muy competitivo, ya que f\u00e1cilmente los clientes de otros pa\u00edses se ahorran del 40 al 60% de lo que tendr\u00edan que pagar en su pa\u00eds en los tratamientos; \u201cEn comparaci\u00f3n con Estados Unidos en calidad satisfacemos sus expectativas, regularmente son pacientes adultos entre 35 a 70 y 75 a\u00f1os, porque son los que m\u00e1s necesitan de procedimientos y de atenci\u00f3n especial como implantolog\u00eda y reconstrucciones orales\u201d.<\/p>\n<p>Explic\u00f3 que generalmente los pacientes que son 90% estadounidenses y 10% canadienses, antes de llegar a Chihuahua se informan a trav\u00e9s de internet de todos los procedimientos, para ello la empresa cuenta con p\u00e1ginas en redes sociales en las cuales se puede ver la calidad del servicio, las certificaciones, el nombre de los m\u00e9dicos, sus estudios y su trayectoria \u201c\u2026 es el mayor respaldo que tenemos y lo que le da confianza a nuestros pacientes; el a\u00f1o pasado fueron unos 200 extranjeros que buscaron tratamientos de alta odontolog\u00eda: reconstrucci\u00f3n e implantes dentales en s\u00ed tratamientos complejos\u201d, detall\u00f3.<\/p>\n","protected":false},"excerpt":{"rendered":"<p>Rebeca Echanove del bur\u00f3 de Convenciones de Chihuahua y Nathalie Desplas, directora de Turismo del Estado de Chihuahua, se\u00f1alaron que el turismo m\u00e9dico es muy relevante para su entidad especialmente en las fronteras, sobre todo por la derrama que para la entidad tiene este segmento, no solamente en las ciudades fronterizas como Ciudad Ju\u00e1rez y [&hellip;]<\/p>\n","protected":false},"author":3,"featured_media":30302,"comment_status":"open","ping_status":"open","sticky":false,"template":"","format":"standard","meta":{"footnotes":""},"categories":[5,6],"tags":[2756,15971,858,857,15969,100,15968,15972,15970,105,2715],"yoast_head":"<!-- This site is optimized with the Yoast SEO plugin v22.2 - https:\/\/yoast.com\/wordpress\/plugins\/seo\/ -->\n<title>Chihuahua refrenda liderazgo de turismo m\u00e9dico - Nitu - Noticias de la Industria Turistica<\/title>\n<meta name=\"description\" content=\"Rebeca Echanove del bur\u00f3 de Convenciones de Chihuahua y Nathalie Desplas, directora de Turismo del Estado de Chihuahua liderazgo turismo m\u00e9dico.\" \/>\n<meta name=\"robots\" content=\"index, follow, max-snippet:-1, max-image-preview:large, max-video-preview:-1\" \/>\n<link rel=\"canonical\" href=\"https:\/\/nitu.mx\/index.php\/2019\/06\/03\/chihuahua-refrenda-liderazgo-de-turismo-medico\/\" \/>\n<meta name=\"twitter:card\" content=\"summary_large_image\" \/>\n<meta name=\"twitter:title\" content=\"Chihuahua refrenda liderazgo de turismo m\u00e9dico - Nitu - Noticias de la Industria Turistica\" \/>\n<meta name=\"twitter:description\" content=\"Rebeca Echanove del bur\u00f3 de Convenciones de Chihuahua y Nathalie Desplas, directora de Turismo del Estado de Chihuahua liderazgo turismo m\u00e9dico.\" \/>\n<meta name=\"twitter:image\" content=\"https:\/\/nitu.mx\/wp-content\/uploads\/2019\/03\/Chihuahua.jpg\" \/>\n<meta name=\"twitter:creator\" content=\"@NITUmx\" \/>\n<meta name=\"twitter:site\" content=\"@Arturo_Medina_G\" \/>\n<meta name=\"twitter:label1\" content=\"Escrito por\" \/>\n\t<meta name=\"twitter:data1\" content=\"Alejandra Moncisbays\" \/>\n\t<meta name=\"twitter:label2\" content=\"Tiempo de lectura\" \/>\n\t<meta name=\"twitter:data2\" content=\"2 minutos\" \/>\n<script type=\"application\/ld+json\" class=\"yoast-schema-graph\">{\"@context\":\"https:\/\/schema.org\",\"@graph\":[{\"@type\":\"Article\",\"@id\":\"https:\/\/nitu.mx\/index.php\/2019\/06\/03\/chihuahua-refrenda-liderazgo-de-turismo-medico\/#article\",\"isPartOf\":{\"@id\":\"https:\/\/nitu.mx\/index.php\/2019\/06\/03\/chihuahua-refrenda-liderazgo-de-turismo-medico\/\"},\"author\":{\"name\":\"Alejandra Moncisbays\",\"@id\":\"https:\/\/nitu.mx\/#\/schema\/person\/2ecd887b19dfd3382d1f14fc5acf24a8\"},\"headline\":\"Chihuahua refrenda liderazgo de turismo m\u00e9dico\",\"datePublished\":\"2019-06-03T05:19:46+00:00\",\"dateModified\":\"2019-06-03T05:39:11+00:00\",\"mainEntityOfPage\":{\"@id\":\"https:\/\/nitu.mx\/index.php\/2019\/06\/03\/chihuahua-refrenda-liderazgo-de-turismo-medico\/\"},\"wordCount\":461,\"commentCount\":0,\"publisher\":{\"@id\":\"https:\/\/nitu.mx\/#\/schema\/person\/ae7a53426417292d3dd07b45a33e01bc\"},\"image\":{\"@id\":\"https:\/\/nitu.mx\/index.php\/2019\/06\/03\/chihuahua-refrenda-liderazgo-de-turismo-medico\/#primaryimage\"},\"thumbnailUrl\":\"https:\/\/nitu.mx\/wp-content\/uploads\/2019\/03\/Chihuahua.jpg\",\"keywords\":[\"Arizona\",\"bur\u00f3 de Convenciones de Chihuahua\",\"Chihuahua\",\"Ciudad Ju\u00e1rez\",\"directora de Turismo\",\"Estados Unidos\",\"Nathalie Desplas\",\"Nuevo M\u00e9xico\",\"Rebeca Echanove\",\"Texas\",\"Turismo M\u00e9dico\"],\"articleSection\":[\"Destinos\",\"M\u00e9xico\"],\"inLanguage\":\"es-MX\",\"potentialAction\":[{\"@type\":\"CommentAction\",\"name\":\"Comment\",\"target\":[\"https:\/\/nitu.mx\/index.php\/2019\/06\/03\/chihuahua-refrenda-liderazgo-de-turismo-medico\/#respond\"]}]},{\"@type\":\"WebPage\",\"@id\":\"https:\/\/nitu.mx\/index.php\/2019\/06\/03\/chihuahua-refrenda-liderazgo-de-turismo-medico\/\",\"url\":\"https:\/\/nitu.mx\/index.php\/2019\/06\/03\/chihuahua-refrenda-liderazgo-de-turismo-medico\/\",\"name\":\"Chihuahua refrenda liderazgo de turismo m\u00e9dico - Nitu - Noticias de la Industria Turistica\",\"isPartOf\":{\"@id\":\"https:\/\/nitu.mx\/#website\"},\"primaryImageOfPage\":{\"@id\":\"https:\/\/nitu.mx\/index.php\/2019\/06\/03\/chihuahua-refrenda-liderazgo-de-turismo-medico\/#primaryimage\"},\"image\":{\"@id\":\"https:\/\/nitu.mx\/index.php\/2019\/06\/03\/chihuahua-refrenda-liderazgo-de-turismo-medico\/#primaryimage\"},\"thumbnailUrl\":\"https:\/\/nitu.mx\/wp-content\/uploads\/2019\/03\/Chihuahua.jpg\",\"datePublished\":\"2019-06-03T05:19:46+00:00\",\"dateModified\":\"2019-06-03T05:39:11+00:00\",\"description\":\"Rebeca Echanove del bur\u00f3 de Convenciones de Chihuahua y Nathalie Desplas, directora de Turismo del Estado de Chihuahua liderazgo turismo m\u00e9dico.\",\"breadcrumb\":{\"@id\":\"https:\/\/nitu.mx\/index.php\/2019\/06\/03\/chihuahua-refrenda-liderazgo-de-turismo-medico\/#breadcrumb\"},\"inLanguage\":\"es-MX\",\"potentialAction\":[{\"@type\":\"ReadAction\",\"target\":[\"https:\/\/nitu.mx\/index.php\/2019\/06\/03\/chihuahua-refrenda-liderazgo-de-turismo-medico\/\"]}]},{\"@type\":\"ImageObject\",\"inLanguage\":\"es-MX\",\"@id\":\"https:\/\/nitu.mx\/index.php\/2019\/06\/03\/chihuahua-refrenda-liderazgo-de-turismo-medico\/#primaryimage\",\"url\":\"https:\/\/nitu.mx\/wp-content\/uploads\/2019\/03\/Chihuahua.jpg\",\"contentUrl\":\"https:\/\/nitu.mx\/wp-content\/uploads\/2019\/03\/Chihuahua.jpg\",\"width\":850,\"height\":480,\"caption\":\"Chihuahua\"},{\"@type\":\"BreadcrumbList\",\"@id\":\"https:\/\/nitu.mx\/index.php\/2019\/06\/03\/chihuahua-refrenda-liderazgo-de-turismo-medico\/#breadcrumb\",\"itemListElement\":[{\"@type\":\"ListItem\",\"position\":1,\"name\":\"Inicio\",\"item\":\"https:\/\/nitu.mx\/\"},{\"@type\":\"ListItem\",\"position\":2,\"name\":\"Chihuahua refrenda liderazgo de turismo m\u00e9dico\"}]},{\"@type\":\"WebSite\",\"@id\":\"https:\/\/nitu.mx\/#website\",\"url\":\"https:\/\/nitu.mx\/\",\"name\":\"Nitu - Noticias de la Industria Turistica\",\"description\":\"Noticias de la Industria Turistica\",\"publisher\":{\"@id\":\"https:\/\/nitu.mx\/#\/schema\/person\/ae7a53426417292d3dd07b45a33e01bc\"},\"alternateName\":\"Noticias de la Industria Turistica\",\"potentialAction\":[{\"@type\":\"SearchAction\",\"target\":{\"@type\":\"EntryPoint\",\"urlTemplate\":\"https:\/\/nitu.mx\/?s={search_term_string}\"},\"query-input\":\"required name=search_term_string\"}],\"inLanguage\":\"es-MX\"},{\"@type\":[\"Person\",\"Organization\"],\"@id\":\"https:\/\/nitu.mx\/#\/schema\/person\/ae7a53426417292d3dd07b45a33e01bc\",\"name\":\"Arturo Medina\",\"image\":{\"@type\":\"ImageObject\",\"inLanguage\":\"es-MX\",\"@id\":\"https:\/\/nitu.mx\/#\/schema\/person\/image\/\",\"url\":\"https:\/\/nitu.mx\/wp-content\/uploads\/2024\/04\/4A315622-1904-4D5C-B022-878CDC840E04-90x90-1.jpeg\",\"contentUrl\":\"https:\/\/nitu.mx\/wp-content\/uploads\/2024\/04\/4A315622-1904-4D5C-B022-878CDC840E04-90x90-1.jpeg\",\"width\":90,\"height\":90,\"caption\":\"Arturo Medina\"},\"logo\":{\"@id\":\"https:\/\/nitu.mx\/#\/schema\/person\/image\/\"},\"description\":\"Director NITU.mx, Egresado de la Escuela de Periodismo Carlos Septi\u00e9n Garc\u00eda. Periodista y analista especializado en turismo desde hace 35 a\u00f1os, radicado en Canc\u00fan Q.Roo. arturo@nitu.mx\",\"sameAs\":[\"https:\/\/nitu.mx\",\"https:\/\/www.facebook.com\/NITUmx\/\",\"medinacancun\",\"https:\/\/twitter.com\/@Arturo_Medina_G\"]},{\"@type\":\"Person\",\"@id\":\"https:\/\/nitu.mx\/#\/schema\/person\/2ecd887b19dfd3382d1f14fc5acf24a8\",\"name\":\"Alejandra Moncisbays\",\"image\":{\"@type\":\"ImageObject\",\"inLanguage\":\"es-MX\",\"@id\":\"https:\/\/nitu.mx\/#\/schema\/person\/image\/\",\"url\":\"https:\/\/secure.gravatar.com\/avatar\/e74f7af0be172b7804dacfd0bfbef787?s=96&d=mm&r=g\",\"contentUrl\":\"https:\/\/secure.gravatar.com\/avatar\/e74f7af0be172b7804dacfd0bfbef787?s=96&d=mm&r=g\",\"caption\":\"Alejandra Moncisbays\"},\"description\":\"Curs\u00e9 la carrera de Periodismo y Comunicaci\u00f3n en la Facultad de Estudios Profesionales Acatl\u00e1n. Vivo en Canc\u00fan desde hace 24 a\u00f1os. Fui reportera de La Tarde de Canc\u00fan, y Novedades de Quintana Roo, colabor\u00e9 en TVCUN, edit\u00e9 Cancun\u00edssimo y colabor\u00e9 en las revistas Latitud21, entre otras, con principal enfoque en los sectores empresarial y tur\u00edstico. Desde hace varios a\u00f1os soy Agente de Seguros con c\u00e9dula de la Comisi\u00f3n Nacional de Seguros y Fianzas. Actualmente, me desarrollo en los \u00e1mbitos del periodismo y el sector asegurador.\",\"sameAs\":[\"https:\/\/nitu.mx\"],\"url\":\"https:\/\/nitu.mx\/index.php\/author\/alejandra\/\"}]}<\/script>\n<!-- \/ Yoast SEO plugin. -->","yoast_head_json":{"title":"Chihuahua refrenda liderazgo de turismo m\u00e9dico - Nitu - Noticias de la Industria Turistica","description":"Rebeca Echanove del bur\u00f3 de Convenciones de Chihuahua y Nathalie Desplas, directora de Turismo del Estado de Chihuahua liderazgo turismo m\u00e9dico.","robots":{"index":"index","follow":"follow","max-snippet":"max-snippet:-1","max-image-preview":"max-image-preview:large","max-video-preview":"max-video-preview:-1"},"canonical":"https:\/\/nitu.mx\/index.php\/2019\/06\/03\/chihuahua-refrenda-liderazgo-de-turismo-medico\/","twitter_card":"summary_large_image","twitter_title":"Chihuahua refrenda liderazgo de turismo m\u00e9dico - Nitu - Noticias de la Industria Turistica","twitter_description":"Rebeca Echanove del bur\u00f3 de Convenciones de Chihuahua y Nathalie Desplas, directora de Turismo del Estado de Chihuahua liderazgo turismo m\u00e9dico.","twitter_image":"https:\/\/nitu.mx\/wp-content\/uploads\/2019\/03\/Chihuahua.jpg","twitter_creator":"@NITUmx","twitter_site":"@Arturo_Medina_G","twitter_misc":{"Escrito por":"Alejandra Moncisbays","Tiempo de lectura":"2 minutos"},"schema":{"@context":"https:\/\/schema.org","@graph":[{"@type":"Article","@id":"https:\/\/nitu.mx\/index.php\/2019\/06\/03\/chihuahua-refrenda-liderazgo-de-turismo-medico\/#article","isPartOf":{"@id":"https:\/\/nitu.mx\/index.php\/2019\/06\/03\/chihuahua-refrenda-liderazgo-de-turismo-medico\/"},"author":{"name":"Alejandra Moncisbays","@id":"https:\/\/nitu.mx\/#\/schema\/person\/2ecd887b19dfd3382d1f14fc5acf24a8"},"headline":"Chihuahua refrenda liderazgo de turismo m\u00e9dico","datePublished":"2019-06-03T05:19:46+00:00","dateModified":"2019-06-03T05:39:11+00:00","mainEntityOfPage":{"@id":"https:\/\/nitu.mx\/index.php\/2019\/06\/03\/chihuahua-refrenda-liderazgo-de-turismo-medico\/"},"wordCount":461,"commentCount":0,"publisher":{"@id":"https:\/\/nitu.mx\/#\/schema\/person\/ae7a53426417292d3dd07b45a33e01bc"},"image":{"@id":"https:\/\/nitu.mx\/index.php\/2019\/06\/03\/chihuahua-refrenda-liderazgo-de-turismo-medico\/#primaryimage"},"thumbnailUrl":"https:\/\/nitu.mx\/wp-content\/uploads\/2019\/03\/Chihuahua.jpg","keywords":["Arizona","bur\u00f3 de Convenciones de Chihuahua","Chihuahua","Ciudad Ju\u00e1rez","directora de Turismo","Estados Unidos","Nathalie Desplas","Nuevo M\u00e9xico","Rebeca Echanove","Texas","Turismo M\u00e9dico"],"articleSection":["Destinos","M\u00e9xico"],"inLanguage":"es-MX","potentialAction":[{"@type":"CommentAction","name":"Comment","target":["https:\/\/nitu.mx\/index.php\/2019\/06\/03\/chihuahua-refrenda-liderazgo-de-turismo-medico\/#respond"]}]},{"@type":"WebPage","@id":"https:\/\/nitu.mx\/index.php\/2019\/06\/03\/chihuahua-refrenda-liderazgo-de-turismo-medico\/","url":"https:\/\/nitu.mx\/index.php\/2019\/06\/03\/chihuahua-refrenda-liderazgo-de-turismo-medico\/","name":"Chihuahua refrenda liderazgo de turismo m\u00e9dico - Nitu - Noticias de la Industria Turistica","isPartOf":{"@id":"https:\/\/nitu.mx\/#website"},"primaryImageOfPage":{"@id":"https:\/\/nitu.mx\/index.php\/2019\/06\/03\/chihuahua-refrenda-liderazgo-de-turismo-medico\/#primaryimage"},"image":{"@id":"https:\/\/nitu.mx\/index.php\/2019\/06\/03\/chihuahua-refrenda-liderazgo-de-turismo-medico\/#primaryimage"},"thumbnailUrl":"https:\/\/nitu.mx\/wp-content\/uploads\/2019\/03\/Chihuahua.jpg","datePublished":"2019-06-03T05:19:46+00:00","dateModified":"2019-06-03T05:39:11+00:00","description":"Rebeca Echanove del bur\u00f3 de Convenciones de Chihuahua y Nathalie Desplas, directora de Turismo del Estado de Chihuahua liderazgo turismo m\u00e9dico.","breadcrumb":{"@id":"https:\/\/nitu.mx\/index.php\/2019\/06\/03\/chihuahua-refrenda-liderazgo-de-turismo-medico\/#breadcrumb"},"inLanguage":"es-MX","potentialAction":[{"@type":"ReadAction","target":["https:\/\/nitu.mx\/index.php\/2019\/06\/03\/chihuahua-refrenda-liderazgo-de-turismo-medico\/"]}]},{"@type":"ImageObject","inLanguage":"es-MX","@id":"https:\/\/nitu.mx\/index.php\/2019\/06\/03\/chihuahua-refrenda-liderazgo-de-turismo-medico\/#primaryimage","url":"https:\/\/nitu.mx\/wp-content\/uploads\/2019\/03\/Chihuahua.jpg","contentUrl":"https:\/\/nitu.mx\/wp-content\/uploads\/2019\/03\/Chihuahua.jpg","width":850,"height":480,"caption":"Chihuahua"},{"@type":"BreadcrumbList","@id":"https:\/\/nitu.mx\/index.php\/2019\/06\/03\/chihuahua-refrenda-liderazgo-de-turismo-medico\/#breadcrumb","itemListElement":[{"@type":"ListItem","position":1,"name":"Inicio","item":"https:\/\/nitu.mx\/"},{"@type":"ListItem","position":2,"name":"Chihuahua refrenda liderazgo de turismo m\u00e9dico"}]},{"@type":"WebSite","@id":"https:\/\/nitu.mx\/#website","url":"https:\/\/nitu.mx\/","name":"Nitu - Noticias de la Industria Turistica","description":"Noticias de la Industria Turistica","publisher":{"@id":"https:\/\/nitu.mx\/#\/schema\/person\/ae7a53426417292d3dd07b45a33e01bc"},"alternateName":"Noticias de la Industria Turistica","potentialAction":[{"@type":"SearchAction","target":{"@type":"EntryPoint","urlTemplate":"https:\/\/nitu.mx\/?s={search_term_string}"},"query-input":"required name=search_term_string"}],"inLanguage":"es-MX"},{"@type":["Person","Organization"],"@id":"https:\/\/nitu.mx\/#\/schema\/person\/ae7a53426417292d3dd07b45a33e01bc","name":"Arturo Medina","image":{"@type":"ImageObject","inLanguage":"es-MX","@id":"https:\/\/nitu.mx\/#\/schema\/person\/image\/","url":"https:\/\/nitu.mx\/wp-content\/uploads\/2024\/04\/4A315622-1904-4D5C-B022-878CDC840E04-90x90-1.jpeg","contentUrl":"https:\/\/nitu.mx\/wp-content\/uploads\/2024\/04\/4A315622-1904-4D5C-B022-878CDC840E04-90x90-1.jpeg","width":90,"height":90,"caption":"Arturo Medina"},"logo":{"@id":"https:\/\/nitu.mx\/#\/schema\/person\/image\/"},"description":"Director NITU.mx, Egresado de la Escuela de Periodismo Carlos Septi\u00e9n Garc\u00eda. Periodista y analista especializado en turismo desde hace 35 a\u00f1os, radicado en Canc\u00fan Q.Roo. arturo@nitu.mx","sameAs":["https:\/\/nitu.mx","https:\/\/www.facebook.com\/NITUmx\/","medinacancun","https:\/\/twitter.com\/@Arturo_Medina_G"]},{"@type":"Person","@id":"https:\/\/nitu.mx\/#\/schema\/person\/2ecd887b19dfd3382d1f14fc5acf24a8","name":"Alejandra Moncisbays","image":{"@type":"ImageObject","inLanguage":"es-MX","@id":"https:\/\/nitu.mx\/#\/schema\/person\/image\/","url":"https:\/\/secure.gravatar.com\/avatar\/e74f7af0be172b7804dacfd0bfbef787?s=96&d=mm&r=g","contentUrl":"https:\/\/secure.gravatar.com\/avatar\/e74f7af0be172b7804dacfd0bfbef787?s=96&d=mm&r=g","caption":"Alejandra Moncisbays"},"description":"Curs\u00e9 la carrera de Periodismo y Comunicaci\u00f3n en la Facultad de Estudios Profesionales Acatl\u00e1n. Vivo en Canc\u00fan desde hace 24 a\u00f1os. Fui reportera de La Tarde de Canc\u00fan, y Novedades de Quintana Roo, colabor\u00e9 en TVCUN, edit\u00e9 Cancun\u00edssimo y colabor\u00e9 en las revistas Latitud21, entre otras, con principal enfoque en los sectores empresarial y tur\u00edstico. Desde hace varios a\u00f1os soy Agente de Seguros con c\u00e9dula de la Comisi\u00f3n Nacional de Seguros y Fianzas. Actualmente, me desarrollo en los \u00e1mbitos del periodismo y el sector asegurador.","sameAs":["https:\/\/nitu.mx"],"url":"https:\/\/nitu.mx\/index.php\/author\/alejandra\/"}]}},"views":366,"_links":{"self":[{"href":"https:\/\/nitu.mx\/index.php\/wp-json\/wp\/v2\/posts\/32439"}],"collection":[{"href":"https:\/\/nitu.mx\/index.php\/wp-json\/wp\/v2\/posts"}],"about":[{"href":"https:\/\/nitu.mx\/index.php\/wp-json\/wp\/v2\/types\/post"}],"author":[{"embeddable":true,"href":"https:\/\/nitu.mx\/index.php\/wp-json\/wp\/v2\/users\/3"}],"replies":[{"embeddable":true,"href":"https:\/\/nitu.mx\/index.php\/wp-json\/wp\/v2\/comments?post=32439"}],"version-history":[{"count":3,"href":"https:\/\/nitu.mx\/index.php\/wp-json\/wp\/v2\/posts\/32439\/revisions"}],"predecessor-version":[{"id":32449,"href":"https:\/\/nitu.mx\/index.php\/wp-json\/wp\/v2\/posts\/32439\/revisions\/32449"}],"wp:featuredmedia":[{"embeddable":true,"href":"https:\/\/nitu.mx\/index.php\/wp-json\/wp\/v2\/media\/30302"}],"wp:attachment":[{"href":"https:\/\/nitu.mx\/index.php\/wp-json\/wp\/v2\/media?parent=32439"}],"wp:term":[{"taxonomy":"category","embeddable":true,"href":"https:\/\/nitu.mx\/index.php\/wp-json\/wp\/v2\/categories?post=32439"},{"taxonomy":"post_tag","embeddable":true,"href":"https:\/\/nitu.mx\/index.php\/wp-json\/wp\/v2\/tags?post=32439"}],"curies":[{"name":"wp","href":"https:\/\/api.w.org\/{rel}","templated":true}]}}