{"id":32430,"date":"2019-06-02T23:12:12","date_gmt":"2019-06-03T04:12:12","guid":{"rendered":"https:\/\/www.dev.nitu.mx\/?p=32430"},"modified":"2019-06-03T00:38:36","modified_gmt":"2019-06-03T05:38:36","slug":"cnet-alerta-de-perdida-de-empleos-turisticos","status":"publish","type":"post","link":"https:\/\/nitu.mx\/index.php\/2019\/06\/02\/cnet-alerta-de-perdida-de-empleos-turisticos\/","title":{"rendered":"CNET alerta de p\u00e9rdida de empleos tur\u00edsticos"},"content":{"rendered":"<p>Pablo Azc\u00e1rraga, presidente del Grupo Posadas y del Consejo Nacional Empresarial Tur\u00edstico (CNET), afirma que la ca\u00edda en la demanda de 7% en el primer trimestre aunada a la disminuci\u00f3n de 15% en la tarifa ha generado una contracci\u00f3n superior al 20% en el ebitda de las empresas hoteleras en relaci\u00f3n con el a\u00f1o pasado y el gran riesgo es p\u00e9rdida de empleos.<\/p>\n<p>\u201cMe frustra \u2013dijo Azc\u00e1rraga\u2013 haber perdido un mecanismo de promoci\u00f3n que demostr\u00f3 durante m\u00e1s de 20 a\u00f1os su eficiencia, sin costos para el gobierno sus recursos proven\u00edan de los derechos que pagan los turistas extranjeros y que ahora se destinar\u00e1n al Tren Maya sin que se haya modificado la Ley Federal de Derechos\u201d, se\u00f1ala Dinero.<\/p>\n<p>El l\u00edder del gremio de los turisteros mexicanos a\u00f1adi\u00f3,que se est\u00e1 generando una crisis con cancelaciones en todos los segmentos como son grupos y convenciones, mientras que otros pa\u00edses como Jamaica y Rep\u00fablica Dominicana registran crecimientos de 20 por ciento.<\/p>\n<p>Azc\u00e1rraga se sum\u00f3 a Omar Hip\u00f3lito Ortiz, presidente de la Asociaci\u00f3n de Hoteles del Centro de Playa del Carmen, el n\u00facleo de Riviera Maya, quien hace d\u00edas se\u00f1al\u00f3 que por el sargazo la ocupaci\u00f3n hotelera oscila entre el 45 y 51 por ciento, lo que puede provocar despidos, al tiempo que directivos hoteleros piden trasladarse a Miami por la percepci\u00f3n de inseguridad.<\/p>\n<p>Braulio Arsuaga Losada, director General de Grupo Presidente, de su lado, quien es el nuevo presidente de la Asociaci\u00f3n Nacional de Cadenas Hoteleras, coinciden en se\u00f1alar que es urgente reactivar la promoci\u00f3n tur\u00edstica, asegura que no pretenden que se cree un nuevo CPTM, pero s\u00ed que el turismo est\u00e9 en la agenda prioritaria. (<a title=\"CNET apuesta por duplicar el gasto de turistas en M\u00e9xico\" href=\"https:\/\/www.dev.nitu.mx\/index.php\/2018\/10\/11\/cnet-apuesta-por-duplicar-el-gasto-de-turistas-en-mexico\/\" rel=\"bookmark\">CNET apuesta por duplicar el gasto de turistas en M\u00e9xico<\/a>).<\/p>\n<p>Arsuaga reclam\u00f3 que se reanude la promoci\u00f3n al turismo, y no s\u00f3lo en lo que se refiere a campa\u00f1as publicitarias de M\u00e9xico en el extranjero, sino fortalecer la marca M\u00e9xico y tambi\u00e9n destinar recursos para manejo de crisis, para enfrentar noticias negativas como la inseguridad y ahora el problema del sargazo en Quintana Roo.<\/p>\n<p>Despu\u00e9s de tocar puertas con Miguel Torruco, secretario del Turismo, y con Alfonso Romo, jefe de la Oficina de la Presidencia, ahora esperan tener resultados con Marcelo Ebrard, secretario de Relaciones Exteriores, responsable de la promoci\u00f3n de M\u00e9xico en el extranjero tras la desaparici\u00f3n de ProM\u00e9xico.<\/p>\n<p>Durante abril, el sargazo y la falta de promoci\u00f3n en Quintana Roo le pegaron a la ocupaci\u00f3n hotelera, y a pesar de que en este a\u00f1o, el periodo vacacional de Semana Santa cay\u00f3 en abril y esto debi\u00f3 impulsar la llega de turistas, como revel\u00f3 el imparcial, la ocupaci\u00f3n en Canc\u00fan y Puerto Morelos fue menor que en el mismo mes del a\u00f1o pasado, lo que hizo repuntar a Vallarta y Los Cabos.<\/p>\n","protected":false},"excerpt":{"rendered":"<p>Pablo Azc\u00e1rraga, presidente del Grupo Posadas y del Consejo Nacional Empresarial Tur\u00edstico (CNET), afirma que la ca\u00edda en la demanda de 7% en el primer trimestre aunada a la disminuci\u00f3n de 15% en la tarifa ha generado una contracci\u00f3n superior al 20% en el ebitda de las empresas hoteleras en relaci\u00f3n con el a\u00f1o pasado [&hellip;]<\/p>\n","protected":false},"author":17,"featured_media":31298,"comment_status":"open","ping_status":"open","sticky":false,"template":"","format":"standard","meta":{"footnotes":""},"categories":[12,6],"tags":[836,2546,8722,15964,835,15963,6764,11427,4005],"yoast_head":"<!-- This site is optimized with the Yoast SEO plugin v22.2 - https:\/\/yoast.com\/wordpress\/plugins\/seo\/ -->\n<title>CNET alerta de p\u00e9rdida de empleos tur\u00edsticos - Nitu - Noticias de la Industria Turistica<\/title>\n<meta name=\"description\" content=\"Pablo Azc\u00e1rraga, presidente del Grupo Posadas y del Consejo Nacional Empresarial Tur\u00edstico (CNET), afirma la ca\u00edda en la demanda de 7%.\" \/>\n<meta name=\"robots\" content=\"index, follow, max-snippet:-1, max-image-preview:large, max-video-preview:-1\" \/>\n<link rel=\"canonical\" href=\"https:\/\/nitu.mx\/index.php\/2019\/06\/02\/cnet-alerta-de-perdida-de-empleos-turisticos\/\" \/>\n<meta name=\"twitter:card\" content=\"summary_large_image\" \/>\n<meta name=\"twitter:title\" content=\"CNET alerta de p\u00e9rdida de empleos tur\u00edsticos - Nitu - Noticias de la Industria Turistica\" \/>\n<meta name=\"twitter:description\" content=\"Pablo Azc\u00e1rraga, presidente del Grupo Posadas y del Consejo Nacional Empresarial Tur\u00edstico (CNET), afirma la ca\u00edda en la demanda de 7%.\" \/>\n<meta name=\"twitter:image\" content=\"https:\/\/nitu.mx\/wp-content\/uploads\/2019\/04\/Pablo-Azcarraga-CNET.jpg\" \/>\n<meta name=\"twitter:creator\" content=\"@NITUmx\" \/>\n<meta name=\"twitter:site\" content=\"@Arturo_Medina_G\" \/>\n<meta name=\"twitter:label1\" content=\"Escrito por\" \/>\n\t<meta name=\"twitter:data1\" content=\"Redacci\u00f3n\" \/>\n\t<meta name=\"twitter:label2\" content=\"Tiempo de lectura\" \/>\n\t<meta name=\"twitter:data2\" content=\"2 minutos\" \/>\n<script type=\"application\/ld+json\" class=\"yoast-schema-graph\">{\"@context\":\"https:\/\/schema.org\",\"@graph\":[{\"@type\":\"Article\",\"@id\":\"https:\/\/nitu.mx\/index.php\/2019\/06\/02\/cnet-alerta-de-perdida-de-empleos-turisticos\/#article\",\"isPartOf\":{\"@id\":\"https:\/\/nitu.mx\/index.php\/2019\/06\/02\/cnet-alerta-de-perdida-de-empleos-turisticos\/\"},\"author\":{\"name\":\"Redacci\u00f3n\",\"@id\":\"https:\/\/nitu.mx\/#\/schema\/person\/4a28fe9bd65924f7c90623773daf1b0b\"},\"headline\":\"CNET alerta de p\u00e9rdida de empleos tur\u00edsticos\",\"datePublished\":\"2019-06-03T04:12:12+00:00\",\"dateModified\":\"2019-06-03T05:38:36+00:00\",\"mainEntityOfPage\":{\"@id\":\"https:\/\/nitu.mx\/index.php\/2019\/06\/02\/cnet-alerta-de-perdida-de-empleos-turisticos\/\"},\"wordCount\":508,\"commentCount\":0,\"publisher\":{\"@id\":\"https:\/\/nitu.mx\/#\/schema\/person\/ae7a53426417292d3dd07b45a33e01bc\"},\"image\":{\"@id\":\"https:\/\/nitu.mx\/index.php\/2019\/06\/02\/cnet-alerta-de-perdida-de-empleos-turisticos\/#primaryimage\"},\"thumbnailUrl\":\"https:\/\/nitu.mx\/wp-content\/uploads\/2019\/04\/Pablo-Azcarraga-CNET.jpg\",\"keywords\":[\"Consejo Nacional Empresarial Tur\u00edstico (CNET)\",\"EBITDA\",\"empleos\",\"empresas hoteleras\",\"Pablo Azc\u00e1rraga\",\"presidente del Grupo Posadas\",\"promoci\u00f3n\",\"Tren Maya\",\"Turistas Extranjeros\"],\"articleSection\":[\"Marketing\",\"M\u00e9xico\"],\"inLanguage\":\"es-MX\",\"potentialAction\":[{\"@type\":\"CommentAction\",\"name\":\"Comment\",\"target\":[\"https:\/\/nitu.mx\/index.php\/2019\/06\/02\/cnet-alerta-de-perdida-de-empleos-turisticos\/#respond\"]}]},{\"@type\":\"WebPage\",\"@id\":\"https:\/\/nitu.mx\/index.php\/2019\/06\/02\/cnet-alerta-de-perdida-de-empleos-turisticos\/\",\"url\":\"https:\/\/nitu.mx\/index.php\/2019\/06\/02\/cnet-alerta-de-perdida-de-empleos-turisticos\/\",\"name\":\"CNET alerta de p\u00e9rdida de empleos tur\u00edsticos - Nitu - Noticias de la Industria Turistica\",\"isPartOf\":{\"@id\":\"https:\/\/nitu.mx\/#website\"},\"primaryImageOfPage\":{\"@id\":\"https:\/\/nitu.mx\/index.php\/2019\/06\/02\/cnet-alerta-de-perdida-de-empleos-turisticos\/#primaryimage\"},\"image\":{\"@id\":\"https:\/\/nitu.mx\/index.php\/2019\/06\/02\/cnet-alerta-de-perdida-de-empleos-turisticos\/#primaryimage\"},\"thumbnailUrl\":\"https:\/\/nitu.mx\/wp-content\/uploads\/2019\/04\/Pablo-Azcarraga-CNET.jpg\",\"datePublished\":\"2019-06-03T04:12:12+00:00\",\"dateModified\":\"2019-06-03T05:38:36+00:00\",\"description\":\"Pablo Azc\u00e1rraga, presidente del Grupo Posadas y del Consejo Nacional Empresarial Tur\u00edstico (CNET), afirma la ca\u00edda en la demanda de 7%.\",\"breadcrumb\":{\"@id\":\"https:\/\/nitu.mx\/index.php\/2019\/06\/02\/cnet-alerta-de-perdida-de-empleos-turisticos\/#breadcrumb\"},\"inLanguage\":\"es-MX\",\"potentialAction\":[{\"@type\":\"ReadAction\",\"target\":[\"https:\/\/nitu.mx\/index.php\/2019\/06\/02\/cnet-alerta-de-perdida-de-empleos-turisticos\/\"]}]},{\"@type\":\"ImageObject\",\"inLanguage\":\"es-MX\",\"@id\":\"https:\/\/nitu.mx\/index.php\/2019\/06\/02\/cnet-alerta-de-perdida-de-empleos-turisticos\/#primaryimage\",\"url\":\"https:\/\/nitu.mx\/wp-content\/uploads\/2019\/04\/Pablo-Azcarraga-CNET.jpg\",\"contentUrl\":\"https:\/\/nitu.mx\/wp-content\/uploads\/2019\/04\/Pablo-Azcarraga-CNET.jpg\",\"width\":850,\"height\":480,\"caption\":\"Pablo Azcarraga CNET\"},{\"@type\":\"BreadcrumbList\",\"@id\":\"https:\/\/nitu.mx\/index.php\/2019\/06\/02\/cnet-alerta-de-perdida-de-empleos-turisticos\/#breadcrumb\",\"itemListElement\":[{\"@type\":\"ListItem\",\"position\":1,\"name\":\"Inicio\",\"item\":\"https:\/\/nitu.mx\/\"},{\"@type\":\"ListItem\",\"position\":2,\"name\":\"CNET alerta de p\u00e9rdida de empleos tur\u00edsticos\"}]},{\"@type\":\"WebSite\",\"@id\":\"https:\/\/nitu.mx\/#website\",\"url\":\"https:\/\/nitu.mx\/\",\"name\":\"Nitu - Noticias de la Industria Turistica\",\"description\":\"Noticias de la Industria Turistica\",\"publisher\":{\"@id\":\"https:\/\/nitu.mx\/#\/schema\/person\/ae7a53426417292d3dd07b45a33e01bc\"},\"alternateName\":\"Noticias de la Industria Turistica\",\"potentialAction\":[{\"@type\":\"SearchAction\",\"target\":{\"@type\":\"EntryPoint\",\"urlTemplate\":\"https:\/\/nitu.mx\/?s={search_term_string}\"},\"query-input\":\"required name=search_term_string\"}],\"inLanguage\":\"es-MX\"},{\"@type\":[\"Person\",\"Organization\"],\"@id\":\"https:\/\/nitu.mx\/#\/schema\/person\/ae7a53426417292d3dd07b45a33e01bc\",\"name\":\"Arturo Medina\",\"image\":{\"@type\":\"ImageObject\",\"inLanguage\":\"es-MX\",\"@id\":\"https:\/\/nitu.mx\/#\/schema\/person\/image\/\",\"url\":\"https:\/\/nitu.mx\/wp-content\/uploads\/2024\/04\/4A315622-1904-4D5C-B022-878CDC840E04-90x90-1.jpeg\",\"contentUrl\":\"https:\/\/nitu.mx\/wp-content\/uploads\/2024\/04\/4A315622-1904-4D5C-B022-878CDC840E04-90x90-1.jpeg\",\"width\":90,\"height\":90,\"caption\":\"Arturo Medina\"},\"logo\":{\"@id\":\"https:\/\/nitu.mx\/#\/schema\/person\/image\/\"},\"description\":\"Director NITU.mx, Egresado de la Escuela de Periodismo Carlos Septi\u00e9n Garc\u00eda. Periodista y analista especializado en turismo desde hace 35 a\u00f1os, radicado en Canc\u00fan Q.Roo. arturo@nitu.mx\",\"sameAs\":[\"https:\/\/nitu.mx\",\"https:\/\/www.facebook.com\/NITUmx\/\",\"medinacancun\",\"https:\/\/twitter.com\/@Arturo_Medina_G\"]},{\"@type\":\"Person\",\"@id\":\"https:\/\/nitu.mx\/#\/schema\/person\/4a28fe9bd65924f7c90623773daf1b0b\",\"name\":\"Redacci\u00f3n\",\"image\":{\"@type\":\"ImageObject\",\"inLanguage\":\"es-MX\",\"@id\":\"https:\/\/nitu.mx\/#\/schema\/person\/image\/\",\"url\":\"https:\/\/secure.gravatar.com\/avatar\/5dd011c8ccfc5cd7e4c81e42252aab38?s=96&d=mm&r=g\",\"contentUrl\":\"https:\/\/secure.gravatar.com\/avatar\/5dd011c8ccfc5cd7e4c81e42252aab38?s=96&d=mm&r=g\",\"caption\":\"Redacci\u00f3n\"},\"url\":\"https:\/\/nitu.mx\/index.php\/author\/redaccion\/\"}]}<\/script>\n<!-- \/ Yoast SEO plugin. -->","yoast_head_json":{"title":"CNET alerta de p\u00e9rdida de empleos tur\u00edsticos - Nitu - Noticias de la Industria Turistica","description":"Pablo Azc\u00e1rraga, presidente del Grupo Posadas y del Consejo Nacional Empresarial Tur\u00edstico (CNET), afirma la ca\u00edda en la demanda de 7%.","robots":{"index":"index","follow":"follow","max-snippet":"max-snippet:-1","max-image-preview":"max-image-preview:large","max-video-preview":"max-video-preview:-1"},"canonical":"https:\/\/nitu.mx\/index.php\/2019\/06\/02\/cnet-alerta-de-perdida-de-empleos-turisticos\/","twitter_card":"summary_large_image","twitter_title":"CNET alerta de p\u00e9rdida de empleos tur\u00edsticos - Nitu - Noticias de la Industria Turistica","twitter_description":"Pablo Azc\u00e1rraga, presidente del Grupo Posadas y del Consejo Nacional Empresarial Tur\u00edstico (CNET), afirma la ca\u00edda en la demanda de 7%.","twitter_image":"https:\/\/nitu.mx\/wp-content\/uploads\/2019\/04\/Pablo-Azcarraga-CNET.jpg","twitter_creator":"@NITUmx","twitter_site":"@Arturo_Medina_G","twitter_misc":{"Escrito por":"Redacci\u00f3n","Tiempo de lectura":"2 minutos"},"schema":{"@context":"https:\/\/schema.org","@graph":[{"@type":"Article","@id":"https:\/\/nitu.mx\/index.php\/2019\/06\/02\/cnet-alerta-de-perdida-de-empleos-turisticos\/#article","isPartOf":{"@id":"https:\/\/nitu.mx\/index.php\/2019\/06\/02\/cnet-alerta-de-perdida-de-empleos-turisticos\/"},"author":{"name":"Redacci\u00f3n","@id":"https:\/\/nitu.mx\/#\/schema\/person\/4a28fe9bd65924f7c90623773daf1b0b"},"headline":"CNET alerta de p\u00e9rdida de empleos tur\u00edsticos","datePublished":"2019-06-03T04:12:12+00:00","dateModified":"2019-06-03T05:38:36+00:00","mainEntityOfPage":{"@id":"https:\/\/nitu.mx\/index.php\/2019\/06\/02\/cnet-alerta-de-perdida-de-empleos-turisticos\/"},"wordCount":508,"commentCount":0,"publisher":{"@id":"https:\/\/nitu.mx\/#\/schema\/person\/ae7a53426417292d3dd07b45a33e01bc"},"image":{"@id":"https:\/\/nitu.mx\/index.php\/2019\/06\/02\/cnet-alerta-de-perdida-de-empleos-turisticos\/#primaryimage"},"thumbnailUrl":"https:\/\/nitu.mx\/wp-content\/uploads\/2019\/04\/Pablo-Azcarraga-CNET.jpg","keywords":["Consejo Nacional Empresarial Tur\u00edstico (CNET)","EBITDA","empleos","empresas hoteleras","Pablo Azc\u00e1rraga","presidente del Grupo Posadas","promoci\u00f3n","Tren Maya","Turistas Extranjeros"],"articleSection":["Marketing","M\u00e9xico"],"inLanguage":"es-MX","potentialAction":[{"@type":"CommentAction","name":"Comment","target":["https:\/\/nitu.mx\/index.php\/2019\/06\/02\/cnet-alerta-de-perdida-de-empleos-turisticos\/#respond"]}]},{"@type":"WebPage","@id":"https:\/\/nitu.mx\/index.php\/2019\/06\/02\/cnet-alerta-de-perdida-de-empleos-turisticos\/","url":"https:\/\/nitu.mx\/index.php\/2019\/06\/02\/cnet-alerta-de-perdida-de-empleos-turisticos\/","name":"CNET alerta de p\u00e9rdida de empleos tur\u00edsticos - Nitu - Noticias de la Industria Turistica","isPartOf":{"@id":"https:\/\/nitu.mx\/#website"},"primaryImageOfPage":{"@id":"https:\/\/nitu.mx\/index.php\/2019\/06\/02\/cnet-alerta-de-perdida-de-empleos-turisticos\/#primaryimage"},"image":{"@id":"https:\/\/nitu.mx\/index.php\/2019\/06\/02\/cnet-alerta-de-perdida-de-empleos-turisticos\/#primaryimage"},"thumbnailUrl":"https:\/\/nitu.mx\/wp-content\/uploads\/2019\/04\/Pablo-Azcarraga-CNET.jpg","datePublished":"2019-06-03T04:12:12+00:00","dateModified":"2019-06-03T05:38:36+00:00","description":"Pablo Azc\u00e1rraga, presidente del Grupo Posadas y del Consejo Nacional Empresarial Tur\u00edstico (CNET), afirma la ca\u00edda en la demanda de 7%.","breadcrumb":{"@id":"https:\/\/nitu.mx\/index.php\/2019\/06\/02\/cnet-alerta-de-perdida-de-empleos-turisticos\/#breadcrumb"},"inLanguage":"es-MX","potentialAction":[{"@type":"ReadAction","target":["https:\/\/nitu.mx\/index.php\/2019\/06\/02\/cnet-alerta-de-perdida-de-empleos-turisticos\/"]}]},{"@type":"ImageObject","inLanguage":"es-MX","@id":"https:\/\/nitu.mx\/index.php\/2019\/06\/02\/cnet-alerta-de-perdida-de-empleos-turisticos\/#primaryimage","url":"https:\/\/nitu.mx\/wp-content\/uploads\/2019\/04\/Pablo-Azcarraga-CNET.jpg","contentUrl":"https:\/\/nitu.mx\/wp-content\/uploads\/2019\/04\/Pablo-Azcarraga-CNET.jpg","width":850,"height":480,"caption":"Pablo Azcarraga CNET"},{"@type":"BreadcrumbList","@id":"https:\/\/nitu.mx\/index.php\/2019\/06\/02\/cnet-alerta-de-perdida-de-empleos-turisticos\/#breadcrumb","itemListElement":[{"@type":"ListItem","position":1,"name":"Inicio","item":"https:\/\/nitu.mx\/"},{"@type":"ListItem","position":2,"name":"CNET alerta de p\u00e9rdida de empleos tur\u00edsticos"}]},{"@type":"WebSite","@id":"https:\/\/nitu.mx\/#website","url":"https:\/\/nitu.mx\/","name":"Nitu - Noticias de la Industria Turistica","description":"Noticias de la Industria Turistica","publisher":{"@id":"https:\/\/nitu.mx\/#\/schema\/person\/ae7a53426417292d3dd07b45a33e01bc"},"alternateName":"Noticias de la Industria Turistica","potentialAction":[{"@type":"SearchAction","target":{"@type":"EntryPoint","urlTemplate":"https:\/\/nitu.mx\/?s={search_term_string}"},"query-input":"required name=search_term_string"}],"inLanguage":"es-MX"},{"@type":["Person","Organization"],"@id":"https:\/\/nitu.mx\/#\/schema\/person\/ae7a53426417292d3dd07b45a33e01bc","name":"Arturo Medina","image":{"@type":"ImageObject","inLanguage":"es-MX","@id":"https:\/\/nitu.mx\/#\/schema\/person\/image\/","url":"https:\/\/nitu.mx\/wp-content\/uploads\/2024\/04\/4A315622-1904-4D5C-B022-878CDC840E04-90x90-1.jpeg","contentUrl":"https:\/\/nitu.mx\/wp-content\/uploads\/2024\/04\/4A315622-1904-4D5C-B022-878CDC840E04-90x90-1.jpeg","width":90,"height":90,"caption":"Arturo Medina"},"logo":{"@id":"https:\/\/nitu.mx\/#\/schema\/person\/image\/"},"description":"Director NITU.mx, Egresado de la Escuela de Periodismo Carlos Septi\u00e9n Garc\u00eda. Periodista y analista especializado en turismo desde hace 35 a\u00f1os, radicado en Canc\u00fan Q.Roo. arturo@nitu.mx","sameAs":["https:\/\/nitu.mx","https:\/\/www.facebook.com\/NITUmx\/","medinacancun","https:\/\/twitter.com\/@Arturo_Medina_G"]},{"@type":"Person","@id":"https:\/\/nitu.mx\/#\/schema\/person\/4a28fe9bd65924f7c90623773daf1b0b","name":"Redacci\u00f3n","image":{"@type":"ImageObject","inLanguage":"es-MX","@id":"https:\/\/nitu.mx\/#\/schema\/person\/image\/","url":"https:\/\/secure.gravatar.com\/avatar\/5dd011c8ccfc5cd7e4c81e42252aab38?s=96&d=mm&r=g","contentUrl":"https:\/\/secure.gravatar.com\/avatar\/5dd011c8ccfc5cd7e4c81e42252aab38?s=96&d=mm&r=g","caption":"Redacci\u00f3n"},"url":"https:\/\/nitu.mx\/index.php\/author\/redaccion\/"}]}},"views":343,"_links":{"self":[{"href":"https:\/\/nitu.mx\/index.php\/wp-json\/wp\/v2\/posts\/32430"}],"collection":[{"href":"https:\/\/nitu.mx\/index.php\/wp-json\/wp\/v2\/posts"}],"about":[{"href":"https:\/\/nitu.mx\/index.php\/wp-json\/wp\/v2\/types\/post"}],"author":[{"embeddable":true,"href":"https:\/\/nitu.mx\/index.php\/wp-json\/wp\/v2\/users\/17"}],"replies":[{"embeddable":true,"href":"https:\/\/nitu.mx\/index.php\/wp-json\/wp\/v2\/comments?post=32430"}],"version-history":[{"count":3,"href":"https:\/\/nitu.mx\/index.php\/wp-json\/wp\/v2\/posts\/32430\/revisions"}],"predecessor-version":[{"id":32440,"href":"https:\/\/nitu.mx\/index.php\/wp-json\/wp\/v2\/posts\/32430\/revisions\/32440"}],"wp:featuredmedia":[{"embeddable":true,"href":"https:\/\/nitu.mx\/index.php\/wp-json\/wp\/v2\/media\/31298"}],"wp:attachment":[{"href":"https:\/\/nitu.mx\/index.php\/wp-json\/wp\/v2\/media?parent=32430"}],"wp:term":[{"taxonomy":"category","embeddable":true,"href":"https:\/\/nitu.mx\/index.php\/wp-json\/wp\/v2\/categories?post=32430"},{"taxonomy":"post_tag","embeddable":true,"href":"https:\/\/nitu.mx\/index.php\/wp-json\/wp\/v2\/tags?post=32430"}],"curies":[{"name":"wp","href":"https:\/\/api.w.org\/{rel}","templated":true}]}}