{"id":32429,"date":"2019-06-03T00:15:50","date_gmt":"2019-06-03T05:15:50","guid":{"rendered":"https:\/\/www.dev.nitu.mx\/?p=32429"},"modified":"2019-06-03T00:39:20","modified_gmt":"2019-06-03T05:39:20","slug":"fortalecera-durango-conectividad-internacional-con-dos-vuelos-a-dallas","status":"publish","type":"post","link":"https:\/\/nitu.mx\/index.php\/2019\/06\/03\/fortalecera-durango-conectividad-internacional-con-dos-vuelos-a-dallas\/","title":{"rendered":"Fortalecer\u00e1 Durango conectividad internacional con dos vuelos a Dallas"},"content":{"rendered":"<p>American Airlines y Volaris ser\u00e1n las compa\u00f1\u00edas a\u00e9reas que iniciar\u00e1n operaciones entre el Durango y el Aeropuerto Internacional Dallas Fort Worth, con lo que este destino mexicano reforzar\u00e1 su conectividad internacional, con los vuelos a este importante hub a\u00e9reo.<\/p>\n<p>A partir del 6 de junio, American Airlines ofrecer\u00e1 un vuelo diario entre ambos aeropuertos. Emplear\u00e1 un avi\u00f3n Embraer 140 con capacidad para 44 pasajeros. Con este vuelo, la l\u00ednea a\u00e9rea refuerza su posicionamiento en DFW como un gran centro de operaciones, al incrementar la red de destinos y conexiones.<\/p>\n<p>Por su parte, Volaris operar\u00e1 esta ruta a partir del 15 de junio con tres vuelos semanales los d\u00edas lunes, mi\u00e9rcoles y s\u00e1bado. Para este vuelo, la l\u00ednea a\u00e9rea que dirige Enrique Beltranena usar\u00e1 un avi\u00f3n Airbus A320 para 174 viajeros.<\/p>\n<p>Con la llegada de la aerol\u00ednea mexicana a DFW desde Durango, adem\u00e1s de incrementar su red de rutas internacionales, busca fomentar el empleo y reforzar su relaci\u00f3n con importantes destinos fuera de M\u00e9xico.<\/p>\n<p>Este lanzamiento representa una gran oportunidad para la ciudad y el estado de Durango, un destino que ha trabajado a la par, en el desarrollo de producto tur\u00edstico como experiencias en el desierto y la visita a zonas que han servido de locaci\u00f3n de importantes filmes nacionales y extranjeros.<\/p>\n<p>Las dos opciones permitir\u00e1n a los pasajeros elegir entre una aerol\u00ednea legacy (tradicional) y una de bajo costo, (de servicios b\u00e1sicos) para ampliar la oferta de posibilidades a los viajeros desde los Estados Unidos, e incluso otras partes del mundo.<\/p>\n<p>El aeropuerto DFW conecta con 176 destinos nacionales y 58 internacionales sin escala, con instalaciones modernas y variadas que ofrecen una experiencia diferente a los m\u00e1s de 67 millones de pasajeros que la transitan anualmente. La terminal a\u00e9rea ha sido reconocida a nivel internacional, como la mejor en cuanto a servicio al cliente.<\/p>\n","protected":false},"excerpt":{"rendered":"<p>American Airlines y Volaris ser\u00e1n las compa\u00f1\u00edas a\u00e9reas que iniciar\u00e1n operaciones entre el Durango y el Aeropuerto Internacional Dallas Fort Worth, con lo que este destino mexicano reforzar\u00e1 su conectividad internacional, con los vuelos a este importante hub a\u00e9reo. A partir del 6 de junio, American Airlines ofrecer\u00e1 un vuelo diario entre ambos aeropuertos. Emplear\u00e1 [&hellip;]<\/p>\n","protected":false},"author":5,"featured_media":32448,"comment_status":"open","ping_status":"open","sticky":false,"template":"","format":"standard","meta":{"footnotes":""},"categories":[29],"tags":[481,13958,2081,11182,131],"yoast_head":"<!-- This site is optimized with the Yoast SEO plugin v22.2 - https:\/\/yoast.com\/wordpress\/plugins\/seo\/ -->\n<title>Fortalecer\u00e1 Durango conectividad internacional con dos vuelos a Dallas - Nitu - Noticias de la Industria Turistica<\/title>\n<meta name=\"robots\" content=\"index, follow, max-snippet:-1, max-image-preview:large, max-video-preview:-1\" \/>\n<link rel=\"canonical\" href=\"https:\/\/nitu.mx\/index.php\/2019\/06\/03\/fortalecera-durango-conectividad-internacional-con-dos-vuelos-a-dallas\/\" \/>\n<meta name=\"twitter:card\" content=\"summary_large_image\" \/>\n<meta name=\"twitter:title\" content=\"Fortalecer\u00e1 Durango conectividad internacional con dos vuelos a Dallas - Nitu - Noticias de la Industria Turistica\" \/>\n<meta name=\"twitter:description\" content=\"American Airlines y Volaris ser\u00e1n las compa\u00f1\u00edas a\u00e9reas que iniciar\u00e1n operaciones entre el Durango y el Aeropuerto Internacional Dallas Fort Worth, con lo que este destino mexicano reforzar\u00e1 su conectividad internacional, con los vuelos a este importante hub a\u00e9reo. A partir del 6 de junio, American Airlines ofrecer\u00e1 un vuelo diario entre ambos aeropuertos. Emplear\u00e1 [&hellip;]\" \/>\n<meta name=\"twitter:image\" content=\"https:\/\/nitu.mx\/wp-content\/uploads\/2019\/06\/Aeropuerto-DFW-Durango.jpg\" \/>\n<meta name=\"twitter:creator\" content=\"@NITUmx\" \/>\n<meta name=\"twitter:site\" content=\"@Arturo_Medina_G\" \/>\n<meta name=\"twitter:label1\" content=\"Escrito por\" \/>\n\t<meta name=\"twitter:data1\" content=\"Mari Soto\" \/>\n\t<meta name=\"twitter:label2\" content=\"Tiempo de lectura\" \/>\n\t<meta name=\"twitter:data2\" content=\"2 minutos\" \/>\n<script type=\"application\/ld+json\" class=\"yoast-schema-graph\">{\"@context\":\"https:\/\/schema.org\",\"@graph\":[{\"@type\":\"Article\",\"@id\":\"https:\/\/nitu.mx\/index.php\/2019\/06\/03\/fortalecera-durango-conectividad-internacional-con-dos-vuelos-a-dallas\/#article\",\"isPartOf\":{\"@id\":\"https:\/\/nitu.mx\/index.php\/2019\/06\/03\/fortalecera-durango-conectividad-internacional-con-dos-vuelos-a-dallas\/\"},\"author\":{\"name\":\"Mari Soto\",\"@id\":\"https:\/\/nitu.mx\/#\/schema\/person\/afc52e313e27e660739556d421d3d6b4\"},\"headline\":\"Fortalecer\u00e1 Durango conectividad internacional con dos vuelos a Dallas\",\"datePublished\":\"2019-06-03T05:15:50+00:00\",\"dateModified\":\"2019-06-03T05:39:20+00:00\",\"mainEntityOfPage\":{\"@id\":\"https:\/\/nitu.mx\/index.php\/2019\/06\/03\/fortalecera-durango-conectividad-internacional-con-dos-vuelos-a-dallas\/\"},\"wordCount\":331,\"commentCount\":0,\"publisher\":{\"@id\":\"https:\/\/nitu.mx\/#\/schema\/person\/ae7a53426417292d3dd07b45a33e01bc\"},\"image\":{\"@id\":\"https:\/\/nitu.mx\/index.php\/2019\/06\/03\/fortalecera-durango-conectividad-internacional-con-dos-vuelos-a-dallas\/#primaryimage\"},\"thumbnailUrl\":\"https:\/\/nitu.mx\/wp-content\/uploads\/2019\/06\/Aeropuerto-DFW-Durango.jpg\",\"keywords\":[\"American AIrlines\",\"Dallas-Fort Worth (DFW)\",\"DFW\",\"Durango\",\"Volaris\"],\"articleSection\":[\"Aerol\u00edneas\"],\"inLanguage\":\"es-MX\",\"potentialAction\":[{\"@type\":\"CommentAction\",\"name\":\"Comment\",\"target\":[\"https:\/\/nitu.mx\/index.php\/2019\/06\/03\/fortalecera-durango-conectividad-internacional-con-dos-vuelos-a-dallas\/#respond\"]}]},{\"@type\":\"WebPage\",\"@id\":\"https:\/\/nitu.mx\/index.php\/2019\/06\/03\/fortalecera-durango-conectividad-internacional-con-dos-vuelos-a-dallas\/\",\"url\":\"https:\/\/nitu.mx\/index.php\/2019\/06\/03\/fortalecera-durango-conectividad-internacional-con-dos-vuelos-a-dallas\/\",\"name\":\"Fortalecer\u00e1 Durango conectividad internacional con dos vuelos a Dallas - Nitu - Noticias de la Industria Turistica\",\"isPartOf\":{\"@id\":\"https:\/\/nitu.mx\/#website\"},\"primaryImageOfPage\":{\"@id\":\"https:\/\/nitu.mx\/index.php\/2019\/06\/03\/fortalecera-durango-conectividad-internacional-con-dos-vuelos-a-dallas\/#primaryimage\"},\"image\":{\"@id\":\"https:\/\/nitu.mx\/index.php\/2019\/06\/03\/fortalecera-durango-conectividad-internacional-con-dos-vuelos-a-dallas\/#primaryimage\"},\"thumbnailUrl\":\"https:\/\/nitu.mx\/wp-content\/uploads\/2019\/06\/Aeropuerto-DFW-Durango.jpg\",\"datePublished\":\"2019-06-03T05:15:50+00:00\",\"dateModified\":\"2019-06-03T05:39:20+00:00\",\"breadcrumb\":{\"@id\":\"https:\/\/nitu.mx\/index.php\/2019\/06\/03\/fortalecera-durango-conectividad-internacional-con-dos-vuelos-a-dallas\/#breadcrumb\"},\"inLanguage\":\"es-MX\",\"potentialAction\":[{\"@type\":\"ReadAction\",\"target\":[\"https:\/\/nitu.mx\/index.php\/2019\/06\/03\/fortalecera-durango-conectividad-internacional-con-dos-vuelos-a-dallas\/\"]}]},{\"@type\":\"ImageObject\",\"inLanguage\":\"es-MX\",\"@id\":\"https:\/\/nitu.mx\/index.php\/2019\/06\/03\/fortalecera-durango-conectividad-internacional-con-dos-vuelos-a-dallas\/#primaryimage\",\"url\":\"https:\/\/nitu.mx\/wp-content\/uploads\/2019\/06\/Aeropuerto-DFW-Durango.jpg\",\"contentUrl\":\"https:\/\/nitu.mx\/wp-content\/uploads\/2019\/06\/Aeropuerto-DFW-Durango.jpg\",\"width\":850,\"height\":480,\"caption\":\"Aeropuerto DFW Durango\"},{\"@type\":\"BreadcrumbList\",\"@id\":\"https:\/\/nitu.mx\/index.php\/2019\/06\/03\/fortalecera-durango-conectividad-internacional-con-dos-vuelos-a-dallas\/#breadcrumb\",\"itemListElement\":[{\"@type\":\"ListItem\",\"position\":1,\"name\":\"Inicio\",\"item\":\"https:\/\/nitu.mx\/\"},{\"@type\":\"ListItem\",\"position\":2,\"name\":\"Fortalecer\u00e1 Durango conectividad internacional con dos vuelos a Dallas\"}]},{\"@type\":\"WebSite\",\"@id\":\"https:\/\/nitu.mx\/#website\",\"url\":\"https:\/\/nitu.mx\/\",\"name\":\"Nitu - Noticias de la Industria Turistica\",\"description\":\"Noticias de la Industria Turistica\",\"publisher\":{\"@id\":\"https:\/\/nitu.mx\/#\/schema\/person\/ae7a53426417292d3dd07b45a33e01bc\"},\"alternateName\":\"Noticias de la Industria Turistica\",\"potentialAction\":[{\"@type\":\"SearchAction\",\"target\":{\"@type\":\"EntryPoint\",\"urlTemplate\":\"https:\/\/nitu.mx\/?s={search_term_string}\"},\"query-input\":\"required name=search_term_string\"}],\"inLanguage\":\"es-MX\"},{\"@type\":[\"Person\",\"Organization\"],\"@id\":\"https:\/\/nitu.mx\/#\/schema\/person\/ae7a53426417292d3dd07b45a33e01bc\",\"name\":\"Arturo Medina\",\"image\":{\"@type\":\"ImageObject\",\"inLanguage\":\"es-MX\",\"@id\":\"https:\/\/nitu.mx\/#\/schema\/person\/image\/\",\"url\":\"https:\/\/nitu.mx\/wp-content\/uploads\/2024\/04\/4A315622-1904-4D5C-B022-878CDC840E04-90x90-1.jpeg\",\"contentUrl\":\"https:\/\/nitu.mx\/wp-content\/uploads\/2024\/04\/4A315622-1904-4D5C-B022-878CDC840E04-90x90-1.jpeg\",\"width\":90,\"height\":90,\"caption\":\"Arturo Medina\"},\"logo\":{\"@id\":\"https:\/\/nitu.mx\/#\/schema\/person\/image\/\"},\"description\":\"Director NITU.mx, Egresado de la Escuela de Periodismo Carlos Septi\u00e9n Garc\u00eda. Periodista y analista especializado en turismo desde hace 35 a\u00f1os, radicado en Canc\u00fan Q.Roo. arturo@nitu.mx\",\"sameAs\":[\"https:\/\/nitu.mx\",\"https:\/\/www.facebook.com\/NITUmx\/\",\"medinacancun\",\"https:\/\/twitter.com\/@Arturo_Medina_G\"]},{\"@type\":\"Person\",\"@id\":\"https:\/\/nitu.mx\/#\/schema\/person\/afc52e313e27e660739556d421d3d6b4\",\"name\":\"Mari Soto\",\"image\":{\"@type\":\"ImageObject\",\"inLanguage\":\"es-MX\",\"@id\":\"https:\/\/nitu.mx\/#\/schema\/person\/image\/\",\"url\":\"https:\/\/secure.gravatar.com\/avatar\/2619c282a180a20d89fcaea82a6736e2?s=96&d=mm&r=g\",\"contentUrl\":\"https:\/\/secure.gravatar.com\/avatar\/2619c282a180a20d89fcaea82a6736e2?s=96&d=mm&r=g\",\"caption\":\"Mari Soto\"},\"sameAs\":[\"https:\/\/nitu.mx\"],\"url\":\"https:\/\/nitu.mx\/index.php\/author\/guadalupe\/\"}]}<\/script>\n<!-- \/ Yoast SEO plugin. -->","yoast_head_json":{"title":"Fortalecer\u00e1 Durango conectividad internacional con dos vuelos a Dallas - Nitu - Noticias de la Industria Turistica","robots":{"index":"index","follow":"follow","max-snippet":"max-snippet:-1","max-image-preview":"max-image-preview:large","max-video-preview":"max-video-preview:-1"},"canonical":"https:\/\/nitu.mx\/index.php\/2019\/06\/03\/fortalecera-durango-conectividad-internacional-con-dos-vuelos-a-dallas\/","twitter_card":"summary_large_image","twitter_title":"Fortalecer\u00e1 Durango conectividad internacional con dos vuelos a Dallas - Nitu - Noticias de la Industria Turistica","twitter_description":"American Airlines y Volaris ser\u00e1n las compa\u00f1\u00edas a\u00e9reas que iniciar\u00e1n operaciones entre el Durango y el Aeropuerto Internacional Dallas Fort Worth, con lo que este destino mexicano reforzar\u00e1 su conectividad internacional, con los vuelos a este importante hub a\u00e9reo. A partir del 6 de junio, American Airlines ofrecer\u00e1 un vuelo diario entre ambos aeropuertos. Emplear\u00e1 [&hellip;]","twitter_image":"https:\/\/nitu.mx\/wp-content\/uploads\/2019\/06\/Aeropuerto-DFW-Durango.jpg","twitter_creator":"@NITUmx","twitter_site":"@Arturo_Medina_G","twitter_misc":{"Escrito por":"Mari Soto","Tiempo de lectura":"2 minutos"},"schema":{"@context":"https:\/\/schema.org","@graph":[{"@type":"Article","@id":"https:\/\/nitu.mx\/index.php\/2019\/06\/03\/fortalecera-durango-conectividad-internacional-con-dos-vuelos-a-dallas\/#article","isPartOf":{"@id":"https:\/\/nitu.mx\/index.php\/2019\/06\/03\/fortalecera-durango-conectividad-internacional-con-dos-vuelos-a-dallas\/"},"author":{"name":"Mari Soto","@id":"https:\/\/nitu.mx\/#\/schema\/person\/afc52e313e27e660739556d421d3d6b4"},"headline":"Fortalecer\u00e1 Durango conectividad internacional con dos vuelos a Dallas","datePublished":"2019-06-03T05:15:50+00:00","dateModified":"2019-06-03T05:39:20+00:00","mainEntityOfPage":{"@id":"https:\/\/nitu.mx\/index.php\/2019\/06\/03\/fortalecera-durango-conectividad-internacional-con-dos-vuelos-a-dallas\/"},"wordCount":331,"commentCount":0,"publisher":{"@id":"https:\/\/nitu.mx\/#\/schema\/person\/ae7a53426417292d3dd07b45a33e01bc"},"image":{"@id":"https:\/\/nitu.mx\/index.php\/2019\/06\/03\/fortalecera-durango-conectividad-internacional-con-dos-vuelos-a-dallas\/#primaryimage"},"thumbnailUrl":"https:\/\/nitu.mx\/wp-content\/uploads\/2019\/06\/Aeropuerto-DFW-Durango.jpg","keywords":["American AIrlines","Dallas-Fort Worth (DFW)","DFW","Durango","Volaris"],"articleSection":["Aerol\u00edneas"],"inLanguage":"es-MX","potentialAction":[{"@type":"CommentAction","name":"Comment","target":["https:\/\/nitu.mx\/index.php\/2019\/06\/03\/fortalecera-durango-conectividad-internacional-con-dos-vuelos-a-dallas\/#respond"]}]},{"@type":"WebPage","@id":"https:\/\/nitu.mx\/index.php\/2019\/06\/03\/fortalecera-durango-conectividad-internacional-con-dos-vuelos-a-dallas\/","url":"https:\/\/nitu.mx\/index.php\/2019\/06\/03\/fortalecera-durango-conectividad-internacional-con-dos-vuelos-a-dallas\/","name":"Fortalecer\u00e1 Durango conectividad internacional con dos vuelos a Dallas - Nitu - Noticias de la Industria Turistica","isPartOf":{"@id":"https:\/\/nitu.mx\/#website"},"primaryImageOfPage":{"@id":"https:\/\/nitu.mx\/index.php\/2019\/06\/03\/fortalecera-durango-conectividad-internacional-con-dos-vuelos-a-dallas\/#primaryimage"},"image":{"@id":"https:\/\/nitu.mx\/index.php\/2019\/06\/03\/fortalecera-durango-conectividad-internacional-con-dos-vuelos-a-dallas\/#primaryimage"},"thumbnailUrl":"https:\/\/nitu.mx\/wp-content\/uploads\/2019\/06\/Aeropuerto-DFW-Durango.jpg","datePublished":"2019-06-03T05:15:50+00:00","dateModified":"2019-06-03T05:39:20+00:00","breadcrumb":{"@id":"https:\/\/nitu.mx\/index.php\/2019\/06\/03\/fortalecera-durango-conectividad-internacional-con-dos-vuelos-a-dallas\/#breadcrumb"},"inLanguage":"es-MX","potentialAction":[{"@type":"ReadAction","target":["https:\/\/nitu.mx\/index.php\/2019\/06\/03\/fortalecera-durango-conectividad-internacional-con-dos-vuelos-a-dallas\/"]}]},{"@type":"ImageObject","inLanguage":"es-MX","@id":"https:\/\/nitu.mx\/index.php\/2019\/06\/03\/fortalecera-durango-conectividad-internacional-con-dos-vuelos-a-dallas\/#primaryimage","url":"https:\/\/nitu.mx\/wp-content\/uploads\/2019\/06\/Aeropuerto-DFW-Durango.jpg","contentUrl":"https:\/\/nitu.mx\/wp-content\/uploads\/2019\/06\/Aeropuerto-DFW-Durango.jpg","width":850,"height":480,"caption":"Aeropuerto DFW Durango"},{"@type":"BreadcrumbList","@id":"https:\/\/nitu.mx\/index.php\/2019\/06\/03\/fortalecera-durango-conectividad-internacional-con-dos-vuelos-a-dallas\/#breadcrumb","itemListElement":[{"@type":"ListItem","position":1,"name":"Inicio","item":"https:\/\/nitu.mx\/"},{"@type":"ListItem","position":2,"name":"Fortalecer\u00e1 Durango conectividad internacional con dos vuelos a Dallas"}]},{"@type":"WebSite","@id":"https:\/\/nitu.mx\/#website","url":"https:\/\/nitu.mx\/","name":"Nitu - Noticias de la Industria Turistica","description":"Noticias de la Industria Turistica","publisher":{"@id":"https:\/\/nitu.mx\/#\/schema\/person\/ae7a53426417292d3dd07b45a33e01bc"},"alternateName":"Noticias de la Industria Turistica","potentialAction":[{"@type":"SearchAction","target":{"@type":"EntryPoint","urlTemplate":"https:\/\/nitu.mx\/?s={search_term_string}"},"query-input":"required name=search_term_string"}],"inLanguage":"es-MX"},{"@type":["Person","Organization"],"@id":"https:\/\/nitu.mx\/#\/schema\/person\/ae7a53426417292d3dd07b45a33e01bc","name":"Arturo Medina","image":{"@type":"ImageObject","inLanguage":"es-MX","@id":"https:\/\/nitu.mx\/#\/schema\/person\/image\/","url":"https:\/\/nitu.mx\/wp-content\/uploads\/2024\/04\/4A315622-1904-4D5C-B022-878CDC840E04-90x90-1.jpeg","contentUrl":"https:\/\/nitu.mx\/wp-content\/uploads\/2024\/04\/4A315622-1904-4D5C-B022-878CDC840E04-90x90-1.jpeg","width":90,"height":90,"caption":"Arturo Medina"},"logo":{"@id":"https:\/\/nitu.mx\/#\/schema\/person\/image\/"},"description":"Director NITU.mx, Egresado de la Escuela de Periodismo Carlos Septi\u00e9n Garc\u00eda. Periodista y analista especializado en turismo desde hace 35 a\u00f1os, radicado en Canc\u00fan Q.Roo. arturo@nitu.mx","sameAs":["https:\/\/nitu.mx","https:\/\/www.facebook.com\/NITUmx\/","medinacancun","https:\/\/twitter.com\/@Arturo_Medina_G"]},{"@type":"Person","@id":"https:\/\/nitu.mx\/#\/schema\/person\/afc52e313e27e660739556d421d3d6b4","name":"Mari Soto","image":{"@type":"ImageObject","inLanguage":"es-MX","@id":"https:\/\/nitu.mx\/#\/schema\/person\/image\/","url":"https:\/\/secure.gravatar.com\/avatar\/2619c282a180a20d89fcaea82a6736e2?s=96&d=mm&r=g","contentUrl":"https:\/\/secure.gravatar.com\/avatar\/2619c282a180a20d89fcaea82a6736e2?s=96&d=mm&r=g","caption":"Mari Soto"},"sameAs":["https:\/\/nitu.mx"],"url":"https:\/\/nitu.mx\/index.php\/author\/guadalupe\/"}]}},"views":301,"_links":{"self":[{"href":"https:\/\/nitu.mx\/index.php\/wp-json\/wp\/v2\/posts\/32429"}],"collection":[{"href":"https:\/\/nitu.mx\/index.php\/wp-json\/wp\/v2\/posts"}],"about":[{"href":"https:\/\/nitu.mx\/index.php\/wp-json\/wp\/v2\/types\/post"}],"author":[{"embeddable":true,"href":"https:\/\/nitu.mx\/index.php\/wp-json\/wp\/v2\/users\/5"}],"replies":[{"embeddable":true,"href":"https:\/\/nitu.mx\/index.php\/wp-json\/wp\/v2\/comments?post=32429"}],"version-history":[{"count":1,"href":"https:\/\/nitu.mx\/index.php\/wp-json\/wp\/v2\/posts\/32429\/revisions"}],"predecessor-version":[{"id":32432,"href":"https:\/\/nitu.mx\/index.php\/wp-json\/wp\/v2\/posts\/32429\/revisions\/32432"}],"wp:featuredmedia":[{"embeddable":true,"href":"https:\/\/nitu.mx\/index.php\/wp-json\/wp\/v2\/media\/32448"}],"wp:attachment":[{"href":"https:\/\/nitu.mx\/index.php\/wp-json\/wp\/v2\/media?parent=32429"}],"wp:term":[{"taxonomy":"category","embeddable":true,"href":"https:\/\/nitu.mx\/index.php\/wp-json\/wp\/v2\/categories?post=32429"},{"taxonomy":"post_tag","embeddable":true,"href":"https:\/\/nitu.mx\/index.php\/wp-json\/wp\/v2\/tags?post=32429"}],"curies":[{"name":"wp","href":"https:\/\/api.w.org\/{rel}","templated":true}]}}