{"id":32392,"date":"2019-05-30T23:32:09","date_gmt":"2019-05-31T04:32:09","guid":{"rendered":"https:\/\/www.dev.nitu.mx\/?p=32392"},"modified":"2019-05-31T00:13:38","modified_gmt":"2019-05-31T05:13:38","slug":"aeromar-llega-a-puerto-vallarta-para-el-verano","status":"publish","type":"post","link":"https:\/\/nitu.mx\/index.php\/2019\/05\/30\/aeromar-llega-a-puerto-vallarta-para-el-verano\/","title":{"rendered":"Aeromar llega a Puerto Vallarta para el verano"},"content":{"rendered":"<p>A partir del 13 de junio la aerol\u00ednea Aeromar, que comanda Danilo Correa mantendr\u00e1 vuelos directos de la Ciudad de M\u00e9xico a Puerto Vallarta, destino que ha repuntado en los \u00faltimos a\u00f1os como uno de los m\u00e1s atractivos del pa\u00eds.<\/p>\n<p>Correa destac\u00f3 que Aeromar se enorgullece en ofrecer esta nueva ruta que conecta a uno de los destinos m\u00e1s bellos del Oc\u00e9ano Pac\u00edfico, con la Ciudad de M\u00e9xico.<\/p>\n<p>Esta ruta que ser\u00e1 a trav\u00e9s de un avi\u00f3n ATR 72-600 con capacidad para 72 pasajeros y con un descuento del 15% sobre tarifa base, inicialmente contar\u00e1 con una frecuencia de cuatro d\u00edas a la semana, de jueves a domingo y de regreso de jueves a viernes.<\/p>\n<p>El objetivo, dijo Correa, es fortalecer la conectividad desde la Ciudad de M\u00e9xico hacia las mejores playas del pa\u00eds y otorgar una mejor opci\u00f3n de viaje a todos los clientes que buscan disfrutar de una de las regiones emblem\u00e1ticas del pa\u00eds. (<a title=\"Aeromar confirma que en 2018 tuvo d\u00e9ficit y recorte de empleos\" href=\"https:\/\/www.dev.nitu.mx\/index.php\/2019\/01\/31\/aeromar-confirma-que-en-2018-tuvo-deficit-y-recorte-de-empleos\/\" rel=\"bookmark\">Aeromar confirma que en 2018 tuvo d\u00e9ficit y recorte de empleos<\/a>).<\/p>\n<p>Durante las vacaciones de verano (julio y agosto) el vuelo aumentar\u00e1 una frecuencia extra los domingos, teniendo un total de cinco vuelos a la semana.<\/p>\n<p>Puerto Vallarta es un destino tur\u00edstico reconocido a nivel internacional por su centro hist\u00f3rico enclavado entre las monta\u00f1as y la bah\u00eda, sus iconos como la parroquia de Guadalupe, el\u00a0 malec\u00f3n lleno de esculturas y actividades para todos los gustos y edades; as\u00ed como sus playas, las cuales conectan con las de la Riviera Nayarit.<\/p>\n","protected":false},"excerpt":{"rendered":"<p>A partir del 13 de junio la aerol\u00ednea Aeromar, que comanda Danilo Correa mantendr\u00e1 vuelos directos de la Ciudad de M\u00e9xico a Puerto Vallarta, destino que ha repuntado en los \u00faltimos a\u00f1os como uno de los m\u00e1s atractivos del pa\u00eds. Correa destac\u00f3 que Aeromar se enorgullece en ofrecer esta nueva ruta que conecta a uno [&hellip;]<\/p>\n","protected":false},"author":17,"featured_media":16067,"comment_status":"open","ping_status":"open","sticky":false,"template":"","format":"standard","meta":{"footnotes":""},"categories":[29,1],"tags":[473,15942,14334,471],"yoast_head":"<!-- This site is optimized with the Yoast SEO plugin v22.2 - https:\/\/yoast.com\/wordpress\/plugins\/seo\/ -->\n<title>Aeromar llega a Puerto Vallarta para el verano - Nitu - Noticias de la Industria Turistica<\/title>\n<meta name=\"description\" content=\"A partir del 13 de junio, Aeromar la aerol\u00ednea que comanda Danilo Correa mantendr\u00e1 vuelos directos de la Ciudad de M\u00e9xico a Puerto Vallarta.\" \/>\n<meta name=\"robots\" content=\"index, follow, max-snippet:-1, max-image-preview:large, max-video-preview:-1\" \/>\n<link rel=\"canonical\" href=\"https:\/\/nitu.mx\/index.php\/2019\/05\/30\/aeromar-llega-a-puerto-vallarta-para-el-verano\/\" \/>\n<meta name=\"twitter:card\" content=\"summary_large_image\" \/>\n<meta name=\"twitter:title\" content=\"Aeromar llega a Puerto Vallarta para el verano - Nitu - Noticias de la Industria Turistica\" \/>\n<meta name=\"twitter:description\" content=\"A partir del 13 de junio, Aeromar la aerol\u00ednea que comanda Danilo Correa mantendr\u00e1 vuelos directos de la Ciudad de M\u00e9xico a Puerto Vallarta.\" \/>\n<meta name=\"twitter:image\" content=\"https:\/\/nitu.mx\/wp-content\/uploads\/2017\/12\/Aeromar-AICM.jpg\" \/>\n<meta name=\"twitter:creator\" content=\"@NITUmx\" \/>\n<meta name=\"twitter:site\" content=\"@Arturo_Medina_G\" \/>\n<meta name=\"twitter:label1\" content=\"Escrito por\" \/>\n\t<meta name=\"twitter:data1\" content=\"Redacci\u00f3n\" \/>\n\t<meta name=\"twitter:label2\" content=\"Tiempo de lectura\" \/>\n\t<meta name=\"twitter:data2\" content=\"1 minuto\" \/>\n<script type=\"application\/ld+json\" class=\"yoast-schema-graph\">{\"@context\":\"https:\/\/schema.org\",\"@graph\":[{\"@type\":\"Article\",\"@id\":\"https:\/\/nitu.mx\/index.php\/2019\/05\/30\/aeromar-llega-a-puerto-vallarta-para-el-verano\/#article\",\"isPartOf\":{\"@id\":\"https:\/\/nitu.mx\/index.php\/2019\/05\/30\/aeromar-llega-a-puerto-vallarta-para-el-verano\/\"},\"author\":{\"name\":\"Redacci\u00f3n\",\"@id\":\"https:\/\/nitu.mx\/#\/schema\/person\/4a28fe9bd65924f7c90623773daf1b0b\"},\"headline\":\"Aeromar llega a Puerto Vallarta para el verano\",\"datePublished\":\"2019-05-31T04:32:09+00:00\",\"dateModified\":\"2019-05-31T05:13:38+00:00\",\"mainEntityOfPage\":{\"@id\":\"https:\/\/nitu.mx\/index.php\/2019\/05\/30\/aeromar-llega-a-puerto-vallarta-para-el-verano\/\"},\"wordCount\":273,\"commentCount\":0,\"publisher\":{\"@id\":\"https:\/\/nitu.mx\/#\/schema\/person\/ae7a53426417292d3dd07b45a33e01bc\"},\"image\":{\"@id\":\"https:\/\/nitu.mx\/index.php\/2019\/05\/30\/aeromar-llega-a-puerto-vallarta-para-el-verano\/#primaryimage\"},\"thumbnailUrl\":\"https:\/\/nitu.mx\/wp-content\/uploads\/2017\/12\/Aeromar-AICM.jpg\",\"keywords\":[\"Aeromar\",\"ATR 72-600\",\"Danilo Correa\",\"Puerto Vallarta\"],\"articleSection\":[\"Aerol\u00edneas\",\"Sin Categor\u00eda\"],\"inLanguage\":\"es-MX\",\"potentialAction\":[{\"@type\":\"CommentAction\",\"name\":\"Comment\",\"target\":[\"https:\/\/nitu.mx\/index.php\/2019\/05\/30\/aeromar-llega-a-puerto-vallarta-para-el-verano\/#respond\"]}]},{\"@type\":\"WebPage\",\"@id\":\"https:\/\/nitu.mx\/index.php\/2019\/05\/30\/aeromar-llega-a-puerto-vallarta-para-el-verano\/\",\"url\":\"https:\/\/nitu.mx\/index.php\/2019\/05\/30\/aeromar-llega-a-puerto-vallarta-para-el-verano\/\",\"name\":\"Aeromar llega a Puerto Vallarta para el verano - Nitu - Noticias de la Industria Turistica\",\"isPartOf\":{\"@id\":\"https:\/\/nitu.mx\/#website\"},\"primaryImageOfPage\":{\"@id\":\"https:\/\/nitu.mx\/index.php\/2019\/05\/30\/aeromar-llega-a-puerto-vallarta-para-el-verano\/#primaryimage\"},\"image\":{\"@id\":\"https:\/\/nitu.mx\/index.php\/2019\/05\/30\/aeromar-llega-a-puerto-vallarta-para-el-verano\/#primaryimage\"},\"thumbnailUrl\":\"https:\/\/nitu.mx\/wp-content\/uploads\/2017\/12\/Aeromar-AICM.jpg\",\"datePublished\":\"2019-05-31T04:32:09+00:00\",\"dateModified\":\"2019-05-31T05:13:38+00:00\",\"description\":\"A partir del 13 de junio, Aeromar la aerol\u00ednea que comanda Danilo Correa mantendr\u00e1 vuelos directos de la Ciudad de M\u00e9xico a Puerto Vallarta.\",\"breadcrumb\":{\"@id\":\"https:\/\/nitu.mx\/index.php\/2019\/05\/30\/aeromar-llega-a-puerto-vallarta-para-el-verano\/#breadcrumb\"},\"inLanguage\":\"es-MX\",\"potentialAction\":[{\"@type\":\"ReadAction\",\"target\":[\"https:\/\/nitu.mx\/index.php\/2019\/05\/30\/aeromar-llega-a-puerto-vallarta-para-el-verano\/\"]}]},{\"@type\":\"ImageObject\",\"inLanguage\":\"es-MX\",\"@id\":\"https:\/\/nitu.mx\/index.php\/2019\/05\/30\/aeromar-llega-a-puerto-vallarta-para-el-verano\/#primaryimage\",\"url\":\"https:\/\/nitu.mx\/wp-content\/uploads\/2017\/12\/Aeromar-AICM.jpg\",\"contentUrl\":\"https:\/\/nitu.mx\/wp-content\/uploads\/2017\/12\/Aeromar-AICM.jpg\",\"width\":850,\"height\":480,\"caption\":\"Aeromar\"},{\"@type\":\"BreadcrumbList\",\"@id\":\"https:\/\/nitu.mx\/index.php\/2019\/05\/30\/aeromar-llega-a-puerto-vallarta-para-el-verano\/#breadcrumb\",\"itemListElement\":[{\"@type\":\"ListItem\",\"position\":1,\"name\":\"Inicio\",\"item\":\"https:\/\/nitu.mx\/\"},{\"@type\":\"ListItem\",\"position\":2,\"name\":\"Aeromar llega a Puerto Vallarta para el verano\"}]},{\"@type\":\"WebSite\",\"@id\":\"https:\/\/nitu.mx\/#website\",\"url\":\"https:\/\/nitu.mx\/\",\"name\":\"Nitu - Noticias de la Industria Turistica\",\"description\":\"Noticias de la Industria Turistica\",\"publisher\":{\"@id\":\"https:\/\/nitu.mx\/#\/schema\/person\/ae7a53426417292d3dd07b45a33e01bc\"},\"alternateName\":\"Noticias de la Industria Turistica\",\"potentialAction\":[{\"@type\":\"SearchAction\",\"target\":{\"@type\":\"EntryPoint\",\"urlTemplate\":\"https:\/\/nitu.mx\/?s={search_term_string}\"},\"query-input\":\"required name=search_term_string\"}],\"inLanguage\":\"es-MX\"},{\"@type\":[\"Person\",\"Organization\"],\"@id\":\"https:\/\/nitu.mx\/#\/schema\/person\/ae7a53426417292d3dd07b45a33e01bc\",\"name\":\"Arturo Medina\",\"image\":{\"@type\":\"ImageObject\",\"inLanguage\":\"es-MX\",\"@id\":\"https:\/\/nitu.mx\/#\/schema\/person\/image\/\",\"url\":\"https:\/\/nitu.mx\/wp-content\/uploads\/2024\/04\/4A315622-1904-4D5C-B022-878CDC840E04-90x90-1.jpeg\",\"contentUrl\":\"https:\/\/nitu.mx\/wp-content\/uploads\/2024\/04\/4A315622-1904-4D5C-B022-878CDC840E04-90x90-1.jpeg\",\"width\":90,\"height\":90,\"caption\":\"Arturo Medina\"},\"logo\":{\"@id\":\"https:\/\/nitu.mx\/#\/schema\/person\/image\/\"},\"description\":\"Director NITU.mx, Egresado de la Escuela de Periodismo Carlos Septi\u00e9n Garc\u00eda. Periodista y analista especializado en turismo desde hace 35 a\u00f1os, radicado en Canc\u00fan Q.Roo. arturo@nitu.mx\",\"sameAs\":[\"https:\/\/nitu.mx\",\"https:\/\/www.facebook.com\/NITUmx\/\",\"medinacancun\",\"https:\/\/twitter.com\/@Arturo_Medina_G\"]},{\"@type\":\"Person\",\"@id\":\"https:\/\/nitu.mx\/#\/schema\/person\/4a28fe9bd65924f7c90623773daf1b0b\",\"name\":\"Redacci\u00f3n\",\"image\":{\"@type\":\"ImageObject\",\"inLanguage\":\"es-MX\",\"@id\":\"https:\/\/nitu.mx\/#\/schema\/person\/image\/\",\"url\":\"https:\/\/secure.gravatar.com\/avatar\/5dd011c8ccfc5cd7e4c81e42252aab38?s=96&d=mm&r=g\",\"contentUrl\":\"https:\/\/secure.gravatar.com\/avatar\/5dd011c8ccfc5cd7e4c81e42252aab38?s=96&d=mm&r=g\",\"caption\":\"Redacci\u00f3n\"},\"url\":\"https:\/\/nitu.mx\/index.php\/author\/redaccion\/\"}]}<\/script>\n<!-- \/ Yoast SEO plugin. -->","yoast_head_json":{"title":"Aeromar llega a Puerto Vallarta para el verano - Nitu - Noticias de la Industria Turistica","description":"A partir del 13 de junio, Aeromar la aerol\u00ednea que comanda Danilo Correa mantendr\u00e1 vuelos directos de la Ciudad de M\u00e9xico a Puerto Vallarta.","robots":{"index":"index","follow":"follow","max-snippet":"max-snippet:-1","max-image-preview":"max-image-preview:large","max-video-preview":"max-video-preview:-1"},"canonical":"https:\/\/nitu.mx\/index.php\/2019\/05\/30\/aeromar-llega-a-puerto-vallarta-para-el-verano\/","twitter_card":"summary_large_image","twitter_title":"Aeromar llega a Puerto Vallarta para el verano - Nitu - Noticias de la Industria Turistica","twitter_description":"A partir del 13 de junio, Aeromar la aerol\u00ednea que comanda Danilo Correa mantendr\u00e1 vuelos directos de la Ciudad de M\u00e9xico a Puerto Vallarta.","twitter_image":"https:\/\/nitu.mx\/wp-content\/uploads\/2017\/12\/Aeromar-AICM.jpg","twitter_creator":"@NITUmx","twitter_site":"@Arturo_Medina_G","twitter_misc":{"Escrito por":"Redacci\u00f3n","Tiempo de lectura":"1 minuto"},"schema":{"@context":"https:\/\/schema.org","@graph":[{"@type":"Article","@id":"https:\/\/nitu.mx\/index.php\/2019\/05\/30\/aeromar-llega-a-puerto-vallarta-para-el-verano\/#article","isPartOf":{"@id":"https:\/\/nitu.mx\/index.php\/2019\/05\/30\/aeromar-llega-a-puerto-vallarta-para-el-verano\/"},"author":{"name":"Redacci\u00f3n","@id":"https:\/\/nitu.mx\/#\/schema\/person\/4a28fe9bd65924f7c90623773daf1b0b"},"headline":"Aeromar llega a Puerto Vallarta para el verano","datePublished":"2019-05-31T04:32:09+00:00","dateModified":"2019-05-31T05:13:38+00:00","mainEntityOfPage":{"@id":"https:\/\/nitu.mx\/index.php\/2019\/05\/30\/aeromar-llega-a-puerto-vallarta-para-el-verano\/"},"wordCount":273,"commentCount":0,"publisher":{"@id":"https:\/\/nitu.mx\/#\/schema\/person\/ae7a53426417292d3dd07b45a33e01bc"},"image":{"@id":"https:\/\/nitu.mx\/index.php\/2019\/05\/30\/aeromar-llega-a-puerto-vallarta-para-el-verano\/#primaryimage"},"thumbnailUrl":"https:\/\/nitu.mx\/wp-content\/uploads\/2017\/12\/Aeromar-AICM.jpg","keywords":["Aeromar","ATR 72-600","Danilo Correa","Puerto Vallarta"],"articleSection":["Aerol\u00edneas","Sin Categor\u00eda"],"inLanguage":"es-MX","potentialAction":[{"@type":"CommentAction","name":"Comment","target":["https:\/\/nitu.mx\/index.php\/2019\/05\/30\/aeromar-llega-a-puerto-vallarta-para-el-verano\/#respond"]}]},{"@type":"WebPage","@id":"https:\/\/nitu.mx\/index.php\/2019\/05\/30\/aeromar-llega-a-puerto-vallarta-para-el-verano\/","url":"https:\/\/nitu.mx\/index.php\/2019\/05\/30\/aeromar-llega-a-puerto-vallarta-para-el-verano\/","name":"Aeromar llega a Puerto Vallarta para el verano - Nitu - Noticias de la Industria Turistica","isPartOf":{"@id":"https:\/\/nitu.mx\/#website"},"primaryImageOfPage":{"@id":"https:\/\/nitu.mx\/index.php\/2019\/05\/30\/aeromar-llega-a-puerto-vallarta-para-el-verano\/#primaryimage"},"image":{"@id":"https:\/\/nitu.mx\/index.php\/2019\/05\/30\/aeromar-llega-a-puerto-vallarta-para-el-verano\/#primaryimage"},"thumbnailUrl":"https:\/\/nitu.mx\/wp-content\/uploads\/2017\/12\/Aeromar-AICM.jpg","datePublished":"2019-05-31T04:32:09+00:00","dateModified":"2019-05-31T05:13:38+00:00","description":"A partir del 13 de junio, Aeromar la aerol\u00ednea que comanda Danilo Correa mantendr\u00e1 vuelos directos de la Ciudad de M\u00e9xico a Puerto Vallarta.","breadcrumb":{"@id":"https:\/\/nitu.mx\/index.php\/2019\/05\/30\/aeromar-llega-a-puerto-vallarta-para-el-verano\/#breadcrumb"},"inLanguage":"es-MX","potentialAction":[{"@type":"ReadAction","target":["https:\/\/nitu.mx\/index.php\/2019\/05\/30\/aeromar-llega-a-puerto-vallarta-para-el-verano\/"]}]},{"@type":"ImageObject","inLanguage":"es-MX","@id":"https:\/\/nitu.mx\/index.php\/2019\/05\/30\/aeromar-llega-a-puerto-vallarta-para-el-verano\/#primaryimage","url":"https:\/\/nitu.mx\/wp-content\/uploads\/2017\/12\/Aeromar-AICM.jpg","contentUrl":"https:\/\/nitu.mx\/wp-content\/uploads\/2017\/12\/Aeromar-AICM.jpg","width":850,"height":480,"caption":"Aeromar"},{"@type":"BreadcrumbList","@id":"https:\/\/nitu.mx\/index.php\/2019\/05\/30\/aeromar-llega-a-puerto-vallarta-para-el-verano\/#breadcrumb","itemListElement":[{"@type":"ListItem","position":1,"name":"Inicio","item":"https:\/\/nitu.mx\/"},{"@type":"ListItem","position":2,"name":"Aeromar llega a Puerto Vallarta para el verano"}]},{"@type":"WebSite","@id":"https:\/\/nitu.mx\/#website","url":"https:\/\/nitu.mx\/","name":"Nitu - Noticias de la Industria Turistica","description":"Noticias de la Industria Turistica","publisher":{"@id":"https:\/\/nitu.mx\/#\/schema\/person\/ae7a53426417292d3dd07b45a33e01bc"},"alternateName":"Noticias de la Industria Turistica","potentialAction":[{"@type":"SearchAction","target":{"@type":"EntryPoint","urlTemplate":"https:\/\/nitu.mx\/?s={search_term_string}"},"query-input":"required name=search_term_string"}],"inLanguage":"es-MX"},{"@type":["Person","Organization"],"@id":"https:\/\/nitu.mx\/#\/schema\/person\/ae7a53426417292d3dd07b45a33e01bc","name":"Arturo Medina","image":{"@type":"ImageObject","inLanguage":"es-MX","@id":"https:\/\/nitu.mx\/#\/schema\/person\/image\/","url":"https:\/\/nitu.mx\/wp-content\/uploads\/2024\/04\/4A315622-1904-4D5C-B022-878CDC840E04-90x90-1.jpeg","contentUrl":"https:\/\/nitu.mx\/wp-content\/uploads\/2024\/04\/4A315622-1904-4D5C-B022-878CDC840E04-90x90-1.jpeg","width":90,"height":90,"caption":"Arturo Medina"},"logo":{"@id":"https:\/\/nitu.mx\/#\/schema\/person\/image\/"},"description":"Director NITU.mx, Egresado de la Escuela de Periodismo Carlos Septi\u00e9n Garc\u00eda. Periodista y analista especializado en turismo desde hace 35 a\u00f1os, radicado en Canc\u00fan Q.Roo. arturo@nitu.mx","sameAs":["https:\/\/nitu.mx","https:\/\/www.facebook.com\/NITUmx\/","medinacancun","https:\/\/twitter.com\/@Arturo_Medina_G"]},{"@type":"Person","@id":"https:\/\/nitu.mx\/#\/schema\/person\/4a28fe9bd65924f7c90623773daf1b0b","name":"Redacci\u00f3n","image":{"@type":"ImageObject","inLanguage":"es-MX","@id":"https:\/\/nitu.mx\/#\/schema\/person\/image\/","url":"https:\/\/secure.gravatar.com\/avatar\/5dd011c8ccfc5cd7e4c81e42252aab38?s=96&d=mm&r=g","contentUrl":"https:\/\/secure.gravatar.com\/avatar\/5dd011c8ccfc5cd7e4c81e42252aab38?s=96&d=mm&r=g","caption":"Redacci\u00f3n"},"url":"https:\/\/nitu.mx\/index.php\/author\/redaccion\/"}]}},"views":200,"_links":{"self":[{"href":"https:\/\/nitu.mx\/index.php\/wp-json\/wp\/v2\/posts\/32392"}],"collection":[{"href":"https:\/\/nitu.mx\/index.php\/wp-json\/wp\/v2\/posts"}],"about":[{"href":"https:\/\/nitu.mx\/index.php\/wp-json\/wp\/v2\/types\/post"}],"author":[{"embeddable":true,"href":"https:\/\/nitu.mx\/index.php\/wp-json\/wp\/v2\/users\/17"}],"replies":[{"embeddable":true,"href":"https:\/\/nitu.mx\/index.php\/wp-json\/wp\/v2\/comments?post=32392"}],"version-history":[{"count":4,"href":"https:\/\/nitu.mx\/index.php\/wp-json\/wp\/v2\/posts\/32392\/revisions"}],"predecessor-version":[{"id":32404,"href":"https:\/\/nitu.mx\/index.php\/wp-json\/wp\/v2\/posts\/32392\/revisions\/32404"}],"wp:featuredmedia":[{"embeddable":true,"href":"https:\/\/nitu.mx\/index.php\/wp-json\/wp\/v2\/media\/16067"}],"wp:attachment":[{"href":"https:\/\/nitu.mx\/index.php\/wp-json\/wp\/v2\/media?parent=32392"}],"wp:term":[{"taxonomy":"category","embeddable":true,"href":"https:\/\/nitu.mx\/index.php\/wp-json\/wp\/v2\/categories?post=32392"},{"taxonomy":"post_tag","embeddable":true,"href":"https:\/\/nitu.mx\/index.php\/wp-json\/wp\/v2\/tags?post=32392"}],"curies":[{"name":"wp","href":"https:\/\/api.w.org\/{rel}","templated":true}]}}