{"id":3206,"date":"2016-10-23T22:23:33","date_gmt":"2016-10-24T03:23:33","guid":{"rendered":"http:\/\/www.dev.nitu.mx\/?p=3206"},"modified":"2016-10-24T00:09:50","modified_gmt":"2016-10-24T05:09:50","slug":"asociacion-de-hoteles-solicita-analizar-aumento-de-tarifas-por-afectar-a-turismo-nacional","status":"publish","type":"post","link":"https:\/\/nitu.mx\/index.php\/2016\/10\/23\/asociacion-de-hoteles-solicita-analizar-aumento-de-tarifas-por-afectar-a-turismo-nacional\/","title":{"rendered":"Asociaci\u00f3n de Hoteles de Canc\u00fan solicita analizar aumento de tarifas por afectar a turismo nacional"},"content":{"rendered":"<p><span style=\"color: #000000; font-family: Calibri;\">Carlos Gosselin, presidente de la Asociaci\u00f3n de Hoteles de Canc\u00fan y Puerto Morelos (AHCyPM), advirti\u00f3 sobre la propuesta de incrementar las tarifas hoteleras para la pr\u00f3xima temporada de invierno, ya que esto afectar\u00e1 al turismo nacional.<\/span><\/p>\n<p><span style=\"color: #000000; font-family: Calibri;\">El empresario acentu\u00f3 que se debe recordar, que el mercado nacional representa un gran mercado para el Caribe Mexicano, ya que se increment\u00f3 en un 39 por ciento el a\u00f1o pasado, por lo que alent\u00f3 al sector hotelero a reflexionar sobre esta idea, dijo en entrevista.<\/span><\/p>\n<p><span style=\"color: #000000; font-family: Calibri;\">Pidi\u00f3 analizar un poco la conveniencia de incrementar tarifas, para los destinos tur\u00edsticos de Quintana Roo, ya que dijo aumentar la tarifa en d\u00f3lares generar\u00e1 un incremento, aunque explic\u00f3 que los hoteles manejan diversas tarifas dependiendo el mercado, pues no se tienen el mismo precio para todos los mercados, ni todo el a\u00f1o. <\/span><\/p>\n<p><span style=\"color: #000000; font-family: Calibri;\">Aclar\u00f3 que un incremento se dar\u00e1 en d\u00f3lares, pero eso aumentar\u00e1 el costo en pesos, y en la temporada invernal (temporada alta), ser\u00eda poco el ajuste a la tarifa nacional.<\/span><\/p>\n<p>Recientemente Gosselin tambi\u00e9n alz\u00f3 la voz en nombre de la asociaci\u00f3n que encabeza, para recalcar que el impuesto al hospedaje (IH) no debe destinarse a otros fines, que no sea la promoci\u00f3n tur\u00edstica, pues a\u00fan con \u00e9stos, est\u00e1n en riesgo distintas actividades que buscan fomentar la atracci\u00f3n de turistas al destino.(<a href=\"http:\/\/www.dev.nitu.mx\/index.php\/2016\/10\/15\/hoteleros-de-cancun-vs-dividir-impuesto-al-hospedaje\/\" target=\"_blank\">Hoteleros de Canc\u00fan en contra de dividir Impuesto al Hospedaje<\/a>)<\/p>\n","protected":false},"excerpt":{"rendered":"<p>Carlos Gosselin, presidente de la Asociaci\u00f3n de Hoteles de Canc\u00fan y Puerto Morelos (AHCyPM), advirti\u00f3 sobre la propuesta de incrementar las tarifas hoteleras para la pr\u00f3xima temporada de invierno, ya que esto afectar\u00e1 al turismo nacional. El empresario acentu\u00f3 que se debe recordar, que el mercado nacional representa un gran mercado para el Caribe Mexicano, [&hellip;]<\/p>\n","protected":false},"author":3,"featured_media":3208,"comment_status":"open","ping_status":"open","sticky":false,"template":"","format":"standard","meta":{"footnotes":""},"categories":[5,2],"tags":[842,83,357],"yoast_head":"<!-- This site is optimized with the Yoast SEO plugin v22.2 - https:\/\/yoast.com\/wordpress\/plugins\/seo\/ -->\n<title>Asociaci\u00f3n de Hoteles de Canc\u00fan solicita analizar aumento de tarifas por afectar a turismo nacional - Nitu - Noticias de la Industria Turistica<\/title>\n<meta name=\"description\" content=\"El presidente de la Asociaci\u00f3n de Hoteles de Canc\u00fan y Puerto Morelos advirti\u00f3 los riesgos de incrementar las tarifas para la pr\u00f3xima temporada de invierno.\" \/>\n<meta name=\"robots\" content=\"index, follow, max-snippet:-1, max-image-preview:large, max-video-preview:-1\" \/>\n<link rel=\"canonical\" href=\"https:\/\/nitu.mx\/index.php\/2016\/10\/23\/asociacion-de-hoteles-solicita-analizar-aumento-de-tarifas-por-afectar-a-turismo-nacional\/\" \/>\n<meta name=\"twitter:card\" content=\"summary_large_image\" \/>\n<meta name=\"twitter:title\" content=\"Asociaci\u00f3n de Hoteles de Canc\u00fan solicita analizar aumento de tarifas por afectar a turismo nacional - Nitu - Noticias de la Industria Turistica\" \/>\n<meta name=\"twitter:description\" content=\"El presidente de la Asociaci\u00f3n de Hoteles de Canc\u00fan y Puerto Morelos advirti\u00f3 los riesgos de incrementar las tarifas para la pr\u00f3xima temporada de invierno.\" \/>\n<meta name=\"twitter:image\" content=\"https:\/\/nitu.mx\/wp-content\/uploads\/2016\/10\/hotel20calypso20cancun.jpg\" \/>\n<meta name=\"twitter:creator\" content=\"@NITUmx\" \/>\n<meta name=\"twitter:site\" content=\"@Arturo_Medina_G\" \/>\n<meta name=\"twitter:label1\" content=\"Escrito por\" \/>\n\t<meta name=\"twitter:data1\" content=\"Alejandra Moncisbays\" \/>\n\t<meta name=\"twitter:label2\" content=\"Tiempo de lectura\" \/>\n\t<meta name=\"twitter:data2\" content=\"1 minuto\" \/>\n<script type=\"application\/ld+json\" class=\"yoast-schema-graph\">{\"@context\":\"https:\/\/schema.org\",\"@graph\":[{\"@type\":\"Article\",\"@id\":\"https:\/\/nitu.mx\/index.php\/2016\/10\/23\/asociacion-de-hoteles-solicita-analizar-aumento-de-tarifas-por-afectar-a-turismo-nacional\/#article\",\"isPartOf\":{\"@id\":\"https:\/\/nitu.mx\/index.php\/2016\/10\/23\/asociacion-de-hoteles-solicita-analizar-aumento-de-tarifas-por-afectar-a-turismo-nacional\/\"},\"author\":{\"name\":\"Alejandra Moncisbays\",\"@id\":\"https:\/\/nitu.mx\/#\/schema\/person\/2ecd887b19dfd3382d1f14fc5acf24a8\"},\"headline\":\"Asociaci\u00f3n de Hoteles de Canc\u00fan solicita analizar aumento de tarifas por afectar a turismo nacional\",\"datePublished\":\"2016-10-24T03:23:33+00:00\",\"dateModified\":\"2016-10-24T05:09:50+00:00\",\"mainEntityOfPage\":{\"@id\":\"https:\/\/nitu.mx\/index.php\/2016\/10\/23\/asociacion-de-hoteles-solicita-analizar-aumento-de-tarifas-por-afectar-a-turismo-nacional\/\"},\"wordCount\":259,\"commentCount\":0,\"publisher\":{\"@id\":\"https:\/\/nitu.mx\/#\/schema\/person\/ae7a53426417292d3dd07b45a33e01bc\"},\"image\":{\"@id\":\"https:\/\/nitu.mx\/index.php\/2016\/10\/23\/asociacion-de-hoteles-solicita-analizar-aumento-de-tarifas-por-afectar-a-turismo-nacional\/#primaryimage\"},\"thumbnailUrl\":\"https:\/\/nitu.mx\/wp-content\/uploads\/2016\/10\/hotel20calypso20cancun.jpg\",\"keywords\":[\"Asociaci\u00f3n de Hoteles de Canc\u00fan y Puerto Morelos (AHCYPM)\",\"Caribe mexicano\",\"Carlos Gosselin\"],\"articleSection\":[\"Destinos\",\"Hoteles\"],\"inLanguage\":\"es-MX\",\"potentialAction\":[{\"@type\":\"CommentAction\",\"name\":\"Comment\",\"target\":[\"https:\/\/nitu.mx\/index.php\/2016\/10\/23\/asociacion-de-hoteles-solicita-analizar-aumento-de-tarifas-por-afectar-a-turismo-nacional\/#respond\"]}]},{\"@type\":\"WebPage\",\"@id\":\"https:\/\/nitu.mx\/index.php\/2016\/10\/23\/asociacion-de-hoteles-solicita-analizar-aumento-de-tarifas-por-afectar-a-turismo-nacional\/\",\"url\":\"https:\/\/nitu.mx\/index.php\/2016\/10\/23\/asociacion-de-hoteles-solicita-analizar-aumento-de-tarifas-por-afectar-a-turismo-nacional\/\",\"name\":\"Asociaci\u00f3n de Hoteles de Canc\u00fan solicita analizar aumento de tarifas por afectar a turismo nacional - Nitu - Noticias de la Industria Turistica\",\"isPartOf\":{\"@id\":\"https:\/\/nitu.mx\/#website\"},\"primaryImageOfPage\":{\"@id\":\"https:\/\/nitu.mx\/index.php\/2016\/10\/23\/asociacion-de-hoteles-solicita-analizar-aumento-de-tarifas-por-afectar-a-turismo-nacional\/#primaryimage\"},\"image\":{\"@id\":\"https:\/\/nitu.mx\/index.php\/2016\/10\/23\/asociacion-de-hoteles-solicita-analizar-aumento-de-tarifas-por-afectar-a-turismo-nacional\/#primaryimage\"},\"thumbnailUrl\":\"https:\/\/nitu.mx\/wp-content\/uploads\/2016\/10\/hotel20calypso20cancun.jpg\",\"datePublished\":\"2016-10-24T03:23:33+00:00\",\"dateModified\":\"2016-10-24T05:09:50+00:00\",\"description\":\"El presidente de la Asociaci\u00f3n de Hoteles de Canc\u00fan y Puerto Morelos advirti\u00f3 los riesgos de incrementar las tarifas para la pr\u00f3xima temporada de invierno.\",\"breadcrumb\":{\"@id\":\"https:\/\/nitu.mx\/index.php\/2016\/10\/23\/asociacion-de-hoteles-solicita-analizar-aumento-de-tarifas-por-afectar-a-turismo-nacional\/#breadcrumb\"},\"inLanguage\":\"es-MX\",\"potentialAction\":[{\"@type\":\"ReadAction\",\"target\":[\"https:\/\/nitu.mx\/index.php\/2016\/10\/23\/asociacion-de-hoteles-solicita-analizar-aumento-de-tarifas-por-afectar-a-turismo-nacional\/\"]}]},{\"@type\":\"ImageObject\",\"inLanguage\":\"es-MX\",\"@id\":\"https:\/\/nitu.mx\/index.php\/2016\/10\/23\/asociacion-de-hoteles-solicita-analizar-aumento-de-tarifas-por-afectar-a-turismo-nacional\/#primaryimage\",\"url\":\"https:\/\/nitu.mx\/wp-content\/uploads\/2016\/10\/hotel20calypso20cancun.jpg\",\"contentUrl\":\"https:\/\/nitu.mx\/wp-content\/uploads\/2016\/10\/hotel20calypso20cancun.jpg\",\"width\":600,\"height\":450,\"caption\":\"Asociaci\u00f3n de Hoteles de Canc\u00fan\"},{\"@type\":\"BreadcrumbList\",\"@id\":\"https:\/\/nitu.mx\/index.php\/2016\/10\/23\/asociacion-de-hoteles-solicita-analizar-aumento-de-tarifas-por-afectar-a-turismo-nacional\/#breadcrumb\",\"itemListElement\":[{\"@type\":\"ListItem\",\"position\":1,\"name\":\"Inicio\",\"item\":\"https:\/\/nitu.mx\/\"},{\"@type\":\"ListItem\",\"position\":2,\"name\":\"Asociaci\u00f3n de Hoteles de Canc\u00fan solicita analizar aumento de tarifas por afectar a turismo nacional\"}]},{\"@type\":\"WebSite\",\"@id\":\"https:\/\/nitu.mx\/#website\",\"url\":\"https:\/\/nitu.mx\/\",\"name\":\"Nitu - Noticias de la Industria Turistica\",\"description\":\"Noticias de la Industria Turistica\",\"publisher\":{\"@id\":\"https:\/\/nitu.mx\/#\/schema\/person\/ae7a53426417292d3dd07b45a33e01bc\"},\"alternateName\":\"Noticias de la Industria Turistica\",\"potentialAction\":[{\"@type\":\"SearchAction\",\"target\":{\"@type\":\"EntryPoint\",\"urlTemplate\":\"https:\/\/nitu.mx\/?s={search_term_string}\"},\"query-input\":\"required name=search_term_string\"}],\"inLanguage\":\"es-MX\"},{\"@type\":[\"Person\",\"Organization\"],\"@id\":\"https:\/\/nitu.mx\/#\/schema\/person\/ae7a53426417292d3dd07b45a33e01bc\",\"name\":\"Arturo Medina\",\"image\":{\"@type\":\"ImageObject\",\"inLanguage\":\"es-MX\",\"@id\":\"https:\/\/nitu.mx\/#\/schema\/person\/image\/\",\"url\":\"https:\/\/nitu.mx\/wp-content\/uploads\/2024\/04\/4A315622-1904-4D5C-B022-878CDC840E04-90x90-1.jpeg\",\"contentUrl\":\"https:\/\/nitu.mx\/wp-content\/uploads\/2024\/04\/4A315622-1904-4D5C-B022-878CDC840E04-90x90-1.jpeg\",\"width\":90,\"height\":90,\"caption\":\"Arturo Medina\"},\"logo\":{\"@id\":\"https:\/\/nitu.mx\/#\/schema\/person\/image\/\"},\"description\":\"Director NITU.mx, Egresado de la Escuela de Periodismo Carlos Septi\u00e9n Garc\u00eda. Periodista y analista especializado en turismo desde hace 35 a\u00f1os, radicado en Canc\u00fan Q.Roo. arturo@nitu.mx\",\"sameAs\":[\"https:\/\/nitu.mx\",\"https:\/\/www.facebook.com\/NITUmx\/\",\"medinacancun\",\"https:\/\/twitter.com\/@Arturo_Medina_G\"]},{\"@type\":\"Person\",\"@id\":\"https:\/\/nitu.mx\/#\/schema\/person\/2ecd887b19dfd3382d1f14fc5acf24a8\",\"name\":\"Alejandra Moncisbays\",\"image\":{\"@type\":\"ImageObject\",\"inLanguage\":\"es-MX\",\"@id\":\"https:\/\/nitu.mx\/#\/schema\/person\/image\/\",\"url\":\"https:\/\/secure.gravatar.com\/avatar\/e74f7af0be172b7804dacfd0bfbef787?s=96&d=mm&r=g\",\"contentUrl\":\"https:\/\/secure.gravatar.com\/avatar\/e74f7af0be172b7804dacfd0bfbef787?s=96&d=mm&r=g\",\"caption\":\"Alejandra Moncisbays\"},\"description\":\"Curs\u00e9 la carrera de Periodismo y Comunicaci\u00f3n en la Facultad de Estudios Profesionales Acatl\u00e1n. Vivo en Canc\u00fan desde hace 24 a\u00f1os. Fui reportera de La Tarde de Canc\u00fan, y Novedades de Quintana Roo, colabor\u00e9 en TVCUN, edit\u00e9 Cancun\u00edssimo y colabor\u00e9 en las revistas Latitud21, entre otras, con principal enfoque en los sectores empresarial y tur\u00edstico. Desde hace varios a\u00f1os soy Agente de Seguros con c\u00e9dula de la Comisi\u00f3n Nacional de Seguros y Fianzas. Actualmente, me desarrollo en los \u00e1mbitos del periodismo y el sector asegurador.\",\"sameAs\":[\"https:\/\/nitu.mx\"],\"url\":\"https:\/\/nitu.mx\/index.php\/author\/alejandra\/\"}]}<\/script>\n<!-- \/ Yoast SEO plugin. -->","yoast_head_json":{"title":"Asociaci\u00f3n de Hoteles de Canc\u00fan solicita analizar aumento de tarifas por afectar a turismo nacional - Nitu - Noticias de la Industria Turistica","description":"El presidente de la Asociaci\u00f3n de Hoteles de Canc\u00fan y Puerto Morelos advirti\u00f3 los riesgos de incrementar las tarifas para la pr\u00f3xima temporada de invierno.","robots":{"index":"index","follow":"follow","max-snippet":"max-snippet:-1","max-image-preview":"max-image-preview:large","max-video-preview":"max-video-preview:-1"},"canonical":"https:\/\/nitu.mx\/index.php\/2016\/10\/23\/asociacion-de-hoteles-solicita-analizar-aumento-de-tarifas-por-afectar-a-turismo-nacional\/","twitter_card":"summary_large_image","twitter_title":"Asociaci\u00f3n de Hoteles de Canc\u00fan solicita analizar aumento de tarifas por afectar a turismo nacional - Nitu - Noticias de la Industria Turistica","twitter_description":"El presidente de la Asociaci\u00f3n de Hoteles de Canc\u00fan y Puerto Morelos advirti\u00f3 los riesgos de incrementar las tarifas para la pr\u00f3xima temporada de invierno.","twitter_image":"https:\/\/nitu.mx\/wp-content\/uploads\/2016\/10\/hotel20calypso20cancun.jpg","twitter_creator":"@NITUmx","twitter_site":"@Arturo_Medina_G","twitter_misc":{"Escrito por":"Alejandra Moncisbays","Tiempo de lectura":"1 minuto"},"schema":{"@context":"https:\/\/schema.org","@graph":[{"@type":"Article","@id":"https:\/\/nitu.mx\/index.php\/2016\/10\/23\/asociacion-de-hoteles-solicita-analizar-aumento-de-tarifas-por-afectar-a-turismo-nacional\/#article","isPartOf":{"@id":"https:\/\/nitu.mx\/index.php\/2016\/10\/23\/asociacion-de-hoteles-solicita-analizar-aumento-de-tarifas-por-afectar-a-turismo-nacional\/"},"author":{"name":"Alejandra Moncisbays","@id":"https:\/\/nitu.mx\/#\/schema\/person\/2ecd887b19dfd3382d1f14fc5acf24a8"},"headline":"Asociaci\u00f3n de Hoteles de Canc\u00fan solicita analizar aumento de tarifas por afectar a turismo nacional","datePublished":"2016-10-24T03:23:33+00:00","dateModified":"2016-10-24T05:09:50+00:00","mainEntityOfPage":{"@id":"https:\/\/nitu.mx\/index.php\/2016\/10\/23\/asociacion-de-hoteles-solicita-analizar-aumento-de-tarifas-por-afectar-a-turismo-nacional\/"},"wordCount":259,"commentCount":0,"publisher":{"@id":"https:\/\/nitu.mx\/#\/schema\/person\/ae7a53426417292d3dd07b45a33e01bc"},"image":{"@id":"https:\/\/nitu.mx\/index.php\/2016\/10\/23\/asociacion-de-hoteles-solicita-analizar-aumento-de-tarifas-por-afectar-a-turismo-nacional\/#primaryimage"},"thumbnailUrl":"https:\/\/nitu.mx\/wp-content\/uploads\/2016\/10\/hotel20calypso20cancun.jpg","keywords":["Asociaci\u00f3n de Hoteles de Canc\u00fan y Puerto Morelos (AHCYPM)","Caribe mexicano","Carlos Gosselin"],"articleSection":["Destinos","Hoteles"],"inLanguage":"es-MX","potentialAction":[{"@type":"CommentAction","name":"Comment","target":["https:\/\/nitu.mx\/index.php\/2016\/10\/23\/asociacion-de-hoteles-solicita-analizar-aumento-de-tarifas-por-afectar-a-turismo-nacional\/#respond"]}]},{"@type":"WebPage","@id":"https:\/\/nitu.mx\/index.php\/2016\/10\/23\/asociacion-de-hoteles-solicita-analizar-aumento-de-tarifas-por-afectar-a-turismo-nacional\/","url":"https:\/\/nitu.mx\/index.php\/2016\/10\/23\/asociacion-de-hoteles-solicita-analizar-aumento-de-tarifas-por-afectar-a-turismo-nacional\/","name":"Asociaci\u00f3n de Hoteles de Canc\u00fan solicita analizar aumento de tarifas por afectar a turismo nacional - Nitu - Noticias de la Industria Turistica","isPartOf":{"@id":"https:\/\/nitu.mx\/#website"},"primaryImageOfPage":{"@id":"https:\/\/nitu.mx\/index.php\/2016\/10\/23\/asociacion-de-hoteles-solicita-analizar-aumento-de-tarifas-por-afectar-a-turismo-nacional\/#primaryimage"},"image":{"@id":"https:\/\/nitu.mx\/index.php\/2016\/10\/23\/asociacion-de-hoteles-solicita-analizar-aumento-de-tarifas-por-afectar-a-turismo-nacional\/#primaryimage"},"thumbnailUrl":"https:\/\/nitu.mx\/wp-content\/uploads\/2016\/10\/hotel20calypso20cancun.jpg","datePublished":"2016-10-24T03:23:33+00:00","dateModified":"2016-10-24T05:09:50+00:00","description":"El presidente de la Asociaci\u00f3n de Hoteles de Canc\u00fan y Puerto Morelos advirti\u00f3 los riesgos de incrementar las tarifas para la pr\u00f3xima temporada de invierno.","breadcrumb":{"@id":"https:\/\/nitu.mx\/index.php\/2016\/10\/23\/asociacion-de-hoteles-solicita-analizar-aumento-de-tarifas-por-afectar-a-turismo-nacional\/#breadcrumb"},"inLanguage":"es-MX","potentialAction":[{"@type":"ReadAction","target":["https:\/\/nitu.mx\/index.php\/2016\/10\/23\/asociacion-de-hoteles-solicita-analizar-aumento-de-tarifas-por-afectar-a-turismo-nacional\/"]}]},{"@type":"ImageObject","inLanguage":"es-MX","@id":"https:\/\/nitu.mx\/index.php\/2016\/10\/23\/asociacion-de-hoteles-solicita-analizar-aumento-de-tarifas-por-afectar-a-turismo-nacional\/#primaryimage","url":"https:\/\/nitu.mx\/wp-content\/uploads\/2016\/10\/hotel20calypso20cancun.jpg","contentUrl":"https:\/\/nitu.mx\/wp-content\/uploads\/2016\/10\/hotel20calypso20cancun.jpg","width":600,"height":450,"caption":"Asociaci\u00f3n de Hoteles de Canc\u00fan"},{"@type":"BreadcrumbList","@id":"https:\/\/nitu.mx\/index.php\/2016\/10\/23\/asociacion-de-hoteles-solicita-analizar-aumento-de-tarifas-por-afectar-a-turismo-nacional\/#breadcrumb","itemListElement":[{"@type":"ListItem","position":1,"name":"Inicio","item":"https:\/\/nitu.mx\/"},{"@type":"ListItem","position":2,"name":"Asociaci\u00f3n de Hoteles de Canc\u00fan solicita analizar aumento de tarifas por afectar a turismo nacional"}]},{"@type":"WebSite","@id":"https:\/\/nitu.mx\/#website","url":"https:\/\/nitu.mx\/","name":"Nitu - Noticias de la Industria Turistica","description":"Noticias de la Industria Turistica","publisher":{"@id":"https:\/\/nitu.mx\/#\/schema\/person\/ae7a53426417292d3dd07b45a33e01bc"},"alternateName":"Noticias de la Industria Turistica","potentialAction":[{"@type":"SearchAction","target":{"@type":"EntryPoint","urlTemplate":"https:\/\/nitu.mx\/?s={search_term_string}"},"query-input":"required name=search_term_string"}],"inLanguage":"es-MX"},{"@type":["Person","Organization"],"@id":"https:\/\/nitu.mx\/#\/schema\/person\/ae7a53426417292d3dd07b45a33e01bc","name":"Arturo Medina","image":{"@type":"ImageObject","inLanguage":"es-MX","@id":"https:\/\/nitu.mx\/#\/schema\/person\/image\/","url":"https:\/\/nitu.mx\/wp-content\/uploads\/2024\/04\/4A315622-1904-4D5C-B022-878CDC840E04-90x90-1.jpeg","contentUrl":"https:\/\/nitu.mx\/wp-content\/uploads\/2024\/04\/4A315622-1904-4D5C-B022-878CDC840E04-90x90-1.jpeg","width":90,"height":90,"caption":"Arturo Medina"},"logo":{"@id":"https:\/\/nitu.mx\/#\/schema\/person\/image\/"},"description":"Director NITU.mx, Egresado de la Escuela de Periodismo Carlos Septi\u00e9n Garc\u00eda. Periodista y analista especializado en turismo desde hace 35 a\u00f1os, radicado en Canc\u00fan Q.Roo. arturo@nitu.mx","sameAs":["https:\/\/nitu.mx","https:\/\/www.facebook.com\/NITUmx\/","medinacancun","https:\/\/twitter.com\/@Arturo_Medina_G"]},{"@type":"Person","@id":"https:\/\/nitu.mx\/#\/schema\/person\/2ecd887b19dfd3382d1f14fc5acf24a8","name":"Alejandra Moncisbays","image":{"@type":"ImageObject","inLanguage":"es-MX","@id":"https:\/\/nitu.mx\/#\/schema\/person\/image\/","url":"https:\/\/secure.gravatar.com\/avatar\/e74f7af0be172b7804dacfd0bfbef787?s=96&d=mm&r=g","contentUrl":"https:\/\/secure.gravatar.com\/avatar\/e74f7af0be172b7804dacfd0bfbef787?s=96&d=mm&r=g","caption":"Alejandra Moncisbays"},"description":"Curs\u00e9 la carrera de Periodismo y Comunicaci\u00f3n en la Facultad de Estudios Profesionales Acatl\u00e1n. Vivo en Canc\u00fan desde hace 24 a\u00f1os. Fui reportera de La Tarde de Canc\u00fan, y Novedades de Quintana Roo, colabor\u00e9 en TVCUN, edit\u00e9 Cancun\u00edssimo y colabor\u00e9 en las revistas Latitud21, entre otras, con principal enfoque en los sectores empresarial y tur\u00edstico. Desde hace varios a\u00f1os soy Agente de Seguros con c\u00e9dula de la Comisi\u00f3n Nacional de Seguros y Fianzas. Actualmente, me desarrollo en los \u00e1mbitos del periodismo y el sector asegurador.","sameAs":["https:\/\/nitu.mx"],"url":"https:\/\/nitu.mx\/index.php\/author\/alejandra\/"}]}},"views":275,"_links":{"self":[{"href":"https:\/\/nitu.mx\/index.php\/wp-json\/wp\/v2\/posts\/3206"}],"collection":[{"href":"https:\/\/nitu.mx\/index.php\/wp-json\/wp\/v2\/posts"}],"about":[{"href":"https:\/\/nitu.mx\/index.php\/wp-json\/wp\/v2\/types\/post"}],"author":[{"embeddable":true,"href":"https:\/\/nitu.mx\/index.php\/wp-json\/wp\/v2\/users\/3"}],"replies":[{"embeddable":true,"href":"https:\/\/nitu.mx\/index.php\/wp-json\/wp\/v2\/comments?post=3206"}],"version-history":[{"count":3,"href":"https:\/\/nitu.mx\/index.php\/wp-json\/wp\/v2\/posts\/3206\/revisions"}],"predecessor-version":[{"id":3227,"href":"https:\/\/nitu.mx\/index.php\/wp-json\/wp\/v2\/posts\/3206\/revisions\/3227"}],"wp:featuredmedia":[{"embeddable":true,"href":"https:\/\/nitu.mx\/index.php\/wp-json\/wp\/v2\/media\/3208"}],"wp:attachment":[{"href":"https:\/\/nitu.mx\/index.php\/wp-json\/wp\/v2\/media?parent=3206"}],"wp:term":[{"taxonomy":"category","embeddable":true,"href":"https:\/\/nitu.mx\/index.php\/wp-json\/wp\/v2\/categories?post=3206"},{"taxonomy":"post_tag","embeddable":true,"href":"https:\/\/nitu.mx\/index.php\/wp-json\/wp\/v2\/tags?post=3206"}],"curies":[{"name":"wp","href":"https:\/\/api.w.org\/{rel}","templated":true}]}}