{"id":31937,"date":"2019-05-14T00:01:12","date_gmt":"2019-05-14T05:01:12","guid":{"rendered":"https:\/\/www.dev.nitu.mx\/?p=31937"},"modified":"2019-05-14T00:47:33","modified_gmt":"2019-05-14T05:47:33","slug":"crean-mesa-de-trabajo-ante-futuros-fenomenos-metereologicos-en-la-riviera-maya","status":"publish","type":"post","link":"https:\/\/nitu.mx\/index.php\/2019\/05\/14\/crean-mesa-de-trabajo-ante-futuros-fenomenos-metereologicos-en-la-riviera-maya\/","title":{"rendered":"Crean mesa de trabajo ante futuros fen\u00f3menos metereol\u00f3gicos en la Riviera Maya"},"content":{"rendered":"<p>La Asociaci\u00f3n de Hoteles de la Riviera Maya, Protecci\u00f3n Civil y Bomberos, instalaron una mesa de trabajo con el fin de reforzar las acciones preventivas en el interior de los centros de hospedaje de este polo vacacional y garantizar la seguridad de hu\u00e9spedes y trabajadores.<\/p>\n<p>Debido a que por su posici\u00f3n geogr\u00e1fica, la Riviera Maya cada a\u00f1o est\u00e1 en el paso de los huracanes, dichas autoridades decidieron crear dicho comit\u00e9 que servir\u00e1 para prepararse antes, durante y despu\u00e9s de cualquier fen\u00f3meno meteorol\u00f3gico.<\/p>\n<p>Alfredo Paz Cetina, secretario general del Ayuntamiento de Solidaridad, manifest\u00f3 que\u00a0 conocer de antemano las zonas o \u00e1reas de un centro de hospedaje que podr\u00edan ser usadas de refugio de los hu\u00e9spedes es por dem\u00e1s importante.<\/p>\n<p>A\u00f1adi\u00f3 que armar toda una serie de pasos a seguir en caso de cualquier contingencia como a d\u00f3nde se trasladar\u00edan los afectados, activar los protocolos con consulados y embajadas para tener ubicados a los turistas que nos visitan, es gozar de una visi\u00f3n a futuro, es conocer nuestras debilidades y saber c\u00f3mo superarlas.<\/p>\n<p>\u201cHago patente nuestro reconocimiento a este esfuerzo que hacen ustedes previo al inicio de la temporada de huracanes. De nuestra parte, estamos a sus \u00f3rdenes y ponemos a su disposici\u00f3n a nuestros expertos en esta materia, para ser coadyuvantes con sus metas\u201d precis\u00f3 el funcionario.<\/p>\n<p>El acto se llev\u00f3 a cabo en la sede de la Asociaci\u00f3n de Hoteles de la Riviera Maya (AHRM) en cuya representaci\u00f3n acudi\u00f3 el tesorero de la misma, Ernesto Ospina; el meteor\u00f3logo, Luis Antonio Morales Oca\u00f1a y el director general de Protecci\u00f3n Civil y Bomberos, Francisco Poot Cahuil. (La Verdad).<\/p>\n","protected":false},"excerpt":{"rendered":"<p>La Asociaci\u00f3n de Hoteles de la Riviera Maya, Protecci\u00f3n Civil y Bomberos, instalaron una mesa de trabajo con el fin de reforzar las acciones preventivas en el interior de los centros de hospedaje de este polo vacacional y garantizar la seguridad de hu\u00e9spedes y trabajadores. Debido a que por su posici\u00f3n geogr\u00e1fica, la Riviera Maya [&hellip;]<\/p>\n","protected":false},"author":17,"featured_media":27976,"comment_status":"open","ping_status":"open","sticky":false,"template":"","format":"standard","meta":{"footnotes":""},"categories":[5,6],"tags":[1398,15702,15703,15701,80],"yoast_head":"<!-- This site is optimized with the Yoast SEO plugin v22.2 - https:\/\/yoast.com\/wordpress\/plugins\/seo\/ -->\n<title>Crean mesa de trabajo ante futuros fen\u00f3menos metereol\u00f3gicos en la Riviera Maya - Nitu - Noticias de la Industria Turistica<\/title>\n<meta name=\"description\" content=\"La Asociaci\u00f3n de Hoteles de la Riviera Maya, Protecci\u00f3n Civil y Bomberos, instalaron una mesa de trabajo con el fin de reforzar las acciones preventiva.\" \/>\n<meta name=\"robots\" content=\"index, follow, max-snippet:-1, max-image-preview:large, max-video-preview:-1\" \/>\n<link rel=\"canonical\" href=\"https:\/\/nitu.mx\/index.php\/2019\/05\/14\/crean-mesa-de-trabajo-ante-futuros-fenomenos-metereologicos-en-la-riviera-maya\/\" \/>\n<meta name=\"twitter:card\" content=\"summary_large_image\" \/>\n<meta name=\"twitter:title\" content=\"Crean mesa de trabajo ante futuros fen\u00f3menos metereol\u00f3gicos en la Riviera Maya - Nitu - Noticias de la Industria Turistica\" \/>\n<meta name=\"twitter:description\" content=\"La Asociaci\u00f3n de Hoteles de la Riviera Maya, Protecci\u00f3n Civil y Bomberos, instalaron una mesa de trabajo con el fin de reforzar las acciones preventiva.\" \/>\n<meta name=\"twitter:image\" content=\"https:\/\/nitu.mx\/wp-content\/uploads\/2019\/01\/Riviera-maya-ok-1.jpg\" \/>\n<meta name=\"twitter:creator\" content=\"@NITUmx\" \/>\n<meta name=\"twitter:site\" content=\"@Arturo_Medina_G\" \/>\n<meta name=\"twitter:label1\" content=\"Escrito por\" \/>\n\t<meta name=\"twitter:data1\" content=\"Redacci\u00f3n\" \/>\n\t<meta name=\"twitter:label2\" content=\"Tiempo de lectura\" \/>\n\t<meta name=\"twitter:data2\" content=\"1 minuto\" \/>\n<script type=\"application\/ld+json\" class=\"yoast-schema-graph\">{\"@context\":\"https:\/\/schema.org\",\"@graph\":[{\"@type\":\"Article\",\"@id\":\"https:\/\/nitu.mx\/index.php\/2019\/05\/14\/crean-mesa-de-trabajo-ante-futuros-fenomenos-metereologicos-en-la-riviera-maya\/#article\",\"isPartOf\":{\"@id\":\"https:\/\/nitu.mx\/index.php\/2019\/05\/14\/crean-mesa-de-trabajo-ante-futuros-fenomenos-metereologicos-en-la-riviera-maya\/\"},\"author\":{\"name\":\"Redacci\u00f3n\",\"@id\":\"https:\/\/nitu.mx\/#\/schema\/person\/4a28fe9bd65924f7c90623773daf1b0b\"},\"headline\":\"Crean mesa de trabajo ante futuros fen\u00f3menos metereol\u00f3gicos en la Riviera Maya\",\"datePublished\":\"2019-05-14T05:01:12+00:00\",\"dateModified\":\"2019-05-14T05:47:33+00:00\",\"mainEntityOfPage\":{\"@id\":\"https:\/\/nitu.mx\/index.php\/2019\/05\/14\/crean-mesa-de-trabajo-ante-futuros-fenomenos-metereologicos-en-la-riviera-maya\/\"},\"wordCount\":303,\"commentCount\":0,\"publisher\":{\"@id\":\"https:\/\/nitu.mx\/#\/schema\/person\/ae7a53426417292d3dd07b45a33e01bc\"},\"image\":{\"@id\":\"https:\/\/nitu.mx\/index.php\/2019\/05\/14\/crean-mesa-de-trabajo-ante-futuros-fenomenos-metereologicos-en-la-riviera-maya\/#primaryimage\"},\"thumbnailUrl\":\"https:\/\/nitu.mx\/wp-content\/uploads\/2019\/01\/Riviera-maya-ok-1.jpg\",\"keywords\":[\"Asociaci\u00f3n de Hoteles de la Riviera Maya\",\"desastre natural\",\"fen\u00f3menos metereol\u00f3gicos\",\"Protecci\u00f3n Civil y Bomberos\",\"Riviera Maya\"],\"articleSection\":[\"Destinos\",\"M\u00e9xico\"],\"inLanguage\":\"es-MX\",\"potentialAction\":[{\"@type\":\"CommentAction\",\"name\":\"Comment\",\"target\":[\"https:\/\/nitu.mx\/index.php\/2019\/05\/14\/crean-mesa-de-trabajo-ante-futuros-fenomenos-metereologicos-en-la-riviera-maya\/#respond\"]}]},{\"@type\":\"WebPage\",\"@id\":\"https:\/\/nitu.mx\/index.php\/2019\/05\/14\/crean-mesa-de-trabajo-ante-futuros-fenomenos-metereologicos-en-la-riviera-maya\/\",\"url\":\"https:\/\/nitu.mx\/index.php\/2019\/05\/14\/crean-mesa-de-trabajo-ante-futuros-fenomenos-metereologicos-en-la-riviera-maya\/\",\"name\":\"Crean mesa de trabajo ante futuros fen\u00f3menos metereol\u00f3gicos en la Riviera Maya - Nitu - Noticias de la Industria Turistica\",\"isPartOf\":{\"@id\":\"https:\/\/nitu.mx\/#website\"},\"primaryImageOfPage\":{\"@id\":\"https:\/\/nitu.mx\/index.php\/2019\/05\/14\/crean-mesa-de-trabajo-ante-futuros-fenomenos-metereologicos-en-la-riviera-maya\/#primaryimage\"},\"image\":{\"@id\":\"https:\/\/nitu.mx\/index.php\/2019\/05\/14\/crean-mesa-de-trabajo-ante-futuros-fenomenos-metereologicos-en-la-riviera-maya\/#primaryimage\"},\"thumbnailUrl\":\"https:\/\/nitu.mx\/wp-content\/uploads\/2019\/01\/Riviera-maya-ok-1.jpg\",\"datePublished\":\"2019-05-14T05:01:12+00:00\",\"dateModified\":\"2019-05-14T05:47:33+00:00\",\"description\":\"La Asociaci\u00f3n de Hoteles de la Riviera Maya, Protecci\u00f3n Civil y Bomberos, instalaron una mesa de trabajo con el fin de reforzar las acciones preventiva.\",\"breadcrumb\":{\"@id\":\"https:\/\/nitu.mx\/index.php\/2019\/05\/14\/crean-mesa-de-trabajo-ante-futuros-fenomenos-metereologicos-en-la-riviera-maya\/#breadcrumb\"},\"inLanguage\":\"es-MX\",\"potentialAction\":[{\"@type\":\"ReadAction\",\"target\":[\"https:\/\/nitu.mx\/index.php\/2019\/05\/14\/crean-mesa-de-trabajo-ante-futuros-fenomenos-metereologicos-en-la-riviera-maya\/\"]}]},{\"@type\":\"ImageObject\",\"inLanguage\":\"es-MX\",\"@id\":\"https:\/\/nitu.mx\/index.php\/2019\/05\/14\/crean-mesa-de-trabajo-ante-futuros-fenomenos-metereologicos-en-la-riviera-maya\/#primaryimage\",\"url\":\"https:\/\/nitu.mx\/wp-content\/uploads\/2019\/01\/Riviera-maya-ok-1.jpg\",\"contentUrl\":\"https:\/\/nitu.mx\/wp-content\/uploads\/2019\/01\/Riviera-maya-ok-1.jpg\",\"width\":850,\"height\":480,\"caption\":\"riviera maya tarifas Quintana Roo caribe mexicano\"},{\"@type\":\"BreadcrumbList\",\"@id\":\"https:\/\/nitu.mx\/index.php\/2019\/05\/14\/crean-mesa-de-trabajo-ante-futuros-fenomenos-metereologicos-en-la-riviera-maya\/#breadcrumb\",\"itemListElement\":[{\"@type\":\"ListItem\",\"position\":1,\"name\":\"Inicio\",\"item\":\"https:\/\/nitu.mx\/\"},{\"@type\":\"ListItem\",\"position\":2,\"name\":\"Crean mesa de trabajo ante futuros fen\u00f3menos metereol\u00f3gicos en la Riviera Maya\"}]},{\"@type\":\"WebSite\",\"@id\":\"https:\/\/nitu.mx\/#website\",\"url\":\"https:\/\/nitu.mx\/\",\"name\":\"Nitu - Noticias de la Industria Turistica\",\"description\":\"Noticias de la Industria Turistica\",\"publisher\":{\"@id\":\"https:\/\/nitu.mx\/#\/schema\/person\/ae7a53426417292d3dd07b45a33e01bc\"},\"alternateName\":\"Noticias de la Industria Turistica\",\"potentialAction\":[{\"@type\":\"SearchAction\",\"target\":{\"@type\":\"EntryPoint\",\"urlTemplate\":\"https:\/\/nitu.mx\/?s={search_term_string}\"},\"query-input\":\"required name=search_term_string\"}],\"inLanguage\":\"es-MX\"},{\"@type\":[\"Person\",\"Organization\"],\"@id\":\"https:\/\/nitu.mx\/#\/schema\/person\/ae7a53426417292d3dd07b45a33e01bc\",\"name\":\"Arturo Medina\",\"image\":{\"@type\":\"ImageObject\",\"inLanguage\":\"es-MX\",\"@id\":\"https:\/\/nitu.mx\/#\/schema\/person\/image\/\",\"url\":\"https:\/\/nitu.mx\/wp-content\/uploads\/2024\/04\/4A315622-1904-4D5C-B022-878CDC840E04-90x90-1.jpeg\",\"contentUrl\":\"https:\/\/nitu.mx\/wp-content\/uploads\/2024\/04\/4A315622-1904-4D5C-B022-878CDC840E04-90x90-1.jpeg\",\"width\":90,\"height\":90,\"caption\":\"Arturo Medina\"},\"logo\":{\"@id\":\"https:\/\/nitu.mx\/#\/schema\/person\/image\/\"},\"description\":\"Director NITU.mx, Egresado de la Escuela de Periodismo Carlos Septi\u00e9n Garc\u00eda. Periodista y analista especializado en turismo desde hace 35 a\u00f1os, radicado en Canc\u00fan Q.Roo. arturo@nitu.mx\",\"sameAs\":[\"https:\/\/nitu.mx\",\"https:\/\/www.facebook.com\/NITUmx\/\",\"medinacancun\",\"https:\/\/twitter.com\/@Arturo_Medina_G\"]},{\"@type\":\"Person\",\"@id\":\"https:\/\/nitu.mx\/#\/schema\/person\/4a28fe9bd65924f7c90623773daf1b0b\",\"name\":\"Redacci\u00f3n\",\"image\":{\"@type\":\"ImageObject\",\"inLanguage\":\"es-MX\",\"@id\":\"https:\/\/nitu.mx\/#\/schema\/person\/image\/\",\"url\":\"https:\/\/secure.gravatar.com\/avatar\/5dd011c8ccfc5cd7e4c81e42252aab38?s=96&d=mm&r=g\",\"contentUrl\":\"https:\/\/secure.gravatar.com\/avatar\/5dd011c8ccfc5cd7e4c81e42252aab38?s=96&d=mm&r=g\",\"caption\":\"Redacci\u00f3n\"},\"url\":\"https:\/\/nitu.mx\/index.php\/author\/redaccion\/\"}]}<\/script>\n<!-- \/ Yoast SEO plugin. -->","yoast_head_json":{"title":"Crean mesa de trabajo ante futuros fen\u00f3menos metereol\u00f3gicos en la Riviera Maya - Nitu - Noticias de la Industria Turistica","description":"La Asociaci\u00f3n de Hoteles de la Riviera Maya, Protecci\u00f3n Civil y Bomberos, instalaron una mesa de trabajo con el fin de reforzar las acciones preventiva.","robots":{"index":"index","follow":"follow","max-snippet":"max-snippet:-1","max-image-preview":"max-image-preview:large","max-video-preview":"max-video-preview:-1"},"canonical":"https:\/\/nitu.mx\/index.php\/2019\/05\/14\/crean-mesa-de-trabajo-ante-futuros-fenomenos-metereologicos-en-la-riviera-maya\/","twitter_card":"summary_large_image","twitter_title":"Crean mesa de trabajo ante futuros fen\u00f3menos metereol\u00f3gicos en la Riviera Maya - Nitu - Noticias de la Industria Turistica","twitter_description":"La Asociaci\u00f3n de Hoteles de la Riviera Maya, Protecci\u00f3n Civil y Bomberos, instalaron una mesa de trabajo con el fin de reforzar las acciones preventiva.","twitter_image":"https:\/\/nitu.mx\/wp-content\/uploads\/2019\/01\/Riviera-maya-ok-1.jpg","twitter_creator":"@NITUmx","twitter_site":"@Arturo_Medina_G","twitter_misc":{"Escrito por":"Redacci\u00f3n","Tiempo de lectura":"1 minuto"},"schema":{"@context":"https:\/\/schema.org","@graph":[{"@type":"Article","@id":"https:\/\/nitu.mx\/index.php\/2019\/05\/14\/crean-mesa-de-trabajo-ante-futuros-fenomenos-metereologicos-en-la-riviera-maya\/#article","isPartOf":{"@id":"https:\/\/nitu.mx\/index.php\/2019\/05\/14\/crean-mesa-de-trabajo-ante-futuros-fenomenos-metereologicos-en-la-riviera-maya\/"},"author":{"name":"Redacci\u00f3n","@id":"https:\/\/nitu.mx\/#\/schema\/person\/4a28fe9bd65924f7c90623773daf1b0b"},"headline":"Crean mesa de trabajo ante futuros fen\u00f3menos metereol\u00f3gicos en la Riviera Maya","datePublished":"2019-05-14T05:01:12+00:00","dateModified":"2019-05-14T05:47:33+00:00","mainEntityOfPage":{"@id":"https:\/\/nitu.mx\/index.php\/2019\/05\/14\/crean-mesa-de-trabajo-ante-futuros-fenomenos-metereologicos-en-la-riviera-maya\/"},"wordCount":303,"commentCount":0,"publisher":{"@id":"https:\/\/nitu.mx\/#\/schema\/person\/ae7a53426417292d3dd07b45a33e01bc"},"image":{"@id":"https:\/\/nitu.mx\/index.php\/2019\/05\/14\/crean-mesa-de-trabajo-ante-futuros-fenomenos-metereologicos-en-la-riviera-maya\/#primaryimage"},"thumbnailUrl":"https:\/\/nitu.mx\/wp-content\/uploads\/2019\/01\/Riviera-maya-ok-1.jpg","keywords":["Asociaci\u00f3n de Hoteles de la Riviera Maya","desastre natural","fen\u00f3menos metereol\u00f3gicos","Protecci\u00f3n Civil y Bomberos","Riviera Maya"],"articleSection":["Destinos","M\u00e9xico"],"inLanguage":"es-MX","potentialAction":[{"@type":"CommentAction","name":"Comment","target":["https:\/\/nitu.mx\/index.php\/2019\/05\/14\/crean-mesa-de-trabajo-ante-futuros-fenomenos-metereologicos-en-la-riviera-maya\/#respond"]}]},{"@type":"WebPage","@id":"https:\/\/nitu.mx\/index.php\/2019\/05\/14\/crean-mesa-de-trabajo-ante-futuros-fenomenos-metereologicos-en-la-riviera-maya\/","url":"https:\/\/nitu.mx\/index.php\/2019\/05\/14\/crean-mesa-de-trabajo-ante-futuros-fenomenos-metereologicos-en-la-riviera-maya\/","name":"Crean mesa de trabajo ante futuros fen\u00f3menos metereol\u00f3gicos en la Riviera Maya - Nitu - Noticias de la Industria Turistica","isPartOf":{"@id":"https:\/\/nitu.mx\/#website"},"primaryImageOfPage":{"@id":"https:\/\/nitu.mx\/index.php\/2019\/05\/14\/crean-mesa-de-trabajo-ante-futuros-fenomenos-metereologicos-en-la-riviera-maya\/#primaryimage"},"image":{"@id":"https:\/\/nitu.mx\/index.php\/2019\/05\/14\/crean-mesa-de-trabajo-ante-futuros-fenomenos-metereologicos-en-la-riviera-maya\/#primaryimage"},"thumbnailUrl":"https:\/\/nitu.mx\/wp-content\/uploads\/2019\/01\/Riviera-maya-ok-1.jpg","datePublished":"2019-05-14T05:01:12+00:00","dateModified":"2019-05-14T05:47:33+00:00","description":"La Asociaci\u00f3n de Hoteles de la Riviera Maya, Protecci\u00f3n Civil y Bomberos, instalaron una mesa de trabajo con el fin de reforzar las acciones preventiva.","breadcrumb":{"@id":"https:\/\/nitu.mx\/index.php\/2019\/05\/14\/crean-mesa-de-trabajo-ante-futuros-fenomenos-metereologicos-en-la-riviera-maya\/#breadcrumb"},"inLanguage":"es-MX","potentialAction":[{"@type":"ReadAction","target":["https:\/\/nitu.mx\/index.php\/2019\/05\/14\/crean-mesa-de-trabajo-ante-futuros-fenomenos-metereologicos-en-la-riviera-maya\/"]}]},{"@type":"ImageObject","inLanguage":"es-MX","@id":"https:\/\/nitu.mx\/index.php\/2019\/05\/14\/crean-mesa-de-trabajo-ante-futuros-fenomenos-metereologicos-en-la-riviera-maya\/#primaryimage","url":"https:\/\/nitu.mx\/wp-content\/uploads\/2019\/01\/Riviera-maya-ok-1.jpg","contentUrl":"https:\/\/nitu.mx\/wp-content\/uploads\/2019\/01\/Riviera-maya-ok-1.jpg","width":850,"height":480,"caption":"riviera maya tarifas Quintana Roo caribe mexicano"},{"@type":"BreadcrumbList","@id":"https:\/\/nitu.mx\/index.php\/2019\/05\/14\/crean-mesa-de-trabajo-ante-futuros-fenomenos-metereologicos-en-la-riviera-maya\/#breadcrumb","itemListElement":[{"@type":"ListItem","position":1,"name":"Inicio","item":"https:\/\/nitu.mx\/"},{"@type":"ListItem","position":2,"name":"Crean mesa de trabajo ante futuros fen\u00f3menos metereol\u00f3gicos en la Riviera Maya"}]},{"@type":"WebSite","@id":"https:\/\/nitu.mx\/#website","url":"https:\/\/nitu.mx\/","name":"Nitu - Noticias de la Industria Turistica","description":"Noticias de la Industria Turistica","publisher":{"@id":"https:\/\/nitu.mx\/#\/schema\/person\/ae7a53426417292d3dd07b45a33e01bc"},"alternateName":"Noticias de la Industria Turistica","potentialAction":[{"@type":"SearchAction","target":{"@type":"EntryPoint","urlTemplate":"https:\/\/nitu.mx\/?s={search_term_string}"},"query-input":"required name=search_term_string"}],"inLanguage":"es-MX"},{"@type":["Person","Organization"],"@id":"https:\/\/nitu.mx\/#\/schema\/person\/ae7a53426417292d3dd07b45a33e01bc","name":"Arturo Medina","image":{"@type":"ImageObject","inLanguage":"es-MX","@id":"https:\/\/nitu.mx\/#\/schema\/person\/image\/","url":"https:\/\/nitu.mx\/wp-content\/uploads\/2024\/04\/4A315622-1904-4D5C-B022-878CDC840E04-90x90-1.jpeg","contentUrl":"https:\/\/nitu.mx\/wp-content\/uploads\/2024\/04\/4A315622-1904-4D5C-B022-878CDC840E04-90x90-1.jpeg","width":90,"height":90,"caption":"Arturo Medina"},"logo":{"@id":"https:\/\/nitu.mx\/#\/schema\/person\/image\/"},"description":"Director NITU.mx, Egresado de la Escuela de Periodismo Carlos Septi\u00e9n Garc\u00eda. Periodista y analista especializado en turismo desde hace 35 a\u00f1os, radicado en Canc\u00fan Q.Roo. arturo@nitu.mx","sameAs":["https:\/\/nitu.mx","https:\/\/www.facebook.com\/NITUmx\/","medinacancun","https:\/\/twitter.com\/@Arturo_Medina_G"]},{"@type":"Person","@id":"https:\/\/nitu.mx\/#\/schema\/person\/4a28fe9bd65924f7c90623773daf1b0b","name":"Redacci\u00f3n","image":{"@type":"ImageObject","inLanguage":"es-MX","@id":"https:\/\/nitu.mx\/#\/schema\/person\/image\/","url":"https:\/\/secure.gravatar.com\/avatar\/5dd011c8ccfc5cd7e4c81e42252aab38?s=96&d=mm&r=g","contentUrl":"https:\/\/secure.gravatar.com\/avatar\/5dd011c8ccfc5cd7e4c81e42252aab38?s=96&d=mm&r=g","caption":"Redacci\u00f3n"},"url":"https:\/\/nitu.mx\/index.php\/author\/redaccion\/"}]}},"views":307,"_links":{"self":[{"href":"https:\/\/nitu.mx\/index.php\/wp-json\/wp\/v2\/posts\/31937"}],"collection":[{"href":"https:\/\/nitu.mx\/index.php\/wp-json\/wp\/v2\/posts"}],"about":[{"href":"https:\/\/nitu.mx\/index.php\/wp-json\/wp\/v2\/types\/post"}],"author":[{"embeddable":true,"href":"https:\/\/nitu.mx\/index.php\/wp-json\/wp\/v2\/users\/17"}],"replies":[{"embeddable":true,"href":"https:\/\/nitu.mx\/index.php\/wp-json\/wp\/v2\/comments?post=31937"}],"version-history":[{"count":2,"href":"https:\/\/nitu.mx\/index.php\/wp-json\/wp\/v2\/posts\/31937\/revisions"}],"predecessor-version":[{"id":31955,"href":"https:\/\/nitu.mx\/index.php\/wp-json\/wp\/v2\/posts\/31937\/revisions\/31955"}],"wp:featuredmedia":[{"embeddable":true,"href":"https:\/\/nitu.mx\/index.php\/wp-json\/wp\/v2\/media\/27976"}],"wp:attachment":[{"href":"https:\/\/nitu.mx\/index.php\/wp-json\/wp\/v2\/media?parent=31937"}],"wp:term":[{"taxonomy":"category","embeddable":true,"href":"https:\/\/nitu.mx\/index.php\/wp-json\/wp\/v2\/categories?post=31937"},{"taxonomy":"post_tag","embeddable":true,"href":"https:\/\/nitu.mx\/index.php\/wp-json\/wp\/v2\/tags?post=31937"}],"curies":[{"name":"wp","href":"https:\/\/api.w.org\/{rel}","templated":true}]}}