{"id":31876,"date":"2019-05-09T23:42:45","date_gmt":"2019-05-10T04:42:45","guid":{"rendered":"https:\/\/www.dev.nitu.mx\/?p=31876"},"modified":"2019-05-10T01:03:17","modified_gmt":"2019-05-10T06:03:17","slug":"agentes-de-viajes-de-bolivia-visitan-por-primera-vez-la-riviera-nayarit","status":"publish","type":"post","link":"https:\/\/nitu.mx\/index.php\/2019\/05\/09\/agentes-de-viajes-de-bolivia-visitan-por-primera-vez-la-riviera-nayarit\/","title":{"rendered":"Agentes de viajes de Bolivia visitan por primera vez la Riviera Nayarit"},"content":{"rendered":"<p>La conectividad a\u00e9rea impulsada por el vuelo de Copa Airlines al binomio tur\u00edstico Puerto Vallarta-Riviera Nayarit, abre la oportunidad para atraer mercados como el de Bolivia, por lo que por primera vez se recibi\u00f3 en este destino mexicano a un grupo de agentes de viajes del pa\u00eds sudamericano.<\/p>\n<p>El viaje organizado por la empresa Bolivia Booking lleg\u00f3 al destino del Pac\u00edfico mexicano con apoyo de Copa Airlines Divisi\u00f3n Vacations, provenientes de la ciudad de Santa Cruz de la Sierra, quienes tuvieron la oportunidad de conocer las playas, monta\u00f1as y pueblos que hay en la regi\u00f3n, para enviar viajeros a trav\u00e9s de la l\u00ednea a\u00e9rea paname\u00f1a.<\/p>\n<p>Los agentes que participaron en este recorrido pertenecen a las agencias Virutravel, Din\u00e1mica Turismo, Via Contours, Zurich, Santa Fe Viajes, Travel Oriente, Mare Travel y VTG Online, y visitaron atractivos como el pueblo de San Pancho, el Pueblo M\u00e1gico de Sayulita y Litib\u00fa, as\u00ed como Costa Banderas, Nuevo Vallarta y el \u00c1rea Natural Protegida de la Sierra de Vallejo. (<a title=\"Riviera Nayarit va por nuevos mercados sin desatender a EEUU\" href=\"https:\/\/www.dev.nitu.mx\/index.php\/2019\/04\/22\/riviera-nayarit-va-por-nuevos-mercados-sin-desatender-a-eeuu\/\" rel=\"bookmark\">Riviera Nayarit va por nuevos mercados sin desatender a EEUU<\/a>).<\/p>\n<p>Con la gesti\u00f3n de la Asociaci\u00f3n de Hoteles y Moteles de Bah\u00eda de Banderas (AHMBB), los empresarios bolivianos recorrieron algunos resorts como Iberostar Playa Mita, Grand Palladium y Hard Rock Vallarta.<\/p>\n<p>Este viaje de familiarizaci\u00f3n forma parte de las acciones conjuntas entre Puerto Vallarta y Riviera Nayarit, para impulsar la llegada de viajeros sudamericanos al destino, a trav\u00e9s del vuelo directo con Copa Airlines que inici\u00f3 hace unos meses.<\/p>\n<p>El director de la Oficina de Visitantes y Convenciones de la Riviera Nayarit, Marc Murphy, declar\u00f3 \u201cEl apoyo de Copa Airlines nos ha abierto la puerta a nuevos mercados, que han puesto los ojos en nuestro destino gracias a la relaci\u00f3n comercial con la aerol\u00ednea. Mercados como Paraguay, Uruguay, Bolivia y Ecuador ya nos tienen en el radar y est\u00e1n promoviendo intensamente la ruta Panam\u00e1-PVR\/Riviera Nayarit\u201d.<\/p>\n","protected":false},"excerpt":{"rendered":"<p>La conectividad a\u00e9rea impulsada por el vuelo de Copa Airlines al binomio tur\u00edstico Puerto Vallarta-Riviera Nayarit, abre la oportunidad para atraer mercados como el de Bolivia, por lo que por primera vez se recibi\u00f3 en este destino mexicano a un grupo de agentes de viajes del pa\u00eds sudamericano. El viaje organizado por la empresa Bolivia [&hellip;]<\/p>\n","protected":false},"author":5,"featured_media":31878,"comment_status":"open","ping_status":"open","sticky":false,"template":"","format":"standard","meta":{"footnotes":""},"categories":[5,12],"tags":[9724,15674,1257,542,537],"yoast_head":"<!-- This site is optimized with the Yoast SEO plugin v22.2 - https:\/\/yoast.com\/wordpress\/plugins\/seo\/ -->\n<title>Agentes de viajes de Bolivia visitan por primera vez la Riviera Nayarit - Nitu - Noticias de la Industria Turistica<\/title>\n<meta name=\"robots\" content=\"index, follow, max-snippet:-1, max-image-preview:large, max-video-preview:-1\" \/>\n<link rel=\"canonical\" href=\"https:\/\/nitu.mx\/index.php\/2019\/05\/09\/agentes-de-viajes-de-bolivia-visitan-por-primera-vez-la-riviera-nayarit\/\" \/>\n<meta name=\"twitter:card\" content=\"summary_large_image\" \/>\n<meta name=\"twitter:title\" content=\"Agentes de viajes de Bolivia visitan por primera vez la Riviera Nayarit - Nitu - Noticias de la Industria Turistica\" \/>\n<meta name=\"twitter:description\" content=\"La conectividad a\u00e9rea impulsada por el vuelo de Copa Airlines al binomio tur\u00edstico Puerto Vallarta-Riviera Nayarit, abre la oportunidad para atraer mercados como el de Bolivia, por lo que por primera vez se recibi\u00f3 en este destino mexicano a un grupo de agentes de viajes del pa\u00eds sudamericano. El viaje organizado por la empresa Bolivia [&hellip;]\" \/>\n<meta name=\"twitter:image\" content=\"https:\/\/nitu.mx\/wp-content\/uploads\/2019\/05\/Riviera-Nayarit-Bolivia.jpg\" \/>\n<meta name=\"twitter:creator\" content=\"@NITUmx\" \/>\n<meta name=\"twitter:site\" content=\"@Arturo_Medina_G\" \/>\n<meta name=\"twitter:label1\" content=\"Escrito por\" \/>\n\t<meta name=\"twitter:data1\" content=\"Mari Soto\" \/>\n\t<meta name=\"twitter:label2\" content=\"Tiempo de lectura\" \/>\n\t<meta name=\"twitter:data2\" content=\"2 minutos\" \/>\n<script type=\"application\/ld+json\" class=\"yoast-schema-graph\">{\"@context\":\"https:\/\/schema.org\",\"@graph\":[{\"@type\":\"Article\",\"@id\":\"https:\/\/nitu.mx\/index.php\/2019\/05\/09\/agentes-de-viajes-de-bolivia-visitan-por-primera-vez-la-riviera-nayarit\/#article\",\"isPartOf\":{\"@id\":\"https:\/\/nitu.mx\/index.php\/2019\/05\/09\/agentes-de-viajes-de-bolivia-visitan-por-primera-vez-la-riviera-nayarit\/\"},\"author\":{\"name\":\"Mari Soto\",\"@id\":\"https:\/\/nitu.mx\/#\/schema\/person\/afc52e313e27e660739556d421d3d6b4\"},\"headline\":\"Agentes de viajes de Bolivia visitan por primera vez la Riviera Nayarit\",\"datePublished\":\"2019-05-10T04:42:45+00:00\",\"dateModified\":\"2019-05-10T06:03:17+00:00\",\"mainEntityOfPage\":{\"@id\":\"https:\/\/nitu.mx\/index.php\/2019\/05\/09\/agentes-de-viajes-de-bolivia-visitan-por-primera-vez-la-riviera-nayarit\/\"},\"wordCount\":344,\"commentCount\":0,\"publisher\":{\"@id\":\"https:\/\/nitu.mx\/#\/schema\/person\/ae7a53426417292d3dd07b45a33e01bc\"},\"image\":{\"@id\":\"https:\/\/nitu.mx\/index.php\/2019\/05\/09\/agentes-de-viajes-de-bolivia-visitan-por-primera-vez-la-riviera-nayarit\/#primaryimage\"},\"thumbnailUrl\":\"https:\/\/nitu.mx\/wp-content\/uploads\/2019\/05\/Riviera-Nayarit-Bolivia.jpg\",\"keywords\":[\"Asociaci\u00f3n de Hoteles y Moteles de Bah\u00eda de Banderas\",\"Bolivia Booking\",\"Copa Airlines\",\"Marc Murphy\",\"Riviera Nayarit\"],\"articleSection\":[\"Destinos\",\"Marketing\"],\"inLanguage\":\"es-MX\",\"potentialAction\":[{\"@type\":\"CommentAction\",\"name\":\"Comment\",\"target\":[\"https:\/\/nitu.mx\/index.php\/2019\/05\/09\/agentes-de-viajes-de-bolivia-visitan-por-primera-vez-la-riviera-nayarit\/#respond\"]}]},{\"@type\":\"WebPage\",\"@id\":\"https:\/\/nitu.mx\/index.php\/2019\/05\/09\/agentes-de-viajes-de-bolivia-visitan-por-primera-vez-la-riviera-nayarit\/\",\"url\":\"https:\/\/nitu.mx\/index.php\/2019\/05\/09\/agentes-de-viajes-de-bolivia-visitan-por-primera-vez-la-riviera-nayarit\/\",\"name\":\"Agentes de viajes de Bolivia visitan por primera vez la Riviera Nayarit - Nitu - Noticias de la Industria Turistica\",\"isPartOf\":{\"@id\":\"https:\/\/nitu.mx\/#website\"},\"primaryImageOfPage\":{\"@id\":\"https:\/\/nitu.mx\/index.php\/2019\/05\/09\/agentes-de-viajes-de-bolivia-visitan-por-primera-vez-la-riviera-nayarit\/#primaryimage\"},\"image\":{\"@id\":\"https:\/\/nitu.mx\/index.php\/2019\/05\/09\/agentes-de-viajes-de-bolivia-visitan-por-primera-vez-la-riviera-nayarit\/#primaryimage\"},\"thumbnailUrl\":\"https:\/\/nitu.mx\/wp-content\/uploads\/2019\/05\/Riviera-Nayarit-Bolivia.jpg\",\"datePublished\":\"2019-05-10T04:42:45+00:00\",\"dateModified\":\"2019-05-10T06:03:17+00:00\",\"breadcrumb\":{\"@id\":\"https:\/\/nitu.mx\/index.php\/2019\/05\/09\/agentes-de-viajes-de-bolivia-visitan-por-primera-vez-la-riviera-nayarit\/#breadcrumb\"},\"inLanguage\":\"es-MX\",\"potentialAction\":[{\"@type\":\"ReadAction\",\"target\":[\"https:\/\/nitu.mx\/index.php\/2019\/05\/09\/agentes-de-viajes-de-bolivia-visitan-por-primera-vez-la-riviera-nayarit\/\"]}]},{\"@type\":\"ImageObject\",\"inLanguage\":\"es-MX\",\"@id\":\"https:\/\/nitu.mx\/index.php\/2019\/05\/09\/agentes-de-viajes-de-bolivia-visitan-por-primera-vez-la-riviera-nayarit\/#primaryimage\",\"url\":\"https:\/\/nitu.mx\/wp-content\/uploads\/2019\/05\/Riviera-Nayarit-Bolivia.jpg\",\"contentUrl\":\"https:\/\/nitu.mx\/wp-content\/uploads\/2019\/05\/Riviera-Nayarit-Bolivia.jpg\",\"width\":850,\"height\":480,\"caption\":\"Riviera Nayarit Bolivia\"},{\"@type\":\"BreadcrumbList\",\"@id\":\"https:\/\/nitu.mx\/index.php\/2019\/05\/09\/agentes-de-viajes-de-bolivia-visitan-por-primera-vez-la-riviera-nayarit\/#breadcrumb\",\"itemListElement\":[{\"@type\":\"ListItem\",\"position\":1,\"name\":\"Inicio\",\"item\":\"https:\/\/nitu.mx\/\"},{\"@type\":\"ListItem\",\"position\":2,\"name\":\"Agentes de viajes de Bolivia visitan por primera vez la Riviera Nayarit\"}]},{\"@type\":\"WebSite\",\"@id\":\"https:\/\/nitu.mx\/#website\",\"url\":\"https:\/\/nitu.mx\/\",\"name\":\"Nitu - Noticias de la Industria Turistica\",\"description\":\"Noticias de la Industria Turistica\",\"publisher\":{\"@id\":\"https:\/\/nitu.mx\/#\/schema\/person\/ae7a53426417292d3dd07b45a33e01bc\"},\"alternateName\":\"Noticias de la Industria Turistica\",\"potentialAction\":[{\"@type\":\"SearchAction\",\"target\":{\"@type\":\"EntryPoint\",\"urlTemplate\":\"https:\/\/nitu.mx\/?s={search_term_string}\"},\"query-input\":\"required name=search_term_string\"}],\"inLanguage\":\"es-MX\"},{\"@type\":[\"Person\",\"Organization\"],\"@id\":\"https:\/\/nitu.mx\/#\/schema\/person\/ae7a53426417292d3dd07b45a33e01bc\",\"name\":\"Arturo Medina\",\"image\":{\"@type\":\"ImageObject\",\"inLanguage\":\"es-MX\",\"@id\":\"https:\/\/nitu.mx\/#\/schema\/person\/image\/\",\"url\":\"https:\/\/nitu.mx\/wp-content\/uploads\/2024\/04\/4A315622-1904-4D5C-B022-878CDC840E04-90x90-1.jpeg\",\"contentUrl\":\"https:\/\/nitu.mx\/wp-content\/uploads\/2024\/04\/4A315622-1904-4D5C-B022-878CDC840E04-90x90-1.jpeg\",\"width\":90,\"height\":90,\"caption\":\"Arturo Medina\"},\"logo\":{\"@id\":\"https:\/\/nitu.mx\/#\/schema\/person\/image\/\"},\"description\":\"Director NITU.mx, Egresado de la Escuela de Periodismo Carlos Septi\u00e9n Garc\u00eda. Periodista y analista especializado en turismo desde hace 35 a\u00f1os, radicado en Canc\u00fan Q.Roo. arturo@nitu.mx\",\"sameAs\":[\"https:\/\/nitu.mx\",\"https:\/\/www.facebook.com\/NITUmx\/\",\"medinacancun\",\"https:\/\/twitter.com\/@Arturo_Medina_G\"]},{\"@type\":\"Person\",\"@id\":\"https:\/\/nitu.mx\/#\/schema\/person\/afc52e313e27e660739556d421d3d6b4\",\"name\":\"Mari Soto\",\"image\":{\"@type\":\"ImageObject\",\"inLanguage\":\"es-MX\",\"@id\":\"https:\/\/nitu.mx\/#\/schema\/person\/image\/\",\"url\":\"https:\/\/secure.gravatar.com\/avatar\/2619c282a180a20d89fcaea82a6736e2?s=96&d=mm&r=g\",\"contentUrl\":\"https:\/\/secure.gravatar.com\/avatar\/2619c282a180a20d89fcaea82a6736e2?s=96&d=mm&r=g\",\"caption\":\"Mari Soto\"},\"sameAs\":[\"https:\/\/nitu.mx\"],\"url\":\"https:\/\/nitu.mx\/index.php\/author\/guadalupe\/\"}]}<\/script>\n<!-- \/ Yoast SEO plugin. -->","yoast_head_json":{"title":"Agentes de viajes de Bolivia visitan por primera vez la Riviera Nayarit - Nitu - Noticias de la Industria Turistica","robots":{"index":"index","follow":"follow","max-snippet":"max-snippet:-1","max-image-preview":"max-image-preview:large","max-video-preview":"max-video-preview:-1"},"canonical":"https:\/\/nitu.mx\/index.php\/2019\/05\/09\/agentes-de-viajes-de-bolivia-visitan-por-primera-vez-la-riviera-nayarit\/","twitter_card":"summary_large_image","twitter_title":"Agentes de viajes de Bolivia visitan por primera vez la Riviera Nayarit - Nitu - Noticias de la Industria Turistica","twitter_description":"La conectividad a\u00e9rea impulsada por el vuelo de Copa Airlines al binomio tur\u00edstico Puerto Vallarta-Riviera Nayarit, abre la oportunidad para atraer mercados como el de Bolivia, por lo que por primera vez se recibi\u00f3 en este destino mexicano a un grupo de agentes de viajes del pa\u00eds sudamericano. El viaje organizado por la empresa Bolivia [&hellip;]","twitter_image":"https:\/\/nitu.mx\/wp-content\/uploads\/2019\/05\/Riviera-Nayarit-Bolivia.jpg","twitter_creator":"@NITUmx","twitter_site":"@Arturo_Medina_G","twitter_misc":{"Escrito por":"Mari Soto","Tiempo de lectura":"2 minutos"},"schema":{"@context":"https:\/\/schema.org","@graph":[{"@type":"Article","@id":"https:\/\/nitu.mx\/index.php\/2019\/05\/09\/agentes-de-viajes-de-bolivia-visitan-por-primera-vez-la-riviera-nayarit\/#article","isPartOf":{"@id":"https:\/\/nitu.mx\/index.php\/2019\/05\/09\/agentes-de-viajes-de-bolivia-visitan-por-primera-vez-la-riviera-nayarit\/"},"author":{"name":"Mari Soto","@id":"https:\/\/nitu.mx\/#\/schema\/person\/afc52e313e27e660739556d421d3d6b4"},"headline":"Agentes de viajes de Bolivia visitan por primera vez la Riviera Nayarit","datePublished":"2019-05-10T04:42:45+00:00","dateModified":"2019-05-10T06:03:17+00:00","mainEntityOfPage":{"@id":"https:\/\/nitu.mx\/index.php\/2019\/05\/09\/agentes-de-viajes-de-bolivia-visitan-por-primera-vez-la-riviera-nayarit\/"},"wordCount":344,"commentCount":0,"publisher":{"@id":"https:\/\/nitu.mx\/#\/schema\/person\/ae7a53426417292d3dd07b45a33e01bc"},"image":{"@id":"https:\/\/nitu.mx\/index.php\/2019\/05\/09\/agentes-de-viajes-de-bolivia-visitan-por-primera-vez-la-riviera-nayarit\/#primaryimage"},"thumbnailUrl":"https:\/\/nitu.mx\/wp-content\/uploads\/2019\/05\/Riviera-Nayarit-Bolivia.jpg","keywords":["Asociaci\u00f3n de Hoteles y Moteles de Bah\u00eda de Banderas","Bolivia Booking","Copa Airlines","Marc Murphy","Riviera Nayarit"],"articleSection":["Destinos","Marketing"],"inLanguage":"es-MX","potentialAction":[{"@type":"CommentAction","name":"Comment","target":["https:\/\/nitu.mx\/index.php\/2019\/05\/09\/agentes-de-viajes-de-bolivia-visitan-por-primera-vez-la-riviera-nayarit\/#respond"]}]},{"@type":"WebPage","@id":"https:\/\/nitu.mx\/index.php\/2019\/05\/09\/agentes-de-viajes-de-bolivia-visitan-por-primera-vez-la-riviera-nayarit\/","url":"https:\/\/nitu.mx\/index.php\/2019\/05\/09\/agentes-de-viajes-de-bolivia-visitan-por-primera-vez-la-riviera-nayarit\/","name":"Agentes de viajes de Bolivia visitan por primera vez la Riviera Nayarit - Nitu - Noticias de la Industria Turistica","isPartOf":{"@id":"https:\/\/nitu.mx\/#website"},"primaryImageOfPage":{"@id":"https:\/\/nitu.mx\/index.php\/2019\/05\/09\/agentes-de-viajes-de-bolivia-visitan-por-primera-vez-la-riviera-nayarit\/#primaryimage"},"image":{"@id":"https:\/\/nitu.mx\/index.php\/2019\/05\/09\/agentes-de-viajes-de-bolivia-visitan-por-primera-vez-la-riviera-nayarit\/#primaryimage"},"thumbnailUrl":"https:\/\/nitu.mx\/wp-content\/uploads\/2019\/05\/Riviera-Nayarit-Bolivia.jpg","datePublished":"2019-05-10T04:42:45+00:00","dateModified":"2019-05-10T06:03:17+00:00","breadcrumb":{"@id":"https:\/\/nitu.mx\/index.php\/2019\/05\/09\/agentes-de-viajes-de-bolivia-visitan-por-primera-vez-la-riviera-nayarit\/#breadcrumb"},"inLanguage":"es-MX","potentialAction":[{"@type":"ReadAction","target":["https:\/\/nitu.mx\/index.php\/2019\/05\/09\/agentes-de-viajes-de-bolivia-visitan-por-primera-vez-la-riviera-nayarit\/"]}]},{"@type":"ImageObject","inLanguage":"es-MX","@id":"https:\/\/nitu.mx\/index.php\/2019\/05\/09\/agentes-de-viajes-de-bolivia-visitan-por-primera-vez-la-riviera-nayarit\/#primaryimage","url":"https:\/\/nitu.mx\/wp-content\/uploads\/2019\/05\/Riviera-Nayarit-Bolivia.jpg","contentUrl":"https:\/\/nitu.mx\/wp-content\/uploads\/2019\/05\/Riviera-Nayarit-Bolivia.jpg","width":850,"height":480,"caption":"Riviera Nayarit Bolivia"},{"@type":"BreadcrumbList","@id":"https:\/\/nitu.mx\/index.php\/2019\/05\/09\/agentes-de-viajes-de-bolivia-visitan-por-primera-vez-la-riviera-nayarit\/#breadcrumb","itemListElement":[{"@type":"ListItem","position":1,"name":"Inicio","item":"https:\/\/nitu.mx\/"},{"@type":"ListItem","position":2,"name":"Agentes de viajes de Bolivia visitan por primera vez la Riviera Nayarit"}]},{"@type":"WebSite","@id":"https:\/\/nitu.mx\/#website","url":"https:\/\/nitu.mx\/","name":"Nitu - Noticias de la Industria Turistica","description":"Noticias de la Industria Turistica","publisher":{"@id":"https:\/\/nitu.mx\/#\/schema\/person\/ae7a53426417292d3dd07b45a33e01bc"},"alternateName":"Noticias de la Industria Turistica","potentialAction":[{"@type":"SearchAction","target":{"@type":"EntryPoint","urlTemplate":"https:\/\/nitu.mx\/?s={search_term_string}"},"query-input":"required name=search_term_string"}],"inLanguage":"es-MX"},{"@type":["Person","Organization"],"@id":"https:\/\/nitu.mx\/#\/schema\/person\/ae7a53426417292d3dd07b45a33e01bc","name":"Arturo Medina","image":{"@type":"ImageObject","inLanguage":"es-MX","@id":"https:\/\/nitu.mx\/#\/schema\/person\/image\/","url":"https:\/\/nitu.mx\/wp-content\/uploads\/2024\/04\/4A315622-1904-4D5C-B022-878CDC840E04-90x90-1.jpeg","contentUrl":"https:\/\/nitu.mx\/wp-content\/uploads\/2024\/04\/4A315622-1904-4D5C-B022-878CDC840E04-90x90-1.jpeg","width":90,"height":90,"caption":"Arturo Medina"},"logo":{"@id":"https:\/\/nitu.mx\/#\/schema\/person\/image\/"},"description":"Director NITU.mx, Egresado de la Escuela de Periodismo Carlos Septi\u00e9n Garc\u00eda. Periodista y analista especializado en turismo desde hace 35 a\u00f1os, radicado en Canc\u00fan Q.Roo. arturo@nitu.mx","sameAs":["https:\/\/nitu.mx","https:\/\/www.facebook.com\/NITUmx\/","medinacancun","https:\/\/twitter.com\/@Arturo_Medina_G"]},{"@type":"Person","@id":"https:\/\/nitu.mx\/#\/schema\/person\/afc52e313e27e660739556d421d3d6b4","name":"Mari Soto","image":{"@type":"ImageObject","inLanguage":"es-MX","@id":"https:\/\/nitu.mx\/#\/schema\/person\/image\/","url":"https:\/\/secure.gravatar.com\/avatar\/2619c282a180a20d89fcaea82a6736e2?s=96&d=mm&r=g","contentUrl":"https:\/\/secure.gravatar.com\/avatar\/2619c282a180a20d89fcaea82a6736e2?s=96&d=mm&r=g","caption":"Mari Soto"},"sameAs":["https:\/\/nitu.mx"],"url":"https:\/\/nitu.mx\/index.php\/author\/guadalupe\/"}]}},"views":257,"_links":{"self":[{"href":"https:\/\/nitu.mx\/index.php\/wp-json\/wp\/v2\/posts\/31876"}],"collection":[{"href":"https:\/\/nitu.mx\/index.php\/wp-json\/wp\/v2\/posts"}],"about":[{"href":"https:\/\/nitu.mx\/index.php\/wp-json\/wp\/v2\/types\/post"}],"author":[{"embeddable":true,"href":"https:\/\/nitu.mx\/index.php\/wp-json\/wp\/v2\/users\/5"}],"replies":[{"embeddable":true,"href":"https:\/\/nitu.mx\/index.php\/wp-json\/wp\/v2\/comments?post=31876"}],"version-history":[{"count":2,"href":"https:\/\/nitu.mx\/index.php\/wp-json\/wp\/v2\/posts\/31876\/revisions"}],"predecessor-version":[{"id":31879,"href":"https:\/\/nitu.mx\/index.php\/wp-json\/wp\/v2\/posts\/31876\/revisions\/31879"}],"wp:featuredmedia":[{"embeddable":true,"href":"https:\/\/nitu.mx\/index.php\/wp-json\/wp\/v2\/media\/31878"}],"wp:attachment":[{"href":"https:\/\/nitu.mx\/index.php\/wp-json\/wp\/v2\/media?parent=31876"}],"wp:term":[{"taxonomy":"category","embeddable":true,"href":"https:\/\/nitu.mx\/index.php\/wp-json\/wp\/v2\/categories?post=31876"},{"taxonomy":"post_tag","embeddable":true,"href":"https:\/\/nitu.mx\/index.php\/wp-json\/wp\/v2\/tags?post=31876"}],"curies":[{"name":"wp","href":"https:\/\/api.w.org\/{rel}","templated":true}]}}