{"id":31817,"date":"2019-05-09T00:01:32","date_gmt":"2019-05-09T05:01:32","guid":{"rendered":"https:\/\/www.dev.nitu.mx\/?p=31817"},"modified":"2019-05-09T00:35:06","modified_gmt":"2019-05-09T05:35:06","slug":"reconocen-a-avianca-como-la-mejor-aerolinea-regional-de-sudamerica","status":"publish","type":"post","link":"https:\/\/nitu.mx\/index.php\/2019\/05\/09\/reconocen-a-avianca-como-la-mejor-aerolinea-regional-de-sudamerica\/","title":{"rendered":"Reconocen a Avianca como la mejor aerol\u00ednea regional de Sudam\u00e9rica"},"content":{"rendered":"<p style=\"font-weight: 400;\">Avianca fue galardonada como la mejor Aerol\u00ednea Regional de Suram\u00e9rica y como la mejor Aerol\u00ednea con la alimentaci\u00f3n y bebida de la regi\u00f3n, en los APEX Passenger Choice Awards 2019.<\/p>\n<p style=\"font-weight: 400;\">Estos premios son el resultado de m\u00e1s de un mill\u00f3n de vuelos calificados por pasajeros de alrededor de 500 aerol\u00edneas de todo el mundo, los cuales se basan en los comentarios de los pasajeros obtenidos a trav\u00e9s de la asociaci\u00f3n de APEX con TripIt de Concur, la aplicaci\u00f3n para organizar viajes con la mejor calificaci\u00f3n del mundo.<\/p>\n<p style=\"font-weight: 400;\">Para la encuesta, los pasajeros calificaron su experiencia de vuelo general, utilizando una escala de una a cinco estrellas y otorgaron calificaciones an\u00f3nimas en cinco subcategor\u00edas: comodidad del asiento, servicio de cabina, alimentos y bebidas, entretenimiento y servicio de Wi-Fi.<\/p>\n<p style=\"font-weight: 400;\">&#8220;Despu\u00e9s de volar en la clase ejecutiva de Avianca y en la premiada clase econ\u00f3mica el a\u00f1o pasado, entiendo personalmente por qu\u00e9 miles de pasajeros de Avianca calificaron tan bien a la aerol\u00ednea, reconocimiento que le ha valido dos prestigiosos premios APEX Passenger Choice Awards 2019 en la categor\u00eda de mejor aerol\u00ednea regional de Sudam\u00e9rica y aerol\u00ednea con la mejor alimentaci\u00f3n y bebida en Am\u00e9rica del Sur&#8221;, destac\u00f3 Joe Leader, Director Ejecutivo de la Asociaci\u00f3n de Experiencia de Pasajeros de Aerol\u00ednea (APEX &#8211; Airline Passenger Experience Association).<\/p>\n<p style=\"font-weight: 400;\">El premio se otorg\u00f3 al Director General de Avianca para Norteam\u00e9rica y Asia, Rolando Damas, el cual se\u00f1al\u00f3 que era el\u00a0resultado de la excelencia y profesionalismo de todos los equipos de trabajo conformados por los m\u00e1s de 19 mil colaboradores, quienes cada d\u00eda hacen su mejor esfuerzo para satisfacer las necesidades y deseos de todos sus clientes. (<a title=\"Avianca busca nuevo presidente tras renuncia de Hern\u00e1n Rinc\u00f3n\" href=\"https:\/\/www.dev.nitu.mx\/index.php\/2019\/04\/25\/avianca-busca-nuevo-presidente-tras-renuncia-de-hernan-rincon\/\" rel=\"bookmark\">Avianca busca nuevo presidente tras renuncia de Hern\u00e1n Rinc\u00f3n<\/a>).<\/p>\n<p style=\"font-weight: 400;\">&#8220;Un reconocimiento como el de APEX, refleja sin duda la preferencia y lealtad de nuestros pasajeros y nos incentiva a continuar trabajando con esa excelencia latina que nos caracteriza. A todos ellos nuestra gratitud por su preferencia y lealtad&#8221;, dijo el director.<\/p>\n<p style=\"font-weight: 400;\">Los premios APEX Passenger Choice Awards fueron certificados independientemente por una empresa de auditor\u00eda externa profesional contratada por APEX.<\/p>\n<p style=\"font-weight: 400;\">Avianca es la marca comercial que identifica a las aerol\u00edneas de transporte de pasajeros y carga integradas en la Holdings, la cual mantiene 19 mil colaboradores. Las aerol\u00edneas atienden en forma directa m\u00e1s de 100 destinos en 27 pa\u00edses de Am\u00e9rica y Europa, con una moderna flota de 190 aeronaves de corto, mediano y largo alcance.<\/p>\n","protected":false},"excerpt":{"rendered":"<p>Avianca fue galardonada como la mejor Aerol\u00ednea Regional de Suram\u00e9rica y como la mejor Aerol\u00ednea con la alimentaci\u00f3n y bebida de la regi\u00f3n, en los APEX Passenger Choice Awards 2019. Estos premios son el resultado de m\u00e1s de un mill\u00f3n de vuelos calificados por pasajeros de alrededor de 500 aerol\u00edneas de todo el mundo, los [&hellip;]<\/p>\n","protected":false},"author":17,"featured_media":9366,"comment_status":"open","ping_status":"open","sticky":false,"template":"","format":"standard","meta":{"footnotes":""},"categories":[29,1],"tags":[12919,173,15655,15656],"yoast_head":"<!-- This site is optimized with the Yoast SEO plugin v22.2 - https:\/\/yoast.com\/wordpress\/plugins\/seo\/ -->\n<title>Reconocen a Avianca como la mejor aerol\u00ednea regional de Sudam\u00e9rica - Nitu - Noticias de la Industria Turistica<\/title>\n<meta name=\"description\" content=\"La aerol\u00ednea Avianca fue galardonada como la mejor Aerol\u00ednea Regional de Suram\u00e9rica en los APEX Passenger Choice Awards 2019.\" \/>\n<meta name=\"robots\" content=\"index, follow, max-snippet:-1, max-image-preview:large, max-video-preview:-1\" \/>\n<link rel=\"canonical\" href=\"https:\/\/nitu.mx\/index.php\/2019\/05\/09\/reconocen-a-avianca-como-la-mejor-aerolinea-regional-de-sudamerica\/\" \/>\n<meta name=\"twitter:card\" content=\"summary_large_image\" \/>\n<meta name=\"twitter:title\" content=\"Reconocen a Avianca como la mejor aerol\u00ednea regional de Sudam\u00e9rica - Nitu - Noticias de la Industria Turistica\" \/>\n<meta name=\"twitter:description\" content=\"La aerol\u00ednea Avianca fue galardonada como la mejor Aerol\u00ednea Regional de Suram\u00e9rica en los APEX Passenger Choice Awards 2019.\" \/>\n<meta name=\"twitter:image\" content=\"https:\/\/nitu.mx\/wp-content\/uploads\/2017\/05\/avianca-2.jpg\" \/>\n<meta name=\"twitter:creator\" content=\"@NITUmx\" \/>\n<meta name=\"twitter:site\" content=\"@Arturo_Medina_G\" \/>\n<meta name=\"twitter:label1\" content=\"Escrito por\" \/>\n\t<meta name=\"twitter:data1\" content=\"Redacci\u00f3n\" \/>\n\t<meta name=\"twitter:label2\" content=\"Tiempo de lectura\" \/>\n\t<meta name=\"twitter:data2\" content=\"2 minutos\" \/>\n<script type=\"application\/ld+json\" class=\"yoast-schema-graph\">{\"@context\":\"https:\/\/schema.org\",\"@graph\":[{\"@type\":\"Article\",\"@id\":\"https:\/\/nitu.mx\/index.php\/2019\/05\/09\/reconocen-a-avianca-como-la-mejor-aerolinea-regional-de-sudamerica\/#article\",\"isPartOf\":{\"@id\":\"https:\/\/nitu.mx\/index.php\/2019\/05\/09\/reconocen-a-avianca-como-la-mejor-aerolinea-regional-de-sudamerica\/\"},\"author\":{\"name\":\"Redacci\u00f3n\",\"@id\":\"https:\/\/nitu.mx\/#\/schema\/person\/4a28fe9bd65924f7c90623773daf1b0b\"},\"headline\":\"Reconocen a Avianca como la mejor aerol\u00ednea regional de Sudam\u00e9rica\",\"datePublished\":\"2019-05-09T05:01:32+00:00\",\"dateModified\":\"2019-05-09T05:35:06+00:00\",\"mainEntityOfPage\":{\"@id\":\"https:\/\/nitu.mx\/index.php\/2019\/05\/09\/reconocen-a-avianca-como-la-mejor-aerolinea-regional-de-sudamerica\/\"},\"wordCount\":440,\"commentCount\":0,\"publisher\":{\"@id\":\"https:\/\/nitu.mx\/#\/schema\/person\/ae7a53426417292d3dd07b45a33e01bc\"},\"image\":{\"@id\":\"https:\/\/nitu.mx\/index.php\/2019\/05\/09\/reconocen-a-avianca-como-la-mejor-aerolinea-regional-de-sudamerica\/#primaryimage\"},\"thumbnailUrl\":\"https:\/\/nitu.mx\/wp-content\/uploads\/2017\/05\/avianca-2.jpg\",\"keywords\":[\"APEX\",\"Avianca\",\"Joe Leader\",\"Rolando Damas\"],\"articleSection\":[\"Aerol\u00edneas\",\"Sin Categor\u00eda\"],\"inLanguage\":\"es-MX\",\"potentialAction\":[{\"@type\":\"CommentAction\",\"name\":\"Comment\",\"target\":[\"https:\/\/nitu.mx\/index.php\/2019\/05\/09\/reconocen-a-avianca-como-la-mejor-aerolinea-regional-de-sudamerica\/#respond\"]}]},{\"@type\":\"WebPage\",\"@id\":\"https:\/\/nitu.mx\/index.php\/2019\/05\/09\/reconocen-a-avianca-como-la-mejor-aerolinea-regional-de-sudamerica\/\",\"url\":\"https:\/\/nitu.mx\/index.php\/2019\/05\/09\/reconocen-a-avianca-como-la-mejor-aerolinea-regional-de-sudamerica\/\",\"name\":\"Reconocen a Avianca como la mejor aerol\u00ednea regional de Sudam\u00e9rica - Nitu - Noticias de la Industria Turistica\",\"isPartOf\":{\"@id\":\"https:\/\/nitu.mx\/#website\"},\"primaryImageOfPage\":{\"@id\":\"https:\/\/nitu.mx\/index.php\/2019\/05\/09\/reconocen-a-avianca-como-la-mejor-aerolinea-regional-de-sudamerica\/#primaryimage\"},\"image\":{\"@id\":\"https:\/\/nitu.mx\/index.php\/2019\/05\/09\/reconocen-a-avianca-como-la-mejor-aerolinea-regional-de-sudamerica\/#primaryimage\"},\"thumbnailUrl\":\"https:\/\/nitu.mx\/wp-content\/uploads\/2017\/05\/avianca-2.jpg\",\"datePublished\":\"2019-05-09T05:01:32+00:00\",\"dateModified\":\"2019-05-09T05:35:06+00:00\",\"description\":\"La aerol\u00ednea Avianca fue galardonada como la mejor Aerol\u00ednea Regional de Suram\u00e9rica en los APEX Passenger Choice Awards 2019.\",\"breadcrumb\":{\"@id\":\"https:\/\/nitu.mx\/index.php\/2019\/05\/09\/reconocen-a-avianca-como-la-mejor-aerolinea-regional-de-sudamerica\/#breadcrumb\"},\"inLanguage\":\"es-MX\",\"potentialAction\":[{\"@type\":\"ReadAction\",\"target\":[\"https:\/\/nitu.mx\/index.php\/2019\/05\/09\/reconocen-a-avianca-como-la-mejor-aerolinea-regional-de-sudamerica\/\"]}]},{\"@type\":\"ImageObject\",\"inLanguage\":\"es-MX\",\"@id\":\"https:\/\/nitu.mx\/index.php\/2019\/05\/09\/reconocen-a-avianca-como-la-mejor-aerolinea-regional-de-sudamerica\/#primaryimage\",\"url\":\"https:\/\/nitu.mx\/wp-content\/uploads\/2017\/05\/avianca-2.jpg\",\"contentUrl\":\"https:\/\/nitu.mx\/wp-content\/uploads\/2017\/05\/avianca-2.jpg\",\"width\":850,\"height\":480,\"caption\":\"avianca\"},{\"@type\":\"BreadcrumbList\",\"@id\":\"https:\/\/nitu.mx\/index.php\/2019\/05\/09\/reconocen-a-avianca-como-la-mejor-aerolinea-regional-de-sudamerica\/#breadcrumb\",\"itemListElement\":[{\"@type\":\"ListItem\",\"position\":1,\"name\":\"Inicio\",\"item\":\"https:\/\/nitu.mx\/\"},{\"@type\":\"ListItem\",\"position\":2,\"name\":\"Reconocen a Avianca como la mejor aerol\u00ednea regional de Sudam\u00e9rica\"}]},{\"@type\":\"WebSite\",\"@id\":\"https:\/\/nitu.mx\/#website\",\"url\":\"https:\/\/nitu.mx\/\",\"name\":\"Nitu - Noticias de la Industria Turistica\",\"description\":\"Noticias de la Industria Turistica\",\"publisher\":{\"@id\":\"https:\/\/nitu.mx\/#\/schema\/person\/ae7a53426417292d3dd07b45a33e01bc\"},\"alternateName\":\"Noticias de la Industria Turistica\",\"potentialAction\":[{\"@type\":\"SearchAction\",\"target\":{\"@type\":\"EntryPoint\",\"urlTemplate\":\"https:\/\/nitu.mx\/?s={search_term_string}\"},\"query-input\":\"required name=search_term_string\"}],\"inLanguage\":\"es-MX\"},{\"@type\":[\"Person\",\"Organization\"],\"@id\":\"https:\/\/nitu.mx\/#\/schema\/person\/ae7a53426417292d3dd07b45a33e01bc\",\"name\":\"Arturo Medina\",\"image\":{\"@type\":\"ImageObject\",\"inLanguage\":\"es-MX\",\"@id\":\"https:\/\/nitu.mx\/#\/schema\/person\/image\/\",\"url\":\"https:\/\/nitu.mx\/wp-content\/uploads\/2024\/04\/4A315622-1904-4D5C-B022-878CDC840E04-90x90-1.jpeg\",\"contentUrl\":\"https:\/\/nitu.mx\/wp-content\/uploads\/2024\/04\/4A315622-1904-4D5C-B022-878CDC840E04-90x90-1.jpeg\",\"width\":90,\"height\":90,\"caption\":\"Arturo Medina\"},\"logo\":{\"@id\":\"https:\/\/nitu.mx\/#\/schema\/person\/image\/\"},\"description\":\"Director NITU.mx, Egresado de la Escuela de Periodismo Carlos Septi\u00e9n Garc\u00eda. Periodista y analista especializado en turismo desde hace 35 a\u00f1os, radicado en Canc\u00fan Q.Roo. arturo@nitu.mx\",\"sameAs\":[\"https:\/\/nitu.mx\",\"https:\/\/www.facebook.com\/NITUmx\/\",\"medinacancun\",\"https:\/\/twitter.com\/@Arturo_Medina_G\"]},{\"@type\":\"Person\",\"@id\":\"https:\/\/nitu.mx\/#\/schema\/person\/4a28fe9bd65924f7c90623773daf1b0b\",\"name\":\"Redacci\u00f3n\",\"image\":{\"@type\":\"ImageObject\",\"inLanguage\":\"es-MX\",\"@id\":\"https:\/\/nitu.mx\/#\/schema\/person\/image\/\",\"url\":\"https:\/\/secure.gravatar.com\/avatar\/5dd011c8ccfc5cd7e4c81e42252aab38?s=96&d=mm&r=g\",\"contentUrl\":\"https:\/\/secure.gravatar.com\/avatar\/5dd011c8ccfc5cd7e4c81e42252aab38?s=96&d=mm&r=g\",\"caption\":\"Redacci\u00f3n\"},\"url\":\"https:\/\/nitu.mx\/index.php\/author\/redaccion\/\"}]}<\/script>\n<!-- \/ Yoast SEO plugin. -->","yoast_head_json":{"title":"Reconocen a Avianca como la mejor aerol\u00ednea regional de Sudam\u00e9rica - Nitu - Noticias de la Industria Turistica","description":"La aerol\u00ednea Avianca fue galardonada como la mejor Aerol\u00ednea Regional de Suram\u00e9rica en los APEX Passenger Choice Awards 2019.","robots":{"index":"index","follow":"follow","max-snippet":"max-snippet:-1","max-image-preview":"max-image-preview:large","max-video-preview":"max-video-preview:-1"},"canonical":"https:\/\/nitu.mx\/index.php\/2019\/05\/09\/reconocen-a-avianca-como-la-mejor-aerolinea-regional-de-sudamerica\/","twitter_card":"summary_large_image","twitter_title":"Reconocen a Avianca como la mejor aerol\u00ednea regional de Sudam\u00e9rica - Nitu - Noticias de la Industria Turistica","twitter_description":"La aerol\u00ednea Avianca fue galardonada como la mejor Aerol\u00ednea Regional de Suram\u00e9rica en los APEX Passenger Choice Awards 2019.","twitter_image":"https:\/\/nitu.mx\/wp-content\/uploads\/2017\/05\/avianca-2.jpg","twitter_creator":"@NITUmx","twitter_site":"@Arturo_Medina_G","twitter_misc":{"Escrito por":"Redacci\u00f3n","Tiempo de lectura":"2 minutos"},"schema":{"@context":"https:\/\/schema.org","@graph":[{"@type":"Article","@id":"https:\/\/nitu.mx\/index.php\/2019\/05\/09\/reconocen-a-avianca-como-la-mejor-aerolinea-regional-de-sudamerica\/#article","isPartOf":{"@id":"https:\/\/nitu.mx\/index.php\/2019\/05\/09\/reconocen-a-avianca-como-la-mejor-aerolinea-regional-de-sudamerica\/"},"author":{"name":"Redacci\u00f3n","@id":"https:\/\/nitu.mx\/#\/schema\/person\/4a28fe9bd65924f7c90623773daf1b0b"},"headline":"Reconocen a Avianca como la mejor aerol\u00ednea regional de Sudam\u00e9rica","datePublished":"2019-05-09T05:01:32+00:00","dateModified":"2019-05-09T05:35:06+00:00","mainEntityOfPage":{"@id":"https:\/\/nitu.mx\/index.php\/2019\/05\/09\/reconocen-a-avianca-como-la-mejor-aerolinea-regional-de-sudamerica\/"},"wordCount":440,"commentCount":0,"publisher":{"@id":"https:\/\/nitu.mx\/#\/schema\/person\/ae7a53426417292d3dd07b45a33e01bc"},"image":{"@id":"https:\/\/nitu.mx\/index.php\/2019\/05\/09\/reconocen-a-avianca-como-la-mejor-aerolinea-regional-de-sudamerica\/#primaryimage"},"thumbnailUrl":"https:\/\/nitu.mx\/wp-content\/uploads\/2017\/05\/avianca-2.jpg","keywords":["APEX","Avianca","Joe Leader","Rolando Damas"],"articleSection":["Aerol\u00edneas","Sin Categor\u00eda"],"inLanguage":"es-MX","potentialAction":[{"@type":"CommentAction","name":"Comment","target":["https:\/\/nitu.mx\/index.php\/2019\/05\/09\/reconocen-a-avianca-como-la-mejor-aerolinea-regional-de-sudamerica\/#respond"]}]},{"@type":"WebPage","@id":"https:\/\/nitu.mx\/index.php\/2019\/05\/09\/reconocen-a-avianca-como-la-mejor-aerolinea-regional-de-sudamerica\/","url":"https:\/\/nitu.mx\/index.php\/2019\/05\/09\/reconocen-a-avianca-como-la-mejor-aerolinea-regional-de-sudamerica\/","name":"Reconocen a Avianca como la mejor aerol\u00ednea regional de Sudam\u00e9rica - Nitu - Noticias de la Industria Turistica","isPartOf":{"@id":"https:\/\/nitu.mx\/#website"},"primaryImageOfPage":{"@id":"https:\/\/nitu.mx\/index.php\/2019\/05\/09\/reconocen-a-avianca-como-la-mejor-aerolinea-regional-de-sudamerica\/#primaryimage"},"image":{"@id":"https:\/\/nitu.mx\/index.php\/2019\/05\/09\/reconocen-a-avianca-como-la-mejor-aerolinea-regional-de-sudamerica\/#primaryimage"},"thumbnailUrl":"https:\/\/nitu.mx\/wp-content\/uploads\/2017\/05\/avianca-2.jpg","datePublished":"2019-05-09T05:01:32+00:00","dateModified":"2019-05-09T05:35:06+00:00","description":"La aerol\u00ednea Avianca fue galardonada como la mejor Aerol\u00ednea Regional de Suram\u00e9rica en los APEX Passenger Choice Awards 2019.","breadcrumb":{"@id":"https:\/\/nitu.mx\/index.php\/2019\/05\/09\/reconocen-a-avianca-como-la-mejor-aerolinea-regional-de-sudamerica\/#breadcrumb"},"inLanguage":"es-MX","potentialAction":[{"@type":"ReadAction","target":["https:\/\/nitu.mx\/index.php\/2019\/05\/09\/reconocen-a-avianca-como-la-mejor-aerolinea-regional-de-sudamerica\/"]}]},{"@type":"ImageObject","inLanguage":"es-MX","@id":"https:\/\/nitu.mx\/index.php\/2019\/05\/09\/reconocen-a-avianca-como-la-mejor-aerolinea-regional-de-sudamerica\/#primaryimage","url":"https:\/\/nitu.mx\/wp-content\/uploads\/2017\/05\/avianca-2.jpg","contentUrl":"https:\/\/nitu.mx\/wp-content\/uploads\/2017\/05\/avianca-2.jpg","width":850,"height":480,"caption":"avianca"},{"@type":"BreadcrumbList","@id":"https:\/\/nitu.mx\/index.php\/2019\/05\/09\/reconocen-a-avianca-como-la-mejor-aerolinea-regional-de-sudamerica\/#breadcrumb","itemListElement":[{"@type":"ListItem","position":1,"name":"Inicio","item":"https:\/\/nitu.mx\/"},{"@type":"ListItem","position":2,"name":"Reconocen a Avianca como la mejor aerol\u00ednea regional de Sudam\u00e9rica"}]},{"@type":"WebSite","@id":"https:\/\/nitu.mx\/#website","url":"https:\/\/nitu.mx\/","name":"Nitu - Noticias de la Industria Turistica","description":"Noticias de la Industria Turistica","publisher":{"@id":"https:\/\/nitu.mx\/#\/schema\/person\/ae7a53426417292d3dd07b45a33e01bc"},"alternateName":"Noticias de la Industria Turistica","potentialAction":[{"@type":"SearchAction","target":{"@type":"EntryPoint","urlTemplate":"https:\/\/nitu.mx\/?s={search_term_string}"},"query-input":"required name=search_term_string"}],"inLanguage":"es-MX"},{"@type":["Person","Organization"],"@id":"https:\/\/nitu.mx\/#\/schema\/person\/ae7a53426417292d3dd07b45a33e01bc","name":"Arturo Medina","image":{"@type":"ImageObject","inLanguage":"es-MX","@id":"https:\/\/nitu.mx\/#\/schema\/person\/image\/","url":"https:\/\/nitu.mx\/wp-content\/uploads\/2024\/04\/4A315622-1904-4D5C-B022-878CDC840E04-90x90-1.jpeg","contentUrl":"https:\/\/nitu.mx\/wp-content\/uploads\/2024\/04\/4A315622-1904-4D5C-B022-878CDC840E04-90x90-1.jpeg","width":90,"height":90,"caption":"Arturo Medina"},"logo":{"@id":"https:\/\/nitu.mx\/#\/schema\/person\/image\/"},"description":"Director NITU.mx, Egresado de la Escuela de Periodismo Carlos Septi\u00e9n Garc\u00eda. Periodista y analista especializado en turismo desde hace 35 a\u00f1os, radicado en Canc\u00fan Q.Roo. arturo@nitu.mx","sameAs":["https:\/\/nitu.mx","https:\/\/www.facebook.com\/NITUmx\/","medinacancun","https:\/\/twitter.com\/@Arturo_Medina_G"]},{"@type":"Person","@id":"https:\/\/nitu.mx\/#\/schema\/person\/4a28fe9bd65924f7c90623773daf1b0b","name":"Redacci\u00f3n","image":{"@type":"ImageObject","inLanguage":"es-MX","@id":"https:\/\/nitu.mx\/#\/schema\/person\/image\/","url":"https:\/\/secure.gravatar.com\/avatar\/5dd011c8ccfc5cd7e4c81e42252aab38?s=96&d=mm&r=g","contentUrl":"https:\/\/secure.gravatar.com\/avatar\/5dd011c8ccfc5cd7e4c81e42252aab38?s=96&d=mm&r=g","caption":"Redacci\u00f3n"},"url":"https:\/\/nitu.mx\/index.php\/author\/redaccion\/"}]}},"views":300,"_links":{"self":[{"href":"https:\/\/nitu.mx\/index.php\/wp-json\/wp\/v2\/posts\/31817"}],"collection":[{"href":"https:\/\/nitu.mx\/index.php\/wp-json\/wp\/v2\/posts"}],"about":[{"href":"https:\/\/nitu.mx\/index.php\/wp-json\/wp\/v2\/types\/post"}],"author":[{"embeddable":true,"href":"https:\/\/nitu.mx\/index.php\/wp-json\/wp\/v2\/users\/17"}],"replies":[{"embeddable":true,"href":"https:\/\/nitu.mx\/index.php\/wp-json\/wp\/v2\/comments?post=31817"}],"version-history":[{"count":3,"href":"https:\/\/nitu.mx\/index.php\/wp-json\/wp\/v2\/posts\/31817\/revisions"}],"predecessor-version":[{"id":31846,"href":"https:\/\/nitu.mx\/index.php\/wp-json\/wp\/v2\/posts\/31817\/revisions\/31846"}],"wp:featuredmedia":[{"embeddable":true,"href":"https:\/\/nitu.mx\/index.php\/wp-json\/wp\/v2\/media\/9366"}],"wp:attachment":[{"href":"https:\/\/nitu.mx\/index.php\/wp-json\/wp\/v2\/media?parent=31817"}],"wp:term":[{"taxonomy":"category","embeddable":true,"href":"https:\/\/nitu.mx\/index.php\/wp-json\/wp\/v2\/categories?post=31817"},{"taxonomy":"post_tag","embeddable":true,"href":"https:\/\/nitu.mx\/index.php\/wp-json\/wp\/v2\/tags?post=31817"}],"curies":[{"name":"wp","href":"https:\/\/api.w.org\/{rel}","templated":true}]}}