{"id":31810,"date":"2019-05-08T23:54:57","date_gmt":"2019-05-09T04:54:57","guid":{"rendered":"https:\/\/www.dev.nitu.mx\/?p=31810"},"modified":"2019-05-09T00:34:42","modified_gmt":"2019-05-09T05:34:42","slug":"best-day-travel-group-destaca-como-empresa-lider-en-la-feria-de-talentos-jalisco-talent-land-2019","status":"publish","type":"post","link":"https:\/\/nitu.mx\/index.php\/2019\/05\/08\/best-day-travel-group-destaca-como-empresa-lider-en-la-feria-de-talentos-jalisco-talent-land-2019\/","title":{"rendered":"Best Day Travel Group destaca como empresa l\u00edder en la feria de talentos: Jalisco Talent Land 2019"},"content":{"rendered":"<p>Best Day Travel Group, particip\u00f3, exitosamente, en la segunda edici\u00f3n de la feria de talentos Jalisco Talent Land 2019, realizada por la empresa Talent Networks, en Expo Guadalajara.<\/p>\n<p>Best Day Travel Group particip\u00f3 en esta feria de talento, con un stand que recibi\u00f3 y dio informes a aproximadamente mil 500 visitantes, de los cuales se prospectaron m\u00e1s de 600 candidatos para ocupar diversos puestos de su \u00e1rea de Product Development, principalmente.<\/p>\n<p>\u201cEstamos gratamente sorprendidos por el recibimiento e inter\u00e9s en Best Day, por parte de los talentos que visitaron nuestro stand en el Jalisco Talent Land 2019. El potencial creativo y de innovaci\u00f3n de los participantes nos ha llenado de inspiraci\u00f3n y entusiasmo, ya que, en nuestras \u00e1reas de desarrollo tecnol\u00f3gico, siempre estamos en b\u00fasqueda de nuevos talentos, con conocimientos y visiones actualizadas\u201d, coment\u00f3 Alejandro Calligaris, CEO de Best Day Travel Group.<\/p>\n<p>Best Day tambi\u00e9n particip\u00f3 con la conferencia \u201cPerformance y estabilidad de aplicaciones para soportar tr\u00e1fico de alto volumen\u201d, la cual fue impartida por Roy Adri\u00e1n Kailidis, L\u00edder T\u00e9cnico de Best Day Travel Group, quien form\u00f3 parte del equipo de colaboradores que representaron a la empresa en esta feria. La ponencia tuvo un registro de m\u00e1s de mil asistentes y se llev\u00f3 a cabo dentro del marco del sector de contenido \u201cDeveloper Land\u201d, durante el primer d\u00eda del Jalisco Talent Land.\u00a0<a title=\"Best Day Travel Group ser\u00e1 el portavoz oficial de las agencias de viajes en el Consejo Consultivo de Q. Roo\" href=\"https:\/\/www.dev.nitu.mx\/index.php\/2019\/04\/18\/best-day-travel-group-sera-el-portavoz-oficial-de-las-agencias-de-viajes-en-el-consejo-consultivo-de-q-roo\/\" rel=\"bookmark\">(Best Day Travel Group ser\u00e1 el portavoz oficial de las agencias de viajes en el Consejo Consultivo de Q. Roo<\/a>).<\/p>\n<p>En la presente edici\u00f3n de la feria Jalisco Talent Land se implementaron siete sectores o \u201ctierras\u201d tem\u00e1ticas, las cuales ofrecieron contenidos y talleres con enfoques especializados: Agro Land, Business Land, Blockchain Land, Creative Land, Developer Land, Gamer Land y Iron Land.<\/p>\n<p>Para el pr\u00f3ximo a\u00f1o, se anunci\u00f3 la inclusi\u00f3n de la nueva \u201ctierra\u201d de Talento: Tourism Land, que estar\u00e1 dedicada a aprovechar el talento y creatividad de los asistentes para desarrollar tecnolog\u00eda que impulse al sector tur\u00edstico de M\u00e9xico.<\/p>\n","protected":false},"excerpt":{"rendered":"<p>Best Day Travel Group, particip\u00f3, exitosamente, en la segunda edici\u00f3n de la feria de talentos Jalisco Talent Land 2019, realizada por la empresa Talent Networks, en Expo Guadalajara. Best Day Travel Group particip\u00f3 en esta feria de talento, con un stand que recibi\u00f3 y dio informes a aproximadamente mil 500 visitantes, de los cuales se [&hellip;]<\/p>\n","protected":false},"author":17,"featured_media":31844,"comment_status":"open","ping_status":"open","sticky":false,"template":"","format":"standard","meta":{"footnotes":""},"categories":[3,6],"tags":[15640,246,66,15645,1754,69,68,15641,15643,15644],"yoast_head":"<!-- This site is optimized with the Yoast SEO plugin v22.2 - https:\/\/yoast.com\/wordpress\/plugins\/seo\/ -->\n<title>Best Day Travel Group destaca como empresa l\u00edder en la feria de talentos: Jalisco Talent Land 2019 - Nitu - Noticias de la Industria Turistica<\/title>\n<meta name=\"description\" content=\"Best Day Travel Group, particip\u00f3, exitosamente, en la segunda edici\u00f3n de la feria de talentos Jalisco Talent Land 2019, realizada por Talent Networks.\" \/>\n<meta name=\"robots\" content=\"index, follow, max-snippet:-1, max-image-preview:large, max-video-preview:-1\" \/>\n<link rel=\"canonical\" href=\"https:\/\/nitu.mx\/index.php\/2019\/05\/08\/best-day-travel-group-destaca-como-empresa-lider-en-la-feria-de-talentos-jalisco-talent-land-2019\/\" \/>\n<meta name=\"twitter:card\" content=\"summary_large_image\" \/>\n<meta name=\"twitter:title\" content=\"Best Day Travel Group destaca como empresa l\u00edder en la feria de talentos: Jalisco Talent Land 2019 - Nitu - Noticias de la Industria Turistica\" \/>\n<meta name=\"twitter:description\" content=\"Best Day Travel Group, particip\u00f3, exitosamente, en la segunda edici\u00f3n de la feria de talentos Jalisco Talent Land 2019, realizada por Talent Networks.\" \/>\n<meta name=\"twitter:image\" content=\"https:\/\/nitu.mx\/wp-content\/uploads\/2019\/05\/Best-Day-Jalisco-Talent-Land.jpg\" \/>\n<meta name=\"twitter:creator\" content=\"@NITUmx\" \/>\n<meta name=\"twitter:site\" content=\"@Arturo_Medina_G\" \/>\n<meta name=\"twitter:label1\" content=\"Escrito por\" \/>\n\t<meta name=\"twitter:data1\" content=\"Redacci\u00f3n\" \/>\n\t<meta name=\"twitter:label2\" content=\"Tiempo de lectura\" \/>\n\t<meta name=\"twitter:data2\" content=\"2 minutos\" \/>\n<script type=\"application\/ld+json\" class=\"yoast-schema-graph\">{\"@context\":\"https:\/\/schema.org\",\"@graph\":[{\"@type\":\"Article\",\"@id\":\"https:\/\/nitu.mx\/index.php\/2019\/05\/08\/best-day-travel-group-destaca-como-empresa-lider-en-la-feria-de-talentos-jalisco-talent-land-2019\/#article\",\"isPartOf\":{\"@id\":\"https:\/\/nitu.mx\/index.php\/2019\/05\/08\/best-day-travel-group-destaca-como-empresa-lider-en-la-feria-de-talentos-jalisco-talent-land-2019\/\"},\"author\":{\"name\":\"Redacci\u00f3n\",\"@id\":\"https:\/\/nitu.mx\/#\/schema\/person\/4a28fe9bd65924f7c90623773daf1b0b\"},\"headline\":\"Best Day Travel Group destaca como empresa l\u00edder en la feria de talentos: Jalisco Talent Land 2019\",\"datePublished\":\"2019-05-09T04:54:57+00:00\",\"dateModified\":\"2019-05-09T05:34:42+00:00\",\"mainEntityOfPage\":{\"@id\":\"https:\/\/nitu.mx\/index.php\/2019\/05\/08\/best-day-travel-group-destaca-como-empresa-lider-en-la-feria-de-talentos-jalisco-talent-land-2019\/\"},\"wordCount\":356,\"commentCount\":0,\"publisher\":{\"@id\":\"https:\/\/nitu.mx\/#\/schema\/person\/ae7a53426417292d3dd07b45a33e01bc\"},\"image\":{\"@id\":\"https:\/\/nitu.mx\/index.php\/2019\/05\/08\/best-day-travel-group-destaca-como-empresa-lider-en-la-feria-de-talentos-jalisco-talent-land-2019\/#primaryimage\"},\"thumbnailUrl\":\"https:\/\/nitu.mx\/wp-content\/uploads\/2019\/05\/Best-Day-Jalisco-Talent-Land.jpg\",\"keywords\":[\"\u201cDeveloper Land\u201d\",\"agencias de viajes\",\"Best Day Travel Group\",\"Expo Guadalajara\",\"Jalisco\",\"Latinoam\u00e9rica\",\"M\u00e9xico\",\"Product Development del corporativo Guadalajara\",\"Talent Land 2019\",\"Talent Networks\"],\"articleSection\":[\"Agencias de Viajes\",\"M\u00e9xico\"],\"inLanguage\":\"es-MX\",\"potentialAction\":[{\"@type\":\"CommentAction\",\"name\":\"Comment\",\"target\":[\"https:\/\/nitu.mx\/index.php\/2019\/05\/08\/best-day-travel-group-destaca-como-empresa-lider-en-la-feria-de-talentos-jalisco-talent-land-2019\/#respond\"]}]},{\"@type\":\"WebPage\",\"@id\":\"https:\/\/nitu.mx\/index.php\/2019\/05\/08\/best-day-travel-group-destaca-como-empresa-lider-en-la-feria-de-talentos-jalisco-talent-land-2019\/\",\"url\":\"https:\/\/nitu.mx\/index.php\/2019\/05\/08\/best-day-travel-group-destaca-como-empresa-lider-en-la-feria-de-talentos-jalisco-talent-land-2019\/\",\"name\":\"Best Day Travel Group destaca como empresa l\u00edder en la feria de talentos: Jalisco Talent Land 2019 - Nitu - Noticias de la Industria Turistica\",\"isPartOf\":{\"@id\":\"https:\/\/nitu.mx\/#website\"},\"primaryImageOfPage\":{\"@id\":\"https:\/\/nitu.mx\/index.php\/2019\/05\/08\/best-day-travel-group-destaca-como-empresa-lider-en-la-feria-de-talentos-jalisco-talent-land-2019\/#primaryimage\"},\"image\":{\"@id\":\"https:\/\/nitu.mx\/index.php\/2019\/05\/08\/best-day-travel-group-destaca-como-empresa-lider-en-la-feria-de-talentos-jalisco-talent-land-2019\/#primaryimage\"},\"thumbnailUrl\":\"https:\/\/nitu.mx\/wp-content\/uploads\/2019\/05\/Best-Day-Jalisco-Talent-Land.jpg\",\"datePublished\":\"2019-05-09T04:54:57+00:00\",\"dateModified\":\"2019-05-09T05:34:42+00:00\",\"description\":\"Best Day Travel Group, particip\u00f3, exitosamente, en la segunda edici\u00f3n de la feria de talentos Jalisco Talent Land 2019, realizada por Talent Networks.\",\"breadcrumb\":{\"@id\":\"https:\/\/nitu.mx\/index.php\/2019\/05\/08\/best-day-travel-group-destaca-como-empresa-lider-en-la-feria-de-talentos-jalisco-talent-land-2019\/#breadcrumb\"},\"inLanguage\":\"es-MX\",\"potentialAction\":[{\"@type\":\"ReadAction\",\"target\":[\"https:\/\/nitu.mx\/index.php\/2019\/05\/08\/best-day-travel-group-destaca-como-empresa-lider-en-la-feria-de-talentos-jalisco-talent-land-2019\/\"]}]},{\"@type\":\"ImageObject\",\"inLanguage\":\"es-MX\",\"@id\":\"https:\/\/nitu.mx\/index.php\/2019\/05\/08\/best-day-travel-group-destaca-como-empresa-lider-en-la-feria-de-talentos-jalisco-talent-land-2019\/#primaryimage\",\"url\":\"https:\/\/nitu.mx\/wp-content\/uploads\/2019\/05\/Best-Day-Jalisco-Talent-Land.jpg\",\"contentUrl\":\"https:\/\/nitu.mx\/wp-content\/uploads\/2019\/05\/Best-Day-Jalisco-Talent-Land.jpg\",\"width\":850,\"height\":480,\"caption\":\"Jalisco Talent\"},{\"@type\":\"BreadcrumbList\",\"@id\":\"https:\/\/nitu.mx\/index.php\/2019\/05\/08\/best-day-travel-group-destaca-como-empresa-lider-en-la-feria-de-talentos-jalisco-talent-land-2019\/#breadcrumb\",\"itemListElement\":[{\"@type\":\"ListItem\",\"position\":1,\"name\":\"Inicio\",\"item\":\"https:\/\/nitu.mx\/\"},{\"@type\":\"ListItem\",\"position\":2,\"name\":\"Best Day Travel Group destaca como empresa l\u00edder en la feria de talentos: Jalisco Talent Land 2019\"}]},{\"@type\":\"WebSite\",\"@id\":\"https:\/\/nitu.mx\/#website\",\"url\":\"https:\/\/nitu.mx\/\",\"name\":\"Nitu - Noticias de la Industria Turistica\",\"description\":\"Noticias de la Industria Turistica\",\"publisher\":{\"@id\":\"https:\/\/nitu.mx\/#\/schema\/person\/ae7a53426417292d3dd07b45a33e01bc\"},\"alternateName\":\"Noticias de la Industria Turistica\",\"potentialAction\":[{\"@type\":\"SearchAction\",\"target\":{\"@type\":\"EntryPoint\",\"urlTemplate\":\"https:\/\/nitu.mx\/?s={search_term_string}\"},\"query-input\":\"required name=search_term_string\"}],\"inLanguage\":\"es-MX\"},{\"@type\":[\"Person\",\"Organization\"],\"@id\":\"https:\/\/nitu.mx\/#\/schema\/person\/ae7a53426417292d3dd07b45a33e01bc\",\"name\":\"Arturo Medina\",\"image\":{\"@type\":\"ImageObject\",\"inLanguage\":\"es-MX\",\"@id\":\"https:\/\/nitu.mx\/#\/schema\/person\/image\/\",\"url\":\"https:\/\/nitu.mx\/wp-content\/uploads\/2024\/04\/4A315622-1904-4D5C-B022-878CDC840E04-90x90-1.jpeg\",\"contentUrl\":\"https:\/\/nitu.mx\/wp-content\/uploads\/2024\/04\/4A315622-1904-4D5C-B022-878CDC840E04-90x90-1.jpeg\",\"width\":90,\"height\":90,\"caption\":\"Arturo Medina\"},\"logo\":{\"@id\":\"https:\/\/nitu.mx\/#\/schema\/person\/image\/\"},\"description\":\"Director NITU.mx, Egresado de la Escuela de Periodismo Carlos Septi\u00e9n Garc\u00eda. Periodista y analista especializado en turismo desde hace 35 a\u00f1os, radicado en Canc\u00fan Q.Roo. arturo@nitu.mx\",\"sameAs\":[\"https:\/\/nitu.mx\",\"https:\/\/www.facebook.com\/NITUmx\/\",\"medinacancun\",\"https:\/\/twitter.com\/@Arturo_Medina_G\"]},{\"@type\":\"Person\",\"@id\":\"https:\/\/nitu.mx\/#\/schema\/person\/4a28fe9bd65924f7c90623773daf1b0b\",\"name\":\"Redacci\u00f3n\",\"image\":{\"@type\":\"ImageObject\",\"inLanguage\":\"es-MX\",\"@id\":\"https:\/\/nitu.mx\/#\/schema\/person\/image\/\",\"url\":\"https:\/\/secure.gravatar.com\/avatar\/5dd011c8ccfc5cd7e4c81e42252aab38?s=96&d=mm&r=g\",\"contentUrl\":\"https:\/\/secure.gravatar.com\/avatar\/5dd011c8ccfc5cd7e4c81e42252aab38?s=96&d=mm&r=g\",\"caption\":\"Redacci\u00f3n\"},\"url\":\"https:\/\/nitu.mx\/index.php\/author\/redaccion\/\"}]}<\/script>\n<!-- \/ Yoast SEO plugin. -->","yoast_head_json":{"title":"Best Day Travel Group destaca como empresa l\u00edder en la feria de talentos: Jalisco Talent Land 2019 - Nitu - Noticias de la Industria Turistica","description":"Best Day Travel Group, particip\u00f3, exitosamente, en la segunda edici\u00f3n de la feria de talentos Jalisco Talent Land 2019, realizada por Talent Networks.","robots":{"index":"index","follow":"follow","max-snippet":"max-snippet:-1","max-image-preview":"max-image-preview:large","max-video-preview":"max-video-preview:-1"},"canonical":"https:\/\/nitu.mx\/index.php\/2019\/05\/08\/best-day-travel-group-destaca-como-empresa-lider-en-la-feria-de-talentos-jalisco-talent-land-2019\/","twitter_card":"summary_large_image","twitter_title":"Best Day Travel Group destaca como empresa l\u00edder en la feria de talentos: Jalisco Talent Land 2019 - Nitu - Noticias de la Industria Turistica","twitter_description":"Best Day Travel Group, particip\u00f3, exitosamente, en la segunda edici\u00f3n de la feria de talentos Jalisco Talent Land 2019, realizada por Talent Networks.","twitter_image":"https:\/\/nitu.mx\/wp-content\/uploads\/2019\/05\/Best-Day-Jalisco-Talent-Land.jpg","twitter_creator":"@NITUmx","twitter_site":"@Arturo_Medina_G","twitter_misc":{"Escrito por":"Redacci\u00f3n","Tiempo de lectura":"2 minutos"},"schema":{"@context":"https:\/\/schema.org","@graph":[{"@type":"Article","@id":"https:\/\/nitu.mx\/index.php\/2019\/05\/08\/best-day-travel-group-destaca-como-empresa-lider-en-la-feria-de-talentos-jalisco-talent-land-2019\/#article","isPartOf":{"@id":"https:\/\/nitu.mx\/index.php\/2019\/05\/08\/best-day-travel-group-destaca-como-empresa-lider-en-la-feria-de-talentos-jalisco-talent-land-2019\/"},"author":{"name":"Redacci\u00f3n","@id":"https:\/\/nitu.mx\/#\/schema\/person\/4a28fe9bd65924f7c90623773daf1b0b"},"headline":"Best Day Travel Group destaca como empresa l\u00edder en la feria de talentos: Jalisco Talent Land 2019","datePublished":"2019-05-09T04:54:57+00:00","dateModified":"2019-05-09T05:34:42+00:00","mainEntityOfPage":{"@id":"https:\/\/nitu.mx\/index.php\/2019\/05\/08\/best-day-travel-group-destaca-como-empresa-lider-en-la-feria-de-talentos-jalisco-talent-land-2019\/"},"wordCount":356,"commentCount":0,"publisher":{"@id":"https:\/\/nitu.mx\/#\/schema\/person\/ae7a53426417292d3dd07b45a33e01bc"},"image":{"@id":"https:\/\/nitu.mx\/index.php\/2019\/05\/08\/best-day-travel-group-destaca-como-empresa-lider-en-la-feria-de-talentos-jalisco-talent-land-2019\/#primaryimage"},"thumbnailUrl":"https:\/\/nitu.mx\/wp-content\/uploads\/2019\/05\/Best-Day-Jalisco-Talent-Land.jpg","keywords":["\u201cDeveloper Land\u201d","agencias de viajes","Best Day Travel Group","Expo Guadalajara","Jalisco","Latinoam\u00e9rica","M\u00e9xico","Product Development del corporativo Guadalajara","Talent Land 2019","Talent Networks"],"articleSection":["Agencias de Viajes","M\u00e9xico"],"inLanguage":"es-MX","potentialAction":[{"@type":"CommentAction","name":"Comment","target":["https:\/\/nitu.mx\/index.php\/2019\/05\/08\/best-day-travel-group-destaca-como-empresa-lider-en-la-feria-de-talentos-jalisco-talent-land-2019\/#respond"]}]},{"@type":"WebPage","@id":"https:\/\/nitu.mx\/index.php\/2019\/05\/08\/best-day-travel-group-destaca-como-empresa-lider-en-la-feria-de-talentos-jalisco-talent-land-2019\/","url":"https:\/\/nitu.mx\/index.php\/2019\/05\/08\/best-day-travel-group-destaca-como-empresa-lider-en-la-feria-de-talentos-jalisco-talent-land-2019\/","name":"Best Day Travel Group destaca como empresa l\u00edder en la feria de talentos: Jalisco Talent Land 2019 - Nitu - Noticias de la Industria Turistica","isPartOf":{"@id":"https:\/\/nitu.mx\/#website"},"primaryImageOfPage":{"@id":"https:\/\/nitu.mx\/index.php\/2019\/05\/08\/best-day-travel-group-destaca-como-empresa-lider-en-la-feria-de-talentos-jalisco-talent-land-2019\/#primaryimage"},"image":{"@id":"https:\/\/nitu.mx\/index.php\/2019\/05\/08\/best-day-travel-group-destaca-como-empresa-lider-en-la-feria-de-talentos-jalisco-talent-land-2019\/#primaryimage"},"thumbnailUrl":"https:\/\/nitu.mx\/wp-content\/uploads\/2019\/05\/Best-Day-Jalisco-Talent-Land.jpg","datePublished":"2019-05-09T04:54:57+00:00","dateModified":"2019-05-09T05:34:42+00:00","description":"Best Day Travel Group, particip\u00f3, exitosamente, en la segunda edici\u00f3n de la feria de talentos Jalisco Talent Land 2019, realizada por Talent Networks.","breadcrumb":{"@id":"https:\/\/nitu.mx\/index.php\/2019\/05\/08\/best-day-travel-group-destaca-como-empresa-lider-en-la-feria-de-talentos-jalisco-talent-land-2019\/#breadcrumb"},"inLanguage":"es-MX","potentialAction":[{"@type":"ReadAction","target":["https:\/\/nitu.mx\/index.php\/2019\/05\/08\/best-day-travel-group-destaca-como-empresa-lider-en-la-feria-de-talentos-jalisco-talent-land-2019\/"]}]},{"@type":"ImageObject","inLanguage":"es-MX","@id":"https:\/\/nitu.mx\/index.php\/2019\/05\/08\/best-day-travel-group-destaca-como-empresa-lider-en-la-feria-de-talentos-jalisco-talent-land-2019\/#primaryimage","url":"https:\/\/nitu.mx\/wp-content\/uploads\/2019\/05\/Best-Day-Jalisco-Talent-Land.jpg","contentUrl":"https:\/\/nitu.mx\/wp-content\/uploads\/2019\/05\/Best-Day-Jalisco-Talent-Land.jpg","width":850,"height":480,"caption":"Jalisco Talent"},{"@type":"BreadcrumbList","@id":"https:\/\/nitu.mx\/index.php\/2019\/05\/08\/best-day-travel-group-destaca-como-empresa-lider-en-la-feria-de-talentos-jalisco-talent-land-2019\/#breadcrumb","itemListElement":[{"@type":"ListItem","position":1,"name":"Inicio","item":"https:\/\/nitu.mx\/"},{"@type":"ListItem","position":2,"name":"Best Day Travel Group destaca como empresa l\u00edder en la feria de talentos: Jalisco Talent Land 2019"}]},{"@type":"WebSite","@id":"https:\/\/nitu.mx\/#website","url":"https:\/\/nitu.mx\/","name":"Nitu - Noticias de la Industria Turistica","description":"Noticias de la Industria Turistica","publisher":{"@id":"https:\/\/nitu.mx\/#\/schema\/person\/ae7a53426417292d3dd07b45a33e01bc"},"alternateName":"Noticias de la Industria Turistica","potentialAction":[{"@type":"SearchAction","target":{"@type":"EntryPoint","urlTemplate":"https:\/\/nitu.mx\/?s={search_term_string}"},"query-input":"required name=search_term_string"}],"inLanguage":"es-MX"},{"@type":["Person","Organization"],"@id":"https:\/\/nitu.mx\/#\/schema\/person\/ae7a53426417292d3dd07b45a33e01bc","name":"Arturo Medina","image":{"@type":"ImageObject","inLanguage":"es-MX","@id":"https:\/\/nitu.mx\/#\/schema\/person\/image\/","url":"https:\/\/nitu.mx\/wp-content\/uploads\/2024\/04\/4A315622-1904-4D5C-B022-878CDC840E04-90x90-1.jpeg","contentUrl":"https:\/\/nitu.mx\/wp-content\/uploads\/2024\/04\/4A315622-1904-4D5C-B022-878CDC840E04-90x90-1.jpeg","width":90,"height":90,"caption":"Arturo Medina"},"logo":{"@id":"https:\/\/nitu.mx\/#\/schema\/person\/image\/"},"description":"Director NITU.mx, Egresado de la Escuela de Periodismo Carlos Septi\u00e9n Garc\u00eda. Periodista y analista especializado en turismo desde hace 35 a\u00f1os, radicado en Canc\u00fan Q.Roo. arturo@nitu.mx","sameAs":["https:\/\/nitu.mx","https:\/\/www.facebook.com\/NITUmx\/","medinacancun","https:\/\/twitter.com\/@Arturo_Medina_G"]},{"@type":"Person","@id":"https:\/\/nitu.mx\/#\/schema\/person\/4a28fe9bd65924f7c90623773daf1b0b","name":"Redacci\u00f3n","image":{"@type":"ImageObject","inLanguage":"es-MX","@id":"https:\/\/nitu.mx\/#\/schema\/person\/image\/","url":"https:\/\/secure.gravatar.com\/avatar\/5dd011c8ccfc5cd7e4c81e42252aab38?s=96&d=mm&r=g","contentUrl":"https:\/\/secure.gravatar.com\/avatar\/5dd011c8ccfc5cd7e4c81e42252aab38?s=96&d=mm&r=g","caption":"Redacci\u00f3n"},"url":"https:\/\/nitu.mx\/index.php\/author\/redaccion\/"}]}},"views":312,"_links":{"self":[{"href":"https:\/\/nitu.mx\/index.php\/wp-json\/wp\/v2\/posts\/31810"}],"collection":[{"href":"https:\/\/nitu.mx\/index.php\/wp-json\/wp\/v2\/posts"}],"about":[{"href":"https:\/\/nitu.mx\/index.php\/wp-json\/wp\/v2\/types\/post"}],"author":[{"embeddable":true,"href":"https:\/\/nitu.mx\/index.php\/wp-json\/wp\/v2\/users\/17"}],"replies":[{"embeddable":true,"href":"https:\/\/nitu.mx\/index.php\/wp-json\/wp\/v2\/comments?post=31810"}],"version-history":[{"count":3,"href":"https:\/\/nitu.mx\/index.php\/wp-json\/wp\/v2\/posts\/31810\/revisions"}],"predecessor-version":[{"id":31845,"href":"https:\/\/nitu.mx\/index.php\/wp-json\/wp\/v2\/posts\/31810\/revisions\/31845"}],"wp:featuredmedia":[{"embeddable":true,"href":"https:\/\/nitu.mx\/index.php\/wp-json\/wp\/v2\/media\/31844"}],"wp:attachment":[{"href":"https:\/\/nitu.mx\/index.php\/wp-json\/wp\/v2\/media?parent=31810"}],"wp:term":[{"taxonomy":"category","embeddable":true,"href":"https:\/\/nitu.mx\/index.php\/wp-json\/wp\/v2\/categories?post=31810"},{"taxonomy":"post_tag","embeddable":true,"href":"https:\/\/nitu.mx\/index.php\/wp-json\/wp\/v2\/tags?post=31810"}],"curies":[{"name":"wp","href":"https:\/\/api.w.org\/{rel}","templated":true}]}}