{"id":31769,"date":"2019-05-08T00:12:02","date_gmt":"2019-05-08T05:12:02","guid":{"rendered":"https:\/\/www.dev.nitu.mx\/?p=31769"},"modified":"2019-05-08T00:38:24","modified_gmt":"2019-05-08T05:38:24","slug":"inicia-hoy-en-cancun-el-3er-latin-american-hotel-resorts-expansion-summit","status":"publish","type":"post","link":"https:\/\/nitu.mx\/index.php\/2019\/05\/08\/inicia-hoy-en-cancun-el-3er-latin-american-hotel-resorts-expansion-summit\/","title":{"rendered":"Inicia hoy en Canc\u00fan el 3er Latin American Hotel &#038; Resorts Expansion Summit"},"content":{"rendered":"<p>Canc\u00fan es sede a partir de hoy y ma\u00f1ana de un evento internacional en el que se re\u00fanen grandes profesionales del turismo CEO\u00b4s internacionales de las grandes cadenas hoteleras, hoteles independientes, autoridades de turismo, consultores y dem\u00e1s estar\u00e1n presentes en el 3er Latin American Hotel &amp; Resorts Expansion Summit.<\/p>\n<p>En la 3\u00aa Cumbre de Expansi\u00f3n de Hoteles y Resorts de Am\u00e9rica Latina, las autoridades de turismo, los inversores, las cadenas hoteleras, los hoteles independientes y las empresas inmobiliarias discutir\u00e1n con consultores, arquitectos, empresas de construcci\u00f3n, proveedores de equipos, proveedores de tecnolog\u00eda y grupos de servicios, para explorar y conocer los cambios que ya se dan en el mercado de la hosteler\u00eda y sus oportunidades.<\/p>\n<p>En la presentaci\u00f3n del evento se se\u00f1ala que M\u00e9xico ingres\u00f3 en el ranking m\u00e1s alto de los pa\u00edses m\u00e1s visitados del mundo, pasando de la 15\u00aa a la 8\u00aa posici\u00f3n en 2018. El turismo rindi\u00f3 el a\u00f1o pasado 20 mil millones de d\u00f3lares. Quintana Roo, es uno de los lugares m\u00e1s visitados de M\u00e9xico, conocer\u00e1 la mayor expansi\u00f3n de hoteles, complejos tur\u00edsticos y complejos tur\u00edsticos.<\/p>\n<p>Solo Canc\u00fan genera 16 mil millones de d\u00f3lares en turismo, lo que lo coloca entre los destinos m\u00e1s visitados de la regi\u00f3n y lo hace un foco de atenci\u00f3n para la expansi\u00f3n de los hoteles y el crecimiento del sector hotelero del pa\u00eds.<\/p>\n<p>Los hoteles en Am\u00e9rica Latina est\u00e1n innovando cada d\u00eda en busca de nuevas tecnolog\u00edas para mejorar la experiencia y la perspectiva que tiene cuando se hospeda en un hotel. Para esto, m\u00faltiples cadenas y franquicias est\u00e1n implementando nuevas soluciones para crear entornos y estad\u00edas m\u00e1s c\u00f3modas, divertidas, relajantes e innovadoras para los hu\u00e9spedes.<br \/>\nEste encuentro de especialistas del turismo contar\u00e1 con paneles de discusi\u00f3n de exposici\u00f3n, conferencias, sesiones de networking, sesiones uno a uno y m\u00e1s.<\/p>\n","protected":false},"excerpt":{"rendered":"<p>Canc\u00fan es sede a partir de hoy y ma\u00f1ana de un evento internacional en el que se re\u00fanen grandes profesionales del turismo CEO\u00b4s internacionales de las grandes cadenas hoteleras, hoteles independientes, autoridades de turismo, consultores y dem\u00e1s estar\u00e1n presentes en el 3er Latin American Hotel &amp; Resorts Expansion Summit. En la 3\u00aa Cumbre de Expansi\u00f3n [&hellip;]<\/p>\n","protected":false},"author":3,"featured_media":27034,"comment_status":"open","ping_status":"open","sticky":false,"template":"","format":"standard","meta":{"footnotes":""},"categories":[5,6],"tags":[15632,6209,43,7195,15634,15633,421],"yoast_head":"<!-- This site is optimized with the Yoast SEO plugin v22.2 - https:\/\/yoast.com\/wordpress\/plugins\/seo\/ -->\n<title>Inicia hoy en Canc\u00fan el 3er Latin American Hotel &amp; Resorts Expansion Summit - Nitu - Noticias de la Industria Turistica<\/title>\n<meta name=\"description\" content=\"Canc\u00fan es sede a partir de hoy y ma\u00f1ana de un evento internacional en el que se re\u00fanen grandes profesionales del turismo CEO\u00b4s internacionales.\" \/>\n<meta name=\"robots\" content=\"index, follow, max-snippet:-1, max-image-preview:large, max-video-preview:-1\" \/>\n<link rel=\"canonical\" href=\"https:\/\/nitu.mx\/index.php\/2019\/05\/08\/inicia-hoy-en-cancun-el-3er-latin-american-hotel-resorts-expansion-summit\/\" \/>\n<meta name=\"twitter:card\" content=\"summary_large_image\" \/>\n<meta name=\"twitter:title\" content=\"Inicia hoy en Canc\u00fan el 3er Latin American Hotel &amp; Resorts Expansion Summit - Nitu - Noticias de la Industria Turistica\" \/>\n<meta name=\"twitter:description\" content=\"Canc\u00fan es sede a partir de hoy y ma\u00f1ana de un evento internacional en el que se re\u00fanen grandes profesionales del turismo CEO\u00b4s internacionales.\" \/>\n<meta name=\"twitter:image\" content=\"https:\/\/nitu.mx\/wp-content\/uploads\/2018\/11\/Acotur-Canc\u00fan.jpg\" \/>\n<meta name=\"twitter:creator\" content=\"@NITUmx\" \/>\n<meta name=\"twitter:site\" content=\"@Arturo_Medina_G\" \/>\n<meta name=\"twitter:label1\" content=\"Escrito por\" \/>\n\t<meta name=\"twitter:data1\" content=\"Alejandra Moncisbays\" \/>\n\t<meta name=\"twitter:label2\" content=\"Tiempo de lectura\" \/>\n\t<meta name=\"twitter:data2\" content=\"2 minutos\" \/>\n<script type=\"application\/ld+json\" class=\"yoast-schema-graph\">{\"@context\":\"https:\/\/schema.org\",\"@graph\":[{\"@type\":\"Article\",\"@id\":\"https:\/\/nitu.mx\/index.php\/2019\/05\/08\/inicia-hoy-en-cancun-el-3er-latin-american-hotel-resorts-expansion-summit\/#article\",\"isPartOf\":{\"@id\":\"https:\/\/nitu.mx\/index.php\/2019\/05\/08\/inicia-hoy-en-cancun-el-3er-latin-american-hotel-resorts-expansion-summit\/\"},\"author\":{\"name\":\"Alejandra Moncisbays\",\"@id\":\"https:\/\/nitu.mx\/#\/schema\/person\/2ecd887b19dfd3382d1f14fc5acf24a8\"},\"headline\":\"Inicia hoy en Canc\u00fan el 3er Latin American Hotel &#038; Resorts Expansion Summit\",\"datePublished\":\"2019-05-08T05:12:02+00:00\",\"dateModified\":\"2019-05-08T05:38:24+00:00\",\"mainEntityOfPage\":{\"@id\":\"https:\/\/nitu.mx\/index.php\/2019\/05\/08\/inicia-hoy-en-cancun-el-3er-latin-american-hotel-resorts-expansion-summit\/\"},\"wordCount\":351,\"commentCount\":0,\"publisher\":{\"@id\":\"https:\/\/nitu.mx\/#\/schema\/person\/ae7a53426417292d3dd07b45a33e01bc\"},\"image\":{\"@id\":\"https:\/\/nitu.mx\/index.php\/2019\/05\/08\/inicia-hoy-en-cancun-el-3er-latin-american-hotel-resorts-expansion-summit\/#primaryimage\"},\"thumbnailUrl\":\"https:\/\/nitu.mx\/wp-content\/uploads\/2018\/11\/Acotur-Canc\u00fan.jpg\",\"keywords\":[\"3\u00aa Cumbre de Expansi\u00f3n de Hoteles y Resorts de Am\u00e9rica Latina\",\"cadenas hoteleras\",\"Canc\u00fan\",\"hoteles independientes\",\"inmobiliarias hosteler\u00eda\",\"inversores\",\"turismo\"],\"articleSection\":[\"Destinos\",\"M\u00e9xico\"],\"inLanguage\":\"es-MX\",\"potentialAction\":[{\"@type\":\"CommentAction\",\"name\":\"Comment\",\"target\":[\"https:\/\/nitu.mx\/index.php\/2019\/05\/08\/inicia-hoy-en-cancun-el-3er-latin-american-hotel-resorts-expansion-summit\/#respond\"]}]},{\"@type\":\"WebPage\",\"@id\":\"https:\/\/nitu.mx\/index.php\/2019\/05\/08\/inicia-hoy-en-cancun-el-3er-latin-american-hotel-resorts-expansion-summit\/\",\"url\":\"https:\/\/nitu.mx\/index.php\/2019\/05\/08\/inicia-hoy-en-cancun-el-3er-latin-american-hotel-resorts-expansion-summit\/\",\"name\":\"Inicia hoy en Canc\u00fan el 3er Latin American Hotel & Resorts Expansion Summit - Nitu - Noticias de la Industria Turistica\",\"isPartOf\":{\"@id\":\"https:\/\/nitu.mx\/#website\"},\"primaryImageOfPage\":{\"@id\":\"https:\/\/nitu.mx\/index.php\/2019\/05\/08\/inicia-hoy-en-cancun-el-3er-latin-american-hotel-resorts-expansion-summit\/#primaryimage\"},\"image\":{\"@id\":\"https:\/\/nitu.mx\/index.php\/2019\/05\/08\/inicia-hoy-en-cancun-el-3er-latin-american-hotel-resorts-expansion-summit\/#primaryimage\"},\"thumbnailUrl\":\"https:\/\/nitu.mx\/wp-content\/uploads\/2018\/11\/Acotur-Canc\u00fan.jpg\",\"datePublished\":\"2019-05-08T05:12:02+00:00\",\"dateModified\":\"2019-05-08T05:38:24+00:00\",\"description\":\"Canc\u00fan es sede a partir de hoy y ma\u00f1ana de un evento internacional en el que se re\u00fanen grandes profesionales del turismo CEO\u00b4s internacionales.\",\"breadcrumb\":{\"@id\":\"https:\/\/nitu.mx\/index.php\/2019\/05\/08\/inicia-hoy-en-cancun-el-3er-latin-american-hotel-resorts-expansion-summit\/#breadcrumb\"},\"inLanguage\":\"es-MX\",\"potentialAction\":[{\"@type\":\"ReadAction\",\"target\":[\"https:\/\/nitu.mx\/index.php\/2019\/05\/08\/inicia-hoy-en-cancun-el-3er-latin-american-hotel-resorts-expansion-summit\/\"]}]},{\"@type\":\"ImageObject\",\"inLanguage\":\"es-MX\",\"@id\":\"https:\/\/nitu.mx\/index.php\/2019\/05\/08\/inicia-hoy-en-cancun-el-3er-latin-american-hotel-resorts-expansion-summit\/#primaryimage\",\"url\":\"https:\/\/nitu.mx\/wp-content\/uploads\/2018\/11\/Acotur-Canc\u00fan.jpg\",\"contentUrl\":\"https:\/\/nitu.mx\/wp-content\/uploads\/2018\/11\/Acotur-Canc\u00fan.jpg\",\"width\":850,\"height\":480,\"caption\":\"Acotur Canc\u00fan CPTM CPTQ Quintana Roo Kayak Caribe Mexicano\"},{\"@type\":\"BreadcrumbList\",\"@id\":\"https:\/\/nitu.mx\/index.php\/2019\/05\/08\/inicia-hoy-en-cancun-el-3er-latin-american-hotel-resorts-expansion-summit\/#breadcrumb\",\"itemListElement\":[{\"@type\":\"ListItem\",\"position\":1,\"name\":\"Inicio\",\"item\":\"https:\/\/nitu.mx\/\"},{\"@type\":\"ListItem\",\"position\":2,\"name\":\"Inicia hoy en Canc\u00fan el 3er Latin American Hotel &#038; Resorts Expansion Summit\"}]},{\"@type\":\"WebSite\",\"@id\":\"https:\/\/nitu.mx\/#website\",\"url\":\"https:\/\/nitu.mx\/\",\"name\":\"Nitu - Noticias de la Industria Turistica\",\"description\":\"Noticias de la Industria Turistica\",\"publisher\":{\"@id\":\"https:\/\/nitu.mx\/#\/schema\/person\/ae7a53426417292d3dd07b45a33e01bc\"},\"alternateName\":\"Noticias de la Industria Turistica\",\"potentialAction\":[{\"@type\":\"SearchAction\",\"target\":{\"@type\":\"EntryPoint\",\"urlTemplate\":\"https:\/\/nitu.mx\/?s={search_term_string}\"},\"query-input\":\"required name=search_term_string\"}],\"inLanguage\":\"es-MX\"},{\"@type\":[\"Person\",\"Organization\"],\"@id\":\"https:\/\/nitu.mx\/#\/schema\/person\/ae7a53426417292d3dd07b45a33e01bc\",\"name\":\"Arturo Medina\",\"image\":{\"@type\":\"ImageObject\",\"inLanguage\":\"es-MX\",\"@id\":\"https:\/\/nitu.mx\/#\/schema\/person\/image\/\",\"url\":\"https:\/\/nitu.mx\/wp-content\/uploads\/2024\/04\/4A315622-1904-4D5C-B022-878CDC840E04-90x90-1.jpeg\",\"contentUrl\":\"https:\/\/nitu.mx\/wp-content\/uploads\/2024\/04\/4A315622-1904-4D5C-B022-878CDC840E04-90x90-1.jpeg\",\"width\":90,\"height\":90,\"caption\":\"Arturo Medina\"},\"logo\":{\"@id\":\"https:\/\/nitu.mx\/#\/schema\/person\/image\/\"},\"description\":\"Director NITU.mx, Egresado de la Escuela de Periodismo Carlos Septi\u00e9n Garc\u00eda. Periodista y analista especializado en turismo desde hace 35 a\u00f1os, radicado en Canc\u00fan Q.Roo. arturo@nitu.mx\",\"sameAs\":[\"https:\/\/nitu.mx\",\"https:\/\/www.facebook.com\/NITUmx\/\",\"medinacancun\",\"https:\/\/twitter.com\/@Arturo_Medina_G\"]},{\"@type\":\"Person\",\"@id\":\"https:\/\/nitu.mx\/#\/schema\/person\/2ecd887b19dfd3382d1f14fc5acf24a8\",\"name\":\"Alejandra Moncisbays\",\"image\":{\"@type\":\"ImageObject\",\"inLanguage\":\"es-MX\",\"@id\":\"https:\/\/nitu.mx\/#\/schema\/person\/image\/\",\"url\":\"https:\/\/secure.gravatar.com\/avatar\/e74f7af0be172b7804dacfd0bfbef787?s=96&d=mm&r=g\",\"contentUrl\":\"https:\/\/secure.gravatar.com\/avatar\/e74f7af0be172b7804dacfd0bfbef787?s=96&d=mm&r=g\",\"caption\":\"Alejandra Moncisbays\"},\"description\":\"Curs\u00e9 la carrera de Periodismo y Comunicaci\u00f3n en la Facultad de Estudios Profesionales Acatl\u00e1n. Vivo en Canc\u00fan desde hace 24 a\u00f1os. Fui reportera de La Tarde de Canc\u00fan, y Novedades de Quintana Roo, colabor\u00e9 en TVCUN, edit\u00e9 Cancun\u00edssimo y colabor\u00e9 en las revistas Latitud21, entre otras, con principal enfoque en los sectores empresarial y tur\u00edstico. Desde hace varios a\u00f1os soy Agente de Seguros con c\u00e9dula de la Comisi\u00f3n Nacional de Seguros y Fianzas. Actualmente, me desarrollo en los \u00e1mbitos del periodismo y el sector asegurador.\",\"sameAs\":[\"https:\/\/nitu.mx\"],\"url\":\"https:\/\/nitu.mx\/index.php\/author\/alejandra\/\"}]}<\/script>\n<!-- \/ Yoast SEO plugin. -->","yoast_head_json":{"title":"Inicia hoy en Canc\u00fan el 3er Latin American Hotel & Resorts Expansion Summit - Nitu - Noticias de la Industria Turistica","description":"Canc\u00fan es sede a partir de hoy y ma\u00f1ana de un evento internacional en el que se re\u00fanen grandes profesionales del turismo CEO\u00b4s internacionales.","robots":{"index":"index","follow":"follow","max-snippet":"max-snippet:-1","max-image-preview":"max-image-preview:large","max-video-preview":"max-video-preview:-1"},"canonical":"https:\/\/nitu.mx\/index.php\/2019\/05\/08\/inicia-hoy-en-cancun-el-3er-latin-american-hotel-resorts-expansion-summit\/","twitter_card":"summary_large_image","twitter_title":"Inicia hoy en Canc\u00fan el 3er Latin American Hotel & Resorts Expansion Summit - Nitu - Noticias de la Industria Turistica","twitter_description":"Canc\u00fan es sede a partir de hoy y ma\u00f1ana de un evento internacional en el que se re\u00fanen grandes profesionales del turismo CEO\u00b4s internacionales.","twitter_image":"https:\/\/nitu.mx\/wp-content\/uploads\/2018\/11\/Acotur-Canc\u00fan.jpg","twitter_creator":"@NITUmx","twitter_site":"@Arturo_Medina_G","twitter_misc":{"Escrito por":"Alejandra Moncisbays","Tiempo de lectura":"2 minutos"},"schema":{"@context":"https:\/\/schema.org","@graph":[{"@type":"Article","@id":"https:\/\/nitu.mx\/index.php\/2019\/05\/08\/inicia-hoy-en-cancun-el-3er-latin-american-hotel-resorts-expansion-summit\/#article","isPartOf":{"@id":"https:\/\/nitu.mx\/index.php\/2019\/05\/08\/inicia-hoy-en-cancun-el-3er-latin-american-hotel-resorts-expansion-summit\/"},"author":{"name":"Alejandra Moncisbays","@id":"https:\/\/nitu.mx\/#\/schema\/person\/2ecd887b19dfd3382d1f14fc5acf24a8"},"headline":"Inicia hoy en Canc\u00fan el 3er Latin American Hotel &#038; Resorts Expansion Summit","datePublished":"2019-05-08T05:12:02+00:00","dateModified":"2019-05-08T05:38:24+00:00","mainEntityOfPage":{"@id":"https:\/\/nitu.mx\/index.php\/2019\/05\/08\/inicia-hoy-en-cancun-el-3er-latin-american-hotel-resorts-expansion-summit\/"},"wordCount":351,"commentCount":0,"publisher":{"@id":"https:\/\/nitu.mx\/#\/schema\/person\/ae7a53426417292d3dd07b45a33e01bc"},"image":{"@id":"https:\/\/nitu.mx\/index.php\/2019\/05\/08\/inicia-hoy-en-cancun-el-3er-latin-american-hotel-resorts-expansion-summit\/#primaryimage"},"thumbnailUrl":"https:\/\/nitu.mx\/wp-content\/uploads\/2018\/11\/Acotur-Canc\u00fan.jpg","keywords":["3\u00aa Cumbre de Expansi\u00f3n de Hoteles y Resorts de Am\u00e9rica Latina","cadenas hoteleras","Canc\u00fan","hoteles independientes","inmobiliarias hosteler\u00eda","inversores","turismo"],"articleSection":["Destinos","M\u00e9xico"],"inLanguage":"es-MX","potentialAction":[{"@type":"CommentAction","name":"Comment","target":["https:\/\/nitu.mx\/index.php\/2019\/05\/08\/inicia-hoy-en-cancun-el-3er-latin-american-hotel-resorts-expansion-summit\/#respond"]}]},{"@type":"WebPage","@id":"https:\/\/nitu.mx\/index.php\/2019\/05\/08\/inicia-hoy-en-cancun-el-3er-latin-american-hotel-resorts-expansion-summit\/","url":"https:\/\/nitu.mx\/index.php\/2019\/05\/08\/inicia-hoy-en-cancun-el-3er-latin-american-hotel-resorts-expansion-summit\/","name":"Inicia hoy en Canc\u00fan el 3er Latin American Hotel & Resorts Expansion Summit - Nitu - Noticias de la Industria Turistica","isPartOf":{"@id":"https:\/\/nitu.mx\/#website"},"primaryImageOfPage":{"@id":"https:\/\/nitu.mx\/index.php\/2019\/05\/08\/inicia-hoy-en-cancun-el-3er-latin-american-hotel-resorts-expansion-summit\/#primaryimage"},"image":{"@id":"https:\/\/nitu.mx\/index.php\/2019\/05\/08\/inicia-hoy-en-cancun-el-3er-latin-american-hotel-resorts-expansion-summit\/#primaryimage"},"thumbnailUrl":"https:\/\/nitu.mx\/wp-content\/uploads\/2018\/11\/Acotur-Canc\u00fan.jpg","datePublished":"2019-05-08T05:12:02+00:00","dateModified":"2019-05-08T05:38:24+00:00","description":"Canc\u00fan es sede a partir de hoy y ma\u00f1ana de un evento internacional en el que se re\u00fanen grandes profesionales del turismo CEO\u00b4s internacionales.","breadcrumb":{"@id":"https:\/\/nitu.mx\/index.php\/2019\/05\/08\/inicia-hoy-en-cancun-el-3er-latin-american-hotel-resorts-expansion-summit\/#breadcrumb"},"inLanguage":"es-MX","potentialAction":[{"@type":"ReadAction","target":["https:\/\/nitu.mx\/index.php\/2019\/05\/08\/inicia-hoy-en-cancun-el-3er-latin-american-hotel-resorts-expansion-summit\/"]}]},{"@type":"ImageObject","inLanguage":"es-MX","@id":"https:\/\/nitu.mx\/index.php\/2019\/05\/08\/inicia-hoy-en-cancun-el-3er-latin-american-hotel-resorts-expansion-summit\/#primaryimage","url":"https:\/\/nitu.mx\/wp-content\/uploads\/2018\/11\/Acotur-Canc\u00fan.jpg","contentUrl":"https:\/\/nitu.mx\/wp-content\/uploads\/2018\/11\/Acotur-Canc\u00fan.jpg","width":850,"height":480,"caption":"Acotur Canc\u00fan CPTM CPTQ Quintana Roo Kayak Caribe Mexicano"},{"@type":"BreadcrumbList","@id":"https:\/\/nitu.mx\/index.php\/2019\/05\/08\/inicia-hoy-en-cancun-el-3er-latin-american-hotel-resorts-expansion-summit\/#breadcrumb","itemListElement":[{"@type":"ListItem","position":1,"name":"Inicio","item":"https:\/\/nitu.mx\/"},{"@type":"ListItem","position":2,"name":"Inicia hoy en Canc\u00fan el 3er Latin American Hotel &#038; Resorts Expansion Summit"}]},{"@type":"WebSite","@id":"https:\/\/nitu.mx\/#website","url":"https:\/\/nitu.mx\/","name":"Nitu - Noticias de la Industria Turistica","description":"Noticias de la Industria Turistica","publisher":{"@id":"https:\/\/nitu.mx\/#\/schema\/person\/ae7a53426417292d3dd07b45a33e01bc"},"alternateName":"Noticias de la Industria Turistica","potentialAction":[{"@type":"SearchAction","target":{"@type":"EntryPoint","urlTemplate":"https:\/\/nitu.mx\/?s={search_term_string}"},"query-input":"required name=search_term_string"}],"inLanguage":"es-MX"},{"@type":["Person","Organization"],"@id":"https:\/\/nitu.mx\/#\/schema\/person\/ae7a53426417292d3dd07b45a33e01bc","name":"Arturo Medina","image":{"@type":"ImageObject","inLanguage":"es-MX","@id":"https:\/\/nitu.mx\/#\/schema\/person\/image\/","url":"https:\/\/nitu.mx\/wp-content\/uploads\/2024\/04\/4A315622-1904-4D5C-B022-878CDC840E04-90x90-1.jpeg","contentUrl":"https:\/\/nitu.mx\/wp-content\/uploads\/2024\/04\/4A315622-1904-4D5C-B022-878CDC840E04-90x90-1.jpeg","width":90,"height":90,"caption":"Arturo Medina"},"logo":{"@id":"https:\/\/nitu.mx\/#\/schema\/person\/image\/"},"description":"Director NITU.mx, Egresado de la Escuela de Periodismo Carlos Septi\u00e9n Garc\u00eda. Periodista y analista especializado en turismo desde hace 35 a\u00f1os, radicado en Canc\u00fan Q.Roo. arturo@nitu.mx","sameAs":["https:\/\/nitu.mx","https:\/\/www.facebook.com\/NITUmx\/","medinacancun","https:\/\/twitter.com\/@Arturo_Medina_G"]},{"@type":"Person","@id":"https:\/\/nitu.mx\/#\/schema\/person\/2ecd887b19dfd3382d1f14fc5acf24a8","name":"Alejandra Moncisbays","image":{"@type":"ImageObject","inLanguage":"es-MX","@id":"https:\/\/nitu.mx\/#\/schema\/person\/image\/","url":"https:\/\/secure.gravatar.com\/avatar\/e74f7af0be172b7804dacfd0bfbef787?s=96&d=mm&r=g","contentUrl":"https:\/\/secure.gravatar.com\/avatar\/e74f7af0be172b7804dacfd0bfbef787?s=96&d=mm&r=g","caption":"Alejandra Moncisbays"},"description":"Curs\u00e9 la carrera de Periodismo y Comunicaci\u00f3n en la Facultad de Estudios Profesionales Acatl\u00e1n. Vivo en Canc\u00fan desde hace 24 a\u00f1os. Fui reportera de La Tarde de Canc\u00fan, y Novedades de Quintana Roo, colabor\u00e9 en TVCUN, edit\u00e9 Cancun\u00edssimo y colabor\u00e9 en las revistas Latitud21, entre otras, con principal enfoque en los sectores empresarial y tur\u00edstico. Desde hace varios a\u00f1os soy Agente de Seguros con c\u00e9dula de la Comisi\u00f3n Nacional de Seguros y Fianzas. Actualmente, me desarrollo en los \u00e1mbitos del periodismo y el sector asegurador.","sameAs":["https:\/\/nitu.mx"],"url":"https:\/\/nitu.mx\/index.php\/author\/alejandra\/"}]}},"views":313,"_links":{"self":[{"href":"https:\/\/nitu.mx\/index.php\/wp-json\/wp\/v2\/posts\/31769"}],"collection":[{"href":"https:\/\/nitu.mx\/index.php\/wp-json\/wp\/v2\/posts"}],"about":[{"href":"https:\/\/nitu.mx\/index.php\/wp-json\/wp\/v2\/types\/post"}],"author":[{"embeddable":true,"href":"https:\/\/nitu.mx\/index.php\/wp-json\/wp\/v2\/users\/3"}],"replies":[{"embeddable":true,"href":"https:\/\/nitu.mx\/index.php\/wp-json\/wp\/v2\/comments?post=31769"}],"version-history":[{"count":3,"href":"https:\/\/nitu.mx\/index.php\/wp-json\/wp\/v2\/posts\/31769\/revisions"}],"predecessor-version":[{"id":31788,"href":"https:\/\/nitu.mx\/index.php\/wp-json\/wp\/v2\/posts\/31769\/revisions\/31788"}],"wp:featuredmedia":[{"embeddable":true,"href":"https:\/\/nitu.mx\/index.php\/wp-json\/wp\/v2\/media\/27034"}],"wp:attachment":[{"href":"https:\/\/nitu.mx\/index.php\/wp-json\/wp\/v2\/media?parent=31769"}],"wp:term":[{"taxonomy":"category","embeddable":true,"href":"https:\/\/nitu.mx\/index.php\/wp-json\/wp\/v2\/categories?post=31769"},{"taxonomy":"post_tag","embeddable":true,"href":"https:\/\/nitu.mx\/index.php\/wp-json\/wp\/v2\/tags?post=31769"}],"curies":[{"name":"wp","href":"https:\/\/api.w.org\/{rel}","templated":true}]}}