{"id":31762,"date":"2019-05-08T00:22:09","date_gmt":"2019-05-08T05:22:09","guid":{"rendered":"https:\/\/www.dev.nitu.mx\/?p=31762"},"modified":"2019-05-08T00:38:15","modified_gmt":"2019-05-08T05:38:15","slug":"grupo-velas-resorts-apuesta-a-los-ninos-en-vacaciones-de-verano-con-actividades-y-promociones","status":"publish","type":"post","link":"https:\/\/nitu.mx\/index.php\/2019\/05\/08\/grupo-velas-resorts-apuesta-a-los-ninos-en-vacaciones-de-verano-con-actividades-y-promociones\/","title":{"rendered":"Grupo Velas Resorts apuesta a los ni\u00f1os en vacaciones de verano con actividades y promociones"},"content":{"rendered":"<p>Velas Resorts de M\u00e9xico est\u00e1 iniciando varias actividades y servicios nuevos para ni\u00f1os que se dirigen a las vacaciones de verano.<\/p>\n<p>Con propiedades para familias en Los Cabos, Riviera Maya, Riviera Nayarit y Puerto Vallarta, la colecci\u00f3n del resort ofrece estad\u00edas de cortes\u00eda para ni\u00f1os, tarifas reducidas para adolescentes, clubes dedicados para ni\u00f1os y adolescentes, conserje para beb\u00e9s y comida gourmet para beb\u00e9s, cr\u00e9ditos familiares para spa y M\u00e1s. Adem\u00e1s, desde el 12 de julio hasta el 11 de agosto en los resorts se realizar\u00e1 un campamento de verano dedicado con glamping, escalada en paredes, tirolesa, bungee, espect\u00e1culos nocturnos y pel\u00edculas drive-in.<\/p>\n<p>Nueva galer\u00eda de arte para ni\u00f1os, taller de juguetes mexicanos y men\u00fa de ba\u00f1os de burbujas con ingredientes mexicanos en Grand Velas Riviera Maya<\/p>\n<p>Grand Velas Riviera Maya ofrecer\u00e1 una nueva Galer\u00eda de Arte para Ni\u00f1os junto con el Taller de Juguetes Mexicanos.<\/p>\n<p>Kids Art Gallery: los ni\u00f1os pintar\u00e1n utilizando colores y formas en la naturaleza inspirados en las obras maestras de la famosa Frida Kahlo.<\/p>\n<p>Taller de juguetes mexicanos: los ni\u00f1os pasar\u00e1n el tiempo iluminando peque\u00f1os juguetes de madera, como camiones y aviones. Conocer\u00e1n los juguetes tradicionales de la cultura mexicana, como el balero (un juguete de madera con forma de barril en el que se intenta atrapar un palo adjunto) y el trompo (peonza).<\/p>\n<p>Men\u00fa de ba\u00f1o de burbujas: por un costo adicional, los ni\u00f1os pueden usar bombas de jab\u00f3n con helado llenas de sabores mexicanos favoritos, como mango, hibisco de fresa, fruta del drag\u00f3n, lim\u00f3n y uva. (TAC)<\/p>\n","protected":false},"excerpt":{"rendered":"<p>Velas Resorts de M\u00e9xico est\u00e1 iniciando varias actividades y servicios nuevos para ni\u00f1os que se dirigen a las vacaciones de verano. Con propiedades para familias en Los Cabos, Riviera Maya, Riviera Nayarit y Puerto Vallarta, la colecci\u00f3n del resort ofrece estad\u00edas de cortes\u00eda para ni\u00f1os, tarifas reducidas para adolescentes, clubes dedicados para ni\u00f1os y adolescentes, [&hellip;]<\/p>\n","protected":false},"author":17,"featured_media":31790,"comment_status":"open","ping_status":"open","sticky":false,"template":"","format":"standard","meta":{"footnotes":""},"categories":[5,6],"tags":[11518,130,80,15627,15626],"yoast_head":"<!-- This site is optimized with the Yoast SEO plugin v22.2 - https:\/\/yoast.com\/wordpress\/plugins\/seo\/ -->\n<title>Grupo Velas Resorts apuesta a los ni\u00f1os en vacaciones de verano con actividades y promociones - Nitu - Noticias de la Industria Turistica<\/title>\n<meta name=\"description\" content=\"Velas Resorts de M\u00e9xico est\u00e1 iniciando varias actividades y servicios nuevos para ni\u00f1os que se dirigen a las vacaciones de verano.\" \/>\n<meta name=\"robots\" content=\"index, follow, max-snippet:-1, max-image-preview:large, max-video-preview:-1\" \/>\n<link rel=\"canonical\" href=\"https:\/\/nitu.mx\/index.php\/2019\/05\/08\/grupo-velas-resorts-apuesta-a-los-ninos-en-vacaciones-de-verano-con-actividades-y-promociones\/\" \/>\n<meta name=\"twitter:card\" content=\"summary_large_image\" \/>\n<meta name=\"twitter:title\" content=\"Grupo Velas Resorts apuesta a los ni\u00f1os en vacaciones de verano con actividades y promociones - Nitu - Noticias de la Industria Turistica\" \/>\n<meta name=\"twitter:description\" content=\"Velas Resorts de M\u00e9xico est\u00e1 iniciando varias actividades y servicios nuevos para ni\u00f1os que se dirigen a las vacaciones de verano.\" \/>\n<meta name=\"twitter:image\" content=\"https:\/\/nitu.mx\/wp-content\/uploads\/2019\/05\/grand-velas.jpg\" \/>\n<meta name=\"twitter:creator\" content=\"@NITUmx\" \/>\n<meta name=\"twitter:site\" content=\"@Arturo_Medina_G\" \/>\n<meta name=\"twitter:label1\" content=\"Escrito por\" \/>\n\t<meta name=\"twitter:data1\" content=\"Redacci\u00f3n\" \/>\n\t<meta name=\"twitter:label2\" content=\"Tiempo de lectura\" \/>\n\t<meta name=\"twitter:data2\" content=\"1 minuto\" \/>\n<script type=\"application\/ld+json\" class=\"yoast-schema-graph\">{\"@context\":\"https:\/\/schema.org\",\"@graph\":[{\"@type\":\"Article\",\"@id\":\"https:\/\/nitu.mx\/index.php\/2019\/05\/08\/grupo-velas-resorts-apuesta-a-los-ninos-en-vacaciones-de-verano-con-actividades-y-promociones\/#article\",\"isPartOf\":{\"@id\":\"https:\/\/nitu.mx\/index.php\/2019\/05\/08\/grupo-velas-resorts-apuesta-a-los-ninos-en-vacaciones-de-verano-con-actividades-y-promociones\/\"},\"author\":{\"name\":\"Redacci\u00f3n\",\"@id\":\"https:\/\/nitu.mx\/#\/schema\/person\/4a28fe9bd65924f7c90623773daf1b0b\"},\"headline\":\"Grupo Velas Resorts apuesta a los ni\u00f1os en vacaciones de verano con actividades y promociones\",\"datePublished\":\"2019-05-08T05:22:09+00:00\",\"dateModified\":\"2019-05-08T05:38:15+00:00\",\"mainEntityOfPage\":{\"@id\":\"https:\/\/nitu.mx\/index.php\/2019\/05\/08\/grupo-velas-resorts-apuesta-a-los-ninos-en-vacaciones-de-verano-con-actividades-y-promociones\/\"},\"wordCount\":297,\"commentCount\":0,\"publisher\":{\"@id\":\"https:\/\/nitu.mx\/#\/schema\/person\/ae7a53426417292d3dd07b45a33e01bc\"},\"image\":{\"@id\":\"https:\/\/nitu.mx\/index.php\/2019\/05\/08\/grupo-velas-resorts-apuesta-a-los-ninos-en-vacaciones-de-verano-con-actividades-y-promociones\/#primaryimage\"},\"thumbnailUrl\":\"https:\/\/nitu.mx\/wp-content\/uploads\/2019\/05\/grand-velas.jpg\",\"keywords\":[\"Grand Velas Riviera Maya\",\"Los Cabos\",\"Riviera Maya\",\"Riviera Nayarit y Puerto Vallarta\",\"Velas Resorts de M\u00e9xico\"],\"articleSection\":[\"Destinos\",\"M\u00e9xico\"],\"inLanguage\":\"es-MX\",\"potentialAction\":[{\"@type\":\"CommentAction\",\"name\":\"Comment\",\"target\":[\"https:\/\/nitu.mx\/index.php\/2019\/05\/08\/grupo-velas-resorts-apuesta-a-los-ninos-en-vacaciones-de-verano-con-actividades-y-promociones\/#respond\"]}]},{\"@type\":\"WebPage\",\"@id\":\"https:\/\/nitu.mx\/index.php\/2019\/05\/08\/grupo-velas-resorts-apuesta-a-los-ninos-en-vacaciones-de-verano-con-actividades-y-promociones\/\",\"url\":\"https:\/\/nitu.mx\/index.php\/2019\/05\/08\/grupo-velas-resorts-apuesta-a-los-ninos-en-vacaciones-de-verano-con-actividades-y-promociones\/\",\"name\":\"Grupo Velas Resorts apuesta a los ni\u00f1os en vacaciones de verano con actividades y promociones - Nitu - Noticias de la Industria Turistica\",\"isPartOf\":{\"@id\":\"https:\/\/nitu.mx\/#website\"},\"primaryImageOfPage\":{\"@id\":\"https:\/\/nitu.mx\/index.php\/2019\/05\/08\/grupo-velas-resorts-apuesta-a-los-ninos-en-vacaciones-de-verano-con-actividades-y-promociones\/#primaryimage\"},\"image\":{\"@id\":\"https:\/\/nitu.mx\/index.php\/2019\/05\/08\/grupo-velas-resorts-apuesta-a-los-ninos-en-vacaciones-de-verano-con-actividades-y-promociones\/#primaryimage\"},\"thumbnailUrl\":\"https:\/\/nitu.mx\/wp-content\/uploads\/2019\/05\/grand-velas.jpg\",\"datePublished\":\"2019-05-08T05:22:09+00:00\",\"dateModified\":\"2019-05-08T05:38:15+00:00\",\"description\":\"Velas Resorts de M\u00e9xico est\u00e1 iniciando varias actividades y servicios nuevos para ni\u00f1os que se dirigen a las vacaciones de verano.\",\"breadcrumb\":{\"@id\":\"https:\/\/nitu.mx\/index.php\/2019\/05\/08\/grupo-velas-resorts-apuesta-a-los-ninos-en-vacaciones-de-verano-con-actividades-y-promociones\/#breadcrumb\"},\"inLanguage\":\"es-MX\",\"potentialAction\":[{\"@type\":\"ReadAction\",\"target\":[\"https:\/\/nitu.mx\/index.php\/2019\/05\/08\/grupo-velas-resorts-apuesta-a-los-ninos-en-vacaciones-de-verano-con-actividades-y-promociones\/\"]}]},{\"@type\":\"ImageObject\",\"inLanguage\":\"es-MX\",\"@id\":\"https:\/\/nitu.mx\/index.php\/2019\/05\/08\/grupo-velas-resorts-apuesta-a-los-ninos-en-vacaciones-de-verano-con-actividades-y-promociones\/#primaryimage\",\"url\":\"https:\/\/nitu.mx\/wp-content\/uploads\/2019\/05\/grand-velas.jpg\",\"contentUrl\":\"https:\/\/nitu.mx\/wp-content\/uploads\/2019\/05\/grand-velas.jpg\",\"width\":850,\"height\":480,\"caption\":\"grand velas\"},{\"@type\":\"BreadcrumbList\",\"@id\":\"https:\/\/nitu.mx\/index.php\/2019\/05\/08\/grupo-velas-resorts-apuesta-a-los-ninos-en-vacaciones-de-verano-con-actividades-y-promociones\/#breadcrumb\",\"itemListElement\":[{\"@type\":\"ListItem\",\"position\":1,\"name\":\"Inicio\",\"item\":\"https:\/\/nitu.mx\/\"},{\"@type\":\"ListItem\",\"position\":2,\"name\":\"Grupo Velas Resorts apuesta a los ni\u00f1os en vacaciones de verano con actividades y promociones\"}]},{\"@type\":\"WebSite\",\"@id\":\"https:\/\/nitu.mx\/#website\",\"url\":\"https:\/\/nitu.mx\/\",\"name\":\"Nitu - Noticias de la Industria Turistica\",\"description\":\"Noticias de la Industria Turistica\",\"publisher\":{\"@id\":\"https:\/\/nitu.mx\/#\/schema\/person\/ae7a53426417292d3dd07b45a33e01bc\"},\"alternateName\":\"Noticias de la Industria Turistica\",\"potentialAction\":[{\"@type\":\"SearchAction\",\"target\":{\"@type\":\"EntryPoint\",\"urlTemplate\":\"https:\/\/nitu.mx\/?s={search_term_string}\"},\"query-input\":\"required name=search_term_string\"}],\"inLanguage\":\"es-MX\"},{\"@type\":[\"Person\",\"Organization\"],\"@id\":\"https:\/\/nitu.mx\/#\/schema\/person\/ae7a53426417292d3dd07b45a33e01bc\",\"name\":\"Arturo Medina\",\"image\":{\"@type\":\"ImageObject\",\"inLanguage\":\"es-MX\",\"@id\":\"https:\/\/nitu.mx\/#\/schema\/person\/image\/\",\"url\":\"https:\/\/nitu.mx\/wp-content\/uploads\/2024\/04\/4A315622-1904-4D5C-B022-878CDC840E04-90x90-1.jpeg\",\"contentUrl\":\"https:\/\/nitu.mx\/wp-content\/uploads\/2024\/04\/4A315622-1904-4D5C-B022-878CDC840E04-90x90-1.jpeg\",\"width\":90,\"height\":90,\"caption\":\"Arturo Medina\"},\"logo\":{\"@id\":\"https:\/\/nitu.mx\/#\/schema\/person\/image\/\"},\"description\":\"Director NITU.mx, Egresado de la Escuela de Periodismo Carlos Septi\u00e9n Garc\u00eda. Periodista y analista especializado en turismo desde hace 35 a\u00f1os, radicado en Canc\u00fan Q.Roo. arturo@nitu.mx\",\"sameAs\":[\"https:\/\/nitu.mx\",\"https:\/\/www.facebook.com\/NITUmx\/\",\"medinacancun\",\"https:\/\/twitter.com\/@Arturo_Medina_G\"]},{\"@type\":\"Person\",\"@id\":\"https:\/\/nitu.mx\/#\/schema\/person\/4a28fe9bd65924f7c90623773daf1b0b\",\"name\":\"Redacci\u00f3n\",\"image\":{\"@type\":\"ImageObject\",\"inLanguage\":\"es-MX\",\"@id\":\"https:\/\/nitu.mx\/#\/schema\/person\/image\/\",\"url\":\"https:\/\/secure.gravatar.com\/avatar\/5dd011c8ccfc5cd7e4c81e42252aab38?s=96&d=mm&r=g\",\"contentUrl\":\"https:\/\/secure.gravatar.com\/avatar\/5dd011c8ccfc5cd7e4c81e42252aab38?s=96&d=mm&r=g\",\"caption\":\"Redacci\u00f3n\"},\"url\":\"https:\/\/nitu.mx\/index.php\/author\/redaccion\/\"}]}<\/script>\n<!-- \/ Yoast SEO plugin. -->","yoast_head_json":{"title":"Grupo Velas Resorts apuesta a los ni\u00f1os en vacaciones de verano con actividades y promociones - Nitu - Noticias de la Industria Turistica","description":"Velas Resorts de M\u00e9xico est\u00e1 iniciando varias actividades y servicios nuevos para ni\u00f1os que se dirigen a las vacaciones de verano.","robots":{"index":"index","follow":"follow","max-snippet":"max-snippet:-1","max-image-preview":"max-image-preview:large","max-video-preview":"max-video-preview:-1"},"canonical":"https:\/\/nitu.mx\/index.php\/2019\/05\/08\/grupo-velas-resorts-apuesta-a-los-ninos-en-vacaciones-de-verano-con-actividades-y-promociones\/","twitter_card":"summary_large_image","twitter_title":"Grupo Velas Resorts apuesta a los ni\u00f1os en vacaciones de verano con actividades y promociones - Nitu - Noticias de la Industria Turistica","twitter_description":"Velas Resorts de M\u00e9xico est\u00e1 iniciando varias actividades y servicios nuevos para ni\u00f1os que se dirigen a las vacaciones de verano.","twitter_image":"https:\/\/nitu.mx\/wp-content\/uploads\/2019\/05\/grand-velas.jpg","twitter_creator":"@NITUmx","twitter_site":"@Arturo_Medina_G","twitter_misc":{"Escrito por":"Redacci\u00f3n","Tiempo de lectura":"1 minuto"},"schema":{"@context":"https:\/\/schema.org","@graph":[{"@type":"Article","@id":"https:\/\/nitu.mx\/index.php\/2019\/05\/08\/grupo-velas-resorts-apuesta-a-los-ninos-en-vacaciones-de-verano-con-actividades-y-promociones\/#article","isPartOf":{"@id":"https:\/\/nitu.mx\/index.php\/2019\/05\/08\/grupo-velas-resorts-apuesta-a-los-ninos-en-vacaciones-de-verano-con-actividades-y-promociones\/"},"author":{"name":"Redacci\u00f3n","@id":"https:\/\/nitu.mx\/#\/schema\/person\/4a28fe9bd65924f7c90623773daf1b0b"},"headline":"Grupo Velas Resorts apuesta a los ni\u00f1os en vacaciones de verano con actividades y promociones","datePublished":"2019-05-08T05:22:09+00:00","dateModified":"2019-05-08T05:38:15+00:00","mainEntityOfPage":{"@id":"https:\/\/nitu.mx\/index.php\/2019\/05\/08\/grupo-velas-resorts-apuesta-a-los-ninos-en-vacaciones-de-verano-con-actividades-y-promociones\/"},"wordCount":297,"commentCount":0,"publisher":{"@id":"https:\/\/nitu.mx\/#\/schema\/person\/ae7a53426417292d3dd07b45a33e01bc"},"image":{"@id":"https:\/\/nitu.mx\/index.php\/2019\/05\/08\/grupo-velas-resorts-apuesta-a-los-ninos-en-vacaciones-de-verano-con-actividades-y-promociones\/#primaryimage"},"thumbnailUrl":"https:\/\/nitu.mx\/wp-content\/uploads\/2019\/05\/grand-velas.jpg","keywords":["Grand Velas Riviera Maya","Los Cabos","Riviera Maya","Riviera Nayarit y Puerto Vallarta","Velas Resorts de M\u00e9xico"],"articleSection":["Destinos","M\u00e9xico"],"inLanguage":"es-MX","potentialAction":[{"@type":"CommentAction","name":"Comment","target":["https:\/\/nitu.mx\/index.php\/2019\/05\/08\/grupo-velas-resorts-apuesta-a-los-ninos-en-vacaciones-de-verano-con-actividades-y-promociones\/#respond"]}]},{"@type":"WebPage","@id":"https:\/\/nitu.mx\/index.php\/2019\/05\/08\/grupo-velas-resorts-apuesta-a-los-ninos-en-vacaciones-de-verano-con-actividades-y-promociones\/","url":"https:\/\/nitu.mx\/index.php\/2019\/05\/08\/grupo-velas-resorts-apuesta-a-los-ninos-en-vacaciones-de-verano-con-actividades-y-promociones\/","name":"Grupo Velas Resorts apuesta a los ni\u00f1os en vacaciones de verano con actividades y promociones - Nitu - Noticias de la Industria Turistica","isPartOf":{"@id":"https:\/\/nitu.mx\/#website"},"primaryImageOfPage":{"@id":"https:\/\/nitu.mx\/index.php\/2019\/05\/08\/grupo-velas-resorts-apuesta-a-los-ninos-en-vacaciones-de-verano-con-actividades-y-promociones\/#primaryimage"},"image":{"@id":"https:\/\/nitu.mx\/index.php\/2019\/05\/08\/grupo-velas-resorts-apuesta-a-los-ninos-en-vacaciones-de-verano-con-actividades-y-promociones\/#primaryimage"},"thumbnailUrl":"https:\/\/nitu.mx\/wp-content\/uploads\/2019\/05\/grand-velas.jpg","datePublished":"2019-05-08T05:22:09+00:00","dateModified":"2019-05-08T05:38:15+00:00","description":"Velas Resorts de M\u00e9xico est\u00e1 iniciando varias actividades y servicios nuevos para ni\u00f1os que se dirigen a las vacaciones de verano.","breadcrumb":{"@id":"https:\/\/nitu.mx\/index.php\/2019\/05\/08\/grupo-velas-resorts-apuesta-a-los-ninos-en-vacaciones-de-verano-con-actividades-y-promociones\/#breadcrumb"},"inLanguage":"es-MX","potentialAction":[{"@type":"ReadAction","target":["https:\/\/nitu.mx\/index.php\/2019\/05\/08\/grupo-velas-resorts-apuesta-a-los-ninos-en-vacaciones-de-verano-con-actividades-y-promociones\/"]}]},{"@type":"ImageObject","inLanguage":"es-MX","@id":"https:\/\/nitu.mx\/index.php\/2019\/05\/08\/grupo-velas-resorts-apuesta-a-los-ninos-en-vacaciones-de-verano-con-actividades-y-promociones\/#primaryimage","url":"https:\/\/nitu.mx\/wp-content\/uploads\/2019\/05\/grand-velas.jpg","contentUrl":"https:\/\/nitu.mx\/wp-content\/uploads\/2019\/05\/grand-velas.jpg","width":850,"height":480,"caption":"grand velas"},{"@type":"BreadcrumbList","@id":"https:\/\/nitu.mx\/index.php\/2019\/05\/08\/grupo-velas-resorts-apuesta-a-los-ninos-en-vacaciones-de-verano-con-actividades-y-promociones\/#breadcrumb","itemListElement":[{"@type":"ListItem","position":1,"name":"Inicio","item":"https:\/\/nitu.mx\/"},{"@type":"ListItem","position":2,"name":"Grupo Velas Resorts apuesta a los ni\u00f1os en vacaciones de verano con actividades y promociones"}]},{"@type":"WebSite","@id":"https:\/\/nitu.mx\/#website","url":"https:\/\/nitu.mx\/","name":"Nitu - Noticias de la Industria Turistica","description":"Noticias de la Industria Turistica","publisher":{"@id":"https:\/\/nitu.mx\/#\/schema\/person\/ae7a53426417292d3dd07b45a33e01bc"},"alternateName":"Noticias de la Industria Turistica","potentialAction":[{"@type":"SearchAction","target":{"@type":"EntryPoint","urlTemplate":"https:\/\/nitu.mx\/?s={search_term_string}"},"query-input":"required name=search_term_string"}],"inLanguage":"es-MX"},{"@type":["Person","Organization"],"@id":"https:\/\/nitu.mx\/#\/schema\/person\/ae7a53426417292d3dd07b45a33e01bc","name":"Arturo Medina","image":{"@type":"ImageObject","inLanguage":"es-MX","@id":"https:\/\/nitu.mx\/#\/schema\/person\/image\/","url":"https:\/\/nitu.mx\/wp-content\/uploads\/2024\/04\/4A315622-1904-4D5C-B022-878CDC840E04-90x90-1.jpeg","contentUrl":"https:\/\/nitu.mx\/wp-content\/uploads\/2024\/04\/4A315622-1904-4D5C-B022-878CDC840E04-90x90-1.jpeg","width":90,"height":90,"caption":"Arturo Medina"},"logo":{"@id":"https:\/\/nitu.mx\/#\/schema\/person\/image\/"},"description":"Director NITU.mx, Egresado de la Escuela de Periodismo Carlos Septi\u00e9n Garc\u00eda. Periodista y analista especializado en turismo desde hace 35 a\u00f1os, radicado en Canc\u00fan Q.Roo. arturo@nitu.mx","sameAs":["https:\/\/nitu.mx","https:\/\/www.facebook.com\/NITUmx\/","medinacancun","https:\/\/twitter.com\/@Arturo_Medina_G"]},{"@type":"Person","@id":"https:\/\/nitu.mx\/#\/schema\/person\/4a28fe9bd65924f7c90623773daf1b0b","name":"Redacci\u00f3n","image":{"@type":"ImageObject","inLanguage":"es-MX","@id":"https:\/\/nitu.mx\/#\/schema\/person\/image\/","url":"https:\/\/secure.gravatar.com\/avatar\/5dd011c8ccfc5cd7e4c81e42252aab38?s=96&d=mm&r=g","contentUrl":"https:\/\/secure.gravatar.com\/avatar\/5dd011c8ccfc5cd7e4c81e42252aab38?s=96&d=mm&r=g","caption":"Redacci\u00f3n"},"url":"https:\/\/nitu.mx\/index.php\/author\/redaccion\/"}]}},"views":397,"_links":{"self":[{"href":"https:\/\/nitu.mx\/index.php\/wp-json\/wp\/v2\/posts\/31762"}],"collection":[{"href":"https:\/\/nitu.mx\/index.php\/wp-json\/wp\/v2\/posts"}],"about":[{"href":"https:\/\/nitu.mx\/index.php\/wp-json\/wp\/v2\/types\/post"}],"author":[{"embeddable":true,"href":"https:\/\/nitu.mx\/index.php\/wp-json\/wp\/v2\/users\/17"}],"replies":[{"embeddable":true,"href":"https:\/\/nitu.mx\/index.php\/wp-json\/wp\/v2\/comments?post=31762"}],"version-history":[{"count":3,"href":"https:\/\/nitu.mx\/index.php\/wp-json\/wp\/v2\/posts\/31762\/revisions"}],"predecessor-version":[{"id":31791,"href":"https:\/\/nitu.mx\/index.php\/wp-json\/wp\/v2\/posts\/31762\/revisions\/31791"}],"wp:featuredmedia":[{"embeddable":true,"href":"https:\/\/nitu.mx\/index.php\/wp-json\/wp\/v2\/media\/31790"}],"wp:attachment":[{"href":"https:\/\/nitu.mx\/index.php\/wp-json\/wp\/v2\/media?parent=31762"}],"wp:term":[{"taxonomy":"category","embeddable":true,"href":"https:\/\/nitu.mx\/index.php\/wp-json\/wp\/v2\/categories?post=31762"},{"taxonomy":"post_tag","embeddable":true,"href":"https:\/\/nitu.mx\/index.php\/wp-json\/wp\/v2\/tags?post=31762"}],"curies":[{"name":"wp","href":"https:\/\/api.w.org\/{rel}","templated":true}]}}