{"id":31753,"date":"2019-05-08T00:32:38","date_gmt":"2019-05-08T05:32:38","guid":{"rendered":"https:\/\/www.dev.nitu.mx\/?p=31753"},"modified":"2019-05-08T00:40:28","modified_gmt":"2019-05-08T05:40:28","slug":"viva-aerobus-integra-tres-aerolineas-a-su-flota-en-este-mes-de-mayo","status":"publish","type":"post","link":"https:\/\/nitu.mx\/index.php\/2019\/05\/08\/viva-aerobus-integra-tres-aerolineas-a-su-flota-en-este-mes-de-mayo\/","title":{"rendered":"Viva Aerobus integra tres aeronaves a su flota en este mes de mayo"},"content":{"rendered":"<p>Luego de obtener un incremento del 21% en pasajeros durante el mes de abril comparado con el mismo mes del a\u00f1o pasado, Juan Carlos Zuazua, director de la aerol\u00ednea en M\u00e9xico anunci\u00f3 que durante este mes de mayo estar\u00e1n integrando tres aeronaves\u00a0 A320neo m\u00e1s a su flota.<\/p>\n<p>El directivo se\u00f1al\u00f3 que la primera se recibi\u00f3 el 3 de mayo, y a lo largo del mes se estar\u00e1n recibiendo dos m\u00e1s, con las cuales la aerol\u00ednea llegar\u00e1 a 33 aviones a su flota, la cual presume cuenta con una edad promedio de 3.8 a\u00f1os.<\/p>\n<p>Por otro lado, el directivo destac\u00f3 que durante el mes de abril 2019, el tr\u00e1fico de pasajeros creci\u00f3 en un 21% en comparaci\u00f3n con abril del 2018, sumando m\u00e1s de 952 mil pasajeros y con un factor de ocupaci\u00f3n del 88.5%, uno de los m\u00e1s elevados en la industria.<\/p>\n<p>Durante abril Viva Aerobus tambi\u00e9n increment\u00f3 su capacidad total, medida en asientos disponibles, un 24% en comparaci\u00f3n con abril 2018, habiendo puesto a disposici\u00f3n de los pasajeros m\u00e1s de 1 mill\u00f3n 75 mil asientos.<\/p>\n<p>El directivo se\u00f1al\u00f3 que, en\u00a0lo que va del 2019 (enero &#8211; abril), se ha logrado un aumento del 16% en el tr\u00e1fico de pasajeros respecto al mismo periodo de 2018, sumando m\u00e1s de 3.3 millones de pasajeros, y el\u00a0\u00a0factor de ocupaci\u00f3n acumulado entre enero y abril de 2019 alcanz\u00f3 un 88.4%,\u00a0 lo que implica un crecimiento de 0.4 puntos porcentuales en comparaci\u00f3n con el mismo periodo del a\u00f1o anterior. (<a title=\"Viva Aerobus se apoya en dos elementos para el incremento de sus ingresos\" href=\"https:\/\/www.dev.nitu.mx\/index.php\/2019\/04\/29\/viva-aerobus-se-apoya-en-dos-elementos-para-el-incremento-de-sus-ingresos\/\" rel=\"bookmark\">Viva Aerobus se apoya en dos elementos para el incremento de sus ingresos<\/a>).<\/p>\n<p>La capacidad total de Viva Aerobus, medida en asientos disponibles, entre enero y abril de 2019, increment\u00f3 en un 15% respecto al mismo periodo del 2018, habiendo ofertado m\u00e1s de 3.7 millones de asientos.<\/p>\n","protected":false},"excerpt":{"rendered":"<p>Luego de obtener un incremento del 21% en pasajeros durante el mes de abril comparado con el mismo mes del a\u00f1o pasado, Juan Carlos Zuazua, director de la aerol\u00ednea en M\u00e9xico anunci\u00f3 que durante este mes de mayo estar\u00e1n integrando tres aeronaves\u00a0 A320neo m\u00e1s a su flota. El directivo se\u00f1al\u00f3 que la primera se recibi\u00f3 [&hellip;]<\/p>\n","protected":false},"author":17,"featured_media":14673,"comment_status":"open","ping_status":"open","sticky":false,"template":"","format":"standard","meta":{"footnotes":""},"categories":[29],"tags":[445,295,293],"yoast_head":"<!-- This site is optimized with the Yoast SEO plugin v22.2 - https:\/\/yoast.com\/wordpress\/plugins\/seo\/ -->\n<title>Viva Aerobus integra tres aeronaves a su flota en este mes de mayo - Nitu - Noticias de la Industria Turistica<\/title>\n<meta name=\"description\" content=\"Juan Carlos Zuazua, director de Viva Aerobus en M\u00e9xico anunci\u00f3 que durante este mes de mayo estar\u00e1n integrando tres aeronaves\u00a0 A320neo m\u00e1s a su flota.\" \/>\n<meta name=\"robots\" content=\"index, follow, max-snippet:-1, max-image-preview:large, max-video-preview:-1\" \/>\n<link rel=\"canonical\" href=\"https:\/\/nitu.mx\/index.php\/2019\/05\/08\/viva-aerobus-integra-tres-aerolineas-a-su-flota-en-este-mes-de-mayo\/\" \/>\n<meta name=\"twitter:card\" content=\"summary_large_image\" \/>\n<meta name=\"twitter:title\" content=\"Viva Aerobus integra tres aeronaves a su flota en este mes de mayo - Nitu - Noticias de la Industria Turistica\" \/>\n<meta name=\"twitter:description\" content=\"Juan Carlos Zuazua, director de Viva Aerobus en M\u00e9xico anunci\u00f3 que durante este mes de mayo estar\u00e1n integrando tres aeronaves\u00a0 A320neo m\u00e1s a su flota.\" \/>\n<meta name=\"twitter:image\" content=\"https:\/\/nitu.mx\/wp-content\/uploads\/2017\/11\/Viva-Aerobus-AICM.jpg\" \/>\n<meta name=\"twitter:creator\" content=\"@NITUmx\" \/>\n<meta name=\"twitter:site\" content=\"@Arturo_Medina_G\" \/>\n<meta name=\"twitter:label1\" content=\"Escrito por\" \/>\n\t<meta name=\"twitter:data1\" content=\"Redacci\u00f3n\" \/>\n\t<meta name=\"twitter:label2\" content=\"Tiempo de lectura\" \/>\n\t<meta name=\"twitter:data2\" content=\"1 minuto\" \/>\n<script type=\"application\/ld+json\" class=\"yoast-schema-graph\">{\"@context\":\"https:\/\/schema.org\",\"@graph\":[{\"@type\":\"Article\",\"@id\":\"https:\/\/nitu.mx\/index.php\/2019\/05\/08\/viva-aerobus-integra-tres-aerolineas-a-su-flota-en-este-mes-de-mayo\/#article\",\"isPartOf\":{\"@id\":\"https:\/\/nitu.mx\/index.php\/2019\/05\/08\/viva-aerobus-integra-tres-aerolineas-a-su-flota-en-este-mes-de-mayo\/\"},\"author\":{\"name\":\"Redacci\u00f3n\",\"@id\":\"https:\/\/nitu.mx\/#\/schema\/person\/4a28fe9bd65924f7c90623773daf1b0b\"},\"headline\":\"Viva Aerobus integra tres aeronaves a su flota en este mes de mayo\",\"datePublished\":\"2019-05-08T05:32:38+00:00\",\"dateModified\":\"2019-05-08T05:40:28+00:00\",\"mainEntityOfPage\":{\"@id\":\"https:\/\/nitu.mx\/index.php\/2019\/05\/08\/viva-aerobus-integra-tres-aerolineas-a-su-flota-en-este-mes-de-mayo\/\"},\"wordCount\":311,\"commentCount\":0,\"publisher\":{\"@id\":\"https:\/\/nitu.mx\/#\/schema\/person\/ae7a53426417292d3dd07b45a33e01bc\"},\"image\":{\"@id\":\"https:\/\/nitu.mx\/index.php\/2019\/05\/08\/viva-aerobus-integra-tres-aerolineas-a-su-flota-en-este-mes-de-mayo\/#primaryimage\"},\"thumbnailUrl\":\"https:\/\/nitu.mx\/wp-content\/uploads\/2017\/11\/Viva-Aerobus-AICM.jpg\",\"keywords\":[\"A320neo\",\"Juan Carlos Zuazua\",\"VivaAerobus\"],\"articleSection\":[\"Aerol\u00edneas\"],\"inLanguage\":\"es-MX\",\"potentialAction\":[{\"@type\":\"CommentAction\",\"name\":\"Comment\",\"target\":[\"https:\/\/nitu.mx\/index.php\/2019\/05\/08\/viva-aerobus-integra-tres-aerolineas-a-su-flota-en-este-mes-de-mayo\/#respond\"]}]},{\"@type\":\"WebPage\",\"@id\":\"https:\/\/nitu.mx\/index.php\/2019\/05\/08\/viva-aerobus-integra-tres-aerolineas-a-su-flota-en-este-mes-de-mayo\/\",\"url\":\"https:\/\/nitu.mx\/index.php\/2019\/05\/08\/viva-aerobus-integra-tres-aerolineas-a-su-flota-en-este-mes-de-mayo\/\",\"name\":\"Viva Aerobus integra tres aeronaves a su flota en este mes de mayo - Nitu - Noticias de la Industria Turistica\",\"isPartOf\":{\"@id\":\"https:\/\/nitu.mx\/#website\"},\"primaryImageOfPage\":{\"@id\":\"https:\/\/nitu.mx\/index.php\/2019\/05\/08\/viva-aerobus-integra-tres-aerolineas-a-su-flota-en-este-mes-de-mayo\/#primaryimage\"},\"image\":{\"@id\":\"https:\/\/nitu.mx\/index.php\/2019\/05\/08\/viva-aerobus-integra-tres-aerolineas-a-su-flota-en-este-mes-de-mayo\/#primaryimage\"},\"thumbnailUrl\":\"https:\/\/nitu.mx\/wp-content\/uploads\/2017\/11\/Viva-Aerobus-AICM.jpg\",\"datePublished\":\"2019-05-08T05:32:38+00:00\",\"dateModified\":\"2019-05-08T05:40:28+00:00\",\"description\":\"Juan Carlos Zuazua, director de Viva Aerobus en M\u00e9xico anunci\u00f3 que durante este mes de mayo estar\u00e1n integrando tres aeronaves\u00a0 A320neo m\u00e1s a su flota.\",\"breadcrumb\":{\"@id\":\"https:\/\/nitu.mx\/index.php\/2019\/05\/08\/viva-aerobus-integra-tres-aerolineas-a-su-flota-en-este-mes-de-mayo\/#breadcrumb\"},\"inLanguage\":\"es-MX\",\"potentialAction\":[{\"@type\":\"ReadAction\",\"target\":[\"https:\/\/nitu.mx\/index.php\/2019\/05\/08\/viva-aerobus-integra-tres-aerolineas-a-su-flota-en-este-mes-de-mayo\/\"]}]},{\"@type\":\"ImageObject\",\"inLanguage\":\"es-MX\",\"@id\":\"https:\/\/nitu.mx\/index.php\/2019\/05\/08\/viva-aerobus-integra-tres-aerolineas-a-su-flota-en-este-mes-de-mayo\/#primaryimage\",\"url\":\"https:\/\/nitu.mx\/wp-content\/uploads\/2017\/11\/Viva-Aerobus-AICM.jpg\",\"contentUrl\":\"https:\/\/nitu.mx\/wp-content\/uploads\/2017\/11\/Viva-Aerobus-AICM.jpg\",\"width\":850,\"height\":480,\"caption\":\"Viva Aerobus\"},{\"@type\":\"BreadcrumbList\",\"@id\":\"https:\/\/nitu.mx\/index.php\/2019\/05\/08\/viva-aerobus-integra-tres-aerolineas-a-su-flota-en-este-mes-de-mayo\/#breadcrumb\",\"itemListElement\":[{\"@type\":\"ListItem\",\"position\":1,\"name\":\"Inicio\",\"item\":\"https:\/\/nitu.mx\/\"},{\"@type\":\"ListItem\",\"position\":2,\"name\":\"Viva Aerobus integra tres aeronaves a su flota en este mes de mayo\"}]},{\"@type\":\"WebSite\",\"@id\":\"https:\/\/nitu.mx\/#website\",\"url\":\"https:\/\/nitu.mx\/\",\"name\":\"Nitu - Noticias de la Industria Turistica\",\"description\":\"Noticias de la Industria Turistica\",\"publisher\":{\"@id\":\"https:\/\/nitu.mx\/#\/schema\/person\/ae7a53426417292d3dd07b45a33e01bc\"},\"alternateName\":\"Noticias de la Industria Turistica\",\"potentialAction\":[{\"@type\":\"SearchAction\",\"target\":{\"@type\":\"EntryPoint\",\"urlTemplate\":\"https:\/\/nitu.mx\/?s={search_term_string}\"},\"query-input\":\"required name=search_term_string\"}],\"inLanguage\":\"es-MX\"},{\"@type\":[\"Person\",\"Organization\"],\"@id\":\"https:\/\/nitu.mx\/#\/schema\/person\/ae7a53426417292d3dd07b45a33e01bc\",\"name\":\"Arturo Medina\",\"image\":{\"@type\":\"ImageObject\",\"inLanguage\":\"es-MX\",\"@id\":\"https:\/\/nitu.mx\/#\/schema\/person\/image\/\",\"url\":\"https:\/\/nitu.mx\/wp-content\/uploads\/2024\/04\/4A315622-1904-4D5C-B022-878CDC840E04-90x90-1.jpeg\",\"contentUrl\":\"https:\/\/nitu.mx\/wp-content\/uploads\/2024\/04\/4A315622-1904-4D5C-B022-878CDC840E04-90x90-1.jpeg\",\"width\":90,\"height\":90,\"caption\":\"Arturo Medina\"},\"logo\":{\"@id\":\"https:\/\/nitu.mx\/#\/schema\/person\/image\/\"},\"description\":\"Director NITU.mx, Egresado de la Escuela de Periodismo Carlos Septi\u00e9n Garc\u00eda. Periodista y analista especializado en turismo desde hace 35 a\u00f1os, radicado en Canc\u00fan Q.Roo. arturo@nitu.mx\",\"sameAs\":[\"https:\/\/nitu.mx\",\"https:\/\/www.facebook.com\/NITUmx\/\",\"medinacancun\",\"https:\/\/twitter.com\/@Arturo_Medina_G\"]},{\"@type\":\"Person\",\"@id\":\"https:\/\/nitu.mx\/#\/schema\/person\/4a28fe9bd65924f7c90623773daf1b0b\",\"name\":\"Redacci\u00f3n\",\"image\":{\"@type\":\"ImageObject\",\"inLanguage\":\"es-MX\",\"@id\":\"https:\/\/nitu.mx\/#\/schema\/person\/image\/\",\"url\":\"https:\/\/secure.gravatar.com\/avatar\/5dd011c8ccfc5cd7e4c81e42252aab38?s=96&d=mm&r=g\",\"contentUrl\":\"https:\/\/secure.gravatar.com\/avatar\/5dd011c8ccfc5cd7e4c81e42252aab38?s=96&d=mm&r=g\",\"caption\":\"Redacci\u00f3n\"},\"url\":\"https:\/\/nitu.mx\/index.php\/author\/redaccion\/\"}]}<\/script>\n<!-- \/ Yoast SEO plugin. -->","yoast_head_json":{"title":"Viva Aerobus integra tres aeronaves a su flota en este mes de mayo - Nitu - Noticias de la Industria Turistica","description":"Juan Carlos Zuazua, director de Viva Aerobus en M\u00e9xico anunci\u00f3 que durante este mes de mayo estar\u00e1n integrando tres aeronaves\u00a0 A320neo m\u00e1s a su flota.","robots":{"index":"index","follow":"follow","max-snippet":"max-snippet:-1","max-image-preview":"max-image-preview:large","max-video-preview":"max-video-preview:-1"},"canonical":"https:\/\/nitu.mx\/index.php\/2019\/05\/08\/viva-aerobus-integra-tres-aerolineas-a-su-flota-en-este-mes-de-mayo\/","twitter_card":"summary_large_image","twitter_title":"Viva Aerobus integra tres aeronaves a su flota en este mes de mayo - Nitu - Noticias de la Industria Turistica","twitter_description":"Juan Carlos Zuazua, director de Viva Aerobus en M\u00e9xico anunci\u00f3 que durante este mes de mayo estar\u00e1n integrando tres aeronaves\u00a0 A320neo m\u00e1s a su flota.","twitter_image":"https:\/\/nitu.mx\/wp-content\/uploads\/2017\/11\/Viva-Aerobus-AICM.jpg","twitter_creator":"@NITUmx","twitter_site":"@Arturo_Medina_G","twitter_misc":{"Escrito por":"Redacci\u00f3n","Tiempo de lectura":"1 minuto"},"schema":{"@context":"https:\/\/schema.org","@graph":[{"@type":"Article","@id":"https:\/\/nitu.mx\/index.php\/2019\/05\/08\/viva-aerobus-integra-tres-aerolineas-a-su-flota-en-este-mes-de-mayo\/#article","isPartOf":{"@id":"https:\/\/nitu.mx\/index.php\/2019\/05\/08\/viva-aerobus-integra-tres-aerolineas-a-su-flota-en-este-mes-de-mayo\/"},"author":{"name":"Redacci\u00f3n","@id":"https:\/\/nitu.mx\/#\/schema\/person\/4a28fe9bd65924f7c90623773daf1b0b"},"headline":"Viva Aerobus integra tres aeronaves a su flota en este mes de mayo","datePublished":"2019-05-08T05:32:38+00:00","dateModified":"2019-05-08T05:40:28+00:00","mainEntityOfPage":{"@id":"https:\/\/nitu.mx\/index.php\/2019\/05\/08\/viva-aerobus-integra-tres-aerolineas-a-su-flota-en-este-mes-de-mayo\/"},"wordCount":311,"commentCount":0,"publisher":{"@id":"https:\/\/nitu.mx\/#\/schema\/person\/ae7a53426417292d3dd07b45a33e01bc"},"image":{"@id":"https:\/\/nitu.mx\/index.php\/2019\/05\/08\/viva-aerobus-integra-tres-aerolineas-a-su-flota-en-este-mes-de-mayo\/#primaryimage"},"thumbnailUrl":"https:\/\/nitu.mx\/wp-content\/uploads\/2017\/11\/Viva-Aerobus-AICM.jpg","keywords":["A320neo","Juan Carlos Zuazua","VivaAerobus"],"articleSection":["Aerol\u00edneas"],"inLanguage":"es-MX","potentialAction":[{"@type":"CommentAction","name":"Comment","target":["https:\/\/nitu.mx\/index.php\/2019\/05\/08\/viva-aerobus-integra-tres-aerolineas-a-su-flota-en-este-mes-de-mayo\/#respond"]}]},{"@type":"WebPage","@id":"https:\/\/nitu.mx\/index.php\/2019\/05\/08\/viva-aerobus-integra-tres-aerolineas-a-su-flota-en-este-mes-de-mayo\/","url":"https:\/\/nitu.mx\/index.php\/2019\/05\/08\/viva-aerobus-integra-tres-aerolineas-a-su-flota-en-este-mes-de-mayo\/","name":"Viva Aerobus integra tres aeronaves a su flota en este mes de mayo - Nitu - Noticias de la Industria Turistica","isPartOf":{"@id":"https:\/\/nitu.mx\/#website"},"primaryImageOfPage":{"@id":"https:\/\/nitu.mx\/index.php\/2019\/05\/08\/viva-aerobus-integra-tres-aerolineas-a-su-flota-en-este-mes-de-mayo\/#primaryimage"},"image":{"@id":"https:\/\/nitu.mx\/index.php\/2019\/05\/08\/viva-aerobus-integra-tres-aerolineas-a-su-flota-en-este-mes-de-mayo\/#primaryimage"},"thumbnailUrl":"https:\/\/nitu.mx\/wp-content\/uploads\/2017\/11\/Viva-Aerobus-AICM.jpg","datePublished":"2019-05-08T05:32:38+00:00","dateModified":"2019-05-08T05:40:28+00:00","description":"Juan Carlos Zuazua, director de Viva Aerobus en M\u00e9xico anunci\u00f3 que durante este mes de mayo estar\u00e1n integrando tres aeronaves\u00a0 A320neo m\u00e1s a su flota.","breadcrumb":{"@id":"https:\/\/nitu.mx\/index.php\/2019\/05\/08\/viva-aerobus-integra-tres-aerolineas-a-su-flota-en-este-mes-de-mayo\/#breadcrumb"},"inLanguage":"es-MX","potentialAction":[{"@type":"ReadAction","target":["https:\/\/nitu.mx\/index.php\/2019\/05\/08\/viva-aerobus-integra-tres-aerolineas-a-su-flota-en-este-mes-de-mayo\/"]}]},{"@type":"ImageObject","inLanguage":"es-MX","@id":"https:\/\/nitu.mx\/index.php\/2019\/05\/08\/viva-aerobus-integra-tres-aerolineas-a-su-flota-en-este-mes-de-mayo\/#primaryimage","url":"https:\/\/nitu.mx\/wp-content\/uploads\/2017\/11\/Viva-Aerobus-AICM.jpg","contentUrl":"https:\/\/nitu.mx\/wp-content\/uploads\/2017\/11\/Viva-Aerobus-AICM.jpg","width":850,"height":480,"caption":"Viva Aerobus"},{"@type":"BreadcrumbList","@id":"https:\/\/nitu.mx\/index.php\/2019\/05\/08\/viva-aerobus-integra-tres-aerolineas-a-su-flota-en-este-mes-de-mayo\/#breadcrumb","itemListElement":[{"@type":"ListItem","position":1,"name":"Inicio","item":"https:\/\/nitu.mx\/"},{"@type":"ListItem","position":2,"name":"Viva Aerobus integra tres aeronaves a su flota en este mes de mayo"}]},{"@type":"WebSite","@id":"https:\/\/nitu.mx\/#website","url":"https:\/\/nitu.mx\/","name":"Nitu - Noticias de la Industria Turistica","description":"Noticias de la Industria Turistica","publisher":{"@id":"https:\/\/nitu.mx\/#\/schema\/person\/ae7a53426417292d3dd07b45a33e01bc"},"alternateName":"Noticias de la Industria Turistica","potentialAction":[{"@type":"SearchAction","target":{"@type":"EntryPoint","urlTemplate":"https:\/\/nitu.mx\/?s={search_term_string}"},"query-input":"required name=search_term_string"}],"inLanguage":"es-MX"},{"@type":["Person","Organization"],"@id":"https:\/\/nitu.mx\/#\/schema\/person\/ae7a53426417292d3dd07b45a33e01bc","name":"Arturo Medina","image":{"@type":"ImageObject","inLanguage":"es-MX","@id":"https:\/\/nitu.mx\/#\/schema\/person\/image\/","url":"https:\/\/nitu.mx\/wp-content\/uploads\/2024\/04\/4A315622-1904-4D5C-B022-878CDC840E04-90x90-1.jpeg","contentUrl":"https:\/\/nitu.mx\/wp-content\/uploads\/2024\/04\/4A315622-1904-4D5C-B022-878CDC840E04-90x90-1.jpeg","width":90,"height":90,"caption":"Arturo Medina"},"logo":{"@id":"https:\/\/nitu.mx\/#\/schema\/person\/image\/"},"description":"Director NITU.mx, Egresado de la Escuela de Periodismo Carlos Septi\u00e9n Garc\u00eda. Periodista y analista especializado en turismo desde hace 35 a\u00f1os, radicado en Canc\u00fan Q.Roo. arturo@nitu.mx","sameAs":["https:\/\/nitu.mx","https:\/\/www.facebook.com\/NITUmx\/","medinacancun","https:\/\/twitter.com\/@Arturo_Medina_G"]},{"@type":"Person","@id":"https:\/\/nitu.mx\/#\/schema\/person\/4a28fe9bd65924f7c90623773daf1b0b","name":"Redacci\u00f3n","image":{"@type":"ImageObject","inLanguage":"es-MX","@id":"https:\/\/nitu.mx\/#\/schema\/person\/image\/","url":"https:\/\/secure.gravatar.com\/avatar\/5dd011c8ccfc5cd7e4c81e42252aab38?s=96&d=mm&r=g","contentUrl":"https:\/\/secure.gravatar.com\/avatar\/5dd011c8ccfc5cd7e4c81e42252aab38?s=96&d=mm&r=g","caption":"Redacci\u00f3n"},"url":"https:\/\/nitu.mx\/index.php\/author\/redaccion\/"}]}},"views":317,"_links":{"self":[{"href":"https:\/\/nitu.mx\/index.php\/wp-json\/wp\/v2\/posts\/31753"}],"collection":[{"href":"https:\/\/nitu.mx\/index.php\/wp-json\/wp\/v2\/posts"}],"about":[{"href":"https:\/\/nitu.mx\/index.php\/wp-json\/wp\/v2\/types\/post"}],"author":[{"embeddable":true,"href":"https:\/\/nitu.mx\/index.php\/wp-json\/wp\/v2\/users\/17"}],"replies":[{"embeddable":true,"href":"https:\/\/nitu.mx\/index.php\/wp-json\/wp\/v2\/comments?post=31753"}],"version-history":[{"count":5,"href":"https:\/\/nitu.mx\/index.php\/wp-json\/wp\/v2\/posts\/31753\/revisions"}],"predecessor-version":[{"id":31798,"href":"https:\/\/nitu.mx\/index.php\/wp-json\/wp\/v2\/posts\/31753\/revisions\/31798"}],"wp:featuredmedia":[{"embeddable":true,"href":"https:\/\/nitu.mx\/index.php\/wp-json\/wp\/v2\/media\/14673"}],"wp:attachment":[{"href":"https:\/\/nitu.mx\/index.php\/wp-json\/wp\/v2\/media?parent=31753"}],"wp:term":[{"taxonomy":"category","embeddable":true,"href":"https:\/\/nitu.mx\/index.php\/wp-json\/wp\/v2\/categories?post=31753"},{"taxonomy":"post_tag","embeddable":true,"href":"https:\/\/nitu.mx\/index.php\/wp-json\/wp\/v2\/tags?post=31753"}],"curies":[{"name":"wp","href":"https:\/\/api.w.org\/{rel}","templated":true}]}}