{"id":31721,"date":"2019-05-07T00:05:56","date_gmt":"2019-05-07T05:05:56","guid":{"rendered":"https:\/\/www.dev.nitu.mx\/?p=31721"},"modified":"2019-05-07T00:40:08","modified_gmt":"2019-05-07T05:40:08","slug":"en-agosto-levanta-vuelo-de-estambul-hacia-ciudad-de-mexico-y-cancun","status":"publish","type":"post","link":"https:\/\/nitu.mx\/index.php\/2019\/05\/07\/en-agosto-levanta-vuelo-de-estambul-hacia-ciudad-de-mexico-y-cancun\/","title":{"rendered":"En agosto levanta vuelo de Estambul hacia Ciudad de M\u00e9xico y Canc\u00fan"},"content":{"rendered":"<p>El secretario de Turismo federal, Miguel Torruco, anunci\u00f3 que el pr\u00f3ximo 21 de agosto inicia vuelo de Estambul hacia Ciudad de M\u00e9xico y Canc\u00fan, a trav\u00e9s de Turkish Airlines.<\/p>\n<p>Afirm\u00f3 que esta operaci\u00f3n tiene un potencial para generar una derrama econ\u00f3mica de 36.7 millones de d\u00f3lares al a\u00f1o y un flujo de 39 mil 780 pasajeros.<\/p>\n<p>El titular de la SECTUR precis\u00f3 que este vuelo de la aerol\u00ednea Turkish Airlines contar\u00e1 con 300 asientos y permitir\u00e1 impulsar y promover el arribo de turistas de alto poder adquisitivo de Turqu\u00eda, que en 2018 sumaron 12 mil 582 visitantes que arribaron al pa\u00eds v\u00eda a\u00e9rea desde esa naci\u00f3n.<\/p>\n<p>El a\u00f1o pasado, la embajada de Turqu\u00eda inicio los acercamientos para fomentar la visita de m\u00e1s mexicanos al destino, lo cual pretende lograr con el apoyo de Mega Travel, operadora que estar\u00e1 ofreciendo seminarios a partir del segundo semestre del a\u00f1o por varias ciudades de la Rep\u00fablica Mexicana, para promover los grandes atractivos tur\u00edsticos que ofrece el pa\u00eds de medio oriente.<\/p>\n<p>Con informaci\u00f3n de Radio Formula QR.<\/p>\n","protected":false},"excerpt":{"rendered":"<p>El secretario de Turismo federal, Miguel Torruco, anunci\u00f3 que el pr\u00f3ximo 21 de agosto inicia vuelo de Estambul hacia Ciudad de M\u00e9xico y Canc\u00fan, a trav\u00e9s de Turkish Airlines. Afirm\u00f3 que esta operaci\u00f3n tiene un potencial para generar una derrama econ\u00f3mica de 36.7 millones de d\u00f3lares al a\u00f1o y un flujo de 39 mil 780 [&hellip;]<\/p>\n","protected":false},"author":17,"featured_media":31731,"comment_status":"open","ping_status":"open","sticky":false,"template":"","format":"standard","meta":{"footnotes":""},"categories":[29,5],"tags":[5501,43,15609,3576,910,3771,3377,4460,3571,5139],"yoast_head":"<!-- This site is optimized with the Yoast SEO plugin v22.2 - https:\/\/yoast.com\/wordpress\/plugins\/seo\/ -->\n<title>En agosto levanta vuelo de Estambul hacia Ciudad de M\u00e9xico y Canc\u00fan - Nitu - Noticias de la Industria Turistica<\/title>\n<meta name=\"robots\" content=\"index, follow, max-snippet:-1, max-image-preview:large, max-video-preview:-1\" \/>\n<link rel=\"canonical\" href=\"https:\/\/nitu.mx\/index.php\/2019\/05\/07\/en-agosto-levanta-vuelo-de-estambul-hacia-ciudad-de-mexico-y-cancun\/\" \/>\n<meta name=\"twitter:card\" content=\"summary_large_image\" \/>\n<meta name=\"twitter:title\" content=\"En agosto levanta vuelo de Estambul hacia Ciudad de M\u00e9xico y Canc\u00fan - Nitu - Noticias de la Industria Turistica\" \/>\n<meta name=\"twitter:description\" content=\"El secretario de Turismo federal, Miguel Torruco, anunci\u00f3 que el pr\u00f3ximo 21 de agosto inicia vuelo de Estambul hacia Ciudad de M\u00e9xico y Canc\u00fan, a trav\u00e9s de Turkish Airlines. Afirm\u00f3 que esta operaci\u00f3n tiene un potencial para generar una derrama econ\u00f3mica de 36.7 millones de d\u00f3lares al a\u00f1o y un flujo de 39 mil 780 [&hellip;]\" \/>\n<meta name=\"twitter:image\" content=\"https:\/\/nitu.mx\/wp-content\/uploads\/2019\/05\/turkish-vuelo-turquia.jpg\" \/>\n<meta name=\"twitter:creator\" content=\"@NITUmx\" \/>\n<meta name=\"twitter:site\" content=\"@Arturo_Medina_G\" \/>\n<meta name=\"twitter:label1\" content=\"Escrito por\" \/>\n\t<meta name=\"twitter:data1\" content=\"Redacci\u00f3n\" \/>\n\t<meta name=\"twitter:label2\" content=\"Tiempo de lectura\" \/>\n\t<meta name=\"twitter:data2\" content=\"1 minuto\" \/>\n<script type=\"application\/ld+json\" class=\"yoast-schema-graph\">{\"@context\":\"https:\/\/schema.org\",\"@graph\":[{\"@type\":\"Article\",\"@id\":\"https:\/\/nitu.mx\/index.php\/2019\/05\/07\/en-agosto-levanta-vuelo-de-estambul-hacia-ciudad-de-mexico-y-cancun\/#article\",\"isPartOf\":{\"@id\":\"https:\/\/nitu.mx\/index.php\/2019\/05\/07\/en-agosto-levanta-vuelo-de-estambul-hacia-ciudad-de-mexico-y-cancun\/\"},\"author\":{\"name\":\"Redacci\u00f3n\",\"@id\":\"https:\/\/nitu.mx\/#\/schema\/person\/4a28fe9bd65924f7c90623773daf1b0b\"},\"headline\":\"En agosto levanta vuelo de Estambul hacia Ciudad de M\u00e9xico y Canc\u00fan\",\"datePublished\":\"2019-05-07T05:05:56+00:00\",\"dateModified\":\"2019-05-07T05:40:08+00:00\",\"mainEntityOfPage\":{\"@id\":\"https:\/\/nitu.mx\/index.php\/2019\/05\/07\/en-agosto-levanta-vuelo-de-estambul-hacia-ciudad-de-mexico-y-cancun\/\"},\"wordCount\":201,\"commentCount\":0,\"publisher\":{\"@id\":\"https:\/\/nitu.mx\/#\/schema\/person\/ae7a53426417292d3dd07b45a33e01bc\"},\"image\":{\"@id\":\"https:\/\/nitu.mx\/index.php\/2019\/05\/07\/en-agosto-levanta-vuelo-de-estambul-hacia-ciudad-de-mexico-y-cancun\/#primaryimage\"},\"thumbnailUrl\":\"https:\/\/nitu.mx\/wp-content\/uploads\/2019\/05\/turkish-vuelo-turquia.jpg\",\"keywords\":[\"agosto\",\"Canc\u00fan\",\"Ciudad M\u00e9xico\",\"Estambul\",\"Miguel Torruco\",\"pasajeros\",\"secretario de Turismo federal\",\"turistas\",\"Turkish Airlines\",\"vuelo\"],\"articleSection\":[\"Aerol\u00edneas\",\"Destinos\"],\"inLanguage\":\"es-MX\",\"potentialAction\":[{\"@type\":\"CommentAction\",\"name\":\"Comment\",\"target\":[\"https:\/\/nitu.mx\/index.php\/2019\/05\/07\/en-agosto-levanta-vuelo-de-estambul-hacia-ciudad-de-mexico-y-cancun\/#respond\"]}]},{\"@type\":\"WebPage\",\"@id\":\"https:\/\/nitu.mx\/index.php\/2019\/05\/07\/en-agosto-levanta-vuelo-de-estambul-hacia-ciudad-de-mexico-y-cancun\/\",\"url\":\"https:\/\/nitu.mx\/index.php\/2019\/05\/07\/en-agosto-levanta-vuelo-de-estambul-hacia-ciudad-de-mexico-y-cancun\/\",\"name\":\"En agosto levanta vuelo de Estambul hacia Ciudad de M\u00e9xico y Canc\u00fan - Nitu - Noticias de la Industria Turistica\",\"isPartOf\":{\"@id\":\"https:\/\/nitu.mx\/#website\"},\"primaryImageOfPage\":{\"@id\":\"https:\/\/nitu.mx\/index.php\/2019\/05\/07\/en-agosto-levanta-vuelo-de-estambul-hacia-ciudad-de-mexico-y-cancun\/#primaryimage\"},\"image\":{\"@id\":\"https:\/\/nitu.mx\/index.php\/2019\/05\/07\/en-agosto-levanta-vuelo-de-estambul-hacia-ciudad-de-mexico-y-cancun\/#primaryimage\"},\"thumbnailUrl\":\"https:\/\/nitu.mx\/wp-content\/uploads\/2019\/05\/turkish-vuelo-turquia.jpg\",\"datePublished\":\"2019-05-07T05:05:56+00:00\",\"dateModified\":\"2019-05-07T05:40:08+00:00\",\"breadcrumb\":{\"@id\":\"https:\/\/nitu.mx\/index.php\/2019\/05\/07\/en-agosto-levanta-vuelo-de-estambul-hacia-ciudad-de-mexico-y-cancun\/#breadcrumb\"},\"inLanguage\":\"es-MX\",\"potentialAction\":[{\"@type\":\"ReadAction\",\"target\":[\"https:\/\/nitu.mx\/index.php\/2019\/05\/07\/en-agosto-levanta-vuelo-de-estambul-hacia-ciudad-de-mexico-y-cancun\/\"]}]},{\"@type\":\"ImageObject\",\"inLanguage\":\"es-MX\",\"@id\":\"https:\/\/nitu.mx\/index.php\/2019\/05\/07\/en-agosto-levanta-vuelo-de-estambul-hacia-ciudad-de-mexico-y-cancun\/#primaryimage\",\"url\":\"https:\/\/nitu.mx\/wp-content\/uploads\/2019\/05\/turkish-vuelo-turquia.jpg\",\"contentUrl\":\"https:\/\/nitu.mx\/wp-content\/uploads\/2019\/05\/turkish-vuelo-turquia.jpg\",\"width\":850,\"height\":480,\"caption\":\"turkish vuelo turquia estambul\"},{\"@type\":\"BreadcrumbList\",\"@id\":\"https:\/\/nitu.mx\/index.php\/2019\/05\/07\/en-agosto-levanta-vuelo-de-estambul-hacia-ciudad-de-mexico-y-cancun\/#breadcrumb\",\"itemListElement\":[{\"@type\":\"ListItem\",\"position\":1,\"name\":\"Inicio\",\"item\":\"https:\/\/nitu.mx\/\"},{\"@type\":\"ListItem\",\"position\":2,\"name\":\"En agosto levanta vuelo de Estambul hacia Ciudad de M\u00e9xico y Canc\u00fan\"}]},{\"@type\":\"WebSite\",\"@id\":\"https:\/\/nitu.mx\/#website\",\"url\":\"https:\/\/nitu.mx\/\",\"name\":\"Nitu - Noticias de la Industria Turistica\",\"description\":\"Noticias de la Industria Turistica\",\"publisher\":{\"@id\":\"https:\/\/nitu.mx\/#\/schema\/person\/ae7a53426417292d3dd07b45a33e01bc\"},\"alternateName\":\"Noticias de la Industria Turistica\",\"potentialAction\":[{\"@type\":\"SearchAction\",\"target\":{\"@type\":\"EntryPoint\",\"urlTemplate\":\"https:\/\/nitu.mx\/?s={search_term_string}\"},\"query-input\":\"required name=search_term_string\"}],\"inLanguage\":\"es-MX\"},{\"@type\":[\"Person\",\"Organization\"],\"@id\":\"https:\/\/nitu.mx\/#\/schema\/person\/ae7a53426417292d3dd07b45a33e01bc\",\"name\":\"Arturo Medina\",\"image\":{\"@type\":\"ImageObject\",\"inLanguage\":\"es-MX\",\"@id\":\"https:\/\/nitu.mx\/#\/schema\/person\/image\/\",\"url\":\"https:\/\/nitu.mx\/wp-content\/uploads\/2024\/04\/4A315622-1904-4D5C-B022-878CDC840E04-90x90-1.jpeg\",\"contentUrl\":\"https:\/\/nitu.mx\/wp-content\/uploads\/2024\/04\/4A315622-1904-4D5C-B022-878CDC840E04-90x90-1.jpeg\",\"width\":90,\"height\":90,\"caption\":\"Arturo Medina\"},\"logo\":{\"@id\":\"https:\/\/nitu.mx\/#\/schema\/person\/image\/\"},\"description\":\"Director NITU.mx, Egresado de la Escuela de Periodismo Carlos Septi\u00e9n Garc\u00eda. Periodista y analista especializado en turismo desde hace 35 a\u00f1os, radicado en Canc\u00fan Q.Roo. arturo@nitu.mx\",\"sameAs\":[\"https:\/\/nitu.mx\",\"https:\/\/www.facebook.com\/NITUmx\/\",\"medinacancun\",\"https:\/\/twitter.com\/@Arturo_Medina_G\"]},{\"@type\":\"Person\",\"@id\":\"https:\/\/nitu.mx\/#\/schema\/person\/4a28fe9bd65924f7c90623773daf1b0b\",\"name\":\"Redacci\u00f3n\",\"image\":{\"@type\":\"ImageObject\",\"inLanguage\":\"es-MX\",\"@id\":\"https:\/\/nitu.mx\/#\/schema\/person\/image\/\",\"url\":\"https:\/\/secure.gravatar.com\/avatar\/5dd011c8ccfc5cd7e4c81e42252aab38?s=96&d=mm&r=g\",\"contentUrl\":\"https:\/\/secure.gravatar.com\/avatar\/5dd011c8ccfc5cd7e4c81e42252aab38?s=96&d=mm&r=g\",\"caption\":\"Redacci\u00f3n\"},\"url\":\"https:\/\/nitu.mx\/index.php\/author\/redaccion\/\"}]}<\/script>\n<!-- \/ Yoast SEO plugin. -->","yoast_head_json":{"title":"En agosto levanta vuelo de Estambul hacia Ciudad de M\u00e9xico y Canc\u00fan - Nitu - Noticias de la Industria Turistica","robots":{"index":"index","follow":"follow","max-snippet":"max-snippet:-1","max-image-preview":"max-image-preview:large","max-video-preview":"max-video-preview:-1"},"canonical":"https:\/\/nitu.mx\/index.php\/2019\/05\/07\/en-agosto-levanta-vuelo-de-estambul-hacia-ciudad-de-mexico-y-cancun\/","twitter_card":"summary_large_image","twitter_title":"En agosto levanta vuelo de Estambul hacia Ciudad de M\u00e9xico y Canc\u00fan - Nitu - Noticias de la Industria Turistica","twitter_description":"El secretario de Turismo federal, Miguel Torruco, anunci\u00f3 que el pr\u00f3ximo 21 de agosto inicia vuelo de Estambul hacia Ciudad de M\u00e9xico y Canc\u00fan, a trav\u00e9s de Turkish Airlines. Afirm\u00f3 que esta operaci\u00f3n tiene un potencial para generar una derrama econ\u00f3mica de 36.7 millones de d\u00f3lares al a\u00f1o y un flujo de 39 mil 780 [&hellip;]","twitter_image":"https:\/\/nitu.mx\/wp-content\/uploads\/2019\/05\/turkish-vuelo-turquia.jpg","twitter_creator":"@NITUmx","twitter_site":"@Arturo_Medina_G","twitter_misc":{"Escrito por":"Redacci\u00f3n","Tiempo de lectura":"1 minuto"},"schema":{"@context":"https:\/\/schema.org","@graph":[{"@type":"Article","@id":"https:\/\/nitu.mx\/index.php\/2019\/05\/07\/en-agosto-levanta-vuelo-de-estambul-hacia-ciudad-de-mexico-y-cancun\/#article","isPartOf":{"@id":"https:\/\/nitu.mx\/index.php\/2019\/05\/07\/en-agosto-levanta-vuelo-de-estambul-hacia-ciudad-de-mexico-y-cancun\/"},"author":{"name":"Redacci\u00f3n","@id":"https:\/\/nitu.mx\/#\/schema\/person\/4a28fe9bd65924f7c90623773daf1b0b"},"headline":"En agosto levanta vuelo de Estambul hacia Ciudad de M\u00e9xico y Canc\u00fan","datePublished":"2019-05-07T05:05:56+00:00","dateModified":"2019-05-07T05:40:08+00:00","mainEntityOfPage":{"@id":"https:\/\/nitu.mx\/index.php\/2019\/05\/07\/en-agosto-levanta-vuelo-de-estambul-hacia-ciudad-de-mexico-y-cancun\/"},"wordCount":201,"commentCount":0,"publisher":{"@id":"https:\/\/nitu.mx\/#\/schema\/person\/ae7a53426417292d3dd07b45a33e01bc"},"image":{"@id":"https:\/\/nitu.mx\/index.php\/2019\/05\/07\/en-agosto-levanta-vuelo-de-estambul-hacia-ciudad-de-mexico-y-cancun\/#primaryimage"},"thumbnailUrl":"https:\/\/nitu.mx\/wp-content\/uploads\/2019\/05\/turkish-vuelo-turquia.jpg","keywords":["agosto","Canc\u00fan","Ciudad M\u00e9xico","Estambul","Miguel Torruco","pasajeros","secretario de Turismo federal","turistas","Turkish Airlines","vuelo"],"articleSection":["Aerol\u00edneas","Destinos"],"inLanguage":"es-MX","potentialAction":[{"@type":"CommentAction","name":"Comment","target":["https:\/\/nitu.mx\/index.php\/2019\/05\/07\/en-agosto-levanta-vuelo-de-estambul-hacia-ciudad-de-mexico-y-cancun\/#respond"]}]},{"@type":"WebPage","@id":"https:\/\/nitu.mx\/index.php\/2019\/05\/07\/en-agosto-levanta-vuelo-de-estambul-hacia-ciudad-de-mexico-y-cancun\/","url":"https:\/\/nitu.mx\/index.php\/2019\/05\/07\/en-agosto-levanta-vuelo-de-estambul-hacia-ciudad-de-mexico-y-cancun\/","name":"En agosto levanta vuelo de Estambul hacia Ciudad de M\u00e9xico y Canc\u00fan - Nitu - Noticias de la Industria Turistica","isPartOf":{"@id":"https:\/\/nitu.mx\/#website"},"primaryImageOfPage":{"@id":"https:\/\/nitu.mx\/index.php\/2019\/05\/07\/en-agosto-levanta-vuelo-de-estambul-hacia-ciudad-de-mexico-y-cancun\/#primaryimage"},"image":{"@id":"https:\/\/nitu.mx\/index.php\/2019\/05\/07\/en-agosto-levanta-vuelo-de-estambul-hacia-ciudad-de-mexico-y-cancun\/#primaryimage"},"thumbnailUrl":"https:\/\/nitu.mx\/wp-content\/uploads\/2019\/05\/turkish-vuelo-turquia.jpg","datePublished":"2019-05-07T05:05:56+00:00","dateModified":"2019-05-07T05:40:08+00:00","breadcrumb":{"@id":"https:\/\/nitu.mx\/index.php\/2019\/05\/07\/en-agosto-levanta-vuelo-de-estambul-hacia-ciudad-de-mexico-y-cancun\/#breadcrumb"},"inLanguage":"es-MX","potentialAction":[{"@type":"ReadAction","target":["https:\/\/nitu.mx\/index.php\/2019\/05\/07\/en-agosto-levanta-vuelo-de-estambul-hacia-ciudad-de-mexico-y-cancun\/"]}]},{"@type":"ImageObject","inLanguage":"es-MX","@id":"https:\/\/nitu.mx\/index.php\/2019\/05\/07\/en-agosto-levanta-vuelo-de-estambul-hacia-ciudad-de-mexico-y-cancun\/#primaryimage","url":"https:\/\/nitu.mx\/wp-content\/uploads\/2019\/05\/turkish-vuelo-turquia.jpg","contentUrl":"https:\/\/nitu.mx\/wp-content\/uploads\/2019\/05\/turkish-vuelo-turquia.jpg","width":850,"height":480,"caption":"turkish vuelo turquia estambul"},{"@type":"BreadcrumbList","@id":"https:\/\/nitu.mx\/index.php\/2019\/05\/07\/en-agosto-levanta-vuelo-de-estambul-hacia-ciudad-de-mexico-y-cancun\/#breadcrumb","itemListElement":[{"@type":"ListItem","position":1,"name":"Inicio","item":"https:\/\/nitu.mx\/"},{"@type":"ListItem","position":2,"name":"En agosto levanta vuelo de Estambul hacia Ciudad de M\u00e9xico y Canc\u00fan"}]},{"@type":"WebSite","@id":"https:\/\/nitu.mx\/#website","url":"https:\/\/nitu.mx\/","name":"Nitu - Noticias de la Industria Turistica","description":"Noticias de la Industria Turistica","publisher":{"@id":"https:\/\/nitu.mx\/#\/schema\/person\/ae7a53426417292d3dd07b45a33e01bc"},"alternateName":"Noticias de la Industria Turistica","potentialAction":[{"@type":"SearchAction","target":{"@type":"EntryPoint","urlTemplate":"https:\/\/nitu.mx\/?s={search_term_string}"},"query-input":"required name=search_term_string"}],"inLanguage":"es-MX"},{"@type":["Person","Organization"],"@id":"https:\/\/nitu.mx\/#\/schema\/person\/ae7a53426417292d3dd07b45a33e01bc","name":"Arturo Medina","image":{"@type":"ImageObject","inLanguage":"es-MX","@id":"https:\/\/nitu.mx\/#\/schema\/person\/image\/","url":"https:\/\/nitu.mx\/wp-content\/uploads\/2024\/04\/4A315622-1904-4D5C-B022-878CDC840E04-90x90-1.jpeg","contentUrl":"https:\/\/nitu.mx\/wp-content\/uploads\/2024\/04\/4A315622-1904-4D5C-B022-878CDC840E04-90x90-1.jpeg","width":90,"height":90,"caption":"Arturo Medina"},"logo":{"@id":"https:\/\/nitu.mx\/#\/schema\/person\/image\/"},"description":"Director NITU.mx, Egresado de la Escuela de Periodismo Carlos Septi\u00e9n Garc\u00eda. Periodista y analista especializado en turismo desde hace 35 a\u00f1os, radicado en Canc\u00fan Q.Roo. arturo@nitu.mx","sameAs":["https:\/\/nitu.mx","https:\/\/www.facebook.com\/NITUmx\/","medinacancun","https:\/\/twitter.com\/@Arturo_Medina_G"]},{"@type":"Person","@id":"https:\/\/nitu.mx\/#\/schema\/person\/4a28fe9bd65924f7c90623773daf1b0b","name":"Redacci\u00f3n","image":{"@type":"ImageObject","inLanguage":"es-MX","@id":"https:\/\/nitu.mx\/#\/schema\/person\/image\/","url":"https:\/\/secure.gravatar.com\/avatar\/5dd011c8ccfc5cd7e4c81e42252aab38?s=96&d=mm&r=g","contentUrl":"https:\/\/secure.gravatar.com\/avatar\/5dd011c8ccfc5cd7e4c81e42252aab38?s=96&d=mm&r=g","caption":"Redacci\u00f3n"},"url":"https:\/\/nitu.mx\/index.php\/author\/redaccion\/"}]}},"views":304,"_links":{"self":[{"href":"https:\/\/nitu.mx\/index.php\/wp-json\/wp\/v2\/posts\/31721"}],"collection":[{"href":"https:\/\/nitu.mx\/index.php\/wp-json\/wp\/v2\/posts"}],"about":[{"href":"https:\/\/nitu.mx\/index.php\/wp-json\/wp\/v2\/types\/post"}],"author":[{"embeddable":true,"href":"https:\/\/nitu.mx\/index.php\/wp-json\/wp\/v2\/users\/17"}],"replies":[{"embeddable":true,"href":"https:\/\/nitu.mx\/index.php\/wp-json\/wp\/v2\/comments?post=31721"}],"version-history":[{"count":3,"href":"https:\/\/nitu.mx\/index.php\/wp-json\/wp\/v2\/posts\/31721\/revisions"}],"predecessor-version":[{"id":31732,"href":"https:\/\/nitu.mx\/index.php\/wp-json\/wp\/v2\/posts\/31721\/revisions\/31732"}],"wp:featuredmedia":[{"embeddable":true,"href":"https:\/\/nitu.mx\/index.php\/wp-json\/wp\/v2\/media\/31731"}],"wp:attachment":[{"href":"https:\/\/nitu.mx\/index.php\/wp-json\/wp\/v2\/media?parent=31721"}],"wp:term":[{"taxonomy":"category","embeddable":true,"href":"https:\/\/nitu.mx\/index.php\/wp-json\/wp\/v2\/categories?post=31721"},{"taxonomy":"post_tag","embeddable":true,"href":"https:\/\/nitu.mx\/index.php\/wp-json\/wp\/v2\/tags?post=31721"}],"curies":[{"name":"wp","href":"https:\/\/api.w.org\/{rel}","templated":true}]}}