{"id":31645,"date":"2019-05-02T22:42:14","date_gmt":"2019-05-03T03:42:14","guid":{"rendered":"https:\/\/www.dev.nitu.mx\/?p=31645"},"modified":"2019-05-03T00:20:24","modified_gmt":"2019-05-03T05:20:24","slug":"sectur-continua-con-recortes-de-directivos-y-mandos-medios","status":"publish","type":"post","link":"https:\/\/nitu.mx\/index.php\/2019\/05\/02\/sectur-continua-con-recortes-de-directivos-y-mandos-medios\/","title":{"rendered":"Sectur contin\u00faa con recortes de directivos y mandos medios"},"content":{"rendered":"<p class=\"m_-4185975230788927222gmail-MsoNoSpacing\">Las pol\u00edticas de austeridad implementadas por el gobierno federal siguen impactando en la plantilla de dependencias como la Secretar\u00eda de Turismo (Sectur), en donde en las \u00faltimas dos semanas se ha dado de baja a por lo menos 10 mandos medios y directores de \u00e1rea.<\/p>\n<p class=\"m_-4185975230788927222gmail-MsoNoSpacing\">De acuerdo con informaci\u00f3n obtenida por <em><strong>NITU.mx<\/strong><\/em>, se trata de personal que ten\u00eda a su cargo proyectos relevantes para el sector, pero que ya no ver\u00e1n su realizaci\u00f3n al no contar con la asignaci\u00f3n de recursos necesarios, por lo que tambi\u00e9n son prescindibles dichos cargos.<\/p>\n<p class=\"m_-4185975230788927222gmail-MsoNoSpacing\">Una de las consecuencias de este recorte reciente se debe a la reducci\u00f3n del organigrama de Sectur, que desapareci\u00f3 la Subsecretar\u00eda de Innovaci\u00f3n y Desarrollo Tur\u00edstico, encargada de gestionar y promover la creaci\u00f3n de producto e infraestructura en los diferentes destinos del pa\u00eds, para aprovechar su potencial tur\u00edstico pero requieren un impulso para lograrlo.<\/p>\n<p class=\"m_-4185975230788927222gmail-MsoNoSpacing\">Si bien por ahora toc\u00f3 el turno a directivos, al interior de la dependencia se respira un ambiente de incertidumbre, pues ahora hay un \u201csobrante\u201d de personal operativo, entre \u00e9stos un n\u00famero corresponde a personal de confianza, quienes son los que sienten mayor riesgo de perder su trabajo, y otro tanto es sindicalizado.<\/p>\n<p class=\"m_-4185975230788927222gmail-MsoNoSpacing\">Para el personal que contin\u00faa con una plaza dentro de Sectur, resulta lamentable que se tomen medidas dr\u00e1sticas sin dimensionar la importancia de su trabajo, pues varios de ellos llegaron a esos cargos mediante el Servicio Profesional de Carrera, gracias a sus aptitudes para la posici\u00f3n laboral.<\/p>\n<p class=\"m_-4185975230788927222gmail-MsoNoSpacing\">Otro tema que tiene a la expectativa a los colaboradores de Sectur, es la mudanza de las oficinas de Masaryk, en la Ciudad de M\u00e9xico, a Chetumal, Quintana Roo. En d\u00edas pasados se inici\u00f3 un sondeo entre los empleados para medir la viabilidad de su traslado. Saber qui\u00e9nes tienen hijos en escuela, en qu\u00e9 grados, si tienen parejas y \u00e9stas trabajan, entre otros, fueron parte de los datos que se tomaron. (<a title=\"Inici\u00f3 operaciones la Secretar\u00eda de Turismo en Chetumal\" href=\"https:\/\/www.dev.nitu.mx\/index.php\/2019\/04\/03\/inicio-operaciones-la-secretaria-de-turismo-en-chetumal\/\" rel=\"bookmark\">Inici\u00f3 operaciones la Secretar\u00eda de Turismo en Chetumal<\/a>).<\/p>\n","protected":false},"excerpt":{"rendered":"<p>Las pol\u00edticas de austeridad implementadas por el gobierno federal siguen impactando en la plantilla de dependencias como la Secretar\u00eda de Turismo (Sectur), en donde en las \u00faltimas dos semanas se ha dado de baja a por lo menos 10 mandos medios y directores de \u00e1rea. De acuerdo con informaci\u00f3n obtenida por NITU.mx, se trata de [&hellip;]<\/p>\n","protected":false},"author":5,"featured_media":23088,"comment_status":"open","ping_status":"open","sticky":false,"template":"","format":"standard","meta":{"footnotes":""},"categories":[12],"tags":[254,93,15584],"yoast_head":"<!-- This site is optimized with the Yoast SEO plugin v22.2 - https:\/\/yoast.com\/wordpress\/plugins\/seo\/ -->\n<title>Sectur contin\u00faa con recortes de directivos y mandos medios - Nitu - Noticias de la Industria Turistica<\/title>\n<meta name=\"description\" content=\"Las pol\u00edticas de austeridad implementadas por el gobierno federal siguen impactando en la plantilla de dependencias como la Secretar\u00eda de Turismo (Sectur).\" \/>\n<meta name=\"robots\" content=\"index, follow, max-snippet:-1, max-image-preview:large, max-video-preview:-1\" \/>\n<link rel=\"canonical\" href=\"https:\/\/nitu.mx\/index.php\/2019\/05\/02\/sectur-continua-con-recortes-de-directivos-y-mandos-medios\/\" \/>\n<meta name=\"twitter:card\" content=\"summary_large_image\" \/>\n<meta name=\"twitter:title\" content=\"Sectur contin\u00faa con recortes de directivos y mandos medios - Nitu - Noticias de la Industria Turistica\" \/>\n<meta name=\"twitter:description\" content=\"Las pol\u00edticas de austeridad implementadas por el gobierno federal siguen impactando en la plantilla de dependencias como la Secretar\u00eda de Turismo (Sectur).\" \/>\n<meta name=\"twitter:image\" content=\"https:\/\/nitu.mx\/wp-content\/uploads\/2018\/07\/sectur.jpg\" \/>\n<meta name=\"twitter:creator\" content=\"@NITUmx\" \/>\n<meta name=\"twitter:site\" content=\"@Arturo_Medina_G\" \/>\n<meta name=\"twitter:label1\" content=\"Escrito por\" \/>\n\t<meta name=\"twitter:data1\" content=\"Mari Soto\" \/>\n\t<meta name=\"twitter:label2\" content=\"Tiempo de lectura\" \/>\n\t<meta name=\"twitter:data2\" content=\"2 minutos\" \/>\n<script type=\"application\/ld+json\" class=\"yoast-schema-graph\">{\"@context\":\"https:\/\/schema.org\",\"@graph\":[{\"@type\":\"Article\",\"@id\":\"https:\/\/nitu.mx\/index.php\/2019\/05\/02\/sectur-continua-con-recortes-de-directivos-y-mandos-medios\/#article\",\"isPartOf\":{\"@id\":\"https:\/\/nitu.mx\/index.php\/2019\/05\/02\/sectur-continua-con-recortes-de-directivos-y-mandos-medios\/\"},\"author\":{\"name\":\"Mari Soto\",\"@id\":\"https:\/\/nitu.mx\/#\/schema\/person\/afc52e313e27e660739556d421d3d6b4\"},\"headline\":\"Sectur contin\u00faa con recortes de directivos y mandos medios\",\"datePublished\":\"2019-05-03T03:42:14+00:00\",\"dateModified\":\"2019-05-03T05:20:24+00:00\",\"mainEntityOfPage\":{\"@id\":\"https:\/\/nitu.mx\/index.php\/2019\/05\/02\/sectur-continua-con-recortes-de-directivos-y-mandos-medios\/\"},\"wordCount\":356,\"commentCount\":0,\"publisher\":{\"@id\":\"https:\/\/nitu.mx\/#\/schema\/person\/ae7a53426417292d3dd07b45a33e01bc\"},\"image\":{\"@id\":\"https:\/\/nitu.mx\/index.php\/2019\/05\/02\/sectur-continua-con-recortes-de-directivos-y-mandos-medios\/#primaryimage\"},\"thumbnailUrl\":\"https:\/\/nitu.mx\/wp-content\/uploads\/2018\/07\/sectur.jpg\",\"keywords\":[\"Secretar\u00eda de Turismo\",\"Sectur\",\"Subsecretar\u00eda de Innovaci\u00f3n y Desarrollo Tur\u00edstico\"],\"articleSection\":[\"Marketing\"],\"inLanguage\":\"es-MX\",\"potentialAction\":[{\"@type\":\"CommentAction\",\"name\":\"Comment\",\"target\":[\"https:\/\/nitu.mx\/index.php\/2019\/05\/02\/sectur-continua-con-recortes-de-directivos-y-mandos-medios\/#respond\"]}]},{\"@type\":\"WebPage\",\"@id\":\"https:\/\/nitu.mx\/index.php\/2019\/05\/02\/sectur-continua-con-recortes-de-directivos-y-mandos-medios\/\",\"url\":\"https:\/\/nitu.mx\/index.php\/2019\/05\/02\/sectur-continua-con-recortes-de-directivos-y-mandos-medios\/\",\"name\":\"Sectur contin\u00faa con recortes de directivos y mandos medios - Nitu - Noticias de la Industria Turistica\",\"isPartOf\":{\"@id\":\"https:\/\/nitu.mx\/#website\"},\"primaryImageOfPage\":{\"@id\":\"https:\/\/nitu.mx\/index.php\/2019\/05\/02\/sectur-continua-con-recortes-de-directivos-y-mandos-medios\/#primaryimage\"},\"image\":{\"@id\":\"https:\/\/nitu.mx\/index.php\/2019\/05\/02\/sectur-continua-con-recortes-de-directivos-y-mandos-medios\/#primaryimage\"},\"thumbnailUrl\":\"https:\/\/nitu.mx\/wp-content\/uploads\/2018\/07\/sectur.jpg\",\"datePublished\":\"2019-05-03T03:42:14+00:00\",\"dateModified\":\"2019-05-03T05:20:24+00:00\",\"description\":\"Las pol\u00edticas de austeridad implementadas por el gobierno federal siguen impactando en la plantilla de dependencias como la Secretar\u00eda de Turismo (Sectur).\",\"breadcrumb\":{\"@id\":\"https:\/\/nitu.mx\/index.php\/2019\/05\/02\/sectur-continua-con-recortes-de-directivos-y-mandos-medios\/#breadcrumb\"},\"inLanguage\":\"es-MX\",\"potentialAction\":[{\"@type\":\"ReadAction\",\"target\":[\"https:\/\/nitu.mx\/index.php\/2019\/05\/02\/sectur-continua-con-recortes-de-directivos-y-mandos-medios\/\"]}]},{\"@type\":\"ImageObject\",\"inLanguage\":\"es-MX\",\"@id\":\"https:\/\/nitu.mx\/index.php\/2019\/05\/02\/sectur-continua-con-recortes-de-directivos-y-mandos-medios\/#primaryimage\",\"url\":\"https:\/\/nitu.mx\/wp-content\/uploads\/2018\/07\/sectur.jpg\",\"contentUrl\":\"https:\/\/nitu.mx\/wp-content\/uploads\/2018\/07\/sectur.jpg\",\"width\":850,\"height\":480,\"caption\":\"sectur\"},{\"@type\":\"BreadcrumbList\",\"@id\":\"https:\/\/nitu.mx\/index.php\/2019\/05\/02\/sectur-continua-con-recortes-de-directivos-y-mandos-medios\/#breadcrumb\",\"itemListElement\":[{\"@type\":\"ListItem\",\"position\":1,\"name\":\"Inicio\",\"item\":\"https:\/\/nitu.mx\/\"},{\"@type\":\"ListItem\",\"position\":2,\"name\":\"Sectur contin\u00faa con recortes de directivos y mandos medios\"}]},{\"@type\":\"WebSite\",\"@id\":\"https:\/\/nitu.mx\/#website\",\"url\":\"https:\/\/nitu.mx\/\",\"name\":\"Nitu - Noticias de la Industria Turistica\",\"description\":\"Noticias de la Industria Turistica\",\"publisher\":{\"@id\":\"https:\/\/nitu.mx\/#\/schema\/person\/ae7a53426417292d3dd07b45a33e01bc\"},\"alternateName\":\"Noticias de la Industria Turistica\",\"potentialAction\":[{\"@type\":\"SearchAction\",\"target\":{\"@type\":\"EntryPoint\",\"urlTemplate\":\"https:\/\/nitu.mx\/?s={search_term_string}\"},\"query-input\":\"required name=search_term_string\"}],\"inLanguage\":\"es-MX\"},{\"@type\":[\"Person\",\"Organization\"],\"@id\":\"https:\/\/nitu.mx\/#\/schema\/person\/ae7a53426417292d3dd07b45a33e01bc\",\"name\":\"Arturo Medina\",\"image\":{\"@type\":\"ImageObject\",\"inLanguage\":\"es-MX\",\"@id\":\"https:\/\/nitu.mx\/#\/schema\/person\/image\/\",\"url\":\"https:\/\/nitu.mx\/wp-content\/uploads\/2024\/04\/4A315622-1904-4D5C-B022-878CDC840E04-90x90-1.jpeg\",\"contentUrl\":\"https:\/\/nitu.mx\/wp-content\/uploads\/2024\/04\/4A315622-1904-4D5C-B022-878CDC840E04-90x90-1.jpeg\",\"width\":90,\"height\":90,\"caption\":\"Arturo Medina\"},\"logo\":{\"@id\":\"https:\/\/nitu.mx\/#\/schema\/person\/image\/\"},\"description\":\"Director NITU.mx, Egresado de la Escuela de Periodismo Carlos Septi\u00e9n Garc\u00eda. Periodista y analista especializado en turismo desde hace 35 a\u00f1os, radicado en Canc\u00fan Q.Roo. arturo@nitu.mx\",\"sameAs\":[\"https:\/\/nitu.mx\",\"https:\/\/www.facebook.com\/NITUmx\/\",\"medinacancun\",\"https:\/\/twitter.com\/@Arturo_Medina_G\"]},{\"@type\":\"Person\",\"@id\":\"https:\/\/nitu.mx\/#\/schema\/person\/afc52e313e27e660739556d421d3d6b4\",\"name\":\"Mari Soto\",\"image\":{\"@type\":\"ImageObject\",\"inLanguage\":\"es-MX\",\"@id\":\"https:\/\/nitu.mx\/#\/schema\/person\/image\/\",\"url\":\"https:\/\/secure.gravatar.com\/avatar\/2619c282a180a20d89fcaea82a6736e2?s=96&d=mm&r=g\",\"contentUrl\":\"https:\/\/secure.gravatar.com\/avatar\/2619c282a180a20d89fcaea82a6736e2?s=96&d=mm&r=g\",\"caption\":\"Mari Soto\"},\"sameAs\":[\"https:\/\/nitu.mx\"],\"url\":\"https:\/\/nitu.mx\/index.php\/author\/guadalupe\/\"}]}<\/script>\n<!-- \/ Yoast SEO plugin. -->","yoast_head_json":{"title":"Sectur contin\u00faa con recortes de directivos y mandos medios - Nitu - Noticias de la Industria Turistica","description":"Las pol\u00edticas de austeridad implementadas por el gobierno federal siguen impactando en la plantilla de dependencias como la Secretar\u00eda de Turismo (Sectur).","robots":{"index":"index","follow":"follow","max-snippet":"max-snippet:-1","max-image-preview":"max-image-preview:large","max-video-preview":"max-video-preview:-1"},"canonical":"https:\/\/nitu.mx\/index.php\/2019\/05\/02\/sectur-continua-con-recortes-de-directivos-y-mandos-medios\/","twitter_card":"summary_large_image","twitter_title":"Sectur contin\u00faa con recortes de directivos y mandos medios - Nitu - Noticias de la Industria Turistica","twitter_description":"Las pol\u00edticas de austeridad implementadas por el gobierno federal siguen impactando en la plantilla de dependencias como la Secretar\u00eda de Turismo (Sectur).","twitter_image":"https:\/\/nitu.mx\/wp-content\/uploads\/2018\/07\/sectur.jpg","twitter_creator":"@NITUmx","twitter_site":"@Arturo_Medina_G","twitter_misc":{"Escrito por":"Mari Soto","Tiempo de lectura":"2 minutos"},"schema":{"@context":"https:\/\/schema.org","@graph":[{"@type":"Article","@id":"https:\/\/nitu.mx\/index.php\/2019\/05\/02\/sectur-continua-con-recortes-de-directivos-y-mandos-medios\/#article","isPartOf":{"@id":"https:\/\/nitu.mx\/index.php\/2019\/05\/02\/sectur-continua-con-recortes-de-directivos-y-mandos-medios\/"},"author":{"name":"Mari Soto","@id":"https:\/\/nitu.mx\/#\/schema\/person\/afc52e313e27e660739556d421d3d6b4"},"headline":"Sectur contin\u00faa con recortes de directivos y mandos medios","datePublished":"2019-05-03T03:42:14+00:00","dateModified":"2019-05-03T05:20:24+00:00","mainEntityOfPage":{"@id":"https:\/\/nitu.mx\/index.php\/2019\/05\/02\/sectur-continua-con-recortes-de-directivos-y-mandos-medios\/"},"wordCount":356,"commentCount":0,"publisher":{"@id":"https:\/\/nitu.mx\/#\/schema\/person\/ae7a53426417292d3dd07b45a33e01bc"},"image":{"@id":"https:\/\/nitu.mx\/index.php\/2019\/05\/02\/sectur-continua-con-recortes-de-directivos-y-mandos-medios\/#primaryimage"},"thumbnailUrl":"https:\/\/nitu.mx\/wp-content\/uploads\/2018\/07\/sectur.jpg","keywords":["Secretar\u00eda de Turismo","Sectur","Subsecretar\u00eda de Innovaci\u00f3n y Desarrollo Tur\u00edstico"],"articleSection":["Marketing"],"inLanguage":"es-MX","potentialAction":[{"@type":"CommentAction","name":"Comment","target":["https:\/\/nitu.mx\/index.php\/2019\/05\/02\/sectur-continua-con-recortes-de-directivos-y-mandos-medios\/#respond"]}]},{"@type":"WebPage","@id":"https:\/\/nitu.mx\/index.php\/2019\/05\/02\/sectur-continua-con-recortes-de-directivos-y-mandos-medios\/","url":"https:\/\/nitu.mx\/index.php\/2019\/05\/02\/sectur-continua-con-recortes-de-directivos-y-mandos-medios\/","name":"Sectur contin\u00faa con recortes de directivos y mandos medios - Nitu - Noticias de la Industria Turistica","isPartOf":{"@id":"https:\/\/nitu.mx\/#website"},"primaryImageOfPage":{"@id":"https:\/\/nitu.mx\/index.php\/2019\/05\/02\/sectur-continua-con-recortes-de-directivos-y-mandos-medios\/#primaryimage"},"image":{"@id":"https:\/\/nitu.mx\/index.php\/2019\/05\/02\/sectur-continua-con-recortes-de-directivos-y-mandos-medios\/#primaryimage"},"thumbnailUrl":"https:\/\/nitu.mx\/wp-content\/uploads\/2018\/07\/sectur.jpg","datePublished":"2019-05-03T03:42:14+00:00","dateModified":"2019-05-03T05:20:24+00:00","description":"Las pol\u00edticas de austeridad implementadas por el gobierno federal siguen impactando en la plantilla de dependencias como la Secretar\u00eda de Turismo (Sectur).","breadcrumb":{"@id":"https:\/\/nitu.mx\/index.php\/2019\/05\/02\/sectur-continua-con-recortes-de-directivos-y-mandos-medios\/#breadcrumb"},"inLanguage":"es-MX","potentialAction":[{"@type":"ReadAction","target":["https:\/\/nitu.mx\/index.php\/2019\/05\/02\/sectur-continua-con-recortes-de-directivos-y-mandos-medios\/"]}]},{"@type":"ImageObject","inLanguage":"es-MX","@id":"https:\/\/nitu.mx\/index.php\/2019\/05\/02\/sectur-continua-con-recortes-de-directivos-y-mandos-medios\/#primaryimage","url":"https:\/\/nitu.mx\/wp-content\/uploads\/2018\/07\/sectur.jpg","contentUrl":"https:\/\/nitu.mx\/wp-content\/uploads\/2018\/07\/sectur.jpg","width":850,"height":480,"caption":"sectur"},{"@type":"BreadcrumbList","@id":"https:\/\/nitu.mx\/index.php\/2019\/05\/02\/sectur-continua-con-recortes-de-directivos-y-mandos-medios\/#breadcrumb","itemListElement":[{"@type":"ListItem","position":1,"name":"Inicio","item":"https:\/\/nitu.mx\/"},{"@type":"ListItem","position":2,"name":"Sectur contin\u00faa con recortes de directivos y mandos medios"}]},{"@type":"WebSite","@id":"https:\/\/nitu.mx\/#website","url":"https:\/\/nitu.mx\/","name":"Nitu - Noticias de la Industria Turistica","description":"Noticias de la Industria Turistica","publisher":{"@id":"https:\/\/nitu.mx\/#\/schema\/person\/ae7a53426417292d3dd07b45a33e01bc"},"alternateName":"Noticias de la Industria Turistica","potentialAction":[{"@type":"SearchAction","target":{"@type":"EntryPoint","urlTemplate":"https:\/\/nitu.mx\/?s={search_term_string}"},"query-input":"required name=search_term_string"}],"inLanguage":"es-MX"},{"@type":["Person","Organization"],"@id":"https:\/\/nitu.mx\/#\/schema\/person\/ae7a53426417292d3dd07b45a33e01bc","name":"Arturo Medina","image":{"@type":"ImageObject","inLanguage":"es-MX","@id":"https:\/\/nitu.mx\/#\/schema\/person\/image\/","url":"https:\/\/nitu.mx\/wp-content\/uploads\/2024\/04\/4A315622-1904-4D5C-B022-878CDC840E04-90x90-1.jpeg","contentUrl":"https:\/\/nitu.mx\/wp-content\/uploads\/2024\/04\/4A315622-1904-4D5C-B022-878CDC840E04-90x90-1.jpeg","width":90,"height":90,"caption":"Arturo Medina"},"logo":{"@id":"https:\/\/nitu.mx\/#\/schema\/person\/image\/"},"description":"Director NITU.mx, Egresado de la Escuela de Periodismo Carlos Septi\u00e9n Garc\u00eda. Periodista y analista especializado en turismo desde hace 35 a\u00f1os, radicado en Canc\u00fan Q.Roo. arturo@nitu.mx","sameAs":["https:\/\/nitu.mx","https:\/\/www.facebook.com\/NITUmx\/","medinacancun","https:\/\/twitter.com\/@Arturo_Medina_G"]},{"@type":"Person","@id":"https:\/\/nitu.mx\/#\/schema\/person\/afc52e313e27e660739556d421d3d6b4","name":"Mari Soto","image":{"@type":"ImageObject","inLanguage":"es-MX","@id":"https:\/\/nitu.mx\/#\/schema\/person\/image\/","url":"https:\/\/secure.gravatar.com\/avatar\/2619c282a180a20d89fcaea82a6736e2?s=96&d=mm&r=g","contentUrl":"https:\/\/secure.gravatar.com\/avatar\/2619c282a180a20d89fcaea82a6736e2?s=96&d=mm&r=g","caption":"Mari Soto"},"sameAs":["https:\/\/nitu.mx"],"url":"https:\/\/nitu.mx\/index.php\/author\/guadalupe\/"}]}},"views":433,"_links":{"self":[{"href":"https:\/\/nitu.mx\/index.php\/wp-json\/wp\/v2\/posts\/31645"}],"collection":[{"href":"https:\/\/nitu.mx\/index.php\/wp-json\/wp\/v2\/posts"}],"about":[{"href":"https:\/\/nitu.mx\/index.php\/wp-json\/wp\/v2\/types\/post"}],"author":[{"embeddable":true,"href":"https:\/\/nitu.mx\/index.php\/wp-json\/wp\/v2\/users\/5"}],"replies":[{"embeddable":true,"href":"https:\/\/nitu.mx\/index.php\/wp-json\/wp\/v2\/comments?post=31645"}],"version-history":[{"count":2,"href":"https:\/\/nitu.mx\/index.php\/wp-json\/wp\/v2\/posts\/31645\/revisions"}],"predecessor-version":[{"id":31647,"href":"https:\/\/nitu.mx\/index.php\/wp-json\/wp\/v2\/posts\/31645\/revisions\/31647"}],"wp:featuredmedia":[{"embeddable":true,"href":"https:\/\/nitu.mx\/index.php\/wp-json\/wp\/v2\/media\/23088"}],"wp:attachment":[{"href":"https:\/\/nitu.mx\/index.php\/wp-json\/wp\/v2\/media?parent=31645"}],"wp:term":[{"taxonomy":"category","embeddable":true,"href":"https:\/\/nitu.mx\/index.php\/wp-json\/wp\/v2\/categories?post=31645"},{"taxonomy":"post_tag","embeddable":true,"href":"https:\/\/nitu.mx\/index.php\/wp-json\/wp\/v2\/tags?post=31645"}],"curies":[{"name":"wp","href":"https:\/\/api.w.org\/{rel}","templated":true}]}}