{"id":3150,"date":"2016-10-20T14:11:00","date_gmt":"2016-10-20T19:11:00","guid":{"rendered":"http:\/\/www.dev.nitu.mx\/?p=3150"},"modified":"2016-10-21T00:25:45","modified_gmt":"2016-10-21T05:25:45","slug":"recorte-a-la-cdmex-afectara-desarrollo-del-turismo-torruco","status":"publish","type":"post","link":"https:\/\/nitu.mx\/index.php\/2016\/10\/20\/recorte-a-la-cdmex-afectara-desarrollo-del-turismo-torruco\/","title":{"rendered":"Recorte a presupuesto de la CDMX afectar\u00e1 desarrollo del turismo: Torruco"},"content":{"rendered":"<p>El recorte presupuestal a la Ciudad de M\u00e9xico, de 4 mil 200 millones de pesos, que se prev\u00e9 en el Proyecto de Presupuesto de Egresos de la Federaci\u00f3n (PPEF) para el 2017, afectar\u00eda el rumbo de la actividad tur\u00edstica, que a lo largo de la presente administraci\u00f3n ha mostrado un significativo crecimiento en materia de flujo tur\u00edstico, derrama econ\u00f3mica, empleo, inversi\u00f3n, ocupaci\u00f3n hotelera y oferta de productos tur\u00edsticos.<\/p>\n<p>As\u00ed lo refiri\u00f3 el titular de la secretar\u00eda de Turismo de la Ciudad de M\u00e9xico (Sectur-CDMX), Miguel Torruco Marqu\u00e9s, durante su comparecencia ante las comisiones de Turismo y de Fomento Econ\u00f3mico de la Asamblea Legislativa del Distrito Federal (ALDF), con motivo de la glosa del cuarto informe del jefe de Gobierno, Miguel \u00c1ngel Mancera.<\/p>\n<p>Agreg\u00f3 que la Sectur-CDMX ocupa el \u00faltimo lugar entre las secretar\u00edas del gobierno de la ciudad en cuanto al importe del presupuesto autorizado este a\u00f1o, el cual represent\u00f3 0.16 por ciento del total asignado.<\/p>\n<p>\u201cEstoy acostumbrado a ser el \u00faltimo lugar en presupuesto; no soy chill\u00f3n, como me tocan bailo. Cuando el primer a\u00f1o no hab\u00eda presupuesto, cuando pr\u00e1cticamente hab\u00eda que ser m\u00e1s creativos, creamos Disfruta Ciudad de M\u00e9xico y \u00bfqu\u00e9 fue Disfruta Ciudad de M\u00e9xico?, pues simplemente la participaci\u00f3n del sector privado para firmar convenios de colaboraci\u00f3n para hacer descuentos para el fin de semana y elevar el fin de semana, que era donde se resent\u00eda el porcentaje\u201d, expres\u00f3, consigna El Economista.<\/p>\n","protected":false},"excerpt":{"rendered":"<p>El recorte presupuestal a la Ciudad de M\u00e9xico, de 4 mil 200 millones de pesos, que se prev\u00e9 en el Proyecto de Presupuesto de Egresos de la Federaci\u00f3n (PPEF) para el 2017, afectar\u00eda el rumbo de la actividad tur\u00edstica, que a lo largo de la presente administraci\u00f3n ha mostrado un significativo crecimiento en materia de [&hellip;]<\/p>\n","protected":false},"author":3,"featured_media":3152,"comment_status":"open","ping_status":"open","sticky":false,"template":"","format":"standard","meta":{"footnotes":""},"categories":[5,12],"tags":[1241,1238,1240,1239],"yoast_head":"<!-- This site is optimized with the Yoast SEO plugin v22.2 - https:\/\/yoast.com\/wordpress\/plugins\/seo\/ -->\n<title>Recorte a presupuesto de la CDMX afectar\u00e1 desarrollo del turismo: Torruco - Nitu - Noticias de la Industria Turistica<\/title>\n<meta name=\"description\" content=\"El recorte al presupuesto de la CDMX, de 4 mil 200 millones de pesos, que se prev\u00e9 para el 2017, afectar\u00eda el rumbo de la actividad tur\u00edstica.\" \/>\n<meta name=\"robots\" content=\"index, follow, max-snippet:-1, max-image-preview:large, max-video-preview:-1\" \/>\n<link rel=\"canonical\" href=\"https:\/\/nitu.mx\/index.php\/2016\/10\/20\/recorte-a-la-cdmex-afectara-desarrollo-del-turismo-torruco\/\" \/>\n<meta name=\"twitter:card\" content=\"summary_large_image\" \/>\n<meta name=\"twitter:title\" content=\"Recorte a presupuesto de la CDMX afectar\u00e1 desarrollo del turismo: Torruco - Nitu - Noticias de la Industria Turistica\" \/>\n<meta name=\"twitter:description\" content=\"El recorte al presupuesto de la CDMX, de 4 mil 200 millones de pesos, que se prev\u00e9 para el 2017, afectar\u00eda el rumbo de la actividad tur\u00edstica.\" \/>\n<meta name=\"twitter:image\" content=\"https:\/\/nitu.mx\/wp-content\/uploads\/2016\/10\/imp-Torruco.jpg\" \/>\n<meta name=\"twitter:creator\" content=\"@NITUmx\" \/>\n<meta name=\"twitter:site\" content=\"@Arturo_Medina_G\" \/>\n<meta name=\"twitter:label1\" content=\"Escrito por\" \/>\n\t<meta name=\"twitter:data1\" content=\"Alejandra Moncisbays\" \/>\n\t<meta name=\"twitter:label2\" content=\"Tiempo de lectura\" \/>\n\t<meta name=\"twitter:data2\" content=\"1 minuto\" \/>\n<script type=\"application\/ld+json\" class=\"yoast-schema-graph\">{\"@context\":\"https:\/\/schema.org\",\"@graph\":[{\"@type\":\"Article\",\"@id\":\"https:\/\/nitu.mx\/index.php\/2016\/10\/20\/recorte-a-la-cdmex-afectara-desarrollo-del-turismo-torruco\/#article\",\"isPartOf\":{\"@id\":\"https:\/\/nitu.mx\/index.php\/2016\/10\/20\/recorte-a-la-cdmex-afectara-desarrollo-del-turismo-torruco\/\"},\"author\":{\"name\":\"Alejandra Moncisbays\",\"@id\":\"https:\/\/nitu.mx\/#\/schema\/person\/2ecd887b19dfd3382d1f14fc5acf24a8\"},\"headline\":\"Recorte a presupuesto de la CDMX afectar\u00e1 desarrollo del turismo: Torruco\",\"datePublished\":\"2016-10-20T19:11:00+00:00\",\"dateModified\":\"2016-10-21T05:25:45+00:00\",\"mainEntityOfPage\":{\"@id\":\"https:\/\/nitu.mx\/index.php\/2016\/10\/20\/recorte-a-la-cdmex-afectara-desarrollo-del-turismo-torruco\/\"},\"wordCount\":269,\"commentCount\":0,\"publisher\":{\"@id\":\"https:\/\/nitu.mx\/#\/schema\/person\/ae7a53426417292d3dd07b45a33e01bc\"},\"image\":{\"@id\":\"https:\/\/nitu.mx\/index.php\/2016\/10\/20\/recorte-a-la-cdmex-afectara-desarrollo-del-turismo-torruco\/#primaryimage\"},\"thumbnailUrl\":\"https:\/\/nitu.mx\/wp-content\/uploads\/2016\/10\/imp-Torruco.jpg\",\"keywords\":[\"ALDF\",\"Miguel Torruco Marqu\u00e9s\",\"Secretar\u00eda de Turismo de la Ciudad de M\u00e9xico\",\"Sectur-CDMX\"],\"articleSection\":[\"Destinos\",\"Marketing\"],\"inLanguage\":\"es-MX\",\"potentialAction\":[{\"@type\":\"CommentAction\",\"name\":\"Comment\",\"target\":[\"https:\/\/nitu.mx\/index.php\/2016\/10\/20\/recorte-a-la-cdmex-afectara-desarrollo-del-turismo-torruco\/#respond\"]}]},{\"@type\":\"WebPage\",\"@id\":\"https:\/\/nitu.mx\/index.php\/2016\/10\/20\/recorte-a-la-cdmex-afectara-desarrollo-del-turismo-torruco\/\",\"url\":\"https:\/\/nitu.mx\/index.php\/2016\/10\/20\/recorte-a-la-cdmex-afectara-desarrollo-del-turismo-torruco\/\",\"name\":\"Recorte a presupuesto de la CDMX afectar\u00e1 desarrollo del turismo: Torruco - Nitu - Noticias de la Industria Turistica\",\"isPartOf\":{\"@id\":\"https:\/\/nitu.mx\/#website\"},\"primaryImageOfPage\":{\"@id\":\"https:\/\/nitu.mx\/index.php\/2016\/10\/20\/recorte-a-la-cdmex-afectara-desarrollo-del-turismo-torruco\/#primaryimage\"},\"image\":{\"@id\":\"https:\/\/nitu.mx\/index.php\/2016\/10\/20\/recorte-a-la-cdmex-afectara-desarrollo-del-turismo-torruco\/#primaryimage\"},\"thumbnailUrl\":\"https:\/\/nitu.mx\/wp-content\/uploads\/2016\/10\/imp-Torruco.jpg\",\"datePublished\":\"2016-10-20T19:11:00+00:00\",\"dateModified\":\"2016-10-21T05:25:45+00:00\",\"description\":\"El recorte al presupuesto de la CDMX, de 4 mil 200 millones de pesos, que se prev\u00e9 para el 2017, afectar\u00eda el rumbo de la actividad tur\u00edstica.\",\"breadcrumb\":{\"@id\":\"https:\/\/nitu.mx\/index.php\/2016\/10\/20\/recorte-a-la-cdmex-afectara-desarrollo-del-turismo-torruco\/#breadcrumb\"},\"inLanguage\":\"es-MX\",\"potentialAction\":[{\"@type\":\"ReadAction\",\"target\":[\"https:\/\/nitu.mx\/index.php\/2016\/10\/20\/recorte-a-la-cdmex-afectara-desarrollo-del-turismo-torruco\/\"]}]},{\"@type\":\"ImageObject\",\"inLanguage\":\"es-MX\",\"@id\":\"https:\/\/nitu.mx\/index.php\/2016\/10\/20\/recorte-a-la-cdmex-afectara-desarrollo-del-turismo-torruco\/#primaryimage\",\"url\":\"https:\/\/nitu.mx\/wp-content\/uploads\/2016\/10\/imp-Torruco.jpg\",\"contentUrl\":\"https:\/\/nitu.mx\/wp-content\/uploads\/2016\/10\/imp-Torruco.jpg\",\"width\":615,\"height\":400},{\"@type\":\"BreadcrumbList\",\"@id\":\"https:\/\/nitu.mx\/index.php\/2016\/10\/20\/recorte-a-la-cdmex-afectara-desarrollo-del-turismo-torruco\/#breadcrumb\",\"itemListElement\":[{\"@type\":\"ListItem\",\"position\":1,\"name\":\"Inicio\",\"item\":\"https:\/\/nitu.mx\/\"},{\"@type\":\"ListItem\",\"position\":2,\"name\":\"Recorte a presupuesto de la CDMX afectar\u00e1 desarrollo del turismo: Torruco\"}]},{\"@type\":\"WebSite\",\"@id\":\"https:\/\/nitu.mx\/#website\",\"url\":\"https:\/\/nitu.mx\/\",\"name\":\"Nitu - Noticias de la Industria Turistica\",\"description\":\"Noticias de la Industria Turistica\",\"publisher\":{\"@id\":\"https:\/\/nitu.mx\/#\/schema\/person\/ae7a53426417292d3dd07b45a33e01bc\"},\"alternateName\":\"Noticias de la Industria Turistica\",\"potentialAction\":[{\"@type\":\"SearchAction\",\"target\":{\"@type\":\"EntryPoint\",\"urlTemplate\":\"https:\/\/nitu.mx\/?s={search_term_string}\"},\"query-input\":\"required name=search_term_string\"}],\"inLanguage\":\"es-MX\"},{\"@type\":[\"Person\",\"Organization\"],\"@id\":\"https:\/\/nitu.mx\/#\/schema\/person\/ae7a53426417292d3dd07b45a33e01bc\",\"name\":\"Arturo Medina\",\"image\":{\"@type\":\"ImageObject\",\"inLanguage\":\"es-MX\",\"@id\":\"https:\/\/nitu.mx\/#\/schema\/person\/image\/\",\"url\":\"https:\/\/nitu.mx\/wp-content\/uploads\/2024\/04\/4A315622-1904-4D5C-B022-878CDC840E04-90x90-1.jpeg\",\"contentUrl\":\"https:\/\/nitu.mx\/wp-content\/uploads\/2024\/04\/4A315622-1904-4D5C-B022-878CDC840E04-90x90-1.jpeg\",\"width\":90,\"height\":90,\"caption\":\"Arturo Medina\"},\"logo\":{\"@id\":\"https:\/\/nitu.mx\/#\/schema\/person\/image\/\"},\"description\":\"Director NITU.mx, Egresado de la Escuela de Periodismo Carlos Septi\u00e9n Garc\u00eda. Periodista y analista especializado en turismo desde hace 35 a\u00f1os, radicado en Canc\u00fan Q.Roo. arturo@nitu.mx\",\"sameAs\":[\"https:\/\/nitu.mx\",\"https:\/\/www.facebook.com\/NITUmx\/\",\"medinacancun\",\"https:\/\/twitter.com\/@Arturo_Medina_G\"]},{\"@type\":\"Person\",\"@id\":\"https:\/\/nitu.mx\/#\/schema\/person\/2ecd887b19dfd3382d1f14fc5acf24a8\",\"name\":\"Alejandra Moncisbays\",\"image\":{\"@type\":\"ImageObject\",\"inLanguage\":\"es-MX\",\"@id\":\"https:\/\/nitu.mx\/#\/schema\/person\/image\/\",\"url\":\"https:\/\/secure.gravatar.com\/avatar\/e74f7af0be172b7804dacfd0bfbef787?s=96&d=mm&r=g\",\"contentUrl\":\"https:\/\/secure.gravatar.com\/avatar\/e74f7af0be172b7804dacfd0bfbef787?s=96&d=mm&r=g\",\"caption\":\"Alejandra Moncisbays\"},\"description\":\"Curs\u00e9 la carrera de Periodismo y Comunicaci\u00f3n en la Facultad de Estudios Profesionales Acatl\u00e1n. Vivo en Canc\u00fan desde hace 24 a\u00f1os. Fui reportera de La Tarde de Canc\u00fan, y Novedades de Quintana Roo, colabor\u00e9 en TVCUN, edit\u00e9 Cancun\u00edssimo y colabor\u00e9 en las revistas Latitud21, entre otras, con principal enfoque en los sectores empresarial y tur\u00edstico. Desde hace varios a\u00f1os soy Agente de Seguros con c\u00e9dula de la Comisi\u00f3n Nacional de Seguros y Fianzas. Actualmente, me desarrollo en los \u00e1mbitos del periodismo y el sector asegurador.\",\"sameAs\":[\"https:\/\/nitu.mx\"],\"url\":\"https:\/\/nitu.mx\/index.php\/author\/alejandra\/\"}]}<\/script>\n<!-- \/ Yoast SEO plugin. -->","yoast_head_json":{"title":"Recorte a presupuesto de la CDMX afectar\u00e1 desarrollo del turismo: Torruco - Nitu - Noticias de la Industria Turistica","description":"El recorte al presupuesto de la CDMX, de 4 mil 200 millones de pesos, que se prev\u00e9 para el 2017, afectar\u00eda el rumbo de la actividad tur\u00edstica.","robots":{"index":"index","follow":"follow","max-snippet":"max-snippet:-1","max-image-preview":"max-image-preview:large","max-video-preview":"max-video-preview:-1"},"canonical":"https:\/\/nitu.mx\/index.php\/2016\/10\/20\/recorte-a-la-cdmex-afectara-desarrollo-del-turismo-torruco\/","twitter_card":"summary_large_image","twitter_title":"Recorte a presupuesto de la CDMX afectar\u00e1 desarrollo del turismo: Torruco - Nitu - Noticias de la Industria Turistica","twitter_description":"El recorte al presupuesto de la CDMX, de 4 mil 200 millones de pesos, que se prev\u00e9 para el 2017, afectar\u00eda el rumbo de la actividad tur\u00edstica.","twitter_image":"https:\/\/nitu.mx\/wp-content\/uploads\/2016\/10\/imp-Torruco.jpg","twitter_creator":"@NITUmx","twitter_site":"@Arturo_Medina_G","twitter_misc":{"Escrito por":"Alejandra Moncisbays","Tiempo de lectura":"1 minuto"},"schema":{"@context":"https:\/\/schema.org","@graph":[{"@type":"Article","@id":"https:\/\/nitu.mx\/index.php\/2016\/10\/20\/recorte-a-la-cdmex-afectara-desarrollo-del-turismo-torruco\/#article","isPartOf":{"@id":"https:\/\/nitu.mx\/index.php\/2016\/10\/20\/recorte-a-la-cdmex-afectara-desarrollo-del-turismo-torruco\/"},"author":{"name":"Alejandra Moncisbays","@id":"https:\/\/nitu.mx\/#\/schema\/person\/2ecd887b19dfd3382d1f14fc5acf24a8"},"headline":"Recorte a presupuesto de la CDMX afectar\u00e1 desarrollo del turismo: Torruco","datePublished":"2016-10-20T19:11:00+00:00","dateModified":"2016-10-21T05:25:45+00:00","mainEntityOfPage":{"@id":"https:\/\/nitu.mx\/index.php\/2016\/10\/20\/recorte-a-la-cdmex-afectara-desarrollo-del-turismo-torruco\/"},"wordCount":269,"commentCount":0,"publisher":{"@id":"https:\/\/nitu.mx\/#\/schema\/person\/ae7a53426417292d3dd07b45a33e01bc"},"image":{"@id":"https:\/\/nitu.mx\/index.php\/2016\/10\/20\/recorte-a-la-cdmex-afectara-desarrollo-del-turismo-torruco\/#primaryimage"},"thumbnailUrl":"https:\/\/nitu.mx\/wp-content\/uploads\/2016\/10\/imp-Torruco.jpg","keywords":["ALDF","Miguel Torruco Marqu\u00e9s","Secretar\u00eda de Turismo de la Ciudad de M\u00e9xico","Sectur-CDMX"],"articleSection":["Destinos","Marketing"],"inLanguage":"es-MX","potentialAction":[{"@type":"CommentAction","name":"Comment","target":["https:\/\/nitu.mx\/index.php\/2016\/10\/20\/recorte-a-la-cdmex-afectara-desarrollo-del-turismo-torruco\/#respond"]}]},{"@type":"WebPage","@id":"https:\/\/nitu.mx\/index.php\/2016\/10\/20\/recorte-a-la-cdmex-afectara-desarrollo-del-turismo-torruco\/","url":"https:\/\/nitu.mx\/index.php\/2016\/10\/20\/recorte-a-la-cdmex-afectara-desarrollo-del-turismo-torruco\/","name":"Recorte a presupuesto de la CDMX afectar\u00e1 desarrollo del turismo: Torruco - Nitu - Noticias de la Industria Turistica","isPartOf":{"@id":"https:\/\/nitu.mx\/#website"},"primaryImageOfPage":{"@id":"https:\/\/nitu.mx\/index.php\/2016\/10\/20\/recorte-a-la-cdmex-afectara-desarrollo-del-turismo-torruco\/#primaryimage"},"image":{"@id":"https:\/\/nitu.mx\/index.php\/2016\/10\/20\/recorte-a-la-cdmex-afectara-desarrollo-del-turismo-torruco\/#primaryimage"},"thumbnailUrl":"https:\/\/nitu.mx\/wp-content\/uploads\/2016\/10\/imp-Torruco.jpg","datePublished":"2016-10-20T19:11:00+00:00","dateModified":"2016-10-21T05:25:45+00:00","description":"El recorte al presupuesto de la CDMX, de 4 mil 200 millones de pesos, que se prev\u00e9 para el 2017, afectar\u00eda el rumbo de la actividad tur\u00edstica.","breadcrumb":{"@id":"https:\/\/nitu.mx\/index.php\/2016\/10\/20\/recorte-a-la-cdmex-afectara-desarrollo-del-turismo-torruco\/#breadcrumb"},"inLanguage":"es-MX","potentialAction":[{"@type":"ReadAction","target":["https:\/\/nitu.mx\/index.php\/2016\/10\/20\/recorte-a-la-cdmex-afectara-desarrollo-del-turismo-torruco\/"]}]},{"@type":"ImageObject","inLanguage":"es-MX","@id":"https:\/\/nitu.mx\/index.php\/2016\/10\/20\/recorte-a-la-cdmex-afectara-desarrollo-del-turismo-torruco\/#primaryimage","url":"https:\/\/nitu.mx\/wp-content\/uploads\/2016\/10\/imp-Torruco.jpg","contentUrl":"https:\/\/nitu.mx\/wp-content\/uploads\/2016\/10\/imp-Torruco.jpg","width":615,"height":400},{"@type":"BreadcrumbList","@id":"https:\/\/nitu.mx\/index.php\/2016\/10\/20\/recorte-a-la-cdmex-afectara-desarrollo-del-turismo-torruco\/#breadcrumb","itemListElement":[{"@type":"ListItem","position":1,"name":"Inicio","item":"https:\/\/nitu.mx\/"},{"@type":"ListItem","position":2,"name":"Recorte a presupuesto de la CDMX afectar\u00e1 desarrollo del turismo: Torruco"}]},{"@type":"WebSite","@id":"https:\/\/nitu.mx\/#website","url":"https:\/\/nitu.mx\/","name":"Nitu - Noticias de la Industria Turistica","description":"Noticias de la Industria Turistica","publisher":{"@id":"https:\/\/nitu.mx\/#\/schema\/person\/ae7a53426417292d3dd07b45a33e01bc"},"alternateName":"Noticias de la Industria Turistica","potentialAction":[{"@type":"SearchAction","target":{"@type":"EntryPoint","urlTemplate":"https:\/\/nitu.mx\/?s={search_term_string}"},"query-input":"required name=search_term_string"}],"inLanguage":"es-MX"},{"@type":["Person","Organization"],"@id":"https:\/\/nitu.mx\/#\/schema\/person\/ae7a53426417292d3dd07b45a33e01bc","name":"Arturo Medina","image":{"@type":"ImageObject","inLanguage":"es-MX","@id":"https:\/\/nitu.mx\/#\/schema\/person\/image\/","url":"https:\/\/nitu.mx\/wp-content\/uploads\/2024\/04\/4A315622-1904-4D5C-B022-878CDC840E04-90x90-1.jpeg","contentUrl":"https:\/\/nitu.mx\/wp-content\/uploads\/2024\/04\/4A315622-1904-4D5C-B022-878CDC840E04-90x90-1.jpeg","width":90,"height":90,"caption":"Arturo Medina"},"logo":{"@id":"https:\/\/nitu.mx\/#\/schema\/person\/image\/"},"description":"Director NITU.mx, Egresado de la Escuela de Periodismo Carlos Septi\u00e9n Garc\u00eda. Periodista y analista especializado en turismo desde hace 35 a\u00f1os, radicado en Canc\u00fan Q.Roo. arturo@nitu.mx","sameAs":["https:\/\/nitu.mx","https:\/\/www.facebook.com\/NITUmx\/","medinacancun","https:\/\/twitter.com\/@Arturo_Medina_G"]},{"@type":"Person","@id":"https:\/\/nitu.mx\/#\/schema\/person\/2ecd887b19dfd3382d1f14fc5acf24a8","name":"Alejandra Moncisbays","image":{"@type":"ImageObject","inLanguage":"es-MX","@id":"https:\/\/nitu.mx\/#\/schema\/person\/image\/","url":"https:\/\/secure.gravatar.com\/avatar\/e74f7af0be172b7804dacfd0bfbef787?s=96&d=mm&r=g","contentUrl":"https:\/\/secure.gravatar.com\/avatar\/e74f7af0be172b7804dacfd0bfbef787?s=96&d=mm&r=g","caption":"Alejandra Moncisbays"},"description":"Curs\u00e9 la carrera de Periodismo y Comunicaci\u00f3n en la Facultad de Estudios Profesionales Acatl\u00e1n. Vivo en Canc\u00fan desde hace 24 a\u00f1os. Fui reportera de La Tarde de Canc\u00fan, y Novedades de Quintana Roo, colabor\u00e9 en TVCUN, edit\u00e9 Cancun\u00edssimo y colabor\u00e9 en las revistas Latitud21, entre otras, con principal enfoque en los sectores empresarial y tur\u00edstico. Desde hace varios a\u00f1os soy Agente de Seguros con c\u00e9dula de la Comisi\u00f3n Nacional de Seguros y Fianzas. Actualmente, me desarrollo en los \u00e1mbitos del periodismo y el sector asegurador.","sameAs":["https:\/\/nitu.mx"],"url":"https:\/\/nitu.mx\/index.php\/author\/alejandra\/"}]}},"views":243,"_links":{"self":[{"href":"https:\/\/nitu.mx\/index.php\/wp-json\/wp\/v2\/posts\/3150"}],"collection":[{"href":"https:\/\/nitu.mx\/index.php\/wp-json\/wp\/v2\/posts"}],"about":[{"href":"https:\/\/nitu.mx\/index.php\/wp-json\/wp\/v2\/types\/post"}],"author":[{"embeddable":true,"href":"https:\/\/nitu.mx\/index.php\/wp-json\/wp\/v2\/users\/3"}],"replies":[{"embeddable":true,"href":"https:\/\/nitu.mx\/index.php\/wp-json\/wp\/v2\/comments?post=3150"}],"version-history":[{"count":4,"href":"https:\/\/nitu.mx\/index.php\/wp-json\/wp\/v2\/posts\/3150\/revisions"}],"predecessor-version":[{"id":3161,"href":"https:\/\/nitu.mx\/index.php\/wp-json\/wp\/v2\/posts\/3150\/revisions\/3161"}],"wp:featuredmedia":[{"embeddable":true,"href":"https:\/\/nitu.mx\/index.php\/wp-json\/wp\/v2\/media\/3152"}],"wp:attachment":[{"href":"https:\/\/nitu.mx\/index.php\/wp-json\/wp\/v2\/media?parent=3150"}],"wp:term":[{"taxonomy":"category","embeddable":true,"href":"https:\/\/nitu.mx\/index.php\/wp-json\/wp\/v2\/categories?post=3150"},{"taxonomy":"post_tag","embeddable":true,"href":"https:\/\/nitu.mx\/index.php\/wp-json\/wp\/v2\/tags?post=3150"}],"curies":[{"name":"wp","href":"https:\/\/api.w.org\/{rel}","templated":true}]}}