{"id":31467,"date":"2019-04-26T00:36:34","date_gmt":"2019-04-26T05:36:34","guid":{"rendered":"https:\/\/www.dev.nitu.mx\/?p=31467"},"modified":"2019-04-26T00:39:28","modified_gmt":"2019-04-26T05:39:28","slug":"cancun-sin-sargazo-recale-en-riviera-maya-en-tanto-se-estudia-llevar-el-tema-a-acuerdo-presidencial","status":"publish","type":"post","link":"https:\/\/nitu.mx\/index.php\/2019\/04\/26\/cancun-sin-sargazo-recale-en-riviera-maya-en-tanto-se-estudia-llevar-el-tema-a-acuerdo-presidencial\/","title":{"rendered":"Canc\u00fan sin sargazo, recale en Riviera Maya en tanto se estudia llevar el tema a acuerdo presidencial"},"content":{"rendered":"<p>Como la Red de Monitoreo del sargazo lo anticip\u00f3 grandes cantidades de sargazo cubren hoy las playas de la Riviera Maya. En tanto, el gobierno federal estudia la posibilidad de elevar el tema del sargazo a un Acuerdo Presidencial, inform\u00f3 Marisol Vanegas P\u00e9rez, Secretaria de Turismo de Quintana Roo (Sectur).<\/p>\n<p>Se estima que s\u00f3lo en Playa del Carmen han recalado en las \u00faltimas 24 horas, m\u00e1s de 200 toneladas de esta plaga.<br \/>\nEl organismo hizo un llamado urgente a los tres niveles de gobierno, para que ya le den soluci\u00f3n a este grave problema que afecta a los ecosistemas costeros y a la industria tur\u00edstica de Canc\u00fan y la Riviera Maya.<\/p>\n<p>Por otra parte, Marisol Vanegas P\u00e9rez, refiri\u00f3 que tras una reuni\u00f3n con autoridades federales se estudia la posibilidad de elevar el tema del sargazo a un Acuerdo Presidencial, lo que permitir\u00eda acceder a mayores recursos.<\/p>\n<p>Asimismo, se present\u00f3 la estrategia que sigue Quintana Roo en su lucha con el problema ya que el gobernador Carlos Joaqu\u00edn Gonz\u00e1lez ha delineado un plan de acci\u00f3n en el que los 450 kil\u00f3metros de litoral quintanarroense que tienen afectaci\u00f3n de sargazo se dividen en seis zonas que son atendidas personalmente por miembros del gabinete del gobierno estatal. (<a title=\"Perdona sargazo las playas de Quintana Roo en Semana Santa\" href=\"https:\/\/www.dev.nitu.mx\/index.php\/2019\/04\/24\/perdona-sargazo-las-playas-de-quintana-roo-en-semana-santa\/\" rel=\"bookmark\">Perdona sargazo las playas de Quintana Roo en Semana Santa<\/a>).<\/p>\n<p>Estos a sus vez les presentan a los empresarios de cada zona el Protocolo de contenci\u00f3n, limpieza y disposici\u00f3n final del sargazo. As\u00ed como las tarifas de los camiones que sacan el sargazo y los lugares espec\u00edficos en donde se puede colocar el alga.<\/p>\n<p>Destac\u00f3 que la parte marina est\u00e1 vinculada al anuncio de los recursos econ\u00f3micos de la federaci\u00f3n para atender el problema durante este 2019, dinero que a\u00fan no se define.<\/p>\n","protected":false},"excerpt":{"rendered":"<p>Como la Red de Monitoreo del sargazo lo anticip\u00f3 grandes cantidades de sargazo cubren hoy las playas de la Riviera Maya. En tanto, el gobierno federal estudia la posibilidad de elevar el tema del sargazo a un Acuerdo Presidencial, inform\u00f3 Marisol Vanegas P\u00e9rez, Secretaria de Turismo de Quintana Roo (Sectur). Se estima que s\u00f3lo en [&hellip;]<\/p>\n","protected":false},"author":3,"featured_media":31479,"comment_status":"open","ping_status":"open","sticky":false,"template":"","format":"standard","meta":{"footnotes":""},"categories":[5,6],"tags":[43,686,80,10332,15518],"yoast_head":"<!-- This site is optimized with the Yoast SEO plugin v22.2 - https:\/\/yoast.com\/wordpress\/plugins\/seo\/ -->\n<title>Canc\u00fan sin sargazo, recale en Riviera Maya en tanto se estudia llevar el tema a acuerdo presidencial - Nitu - Noticias de la Industria Turistica<\/title>\n<meta name=\"description\" content=\"Se estima que s\u00f3lo en Playa del Carmen, Canc\u00fan se han recalado en las \u00faltimas 24 horas, m\u00e1s de 200 toneladas de sargazo, despu\u00e9s de las vacaciones.\" \/>\n<meta name=\"robots\" content=\"index, follow, max-snippet:-1, max-image-preview:large, max-video-preview:-1\" \/>\n<link rel=\"canonical\" href=\"https:\/\/nitu.mx\/index.php\/2019\/04\/26\/cancun-sin-sargazo-recale-en-riviera-maya-en-tanto-se-estudia-llevar-el-tema-a-acuerdo-presidencial\/\" \/>\n<meta name=\"twitter:card\" content=\"summary_large_image\" \/>\n<meta name=\"twitter:title\" content=\"Canc\u00fan sin sargazo, recale en Riviera Maya en tanto se estudia llevar el tema a acuerdo presidencial - Nitu - Noticias de la Industria Turistica\" \/>\n<meta name=\"twitter:description\" content=\"Se estima que s\u00f3lo en Playa del Carmen, Canc\u00fan se han recalado en las \u00faltimas 24 horas, m\u00e1s de 200 toneladas de sargazo, despu\u00e9s de las vacaciones.\" \/>\n<meta name=\"twitter:image\" content=\"https:\/\/nitu.mx\/wp-content\/uploads\/2019\/04\/sargazo-cancun-abril.jpg\" \/>\n<meta name=\"twitter:creator\" content=\"@NITUmx\" \/>\n<meta name=\"twitter:site\" content=\"@Arturo_Medina_G\" \/>\n<meta name=\"twitter:label1\" content=\"Escrito por\" \/>\n\t<meta name=\"twitter:data1\" content=\"Alejandra Moncisbays\" \/>\n\t<meta name=\"twitter:label2\" content=\"Tiempo de lectura\" \/>\n\t<meta name=\"twitter:data2\" content=\"2 minutos\" \/>\n<script type=\"application\/ld+json\" class=\"yoast-schema-graph\">{\"@context\":\"https:\/\/schema.org\",\"@graph\":[{\"@type\":\"Article\",\"@id\":\"https:\/\/nitu.mx\/index.php\/2019\/04\/26\/cancun-sin-sargazo-recale-en-riviera-maya-en-tanto-se-estudia-llevar-el-tema-a-acuerdo-presidencial\/#article\",\"isPartOf\":{\"@id\":\"https:\/\/nitu.mx\/index.php\/2019\/04\/26\/cancun-sin-sargazo-recale-en-riviera-maya-en-tanto-se-estudia-llevar-el-tema-a-acuerdo-presidencial\/\"},\"author\":{\"name\":\"Alejandra Moncisbays\",\"@id\":\"https:\/\/nitu.mx\/#\/schema\/person\/2ecd887b19dfd3382d1f14fc5acf24a8\"},\"headline\":\"Canc\u00fan sin sargazo, recale en Riviera Maya en tanto se estudia llevar el tema a acuerdo presidencial\",\"datePublished\":\"2019-04-26T05:36:34+00:00\",\"dateModified\":\"2019-04-26T05:39:28+00:00\",\"mainEntityOfPage\":{\"@id\":\"https:\/\/nitu.mx\/index.php\/2019\/04\/26\/cancun-sin-sargazo-recale-en-riviera-maya-en-tanto-se-estudia-llevar-el-tema-a-acuerdo-presidencial\/\"},\"wordCount\":321,\"commentCount\":0,\"publisher\":{\"@id\":\"https:\/\/nitu.mx\/#\/schema\/person\/ae7a53426417292d3dd07b45a33e01bc\"},\"image\":{\"@id\":\"https:\/\/nitu.mx\/index.php\/2019\/04\/26\/cancun-sin-sargazo-recale-en-riviera-maya-en-tanto-se-estudia-llevar-el-tema-a-acuerdo-presidencial\/#primaryimage\"},\"thumbnailUrl\":\"https:\/\/nitu.mx\/wp-content\/uploads\/2019\/04\/sargazo-cancun-abril.jpg\",\"keywords\":[\"Canc\u00fan\",\"Marisol Vanegas P\u00e9rez\",\"Riviera Maya\",\"sargazo\",\"Secretaria de Turismo de Quintana Roo (SEctur)\"],\"articleSection\":[\"Destinos\",\"M\u00e9xico\"],\"inLanguage\":\"es-MX\",\"potentialAction\":[{\"@type\":\"CommentAction\",\"name\":\"Comment\",\"target\":[\"https:\/\/nitu.mx\/index.php\/2019\/04\/26\/cancun-sin-sargazo-recale-en-riviera-maya-en-tanto-se-estudia-llevar-el-tema-a-acuerdo-presidencial\/#respond\"]}]},{\"@type\":\"WebPage\",\"@id\":\"https:\/\/nitu.mx\/index.php\/2019\/04\/26\/cancun-sin-sargazo-recale-en-riviera-maya-en-tanto-se-estudia-llevar-el-tema-a-acuerdo-presidencial\/\",\"url\":\"https:\/\/nitu.mx\/index.php\/2019\/04\/26\/cancun-sin-sargazo-recale-en-riviera-maya-en-tanto-se-estudia-llevar-el-tema-a-acuerdo-presidencial\/\",\"name\":\"Canc\u00fan sin sargazo, recale en Riviera Maya en tanto se estudia llevar el tema a acuerdo presidencial - Nitu - Noticias de la Industria Turistica\",\"isPartOf\":{\"@id\":\"https:\/\/nitu.mx\/#website\"},\"primaryImageOfPage\":{\"@id\":\"https:\/\/nitu.mx\/index.php\/2019\/04\/26\/cancun-sin-sargazo-recale-en-riviera-maya-en-tanto-se-estudia-llevar-el-tema-a-acuerdo-presidencial\/#primaryimage\"},\"image\":{\"@id\":\"https:\/\/nitu.mx\/index.php\/2019\/04\/26\/cancun-sin-sargazo-recale-en-riviera-maya-en-tanto-se-estudia-llevar-el-tema-a-acuerdo-presidencial\/#primaryimage\"},\"thumbnailUrl\":\"https:\/\/nitu.mx\/wp-content\/uploads\/2019\/04\/sargazo-cancun-abril.jpg\",\"datePublished\":\"2019-04-26T05:36:34+00:00\",\"dateModified\":\"2019-04-26T05:39:28+00:00\",\"description\":\"Se estima que s\u00f3lo en Playa del Carmen, Canc\u00fan se han recalado en las \u00faltimas 24 horas, m\u00e1s de 200 toneladas de sargazo, despu\u00e9s de las vacaciones.\",\"breadcrumb\":{\"@id\":\"https:\/\/nitu.mx\/index.php\/2019\/04\/26\/cancun-sin-sargazo-recale-en-riviera-maya-en-tanto-se-estudia-llevar-el-tema-a-acuerdo-presidencial\/#breadcrumb\"},\"inLanguage\":\"es-MX\",\"potentialAction\":[{\"@type\":\"ReadAction\",\"target\":[\"https:\/\/nitu.mx\/index.php\/2019\/04\/26\/cancun-sin-sargazo-recale-en-riviera-maya-en-tanto-se-estudia-llevar-el-tema-a-acuerdo-presidencial\/\"]}]},{\"@type\":\"ImageObject\",\"inLanguage\":\"es-MX\",\"@id\":\"https:\/\/nitu.mx\/index.php\/2019\/04\/26\/cancun-sin-sargazo-recale-en-riviera-maya-en-tanto-se-estudia-llevar-el-tema-a-acuerdo-presidencial\/#primaryimage\",\"url\":\"https:\/\/nitu.mx\/wp-content\/uploads\/2019\/04\/sargazo-cancun-abril.jpg\",\"contentUrl\":\"https:\/\/nitu.mx\/wp-content\/uploads\/2019\/04\/sargazo-cancun-abril.jpg\",\"width\":850,\"height\":480,\"caption\":\"sargazo cancun abril\"},{\"@type\":\"BreadcrumbList\",\"@id\":\"https:\/\/nitu.mx\/index.php\/2019\/04\/26\/cancun-sin-sargazo-recale-en-riviera-maya-en-tanto-se-estudia-llevar-el-tema-a-acuerdo-presidencial\/#breadcrumb\",\"itemListElement\":[{\"@type\":\"ListItem\",\"position\":1,\"name\":\"Inicio\",\"item\":\"https:\/\/nitu.mx\/\"},{\"@type\":\"ListItem\",\"position\":2,\"name\":\"Canc\u00fan sin sargazo, recale en Riviera Maya en tanto se estudia llevar el tema a acuerdo presidencial\"}]},{\"@type\":\"WebSite\",\"@id\":\"https:\/\/nitu.mx\/#website\",\"url\":\"https:\/\/nitu.mx\/\",\"name\":\"Nitu - Noticias de la Industria Turistica\",\"description\":\"Noticias de la Industria Turistica\",\"publisher\":{\"@id\":\"https:\/\/nitu.mx\/#\/schema\/person\/ae7a53426417292d3dd07b45a33e01bc\"},\"alternateName\":\"Noticias de la Industria Turistica\",\"potentialAction\":[{\"@type\":\"SearchAction\",\"target\":{\"@type\":\"EntryPoint\",\"urlTemplate\":\"https:\/\/nitu.mx\/?s={search_term_string}\"},\"query-input\":\"required name=search_term_string\"}],\"inLanguage\":\"es-MX\"},{\"@type\":[\"Person\",\"Organization\"],\"@id\":\"https:\/\/nitu.mx\/#\/schema\/person\/ae7a53426417292d3dd07b45a33e01bc\",\"name\":\"Arturo Medina\",\"image\":{\"@type\":\"ImageObject\",\"inLanguage\":\"es-MX\",\"@id\":\"https:\/\/nitu.mx\/#\/schema\/person\/image\/\",\"url\":\"https:\/\/nitu.mx\/wp-content\/uploads\/2024\/04\/4A315622-1904-4D5C-B022-878CDC840E04-90x90-1.jpeg\",\"contentUrl\":\"https:\/\/nitu.mx\/wp-content\/uploads\/2024\/04\/4A315622-1904-4D5C-B022-878CDC840E04-90x90-1.jpeg\",\"width\":90,\"height\":90,\"caption\":\"Arturo Medina\"},\"logo\":{\"@id\":\"https:\/\/nitu.mx\/#\/schema\/person\/image\/\"},\"description\":\"Director NITU.mx, Egresado de la Escuela de Periodismo Carlos Septi\u00e9n Garc\u00eda. Periodista y analista especializado en turismo desde hace 35 a\u00f1os, radicado en Canc\u00fan Q.Roo. arturo@nitu.mx\",\"sameAs\":[\"https:\/\/nitu.mx\",\"https:\/\/www.facebook.com\/NITUmx\/\",\"medinacancun\",\"https:\/\/twitter.com\/@Arturo_Medina_G\"]},{\"@type\":\"Person\",\"@id\":\"https:\/\/nitu.mx\/#\/schema\/person\/2ecd887b19dfd3382d1f14fc5acf24a8\",\"name\":\"Alejandra Moncisbays\",\"image\":{\"@type\":\"ImageObject\",\"inLanguage\":\"es-MX\",\"@id\":\"https:\/\/nitu.mx\/#\/schema\/person\/image\/\",\"url\":\"https:\/\/secure.gravatar.com\/avatar\/e74f7af0be172b7804dacfd0bfbef787?s=96&d=mm&r=g\",\"contentUrl\":\"https:\/\/secure.gravatar.com\/avatar\/e74f7af0be172b7804dacfd0bfbef787?s=96&d=mm&r=g\",\"caption\":\"Alejandra Moncisbays\"},\"description\":\"Curs\u00e9 la carrera de Periodismo y Comunicaci\u00f3n en la Facultad de Estudios Profesionales Acatl\u00e1n. Vivo en Canc\u00fan desde hace 24 a\u00f1os. Fui reportera de La Tarde de Canc\u00fan, y Novedades de Quintana Roo, colabor\u00e9 en TVCUN, edit\u00e9 Cancun\u00edssimo y colabor\u00e9 en las revistas Latitud21, entre otras, con principal enfoque en los sectores empresarial y tur\u00edstico. Desde hace varios a\u00f1os soy Agente de Seguros con c\u00e9dula de la Comisi\u00f3n Nacional de Seguros y Fianzas. Actualmente, me desarrollo en los \u00e1mbitos del periodismo y el sector asegurador.\",\"sameAs\":[\"https:\/\/nitu.mx\"],\"url\":\"https:\/\/nitu.mx\/index.php\/author\/alejandra\/\"}]}<\/script>\n<!-- \/ Yoast SEO plugin. -->","yoast_head_json":{"title":"Canc\u00fan sin sargazo, recale en Riviera Maya en tanto se estudia llevar el tema a acuerdo presidencial - Nitu - Noticias de la Industria Turistica","description":"Se estima que s\u00f3lo en Playa del Carmen, Canc\u00fan se han recalado en las \u00faltimas 24 horas, m\u00e1s de 200 toneladas de sargazo, despu\u00e9s de las vacaciones.","robots":{"index":"index","follow":"follow","max-snippet":"max-snippet:-1","max-image-preview":"max-image-preview:large","max-video-preview":"max-video-preview:-1"},"canonical":"https:\/\/nitu.mx\/index.php\/2019\/04\/26\/cancun-sin-sargazo-recale-en-riviera-maya-en-tanto-se-estudia-llevar-el-tema-a-acuerdo-presidencial\/","twitter_card":"summary_large_image","twitter_title":"Canc\u00fan sin sargazo, recale en Riviera Maya en tanto se estudia llevar el tema a acuerdo presidencial - Nitu - Noticias de la Industria Turistica","twitter_description":"Se estima que s\u00f3lo en Playa del Carmen, Canc\u00fan se han recalado en las \u00faltimas 24 horas, m\u00e1s de 200 toneladas de sargazo, despu\u00e9s de las vacaciones.","twitter_image":"https:\/\/nitu.mx\/wp-content\/uploads\/2019\/04\/sargazo-cancun-abril.jpg","twitter_creator":"@NITUmx","twitter_site":"@Arturo_Medina_G","twitter_misc":{"Escrito por":"Alejandra Moncisbays","Tiempo de lectura":"2 minutos"},"schema":{"@context":"https:\/\/schema.org","@graph":[{"@type":"Article","@id":"https:\/\/nitu.mx\/index.php\/2019\/04\/26\/cancun-sin-sargazo-recale-en-riviera-maya-en-tanto-se-estudia-llevar-el-tema-a-acuerdo-presidencial\/#article","isPartOf":{"@id":"https:\/\/nitu.mx\/index.php\/2019\/04\/26\/cancun-sin-sargazo-recale-en-riviera-maya-en-tanto-se-estudia-llevar-el-tema-a-acuerdo-presidencial\/"},"author":{"name":"Alejandra Moncisbays","@id":"https:\/\/nitu.mx\/#\/schema\/person\/2ecd887b19dfd3382d1f14fc5acf24a8"},"headline":"Canc\u00fan sin sargazo, recale en Riviera Maya en tanto se estudia llevar el tema a acuerdo presidencial","datePublished":"2019-04-26T05:36:34+00:00","dateModified":"2019-04-26T05:39:28+00:00","mainEntityOfPage":{"@id":"https:\/\/nitu.mx\/index.php\/2019\/04\/26\/cancun-sin-sargazo-recale-en-riviera-maya-en-tanto-se-estudia-llevar-el-tema-a-acuerdo-presidencial\/"},"wordCount":321,"commentCount":0,"publisher":{"@id":"https:\/\/nitu.mx\/#\/schema\/person\/ae7a53426417292d3dd07b45a33e01bc"},"image":{"@id":"https:\/\/nitu.mx\/index.php\/2019\/04\/26\/cancun-sin-sargazo-recale-en-riviera-maya-en-tanto-se-estudia-llevar-el-tema-a-acuerdo-presidencial\/#primaryimage"},"thumbnailUrl":"https:\/\/nitu.mx\/wp-content\/uploads\/2019\/04\/sargazo-cancun-abril.jpg","keywords":["Canc\u00fan","Marisol Vanegas P\u00e9rez","Riviera Maya","sargazo","Secretaria de Turismo de Quintana Roo (SEctur)"],"articleSection":["Destinos","M\u00e9xico"],"inLanguage":"es-MX","potentialAction":[{"@type":"CommentAction","name":"Comment","target":["https:\/\/nitu.mx\/index.php\/2019\/04\/26\/cancun-sin-sargazo-recale-en-riviera-maya-en-tanto-se-estudia-llevar-el-tema-a-acuerdo-presidencial\/#respond"]}]},{"@type":"WebPage","@id":"https:\/\/nitu.mx\/index.php\/2019\/04\/26\/cancun-sin-sargazo-recale-en-riviera-maya-en-tanto-se-estudia-llevar-el-tema-a-acuerdo-presidencial\/","url":"https:\/\/nitu.mx\/index.php\/2019\/04\/26\/cancun-sin-sargazo-recale-en-riviera-maya-en-tanto-se-estudia-llevar-el-tema-a-acuerdo-presidencial\/","name":"Canc\u00fan sin sargazo, recale en Riviera Maya en tanto se estudia llevar el tema a acuerdo presidencial - Nitu - Noticias de la Industria Turistica","isPartOf":{"@id":"https:\/\/nitu.mx\/#website"},"primaryImageOfPage":{"@id":"https:\/\/nitu.mx\/index.php\/2019\/04\/26\/cancun-sin-sargazo-recale-en-riviera-maya-en-tanto-se-estudia-llevar-el-tema-a-acuerdo-presidencial\/#primaryimage"},"image":{"@id":"https:\/\/nitu.mx\/index.php\/2019\/04\/26\/cancun-sin-sargazo-recale-en-riviera-maya-en-tanto-se-estudia-llevar-el-tema-a-acuerdo-presidencial\/#primaryimage"},"thumbnailUrl":"https:\/\/nitu.mx\/wp-content\/uploads\/2019\/04\/sargazo-cancun-abril.jpg","datePublished":"2019-04-26T05:36:34+00:00","dateModified":"2019-04-26T05:39:28+00:00","description":"Se estima que s\u00f3lo en Playa del Carmen, Canc\u00fan se han recalado en las \u00faltimas 24 horas, m\u00e1s de 200 toneladas de sargazo, despu\u00e9s de las vacaciones.","breadcrumb":{"@id":"https:\/\/nitu.mx\/index.php\/2019\/04\/26\/cancun-sin-sargazo-recale-en-riviera-maya-en-tanto-se-estudia-llevar-el-tema-a-acuerdo-presidencial\/#breadcrumb"},"inLanguage":"es-MX","potentialAction":[{"@type":"ReadAction","target":["https:\/\/nitu.mx\/index.php\/2019\/04\/26\/cancun-sin-sargazo-recale-en-riviera-maya-en-tanto-se-estudia-llevar-el-tema-a-acuerdo-presidencial\/"]}]},{"@type":"ImageObject","inLanguage":"es-MX","@id":"https:\/\/nitu.mx\/index.php\/2019\/04\/26\/cancun-sin-sargazo-recale-en-riviera-maya-en-tanto-se-estudia-llevar-el-tema-a-acuerdo-presidencial\/#primaryimage","url":"https:\/\/nitu.mx\/wp-content\/uploads\/2019\/04\/sargazo-cancun-abril.jpg","contentUrl":"https:\/\/nitu.mx\/wp-content\/uploads\/2019\/04\/sargazo-cancun-abril.jpg","width":850,"height":480,"caption":"sargazo cancun abril"},{"@type":"BreadcrumbList","@id":"https:\/\/nitu.mx\/index.php\/2019\/04\/26\/cancun-sin-sargazo-recale-en-riviera-maya-en-tanto-se-estudia-llevar-el-tema-a-acuerdo-presidencial\/#breadcrumb","itemListElement":[{"@type":"ListItem","position":1,"name":"Inicio","item":"https:\/\/nitu.mx\/"},{"@type":"ListItem","position":2,"name":"Canc\u00fan sin sargazo, recale en Riviera Maya en tanto se estudia llevar el tema a acuerdo presidencial"}]},{"@type":"WebSite","@id":"https:\/\/nitu.mx\/#website","url":"https:\/\/nitu.mx\/","name":"Nitu - Noticias de la Industria Turistica","description":"Noticias de la Industria Turistica","publisher":{"@id":"https:\/\/nitu.mx\/#\/schema\/person\/ae7a53426417292d3dd07b45a33e01bc"},"alternateName":"Noticias de la Industria Turistica","potentialAction":[{"@type":"SearchAction","target":{"@type":"EntryPoint","urlTemplate":"https:\/\/nitu.mx\/?s={search_term_string}"},"query-input":"required name=search_term_string"}],"inLanguage":"es-MX"},{"@type":["Person","Organization"],"@id":"https:\/\/nitu.mx\/#\/schema\/person\/ae7a53426417292d3dd07b45a33e01bc","name":"Arturo Medina","image":{"@type":"ImageObject","inLanguage":"es-MX","@id":"https:\/\/nitu.mx\/#\/schema\/person\/image\/","url":"https:\/\/nitu.mx\/wp-content\/uploads\/2024\/04\/4A315622-1904-4D5C-B022-878CDC840E04-90x90-1.jpeg","contentUrl":"https:\/\/nitu.mx\/wp-content\/uploads\/2024\/04\/4A315622-1904-4D5C-B022-878CDC840E04-90x90-1.jpeg","width":90,"height":90,"caption":"Arturo Medina"},"logo":{"@id":"https:\/\/nitu.mx\/#\/schema\/person\/image\/"},"description":"Director NITU.mx, Egresado de la Escuela de Periodismo Carlos Septi\u00e9n Garc\u00eda. Periodista y analista especializado en turismo desde hace 35 a\u00f1os, radicado en Canc\u00fan Q.Roo. arturo@nitu.mx","sameAs":["https:\/\/nitu.mx","https:\/\/www.facebook.com\/NITUmx\/","medinacancun","https:\/\/twitter.com\/@Arturo_Medina_G"]},{"@type":"Person","@id":"https:\/\/nitu.mx\/#\/schema\/person\/2ecd887b19dfd3382d1f14fc5acf24a8","name":"Alejandra Moncisbays","image":{"@type":"ImageObject","inLanguage":"es-MX","@id":"https:\/\/nitu.mx\/#\/schema\/person\/image\/","url":"https:\/\/secure.gravatar.com\/avatar\/e74f7af0be172b7804dacfd0bfbef787?s=96&d=mm&r=g","contentUrl":"https:\/\/secure.gravatar.com\/avatar\/e74f7af0be172b7804dacfd0bfbef787?s=96&d=mm&r=g","caption":"Alejandra Moncisbays"},"description":"Curs\u00e9 la carrera de Periodismo y Comunicaci\u00f3n en la Facultad de Estudios Profesionales Acatl\u00e1n. Vivo en Canc\u00fan desde hace 24 a\u00f1os. Fui reportera de La Tarde de Canc\u00fan, y Novedades de Quintana Roo, colabor\u00e9 en TVCUN, edit\u00e9 Cancun\u00edssimo y colabor\u00e9 en las revistas Latitud21, entre otras, con principal enfoque en los sectores empresarial y tur\u00edstico. Desde hace varios a\u00f1os soy Agente de Seguros con c\u00e9dula de la Comisi\u00f3n Nacional de Seguros y Fianzas. Actualmente, me desarrollo en los \u00e1mbitos del periodismo y el sector asegurador.","sameAs":["https:\/\/nitu.mx"],"url":"https:\/\/nitu.mx\/index.php\/author\/alejandra\/"}]}},"views":291,"_links":{"self":[{"href":"https:\/\/nitu.mx\/index.php\/wp-json\/wp\/v2\/posts\/31467"}],"collection":[{"href":"https:\/\/nitu.mx\/index.php\/wp-json\/wp\/v2\/posts"}],"about":[{"href":"https:\/\/nitu.mx\/index.php\/wp-json\/wp\/v2\/types\/post"}],"author":[{"embeddable":true,"href":"https:\/\/nitu.mx\/index.php\/wp-json\/wp\/v2\/users\/3"}],"replies":[{"embeddable":true,"href":"https:\/\/nitu.mx\/index.php\/wp-json\/wp\/v2\/comments?post=31467"}],"version-history":[{"count":4,"href":"https:\/\/nitu.mx\/index.php\/wp-json\/wp\/v2\/posts\/31467\/revisions"}],"predecessor-version":[{"id":31481,"href":"https:\/\/nitu.mx\/index.php\/wp-json\/wp\/v2\/posts\/31467\/revisions\/31481"}],"wp:featuredmedia":[{"embeddable":true,"href":"https:\/\/nitu.mx\/index.php\/wp-json\/wp\/v2\/media\/31479"}],"wp:attachment":[{"href":"https:\/\/nitu.mx\/index.php\/wp-json\/wp\/v2\/media?parent=31467"}],"wp:term":[{"taxonomy":"category","embeddable":true,"href":"https:\/\/nitu.mx\/index.php\/wp-json\/wp\/v2\/categories?post=31467"},{"taxonomy":"post_tag","embeddable":true,"href":"https:\/\/nitu.mx\/index.php\/wp-json\/wp\/v2\/tags?post=31467"}],"curies":[{"name":"wp","href":"https:\/\/api.w.org\/{rel}","templated":true}]}}