{"id":31433,"date":"2019-04-24T23:48:48","date_gmt":"2019-04-25T04:48:48","guid":{"rendered":"https:\/\/www.dev.nitu.mx\/?p=31433"},"modified":"2019-04-25T00:28:52","modified_gmt":"2019-04-25T05:28:52","slug":"air-canada-reactiva-su-ruta-estacional-mexico-montreal-para-el-verano","status":"publish","type":"post","link":"https:\/\/nitu.mx\/index.php\/2019\/04\/24\/air-canada-reactiva-su-ruta-estacional-mexico-montreal-para-el-verano\/","title":{"rendered":"Air Canada reactiva su ruta estacional M\u00e9xico \u2013 Montreal para el verano"},"content":{"rendered":"<p>Por quinto a\u00f1o consecutivo, Air Canada Rouge, filial de Air Canada, pone a disposici\u00f3n de sus pasajeros la ruta estacional M\u00e9xico-Montreal, la cual estar\u00e1 operando en verano y parte del oto\u00f1o.<\/p>\n<p>El vuelo de temporada que alcanzar\u00e1 operaciones todos los d\u00edas de la semana en el verano en aviones Airbus 319-100, con capacidad para 136 pasajeros, comenzar\u00e1 a operar el 01 de mayo por cinco meses hasta el 25 de octubre.<\/p>\n<p>Esta ruta seguir\u00e1 incrementando el aumento exponencial de visitantes mexicanos a Canad\u00e1, pues seg\u00fan cifras de Estad\u00edsticas Canad\u00e1, durante 2018, m\u00e1s de 413 mil mexicanos visitaron el pa\u00eds de la hoja de maple, representando un aumento de 5.1 por ciento con respecto al 2017.<\/p>\n<p>\u201cAbrir por quinto a\u00f1o consecutivo esta ruta estacional representa una gran oportunidad para M\u00e9xico y Air Canada, de contribuir a satisfacer la demanda en aumento de viajeros mexicanos hacia el pa\u00eds de la hoja de maple, que de 2014 a 2018 creci\u00f3 en m\u00e1s de 129 por ciento. Esta ruta operar\u00e1 en conjunto con los otros destinos que ofrecemos como Canc\u00fan, Puerto Vallarta, Huatulco, Cozumel, San Jos\u00e9 del Cabo, Zihuatanejo hacia las principales ciudades canadienses como Vancouver, Calgary, Toronto, Winnipeg, Ottawa, Montreal y Halifax&#8221;, afirm\u00f3 Luis Noriega, director de Air Canada para M\u00e9xico, Centroam\u00e9rica y Cuba.\u00a0<a title=\"Firma Interjet alianza bilateral con Air Canada\" href=\"https:\/\/www.dev.nitu.mx\/index.php\/2019\/01\/30\/firma-interjet-alianza-bilateral-con-air-canada\/\" rel=\"bookmark\">(Firma Interjet alianza bilateral con Air Canada<\/a>).<\/p>\n<p>Estas acciones anuales permiten un intercambio tur\u00edstico y de negocios mexico-canadiense de forma m\u00e1s sencilla, abriendo a los mexicanos la posibilidad de visitar la provincia de Quebec y sus diversas regiones, donde pueden realizar actividades veraniegas como asistir al Festival Internacional de Jazz de Montreal, reconocido como el mejor festival en su tipo a nivel mundial.<\/p>\n<p>Esta ruta tambi\u00e9n facilitar\u00e1 a los mexicanos, la oportunidad de acudir a diversos festivales y experiencias del tipo digital, como el Festival Elektra, Chromatic y Mutek, que durante el mes de mayo ofrecen nuevas creaciones de m\u00fasica electr\u00f3nica, shows en vivo, performances interactivos y una gran diversidad de contenidos en cine, teatro, juegos y v\u00eddeo. Otro atractivo son\u00a0los principales monumentos de la regi\u00f3n como la Bas\u00edlica de Notre Dame, la Torre Ol\u00edmpica o el museo McCord o realizar una caminata en el Monte Royal, equivalente al Central Park de Nueva York con 190 hect\u00e1reas o bien, ser de los primeros en acudir a la nueva experiencia de show electr\u00f3nico en la pir\u00e1mide PY1, dise\u00f1ada por el creador del Cirque Du Soleil, que abrir\u00e1 en junio, o asistir al gran premio de la F\u00f3rmula 1 en el mismo mes.<\/p>\n","protected":false},"excerpt":{"rendered":"<p>Por quinto a\u00f1o consecutivo, Air Canada Rouge, filial de Air Canada, pone a disposici\u00f3n de sus pasajeros la ruta estacional M\u00e9xico-Montreal, la cual estar\u00e1 operando en verano y parte del oto\u00f1o. El vuelo de temporada que alcanzar\u00e1 operaciones todos los d\u00edas de la semana en el verano en aviones Airbus 319-100, con capacidad para 136 [&hellip;]<\/p>\n","protected":false},"author":17,"featured_media":11101,"comment_status":"open","ping_status":"open","sticky":false,"template":"","format":"standard","meta":{"footnotes":""},"categories":[29],"tags":[1700,1437,125,1701,1190],"yoast_head":"<!-- This site is optimized with the Yoast SEO plugin v22.2 - https:\/\/yoast.com\/wordpress\/plugins\/seo\/ -->\n<title>Air Canada reactiva su ruta estacional M\u00e9xico \u2013 Montreal para el verano - Nitu - Noticias de la Industria Turistica<\/title>\n<meta name=\"description\" content=\"Por quinto a\u00f1o consecutivo, Air Canada Rouge, filial de Air Canada, pone a disposici\u00f3n de sus pasajeros la ruta estacional M\u00e9xico-Montreal.\" \/>\n<meta name=\"robots\" content=\"index, follow, max-snippet:-1, max-image-preview:large, max-video-preview:-1\" \/>\n<link rel=\"canonical\" href=\"https:\/\/nitu.mx\/index.php\/2019\/04\/24\/air-canada-reactiva-su-ruta-estacional-mexico-montreal-para-el-verano\/\" \/>\n<meta name=\"twitter:card\" content=\"summary_large_image\" \/>\n<meta name=\"twitter:title\" content=\"Air Canada reactiva su ruta estacional M\u00e9xico \u2013 Montreal para el verano - Nitu - Noticias de la Industria Turistica\" \/>\n<meta name=\"twitter:description\" content=\"Por quinto a\u00f1o consecutivo, Air Canada Rouge, filial de Air Canada, pone a disposici\u00f3n de sus pasajeros la ruta estacional M\u00e9xico-Montreal.\" \/>\n<meta name=\"twitter:image\" content=\"https:\/\/nitu.mx\/wp-content\/uploads\/2017\/07\/Air-Canada-Rouge.jpg\" \/>\n<meta name=\"twitter:creator\" content=\"@NITUmx\" \/>\n<meta name=\"twitter:site\" content=\"@Arturo_Medina_G\" \/>\n<meta name=\"twitter:label1\" content=\"Escrito por\" \/>\n\t<meta name=\"twitter:data1\" content=\"Redacci\u00f3n\" \/>\n\t<meta name=\"twitter:label2\" content=\"Tiempo de lectura\" \/>\n\t<meta name=\"twitter:data2\" content=\"2 minutos\" \/>\n<script type=\"application\/ld+json\" class=\"yoast-schema-graph\">{\"@context\":\"https:\/\/schema.org\",\"@graph\":[{\"@type\":\"Article\",\"@id\":\"https:\/\/nitu.mx\/index.php\/2019\/04\/24\/air-canada-reactiva-su-ruta-estacional-mexico-montreal-para-el-verano\/#article\",\"isPartOf\":{\"@id\":\"https:\/\/nitu.mx\/index.php\/2019\/04\/24\/air-canada-reactiva-su-ruta-estacional-mexico-montreal-para-el-verano\/\"},\"author\":{\"name\":\"Redacci\u00f3n\",\"@id\":\"https:\/\/nitu.mx\/#\/schema\/person\/4a28fe9bd65924f7c90623773daf1b0b\"},\"headline\":\"Air Canada reactiva su ruta estacional M\u00e9xico \u2013 Montreal para el verano\",\"datePublished\":\"2019-04-25T04:48:48+00:00\",\"dateModified\":\"2019-04-25T05:28:52+00:00\",\"mainEntityOfPage\":{\"@id\":\"https:\/\/nitu.mx\/index.php\/2019\/04\/24\/air-canada-reactiva-su-ruta-estacional-mexico-montreal-para-el-verano\/\"},\"wordCount\":443,\"commentCount\":0,\"publisher\":{\"@id\":\"https:\/\/nitu.mx\/#\/schema\/person\/ae7a53426417292d3dd07b45a33e01bc\"},\"image\":{\"@id\":\"https:\/\/nitu.mx\/index.php\/2019\/04\/24\/air-canada-reactiva-su-ruta-estacional-mexico-montreal-para-el-verano\/#primaryimage\"},\"thumbnailUrl\":\"https:\/\/nitu.mx\/wp-content\/uploads\/2017\/07\/Air-Canada-Rouge.jpg\",\"keywords\":[\"Air Canada\",\"Air Canada Rouge\",\"Ciudad de M\u00e9xico\",\"Luis Noriega\",\"Montreal\"],\"articleSection\":[\"Aerol\u00edneas\"],\"inLanguage\":\"es-MX\",\"potentialAction\":[{\"@type\":\"CommentAction\",\"name\":\"Comment\",\"target\":[\"https:\/\/nitu.mx\/index.php\/2019\/04\/24\/air-canada-reactiva-su-ruta-estacional-mexico-montreal-para-el-verano\/#respond\"]}]},{\"@type\":\"WebPage\",\"@id\":\"https:\/\/nitu.mx\/index.php\/2019\/04\/24\/air-canada-reactiva-su-ruta-estacional-mexico-montreal-para-el-verano\/\",\"url\":\"https:\/\/nitu.mx\/index.php\/2019\/04\/24\/air-canada-reactiva-su-ruta-estacional-mexico-montreal-para-el-verano\/\",\"name\":\"Air Canada reactiva su ruta estacional M\u00e9xico \u2013 Montreal para el verano - Nitu - Noticias de la Industria Turistica\",\"isPartOf\":{\"@id\":\"https:\/\/nitu.mx\/#website\"},\"primaryImageOfPage\":{\"@id\":\"https:\/\/nitu.mx\/index.php\/2019\/04\/24\/air-canada-reactiva-su-ruta-estacional-mexico-montreal-para-el-verano\/#primaryimage\"},\"image\":{\"@id\":\"https:\/\/nitu.mx\/index.php\/2019\/04\/24\/air-canada-reactiva-su-ruta-estacional-mexico-montreal-para-el-verano\/#primaryimage\"},\"thumbnailUrl\":\"https:\/\/nitu.mx\/wp-content\/uploads\/2017\/07\/Air-Canada-Rouge.jpg\",\"datePublished\":\"2019-04-25T04:48:48+00:00\",\"dateModified\":\"2019-04-25T05:28:52+00:00\",\"description\":\"Por quinto a\u00f1o consecutivo, Air Canada Rouge, filial de Air Canada, pone a disposici\u00f3n de sus pasajeros la ruta estacional M\u00e9xico-Montreal.\",\"breadcrumb\":{\"@id\":\"https:\/\/nitu.mx\/index.php\/2019\/04\/24\/air-canada-reactiva-su-ruta-estacional-mexico-montreal-para-el-verano\/#breadcrumb\"},\"inLanguage\":\"es-MX\",\"potentialAction\":[{\"@type\":\"ReadAction\",\"target\":[\"https:\/\/nitu.mx\/index.php\/2019\/04\/24\/air-canada-reactiva-su-ruta-estacional-mexico-montreal-para-el-verano\/\"]}]},{\"@type\":\"ImageObject\",\"inLanguage\":\"es-MX\",\"@id\":\"https:\/\/nitu.mx\/index.php\/2019\/04\/24\/air-canada-reactiva-su-ruta-estacional-mexico-montreal-para-el-verano\/#primaryimage\",\"url\":\"https:\/\/nitu.mx\/wp-content\/uploads\/2017\/07\/Air-Canada-Rouge.jpg\",\"contentUrl\":\"https:\/\/nitu.mx\/wp-content\/uploads\/2017\/07\/Air-Canada-Rouge.jpg\",\"width\":850,\"height\":480,\"caption\":\"Air Canada\"},{\"@type\":\"BreadcrumbList\",\"@id\":\"https:\/\/nitu.mx\/index.php\/2019\/04\/24\/air-canada-reactiva-su-ruta-estacional-mexico-montreal-para-el-verano\/#breadcrumb\",\"itemListElement\":[{\"@type\":\"ListItem\",\"position\":1,\"name\":\"Inicio\",\"item\":\"https:\/\/nitu.mx\/\"},{\"@type\":\"ListItem\",\"position\":2,\"name\":\"Air Canada reactiva su ruta estacional M\u00e9xico \u2013 Montreal para el verano\"}]},{\"@type\":\"WebSite\",\"@id\":\"https:\/\/nitu.mx\/#website\",\"url\":\"https:\/\/nitu.mx\/\",\"name\":\"Nitu - Noticias de la Industria Turistica\",\"description\":\"Noticias de la Industria Turistica\",\"publisher\":{\"@id\":\"https:\/\/nitu.mx\/#\/schema\/person\/ae7a53426417292d3dd07b45a33e01bc\"},\"alternateName\":\"Noticias de la Industria Turistica\",\"potentialAction\":[{\"@type\":\"SearchAction\",\"target\":{\"@type\":\"EntryPoint\",\"urlTemplate\":\"https:\/\/nitu.mx\/?s={search_term_string}\"},\"query-input\":\"required name=search_term_string\"}],\"inLanguage\":\"es-MX\"},{\"@type\":[\"Person\",\"Organization\"],\"@id\":\"https:\/\/nitu.mx\/#\/schema\/person\/ae7a53426417292d3dd07b45a33e01bc\",\"name\":\"Arturo Medina\",\"image\":{\"@type\":\"ImageObject\",\"inLanguage\":\"es-MX\",\"@id\":\"https:\/\/nitu.mx\/#\/schema\/person\/image\/\",\"url\":\"https:\/\/nitu.mx\/wp-content\/uploads\/2024\/04\/4A315622-1904-4D5C-B022-878CDC840E04-90x90-1.jpeg\",\"contentUrl\":\"https:\/\/nitu.mx\/wp-content\/uploads\/2024\/04\/4A315622-1904-4D5C-B022-878CDC840E04-90x90-1.jpeg\",\"width\":90,\"height\":90,\"caption\":\"Arturo Medina\"},\"logo\":{\"@id\":\"https:\/\/nitu.mx\/#\/schema\/person\/image\/\"},\"description\":\"Director NITU.mx, Egresado de la Escuela de Periodismo Carlos Septi\u00e9n Garc\u00eda. Periodista y analista especializado en turismo desde hace 35 a\u00f1os, radicado en Canc\u00fan Q.Roo. arturo@nitu.mx\",\"sameAs\":[\"https:\/\/nitu.mx\",\"https:\/\/www.facebook.com\/NITUmx\/\",\"medinacancun\",\"https:\/\/twitter.com\/@Arturo_Medina_G\"]},{\"@type\":\"Person\",\"@id\":\"https:\/\/nitu.mx\/#\/schema\/person\/4a28fe9bd65924f7c90623773daf1b0b\",\"name\":\"Redacci\u00f3n\",\"image\":{\"@type\":\"ImageObject\",\"inLanguage\":\"es-MX\",\"@id\":\"https:\/\/nitu.mx\/#\/schema\/person\/image\/\",\"url\":\"https:\/\/secure.gravatar.com\/avatar\/5dd011c8ccfc5cd7e4c81e42252aab38?s=96&d=mm&r=g\",\"contentUrl\":\"https:\/\/secure.gravatar.com\/avatar\/5dd011c8ccfc5cd7e4c81e42252aab38?s=96&d=mm&r=g\",\"caption\":\"Redacci\u00f3n\"},\"url\":\"https:\/\/nitu.mx\/index.php\/author\/redaccion\/\"}]}<\/script>\n<!-- \/ Yoast SEO plugin. -->","yoast_head_json":{"title":"Air Canada reactiva su ruta estacional M\u00e9xico \u2013 Montreal para el verano - Nitu - Noticias de la Industria Turistica","description":"Por quinto a\u00f1o consecutivo, Air Canada Rouge, filial de Air Canada, pone a disposici\u00f3n de sus pasajeros la ruta estacional M\u00e9xico-Montreal.","robots":{"index":"index","follow":"follow","max-snippet":"max-snippet:-1","max-image-preview":"max-image-preview:large","max-video-preview":"max-video-preview:-1"},"canonical":"https:\/\/nitu.mx\/index.php\/2019\/04\/24\/air-canada-reactiva-su-ruta-estacional-mexico-montreal-para-el-verano\/","twitter_card":"summary_large_image","twitter_title":"Air Canada reactiva su ruta estacional M\u00e9xico \u2013 Montreal para el verano - Nitu - Noticias de la Industria Turistica","twitter_description":"Por quinto a\u00f1o consecutivo, Air Canada Rouge, filial de Air Canada, pone a disposici\u00f3n de sus pasajeros la ruta estacional M\u00e9xico-Montreal.","twitter_image":"https:\/\/nitu.mx\/wp-content\/uploads\/2017\/07\/Air-Canada-Rouge.jpg","twitter_creator":"@NITUmx","twitter_site":"@Arturo_Medina_G","twitter_misc":{"Escrito por":"Redacci\u00f3n","Tiempo de lectura":"2 minutos"},"schema":{"@context":"https:\/\/schema.org","@graph":[{"@type":"Article","@id":"https:\/\/nitu.mx\/index.php\/2019\/04\/24\/air-canada-reactiva-su-ruta-estacional-mexico-montreal-para-el-verano\/#article","isPartOf":{"@id":"https:\/\/nitu.mx\/index.php\/2019\/04\/24\/air-canada-reactiva-su-ruta-estacional-mexico-montreal-para-el-verano\/"},"author":{"name":"Redacci\u00f3n","@id":"https:\/\/nitu.mx\/#\/schema\/person\/4a28fe9bd65924f7c90623773daf1b0b"},"headline":"Air Canada reactiva su ruta estacional M\u00e9xico \u2013 Montreal para el verano","datePublished":"2019-04-25T04:48:48+00:00","dateModified":"2019-04-25T05:28:52+00:00","mainEntityOfPage":{"@id":"https:\/\/nitu.mx\/index.php\/2019\/04\/24\/air-canada-reactiva-su-ruta-estacional-mexico-montreal-para-el-verano\/"},"wordCount":443,"commentCount":0,"publisher":{"@id":"https:\/\/nitu.mx\/#\/schema\/person\/ae7a53426417292d3dd07b45a33e01bc"},"image":{"@id":"https:\/\/nitu.mx\/index.php\/2019\/04\/24\/air-canada-reactiva-su-ruta-estacional-mexico-montreal-para-el-verano\/#primaryimage"},"thumbnailUrl":"https:\/\/nitu.mx\/wp-content\/uploads\/2017\/07\/Air-Canada-Rouge.jpg","keywords":["Air Canada","Air Canada Rouge","Ciudad de M\u00e9xico","Luis Noriega","Montreal"],"articleSection":["Aerol\u00edneas"],"inLanguage":"es-MX","potentialAction":[{"@type":"CommentAction","name":"Comment","target":["https:\/\/nitu.mx\/index.php\/2019\/04\/24\/air-canada-reactiva-su-ruta-estacional-mexico-montreal-para-el-verano\/#respond"]}]},{"@type":"WebPage","@id":"https:\/\/nitu.mx\/index.php\/2019\/04\/24\/air-canada-reactiva-su-ruta-estacional-mexico-montreal-para-el-verano\/","url":"https:\/\/nitu.mx\/index.php\/2019\/04\/24\/air-canada-reactiva-su-ruta-estacional-mexico-montreal-para-el-verano\/","name":"Air Canada reactiva su ruta estacional M\u00e9xico \u2013 Montreal para el verano - Nitu - Noticias de la Industria Turistica","isPartOf":{"@id":"https:\/\/nitu.mx\/#website"},"primaryImageOfPage":{"@id":"https:\/\/nitu.mx\/index.php\/2019\/04\/24\/air-canada-reactiva-su-ruta-estacional-mexico-montreal-para-el-verano\/#primaryimage"},"image":{"@id":"https:\/\/nitu.mx\/index.php\/2019\/04\/24\/air-canada-reactiva-su-ruta-estacional-mexico-montreal-para-el-verano\/#primaryimage"},"thumbnailUrl":"https:\/\/nitu.mx\/wp-content\/uploads\/2017\/07\/Air-Canada-Rouge.jpg","datePublished":"2019-04-25T04:48:48+00:00","dateModified":"2019-04-25T05:28:52+00:00","description":"Por quinto a\u00f1o consecutivo, Air Canada Rouge, filial de Air Canada, pone a disposici\u00f3n de sus pasajeros la ruta estacional M\u00e9xico-Montreal.","breadcrumb":{"@id":"https:\/\/nitu.mx\/index.php\/2019\/04\/24\/air-canada-reactiva-su-ruta-estacional-mexico-montreal-para-el-verano\/#breadcrumb"},"inLanguage":"es-MX","potentialAction":[{"@type":"ReadAction","target":["https:\/\/nitu.mx\/index.php\/2019\/04\/24\/air-canada-reactiva-su-ruta-estacional-mexico-montreal-para-el-verano\/"]}]},{"@type":"ImageObject","inLanguage":"es-MX","@id":"https:\/\/nitu.mx\/index.php\/2019\/04\/24\/air-canada-reactiva-su-ruta-estacional-mexico-montreal-para-el-verano\/#primaryimage","url":"https:\/\/nitu.mx\/wp-content\/uploads\/2017\/07\/Air-Canada-Rouge.jpg","contentUrl":"https:\/\/nitu.mx\/wp-content\/uploads\/2017\/07\/Air-Canada-Rouge.jpg","width":850,"height":480,"caption":"Air Canada"},{"@type":"BreadcrumbList","@id":"https:\/\/nitu.mx\/index.php\/2019\/04\/24\/air-canada-reactiva-su-ruta-estacional-mexico-montreal-para-el-verano\/#breadcrumb","itemListElement":[{"@type":"ListItem","position":1,"name":"Inicio","item":"https:\/\/nitu.mx\/"},{"@type":"ListItem","position":2,"name":"Air Canada reactiva su ruta estacional M\u00e9xico \u2013 Montreal para el verano"}]},{"@type":"WebSite","@id":"https:\/\/nitu.mx\/#website","url":"https:\/\/nitu.mx\/","name":"Nitu - Noticias de la Industria Turistica","description":"Noticias de la Industria Turistica","publisher":{"@id":"https:\/\/nitu.mx\/#\/schema\/person\/ae7a53426417292d3dd07b45a33e01bc"},"alternateName":"Noticias de la Industria Turistica","potentialAction":[{"@type":"SearchAction","target":{"@type":"EntryPoint","urlTemplate":"https:\/\/nitu.mx\/?s={search_term_string}"},"query-input":"required name=search_term_string"}],"inLanguage":"es-MX"},{"@type":["Person","Organization"],"@id":"https:\/\/nitu.mx\/#\/schema\/person\/ae7a53426417292d3dd07b45a33e01bc","name":"Arturo Medina","image":{"@type":"ImageObject","inLanguage":"es-MX","@id":"https:\/\/nitu.mx\/#\/schema\/person\/image\/","url":"https:\/\/nitu.mx\/wp-content\/uploads\/2024\/04\/4A315622-1904-4D5C-B022-878CDC840E04-90x90-1.jpeg","contentUrl":"https:\/\/nitu.mx\/wp-content\/uploads\/2024\/04\/4A315622-1904-4D5C-B022-878CDC840E04-90x90-1.jpeg","width":90,"height":90,"caption":"Arturo Medina"},"logo":{"@id":"https:\/\/nitu.mx\/#\/schema\/person\/image\/"},"description":"Director NITU.mx, Egresado de la Escuela de Periodismo Carlos Septi\u00e9n Garc\u00eda. Periodista y analista especializado en turismo desde hace 35 a\u00f1os, radicado en Canc\u00fan Q.Roo. arturo@nitu.mx","sameAs":["https:\/\/nitu.mx","https:\/\/www.facebook.com\/NITUmx\/","medinacancun","https:\/\/twitter.com\/@Arturo_Medina_G"]},{"@type":"Person","@id":"https:\/\/nitu.mx\/#\/schema\/person\/4a28fe9bd65924f7c90623773daf1b0b","name":"Redacci\u00f3n","image":{"@type":"ImageObject","inLanguage":"es-MX","@id":"https:\/\/nitu.mx\/#\/schema\/person\/image\/","url":"https:\/\/secure.gravatar.com\/avatar\/5dd011c8ccfc5cd7e4c81e42252aab38?s=96&d=mm&r=g","contentUrl":"https:\/\/secure.gravatar.com\/avatar\/5dd011c8ccfc5cd7e4c81e42252aab38?s=96&d=mm&r=g","caption":"Redacci\u00f3n"},"url":"https:\/\/nitu.mx\/index.php\/author\/redaccion\/"}]}},"views":350,"_links":{"self":[{"href":"https:\/\/nitu.mx\/index.php\/wp-json\/wp\/v2\/posts\/31433"}],"collection":[{"href":"https:\/\/nitu.mx\/index.php\/wp-json\/wp\/v2\/posts"}],"about":[{"href":"https:\/\/nitu.mx\/index.php\/wp-json\/wp\/v2\/types\/post"}],"author":[{"embeddable":true,"href":"https:\/\/nitu.mx\/index.php\/wp-json\/wp\/v2\/users\/17"}],"replies":[{"embeddable":true,"href":"https:\/\/nitu.mx\/index.php\/wp-json\/wp\/v2\/comments?post=31433"}],"version-history":[{"count":3,"href":"https:\/\/nitu.mx\/index.php\/wp-json\/wp\/v2\/posts\/31433\/revisions"}],"predecessor-version":[{"id":31448,"href":"https:\/\/nitu.mx\/index.php\/wp-json\/wp\/v2\/posts\/31433\/revisions\/31448"}],"wp:featuredmedia":[{"embeddable":true,"href":"https:\/\/nitu.mx\/index.php\/wp-json\/wp\/v2\/media\/11101"}],"wp:attachment":[{"href":"https:\/\/nitu.mx\/index.php\/wp-json\/wp\/v2\/media?parent=31433"}],"wp:term":[{"taxonomy":"category","embeddable":true,"href":"https:\/\/nitu.mx\/index.php\/wp-json\/wp\/v2\/categories?post=31433"},{"taxonomy":"post_tag","embeddable":true,"href":"https:\/\/nitu.mx\/index.php\/wp-json\/wp\/v2\/tags?post=31433"}],"curies":[{"name":"wp","href":"https:\/\/api.w.org\/{rel}","templated":true}]}}