{"id":31307,"date":"2019-04-22T23:36:09","date_gmt":"2019-04-23T04:36:09","guid":{"rendered":"https:\/\/www.dev.nitu.mx\/?p=31307"},"modified":"2019-04-23T00:35:04","modified_gmt":"2019-04-23T05:35:04","slug":"aeromexico-lanza-campana-personas-que-son-destinos","status":"publish","type":"post","link":"https:\/\/nitu.mx\/index.php\/2019\/04\/22\/aeromexico-lanza-campana-personas-que-son-destinos\/","title":{"rendered":"Aerom\u00e9xico lanza campa\u00f1a &#8220;Personas que son Destinos&#8221;"},"content":{"rendered":"<p style=\"font-weight: 400;\">Con el apoyo de Google, Aerom\u00e9xico tratar\u00e1 de personalizar la compra y servicio de cada uno de sus clientes a trav\u00e9s de su nueva campa\u00f1a\u00a0<span style=\"font-weight: 400;\">\u201cPersonas que son destinos\u201d.<\/span><\/p>\n<p>De esta manera la aerol\u00ednea del Caballero Aguila tratar\u00e1 de\u00a0rompen con la manera tradicional de acercar a los clientes a sus marcas favoritas; ofreciendo un plus que no cualquier compa\u00f1\u00eda ofrece como experiencias hechas a la medida.<\/p>\n<p>A trav\u00e9s de esta campa\u00f1a, Aerom\u00e9xico busca transformar el viaje desde la compra de boletos, en la que el destino ser\u00e1 ahora un ser querido al que los clientes desean llegar. La idea\u00a0comenz\u00f3 con el sue\u00f1o de convertirse en la \u00fanica aerol\u00ednea en abrir millones de destinos alrededor del planeta y poner por encima de todo a aquello que motiva a viajar: la conexi\u00f3n con otras personas.<\/p>\n<p>Aerom\u00e9xico trabaj\u00f3 en conjunto con Google para desarrollar una plataforma para cambiar, por primera vez, la experiencia de compra de boletos,\u00a0Andr\u00e9s Casta\u00f1eda, Vicepresidente Senior de Mercadotecnia de Aerom\u00e9xico, dijo\u00a0creamos personas que son destinos porque la experiencia de nuestros clientes est\u00e1 es el centro de nuestras decisiones, lo que los obliga a innovar constantemente para satisfacer las altas expectativas que los viajeros ponen en Aerom\u00e9xico. &#8220;En esta ocasi\u00f3n, sumamos la innovaci\u00f3n de las plataformas de Google con nuestro conocimiento del mercado, en una campa\u00f1a que esperamos sorprenda nuevamente a nuestros pasajeros\u201d, dijo Casta\u00f1eda.<\/p>\n<p style=\"font-weight: 400;\">La campa\u00f1a\u00a0une las plataformas de Aerom\u00e9xico y Google para ofrecer una nueva experiencia a los viajeros, ya que aprovecha herramientas abiertas como Google Places, en la que es posible crear lugares a partir de coordenadas e identificar estos lugares dentro de Google Maps, para localizar a la persona a la que los clientes de Aerom\u00e9xico quieren visitar. Este viaje de persona a persona es acompa\u00f1ado de un contenido social para amplificar el mensaje y conectar a dos seres queridos a trav\u00e9s de la web.<\/p>\n<p style=\"font-weight: 400;\">Paola Escalante, gerente de Creatividad en The Zoo, Google dijo que el reto m\u00e1s grande fue fortalecer la promesa de personalizaci\u00f3n que Aerom\u00e9xico, sin olvidar c\u00f3mo es que el usuario vive el proceso de compra.<\/p>\n<p style=\"font-weight: 400;\">La campa\u00f1a ya esta disponible para los clientes de Aerom\u00e9xico en su sitio web y plataformas m\u00f3viles, en breve tambi\u00e9n estar\u00e1 presente en redes sociales, donde cada uno de los viajeros podr\u00e1 compartir los viajes m\u00e1s emocionantes de su vida, con videos personalizados que conecten con sus intereses y preferencias.<\/p>\n<p style=\"font-weight: 400;\">\n","protected":false},"excerpt":{"rendered":"<p>Con el apoyo de Google, Aerom\u00e9xico tratar\u00e1 de personalizar la compra y servicio de cada uno de sus clientes a trav\u00e9s de su nueva campa\u00f1a\u00a0\u201cPersonas que son destinos\u201d. De esta manera la aerol\u00ednea del Caballero Aguila tratar\u00e1 de\u00a0rompen con la manera tradicional de acercar a los clientes a sus marcas favoritas; ofreciendo un plus que [&hellip;]<\/p>\n","protected":false},"author":17,"featured_media":11526,"comment_status":"open","ping_status":"open","sticky":false,"template":"","format":"standard","meta":{"footnotes":""},"categories":[29,6],"tags":[2326,30,15453,7389,2428],"yoast_head":"<!-- This site is optimized with the Yoast SEO plugin v22.2 - https:\/\/yoast.com\/wordpress\/plugins\/seo\/ -->\n<title>Aerom\u00e9xico lanza campa\u00f1a &quot;Personas que son Destinos&quot; - Nitu - Noticias de la Industria Turistica<\/title>\n<meta name=\"description\" content=\"Aerom\u00e9xico tratar\u00e1 de personalizar la compra y servicio de cada uno de sus clientes a trav\u00e9s de su nueva campa\u00f1a\u00a0\u201cPersonas que son destinos\u201d.\" \/>\n<meta name=\"robots\" content=\"index, follow, max-snippet:-1, max-image-preview:large, max-video-preview:-1\" \/>\n<link rel=\"canonical\" href=\"https:\/\/nitu.mx\/index.php\/2019\/04\/22\/aeromexico-lanza-campana-personas-que-son-destinos\/\" \/>\n<meta name=\"twitter:card\" content=\"summary_large_image\" \/>\n<meta name=\"twitter:title\" content=\"Aerom\u00e9xico lanza campa\u00f1a &quot;Personas que son Destinos&quot; - Nitu - Noticias de la Industria Turistica\" \/>\n<meta name=\"twitter:description\" content=\"Aerom\u00e9xico tratar\u00e1 de personalizar la compra y servicio de cada uno de sus clientes a trav\u00e9s de su nueva campa\u00f1a\u00a0\u201cPersonas que son destinos\u201d.\" \/>\n<meta name=\"twitter:image\" content=\"https:\/\/nitu.mx\/wp-content\/uploads\/2017\/07\/Embraer-de-Aerom\u00e9xico.jpg\" \/>\n<meta name=\"twitter:creator\" content=\"@NITUmx\" \/>\n<meta name=\"twitter:site\" content=\"@Arturo_Medina_G\" \/>\n<meta name=\"twitter:label1\" content=\"Escrito por\" \/>\n\t<meta name=\"twitter:data1\" content=\"Redacci\u00f3n\" \/>\n\t<meta name=\"twitter:label2\" content=\"Tiempo de lectura\" \/>\n\t<meta name=\"twitter:data2\" content=\"2 minutos\" \/>\n<script type=\"application\/ld+json\" class=\"yoast-schema-graph\">{\"@context\":\"https:\/\/schema.org\",\"@graph\":[{\"@type\":\"Article\",\"@id\":\"https:\/\/nitu.mx\/index.php\/2019\/04\/22\/aeromexico-lanza-campana-personas-que-son-destinos\/#article\",\"isPartOf\":{\"@id\":\"https:\/\/nitu.mx\/index.php\/2019\/04\/22\/aeromexico-lanza-campana-personas-que-son-destinos\/\"},\"author\":{\"name\":\"Redacci\u00f3n\",\"@id\":\"https:\/\/nitu.mx\/#\/schema\/person\/4a28fe9bd65924f7c90623773daf1b0b\"},\"headline\":\"Aerom\u00e9xico lanza campa\u00f1a &#8220;Personas que son Destinos&#8221;\",\"datePublished\":\"2019-04-23T04:36:09+00:00\",\"dateModified\":\"2019-04-23T05:35:04+00:00\",\"mainEntityOfPage\":{\"@id\":\"https:\/\/nitu.mx\/index.php\/2019\/04\/22\/aeromexico-lanza-campana-personas-que-son-destinos\/\"},\"wordCount\":442,\"commentCount\":0,\"publisher\":{\"@id\":\"https:\/\/nitu.mx\/#\/schema\/person\/ae7a53426417292d3dd07b45a33e01bc\"},\"image\":{\"@id\":\"https:\/\/nitu.mx\/index.php\/2019\/04\/22\/aeromexico-lanza-campana-personas-que-son-destinos\/#primaryimage\"},\"thumbnailUrl\":\"https:\/\/nitu.mx\/wp-content\/uploads\/2017\/07\/Embraer-de-Aerom\u00e9xico.jpg\",\"keywords\":[\"aerol\u00ednea del Caballero \u00c1guila\",\"Aerom\u00e9xico\",\"Andr\u00e9s Casta\u00f1eda\",\"Google\",\"Paola Escalante\"],\"articleSection\":[\"Aerol\u00edneas\",\"M\u00e9xico\"],\"inLanguage\":\"es-MX\",\"potentialAction\":[{\"@type\":\"CommentAction\",\"name\":\"Comment\",\"target\":[\"https:\/\/nitu.mx\/index.php\/2019\/04\/22\/aeromexico-lanza-campana-personas-que-son-destinos\/#respond\"]}]},{\"@type\":\"WebPage\",\"@id\":\"https:\/\/nitu.mx\/index.php\/2019\/04\/22\/aeromexico-lanza-campana-personas-que-son-destinos\/\",\"url\":\"https:\/\/nitu.mx\/index.php\/2019\/04\/22\/aeromexico-lanza-campana-personas-que-son-destinos\/\",\"name\":\"Aerom\u00e9xico lanza campa\u00f1a \\\"Personas que son Destinos\\\" - Nitu - Noticias de la Industria Turistica\",\"isPartOf\":{\"@id\":\"https:\/\/nitu.mx\/#website\"},\"primaryImageOfPage\":{\"@id\":\"https:\/\/nitu.mx\/index.php\/2019\/04\/22\/aeromexico-lanza-campana-personas-que-son-destinos\/#primaryimage\"},\"image\":{\"@id\":\"https:\/\/nitu.mx\/index.php\/2019\/04\/22\/aeromexico-lanza-campana-personas-que-son-destinos\/#primaryimage\"},\"thumbnailUrl\":\"https:\/\/nitu.mx\/wp-content\/uploads\/2017\/07\/Embraer-de-Aerom\u00e9xico.jpg\",\"datePublished\":\"2019-04-23T04:36:09+00:00\",\"dateModified\":\"2019-04-23T05:35:04+00:00\",\"description\":\"Aerom\u00e9xico tratar\u00e1 de personalizar la compra y servicio de cada uno de sus clientes a trav\u00e9s de su nueva campa\u00f1a\u00a0\u201cPersonas que son destinos\u201d.\",\"breadcrumb\":{\"@id\":\"https:\/\/nitu.mx\/index.php\/2019\/04\/22\/aeromexico-lanza-campana-personas-que-son-destinos\/#breadcrumb\"},\"inLanguage\":\"es-MX\",\"potentialAction\":[{\"@type\":\"ReadAction\",\"target\":[\"https:\/\/nitu.mx\/index.php\/2019\/04\/22\/aeromexico-lanza-campana-personas-que-son-destinos\/\"]}]},{\"@type\":\"ImageObject\",\"inLanguage\":\"es-MX\",\"@id\":\"https:\/\/nitu.mx\/index.php\/2019\/04\/22\/aeromexico-lanza-campana-personas-que-son-destinos\/#primaryimage\",\"url\":\"https:\/\/nitu.mx\/wp-content\/uploads\/2017\/07\/Embraer-de-Aerom\u00e9xico.jpg\",\"contentUrl\":\"https:\/\/nitu.mx\/wp-content\/uploads\/2017\/07\/Embraer-de-Aerom\u00e9xico.jpg\",\"width\":850,\"height\":480,\"caption\":\"aerom\u00e9xico\"},{\"@type\":\"BreadcrumbList\",\"@id\":\"https:\/\/nitu.mx\/index.php\/2019\/04\/22\/aeromexico-lanza-campana-personas-que-son-destinos\/#breadcrumb\",\"itemListElement\":[{\"@type\":\"ListItem\",\"position\":1,\"name\":\"Inicio\",\"item\":\"https:\/\/nitu.mx\/\"},{\"@type\":\"ListItem\",\"position\":2,\"name\":\"Aerom\u00e9xico lanza campa\u00f1a &#8220;Personas que son Destinos&#8221;\"}]},{\"@type\":\"WebSite\",\"@id\":\"https:\/\/nitu.mx\/#website\",\"url\":\"https:\/\/nitu.mx\/\",\"name\":\"Nitu - Noticias de la Industria Turistica\",\"description\":\"Noticias de la Industria Turistica\",\"publisher\":{\"@id\":\"https:\/\/nitu.mx\/#\/schema\/person\/ae7a53426417292d3dd07b45a33e01bc\"},\"alternateName\":\"Noticias de la Industria Turistica\",\"potentialAction\":[{\"@type\":\"SearchAction\",\"target\":{\"@type\":\"EntryPoint\",\"urlTemplate\":\"https:\/\/nitu.mx\/?s={search_term_string}\"},\"query-input\":\"required name=search_term_string\"}],\"inLanguage\":\"es-MX\"},{\"@type\":[\"Person\",\"Organization\"],\"@id\":\"https:\/\/nitu.mx\/#\/schema\/person\/ae7a53426417292d3dd07b45a33e01bc\",\"name\":\"Arturo Medina\",\"image\":{\"@type\":\"ImageObject\",\"inLanguage\":\"es-MX\",\"@id\":\"https:\/\/nitu.mx\/#\/schema\/person\/image\/\",\"url\":\"https:\/\/nitu.mx\/wp-content\/uploads\/2024\/04\/4A315622-1904-4D5C-B022-878CDC840E04-90x90-1.jpeg\",\"contentUrl\":\"https:\/\/nitu.mx\/wp-content\/uploads\/2024\/04\/4A315622-1904-4D5C-B022-878CDC840E04-90x90-1.jpeg\",\"width\":90,\"height\":90,\"caption\":\"Arturo Medina\"},\"logo\":{\"@id\":\"https:\/\/nitu.mx\/#\/schema\/person\/image\/\"},\"description\":\"Director NITU.mx, Egresado de la Escuela de Periodismo Carlos Septi\u00e9n Garc\u00eda. Periodista y analista especializado en turismo desde hace 35 a\u00f1os, radicado en Canc\u00fan Q.Roo. arturo@nitu.mx\",\"sameAs\":[\"https:\/\/nitu.mx\",\"https:\/\/www.facebook.com\/NITUmx\/\",\"medinacancun\",\"https:\/\/twitter.com\/@Arturo_Medina_G\"]},{\"@type\":\"Person\",\"@id\":\"https:\/\/nitu.mx\/#\/schema\/person\/4a28fe9bd65924f7c90623773daf1b0b\",\"name\":\"Redacci\u00f3n\",\"image\":{\"@type\":\"ImageObject\",\"inLanguage\":\"es-MX\",\"@id\":\"https:\/\/nitu.mx\/#\/schema\/person\/image\/\",\"url\":\"https:\/\/secure.gravatar.com\/avatar\/5dd011c8ccfc5cd7e4c81e42252aab38?s=96&d=mm&r=g\",\"contentUrl\":\"https:\/\/secure.gravatar.com\/avatar\/5dd011c8ccfc5cd7e4c81e42252aab38?s=96&d=mm&r=g\",\"caption\":\"Redacci\u00f3n\"},\"url\":\"https:\/\/nitu.mx\/index.php\/author\/redaccion\/\"}]}<\/script>\n<!-- \/ Yoast SEO plugin. -->","yoast_head_json":{"title":"Aerom\u00e9xico lanza campa\u00f1a \"Personas que son Destinos\" - Nitu - Noticias de la Industria Turistica","description":"Aerom\u00e9xico tratar\u00e1 de personalizar la compra y servicio de cada uno de sus clientes a trav\u00e9s de su nueva campa\u00f1a\u00a0\u201cPersonas que son destinos\u201d.","robots":{"index":"index","follow":"follow","max-snippet":"max-snippet:-1","max-image-preview":"max-image-preview:large","max-video-preview":"max-video-preview:-1"},"canonical":"https:\/\/nitu.mx\/index.php\/2019\/04\/22\/aeromexico-lanza-campana-personas-que-son-destinos\/","twitter_card":"summary_large_image","twitter_title":"Aerom\u00e9xico lanza campa\u00f1a \"Personas que son Destinos\" - Nitu - Noticias de la Industria Turistica","twitter_description":"Aerom\u00e9xico tratar\u00e1 de personalizar la compra y servicio de cada uno de sus clientes a trav\u00e9s de su nueva campa\u00f1a\u00a0\u201cPersonas que son destinos\u201d.","twitter_image":"https:\/\/nitu.mx\/wp-content\/uploads\/2017\/07\/Embraer-de-Aerom\u00e9xico.jpg","twitter_creator":"@NITUmx","twitter_site":"@Arturo_Medina_G","twitter_misc":{"Escrito por":"Redacci\u00f3n","Tiempo de lectura":"2 minutos"},"schema":{"@context":"https:\/\/schema.org","@graph":[{"@type":"Article","@id":"https:\/\/nitu.mx\/index.php\/2019\/04\/22\/aeromexico-lanza-campana-personas-que-son-destinos\/#article","isPartOf":{"@id":"https:\/\/nitu.mx\/index.php\/2019\/04\/22\/aeromexico-lanza-campana-personas-que-son-destinos\/"},"author":{"name":"Redacci\u00f3n","@id":"https:\/\/nitu.mx\/#\/schema\/person\/4a28fe9bd65924f7c90623773daf1b0b"},"headline":"Aerom\u00e9xico lanza campa\u00f1a &#8220;Personas que son Destinos&#8221;","datePublished":"2019-04-23T04:36:09+00:00","dateModified":"2019-04-23T05:35:04+00:00","mainEntityOfPage":{"@id":"https:\/\/nitu.mx\/index.php\/2019\/04\/22\/aeromexico-lanza-campana-personas-que-son-destinos\/"},"wordCount":442,"commentCount":0,"publisher":{"@id":"https:\/\/nitu.mx\/#\/schema\/person\/ae7a53426417292d3dd07b45a33e01bc"},"image":{"@id":"https:\/\/nitu.mx\/index.php\/2019\/04\/22\/aeromexico-lanza-campana-personas-que-son-destinos\/#primaryimage"},"thumbnailUrl":"https:\/\/nitu.mx\/wp-content\/uploads\/2017\/07\/Embraer-de-Aerom\u00e9xico.jpg","keywords":["aerol\u00ednea del Caballero \u00c1guila","Aerom\u00e9xico","Andr\u00e9s Casta\u00f1eda","Google","Paola Escalante"],"articleSection":["Aerol\u00edneas","M\u00e9xico"],"inLanguage":"es-MX","potentialAction":[{"@type":"CommentAction","name":"Comment","target":["https:\/\/nitu.mx\/index.php\/2019\/04\/22\/aeromexico-lanza-campana-personas-que-son-destinos\/#respond"]}]},{"@type":"WebPage","@id":"https:\/\/nitu.mx\/index.php\/2019\/04\/22\/aeromexico-lanza-campana-personas-que-son-destinos\/","url":"https:\/\/nitu.mx\/index.php\/2019\/04\/22\/aeromexico-lanza-campana-personas-que-son-destinos\/","name":"Aerom\u00e9xico lanza campa\u00f1a \"Personas que son Destinos\" - Nitu - Noticias de la Industria Turistica","isPartOf":{"@id":"https:\/\/nitu.mx\/#website"},"primaryImageOfPage":{"@id":"https:\/\/nitu.mx\/index.php\/2019\/04\/22\/aeromexico-lanza-campana-personas-que-son-destinos\/#primaryimage"},"image":{"@id":"https:\/\/nitu.mx\/index.php\/2019\/04\/22\/aeromexico-lanza-campana-personas-que-son-destinos\/#primaryimage"},"thumbnailUrl":"https:\/\/nitu.mx\/wp-content\/uploads\/2017\/07\/Embraer-de-Aerom\u00e9xico.jpg","datePublished":"2019-04-23T04:36:09+00:00","dateModified":"2019-04-23T05:35:04+00:00","description":"Aerom\u00e9xico tratar\u00e1 de personalizar la compra y servicio de cada uno de sus clientes a trav\u00e9s de su nueva campa\u00f1a\u00a0\u201cPersonas que son destinos\u201d.","breadcrumb":{"@id":"https:\/\/nitu.mx\/index.php\/2019\/04\/22\/aeromexico-lanza-campana-personas-que-son-destinos\/#breadcrumb"},"inLanguage":"es-MX","potentialAction":[{"@type":"ReadAction","target":["https:\/\/nitu.mx\/index.php\/2019\/04\/22\/aeromexico-lanza-campana-personas-que-son-destinos\/"]}]},{"@type":"ImageObject","inLanguage":"es-MX","@id":"https:\/\/nitu.mx\/index.php\/2019\/04\/22\/aeromexico-lanza-campana-personas-que-son-destinos\/#primaryimage","url":"https:\/\/nitu.mx\/wp-content\/uploads\/2017\/07\/Embraer-de-Aerom\u00e9xico.jpg","contentUrl":"https:\/\/nitu.mx\/wp-content\/uploads\/2017\/07\/Embraer-de-Aerom\u00e9xico.jpg","width":850,"height":480,"caption":"aerom\u00e9xico"},{"@type":"BreadcrumbList","@id":"https:\/\/nitu.mx\/index.php\/2019\/04\/22\/aeromexico-lanza-campana-personas-que-son-destinos\/#breadcrumb","itemListElement":[{"@type":"ListItem","position":1,"name":"Inicio","item":"https:\/\/nitu.mx\/"},{"@type":"ListItem","position":2,"name":"Aerom\u00e9xico lanza campa\u00f1a &#8220;Personas que son Destinos&#8221;"}]},{"@type":"WebSite","@id":"https:\/\/nitu.mx\/#website","url":"https:\/\/nitu.mx\/","name":"Nitu - Noticias de la Industria Turistica","description":"Noticias de la Industria Turistica","publisher":{"@id":"https:\/\/nitu.mx\/#\/schema\/person\/ae7a53426417292d3dd07b45a33e01bc"},"alternateName":"Noticias de la Industria Turistica","potentialAction":[{"@type":"SearchAction","target":{"@type":"EntryPoint","urlTemplate":"https:\/\/nitu.mx\/?s={search_term_string}"},"query-input":"required name=search_term_string"}],"inLanguage":"es-MX"},{"@type":["Person","Organization"],"@id":"https:\/\/nitu.mx\/#\/schema\/person\/ae7a53426417292d3dd07b45a33e01bc","name":"Arturo Medina","image":{"@type":"ImageObject","inLanguage":"es-MX","@id":"https:\/\/nitu.mx\/#\/schema\/person\/image\/","url":"https:\/\/nitu.mx\/wp-content\/uploads\/2024\/04\/4A315622-1904-4D5C-B022-878CDC840E04-90x90-1.jpeg","contentUrl":"https:\/\/nitu.mx\/wp-content\/uploads\/2024\/04\/4A315622-1904-4D5C-B022-878CDC840E04-90x90-1.jpeg","width":90,"height":90,"caption":"Arturo Medina"},"logo":{"@id":"https:\/\/nitu.mx\/#\/schema\/person\/image\/"},"description":"Director NITU.mx, Egresado de la Escuela de Periodismo Carlos Septi\u00e9n Garc\u00eda. Periodista y analista especializado en turismo desde hace 35 a\u00f1os, radicado en Canc\u00fan Q.Roo. arturo@nitu.mx","sameAs":["https:\/\/nitu.mx","https:\/\/www.facebook.com\/NITUmx\/","medinacancun","https:\/\/twitter.com\/@Arturo_Medina_G"]},{"@type":"Person","@id":"https:\/\/nitu.mx\/#\/schema\/person\/4a28fe9bd65924f7c90623773daf1b0b","name":"Redacci\u00f3n","image":{"@type":"ImageObject","inLanguage":"es-MX","@id":"https:\/\/nitu.mx\/#\/schema\/person\/image\/","url":"https:\/\/secure.gravatar.com\/avatar\/5dd011c8ccfc5cd7e4c81e42252aab38?s=96&d=mm&r=g","contentUrl":"https:\/\/secure.gravatar.com\/avatar\/5dd011c8ccfc5cd7e4c81e42252aab38?s=96&d=mm&r=g","caption":"Redacci\u00f3n"},"url":"https:\/\/nitu.mx\/index.php\/author\/redaccion\/"}]}},"views":421,"_links":{"self":[{"href":"https:\/\/nitu.mx\/index.php\/wp-json\/wp\/v2\/posts\/31307"}],"collection":[{"href":"https:\/\/nitu.mx\/index.php\/wp-json\/wp\/v2\/posts"}],"about":[{"href":"https:\/\/nitu.mx\/index.php\/wp-json\/wp\/v2\/types\/post"}],"author":[{"embeddable":true,"href":"https:\/\/nitu.mx\/index.php\/wp-json\/wp\/v2\/users\/17"}],"replies":[{"embeddable":true,"href":"https:\/\/nitu.mx\/index.php\/wp-json\/wp\/v2\/comments?post=31307"}],"version-history":[{"count":3,"href":"https:\/\/nitu.mx\/index.php\/wp-json\/wp\/v2\/posts\/31307\/revisions"}],"predecessor-version":[{"id":31335,"href":"https:\/\/nitu.mx\/index.php\/wp-json\/wp\/v2\/posts\/31307\/revisions\/31335"}],"wp:featuredmedia":[{"embeddable":true,"href":"https:\/\/nitu.mx\/index.php\/wp-json\/wp\/v2\/media\/11526"}],"wp:attachment":[{"href":"https:\/\/nitu.mx\/index.php\/wp-json\/wp\/v2\/media?parent=31307"}],"wp:term":[{"taxonomy":"category","embeddable":true,"href":"https:\/\/nitu.mx\/index.php\/wp-json\/wp\/v2\/categories?post=31307"},{"taxonomy":"post_tag","embeddable":true,"href":"https:\/\/nitu.mx\/index.php\/wp-json\/wp\/v2\/tags?post=31307"}],"curies":[{"name":"wp","href":"https:\/\/api.w.org\/{rel}","templated":true}]}}