{"id":31205,"date":"2019-04-17T00:15:33","date_gmt":"2019-04-17T05:15:33","guid":{"rendered":"https:\/\/www.dev.nitu.mx\/?p=31205"},"modified":"2019-04-17T00:27:59","modified_gmt":"2019-04-17T05:27:59","slug":"despegar-fortalece-su-posicion-en-latinoamerica-con-la-adquisicion-del-100-de-viajes-falabella","status":"publish","type":"post","link":"https:\/\/nitu.mx\/index.php\/2019\/04\/17\/despegar-fortalece-su-posicion-en-latinoamerica-con-la-adquisicion-del-100-de-viajes-falabella\/","title":{"rendered":"Despegar fortalece su posici\u00f3n en Latinoam\u00e9rica con la adquisici\u00f3n del 100% de Viajes Falabella"},"content":{"rendered":"<p>La compa\u00f1\u00eda de viajes online l\u00edder en Am\u00e9rica Latina suscribi\u00f3 con Falabella Financiero, empresa de Falabella, una alianza estrat\u00e9gica por un valor total de 27 millones de d\u00f3lares, mediante la cual establecen un acuerdo comercial por 10 a\u00f1os en Chile, Colombia, Per\u00fa y Argentina, que incluye el traspaso del 100% de las operaciones de Viajes Falabella a Despegar.<\/p>\n<p>En 2018, Viajes Falabella registr\u00f3 ingresos y EBITDA por aproximadamente US$ 50 millones y US$ 3,5 millones, respectivamente en sus operaciones en Chile, Colombia, Per\u00fa y Argentina. Asimismo un 65% de sus ingresos aproximadamente corresponden a paquetes tur\u00edsticos, lo cual refuerza la estrategia de Despegar de ofrecer productos de mayor valor agregado orientados a la experiencia de viaje de sus clientes.<\/p>\n<p>Con este Acuerdo, los clientes de ambas compa\u00f1\u00edas tendr\u00e1n acceso a una oferta potenciada de productos y servicios en viajes y turismo, a trav\u00e9s de un modelo de atenci\u00f3n omnicanal (online, call center y tiendas f\u00edsicas). Adem\u00e1s, podr\u00e1n acceder a descuentos exclusivos, doble acumulaci\u00f3n de CMR Puntos (el programa de fidelizaci\u00f3n de Falabella), tanto en Viajes Falabella como en Despegar, as\u00ed como a una oferta ampliada de productos para canje de CMR Puntos en Viajes Falabella.<\/p>\n<p>Dami\u00e1n Scokin, CEO de Despegar dijo estar encantados de haber entrado en este acuerdo con Falabella, ya que les permitir\u00e1 fortalecer a\u00fan m\u00e1s su posici\u00f3n de liderazgo en el mercado de viajes de Am\u00e9rica Latina. &#8220;Estamos adquiriendo una empresa con una trayectoria exitosa y atractivas oportunidades de crecimiento, completamente alineada con nuestra estrategia de enfocarnos en paquetes, hoteles y otros productos de viaje&#8221;, dijo Scokin, quien tambi\u00e9n detall\u00f3 que esta\u00a0alianza les permitir\u00e1 fortalecer su oferta de financiamiento de sus productos. (<a title=\"BestDay, Despegar y Price Travel se unen al Hot Monday con ventas en l\u00ednea\" href=\"https:\/\/www.dev.nitu.mx\/index.php\/2017\/11\/24\/bestday-despegar-com-price-travel-y-bahia-principe-se-unen-al-hot-monday-para-incentivar-las-ventas-en-linea\/\" rel=\"bookmark\">BestDay, Despegar y Price Travel se unen al Hot Monday con ventas en l\u00ednea<\/a>).<\/p>\n<p>En tanto el gerente general corporativo de Falabella Financiero, Juan Manuel Matheu, explic\u00f3 que la alianza les permitir\u00e1 integrar una mejor propuesta de valor a su ecosistema digital, mejorando ampliamente la oferta de viajes y la experiencia digital de su programa CMR Puntos, dando acceso a sus clientes al mejor contenido de productos tur\u00edsticos del mercado.<\/p>\n<p>Ambos directivos destacaron que Viajes Falabella mantendr\u00e1 la marca, su red de tiendas f\u00edsicas y sus plataformas digitales, para potenciar la oferta de productos y servicios de Despegar, y aclararon que la transacci\u00f3n est\u00e1 sujeta a los mecanismos de cierre habituales para transacciones de este tipo, incluyendo la aprobaci\u00f3n de la autoridad de libre competencia correspondiente.<\/p>\n<p>Scokin destac\u00f3 que con 20 a\u00f1os en el mercado, Despegar es la empresa de viajes online l\u00edder en Latinoam\u00e9rica la cual opera en 20 pa\u00edses de la regi\u00f3n. Gracias a la fuerte apuesta por desarrollo tecnol\u00f3gico Despegar ofrece una experiencia personalizada para m\u00e1s de 18 millones de clientes. Ofrece\u00a0productos de m\u00e1s de 300 aerol\u00edneas, m\u00e1s de 520 mil opciones de alojamiento, as\u00ed como alquiler de autos a trav\u00e9s de aproximadamente 1.100 agencias, y aproximadamente 240 proveedores de servicios en destino con m\u00e1s de 8 mil 700 actividades a lo largo de Latinoam\u00e9rica.<\/p>\n<p>En tanto Falabella Financiero es la filial de Falabella que, a trav\u00e9s de sus unidades de negocio (CMR Falabella, Banco Falabella, Seguros Falabella y Viajes Falabella), pone a disposici\u00f3n de los clientes una oferta integral de productos y servicios financieros.<\/p>\n","protected":false},"excerpt":{"rendered":"<p>La compa\u00f1\u00eda de viajes online l\u00edder en Am\u00e9rica Latina suscribi\u00f3 con Falabella Financiero, empresa de Falabella, una alianza estrat\u00e9gica por un valor total de 27 millones de d\u00f3lares, mediante la cual establecen un acuerdo comercial por 10 a\u00f1os en Chile, Colombia, Per\u00fa y Argentina, que incluye el traspaso del 100% de las operaciones de Viajes [&hellip;]<\/p>\n","protected":false},"author":17,"featured_media":30646,"comment_status":"open","ping_status":"open","sticky":false,"template":"","format":"standard","meta":{"footnotes":""},"categories":[3],"tags":[2629,2130,528,15423,15424],"yoast_head":"<!-- This site is optimized with the Yoast SEO plugin v22.2 - https:\/\/yoast.com\/wordpress\/plugins\/seo\/ -->\n<title>Despegar fortalece su posici\u00f3n en Latinoam\u00e9rica con la adquisici\u00f3n del 100% de Viajes Falabella - Nitu - Noticias de la Industria Turistica<\/title>\n<meta name=\"description\" content=\"Despegar suscribi\u00f3 con Falabella Financiero, empresa de Falabella, una alianza estrat\u00e9gica por un valor total de 27 millones de d\u00f3lares.\" \/>\n<meta name=\"robots\" content=\"index, follow, max-snippet:-1, max-image-preview:large, max-video-preview:-1\" \/>\n<link rel=\"canonical\" href=\"https:\/\/nitu.mx\/index.php\/2019\/04\/17\/despegar-fortalece-su-posicion-en-latinoamerica-con-la-adquisicion-del-100-de-viajes-falabella\/\" \/>\n<meta name=\"twitter:card\" content=\"summary_large_image\" \/>\n<meta name=\"twitter:title\" content=\"Despegar fortalece su posici\u00f3n en Latinoam\u00e9rica con la adquisici\u00f3n del 100% de Viajes Falabella - Nitu - Noticias de la Industria Turistica\" \/>\n<meta name=\"twitter:description\" content=\"Despegar suscribi\u00f3 con Falabella Financiero, empresa de Falabella, una alianza estrat\u00e9gica por un valor total de 27 millones de d\u00f3lares.\" \/>\n<meta name=\"twitter:image\" content=\"https:\/\/nitu.mx\/wp-content\/uploads\/2019\/04\/Despegar-nueva-imagen.jpg\" \/>\n<meta name=\"twitter:creator\" content=\"@NITUmx\" \/>\n<meta name=\"twitter:site\" content=\"@Arturo_Medina_G\" \/>\n<meta name=\"twitter:label1\" content=\"Escrito por\" \/>\n\t<meta name=\"twitter:data1\" content=\"Redacci\u00f3n\" \/>\n\t<meta name=\"twitter:label2\" content=\"Tiempo de lectura\" \/>\n\t<meta name=\"twitter:data2\" content=\"3 minutos\" \/>\n<script type=\"application\/ld+json\" class=\"yoast-schema-graph\">{\"@context\":\"https:\/\/schema.org\",\"@graph\":[{\"@type\":\"Article\",\"@id\":\"https:\/\/nitu.mx\/index.php\/2019\/04\/17\/despegar-fortalece-su-posicion-en-latinoamerica-con-la-adquisicion-del-100-de-viajes-falabella\/#article\",\"isPartOf\":{\"@id\":\"https:\/\/nitu.mx\/index.php\/2019\/04\/17\/despegar-fortalece-su-posicion-en-latinoamerica-con-la-adquisicion-del-100-de-viajes-falabella\/\"},\"author\":{\"name\":\"Redacci\u00f3n\",\"@id\":\"https:\/\/nitu.mx\/#\/schema\/person\/4a28fe9bd65924f7c90623773daf1b0b\"},\"headline\":\"Despegar fortalece su posici\u00f3n en Latinoam\u00e9rica con la adquisici\u00f3n del 100% de Viajes Falabella\",\"datePublished\":\"2019-04-17T05:15:33+00:00\",\"dateModified\":\"2019-04-17T05:27:59+00:00\",\"mainEntityOfPage\":{\"@id\":\"https:\/\/nitu.mx\/index.php\/2019\/04\/17\/despegar-fortalece-su-posicion-en-latinoamerica-con-la-adquisicion-del-100-de-viajes-falabella\/\"},\"wordCount\":577,\"commentCount\":0,\"publisher\":{\"@id\":\"https:\/\/nitu.mx\/#\/schema\/person\/ae7a53426417292d3dd07b45a33e01bc\"},\"image\":{\"@id\":\"https:\/\/nitu.mx\/index.php\/2019\/04\/17\/despegar-fortalece-su-posicion-en-latinoamerica-con-la-adquisicion-del-100-de-viajes-falabella\/#primaryimage\"},\"thumbnailUrl\":\"https:\/\/nitu.mx\/wp-content\/uploads\/2019\/04\/Despegar-nueva-imagen.jpg\",\"keywords\":[\"Dami\u00e1n Scokin\",\"Despegar\",\"Despegar.com\",\"Juan Manuel Matheu\",\"Viajes Falabella\"],\"articleSection\":[\"Agencias de Viajes\"],\"inLanguage\":\"es-MX\",\"potentialAction\":[{\"@type\":\"CommentAction\",\"name\":\"Comment\",\"target\":[\"https:\/\/nitu.mx\/index.php\/2019\/04\/17\/despegar-fortalece-su-posicion-en-latinoamerica-con-la-adquisicion-del-100-de-viajes-falabella\/#respond\"]}]},{\"@type\":\"WebPage\",\"@id\":\"https:\/\/nitu.mx\/index.php\/2019\/04\/17\/despegar-fortalece-su-posicion-en-latinoamerica-con-la-adquisicion-del-100-de-viajes-falabella\/\",\"url\":\"https:\/\/nitu.mx\/index.php\/2019\/04\/17\/despegar-fortalece-su-posicion-en-latinoamerica-con-la-adquisicion-del-100-de-viajes-falabella\/\",\"name\":\"Despegar fortalece su posici\u00f3n en Latinoam\u00e9rica con la adquisici\u00f3n del 100% de Viajes Falabella - Nitu - Noticias de la Industria Turistica\",\"isPartOf\":{\"@id\":\"https:\/\/nitu.mx\/#website\"},\"primaryImageOfPage\":{\"@id\":\"https:\/\/nitu.mx\/index.php\/2019\/04\/17\/despegar-fortalece-su-posicion-en-latinoamerica-con-la-adquisicion-del-100-de-viajes-falabella\/#primaryimage\"},\"image\":{\"@id\":\"https:\/\/nitu.mx\/index.php\/2019\/04\/17\/despegar-fortalece-su-posicion-en-latinoamerica-con-la-adquisicion-del-100-de-viajes-falabella\/#primaryimage\"},\"thumbnailUrl\":\"https:\/\/nitu.mx\/wp-content\/uploads\/2019\/04\/Despegar-nueva-imagen.jpg\",\"datePublished\":\"2019-04-17T05:15:33+00:00\",\"dateModified\":\"2019-04-17T05:27:59+00:00\",\"description\":\"Despegar suscribi\u00f3 con Falabella Financiero, empresa de Falabella, una alianza estrat\u00e9gica por un valor total de 27 millones de d\u00f3lares.\",\"breadcrumb\":{\"@id\":\"https:\/\/nitu.mx\/index.php\/2019\/04\/17\/despegar-fortalece-su-posicion-en-latinoamerica-con-la-adquisicion-del-100-de-viajes-falabella\/#breadcrumb\"},\"inLanguage\":\"es-MX\",\"potentialAction\":[{\"@type\":\"ReadAction\",\"target\":[\"https:\/\/nitu.mx\/index.php\/2019\/04\/17\/despegar-fortalece-su-posicion-en-latinoamerica-con-la-adquisicion-del-100-de-viajes-falabella\/\"]}]},{\"@type\":\"ImageObject\",\"inLanguage\":\"es-MX\",\"@id\":\"https:\/\/nitu.mx\/index.php\/2019\/04\/17\/despegar-fortalece-su-posicion-en-latinoamerica-con-la-adquisicion-del-100-de-viajes-falabella\/#primaryimage\",\"url\":\"https:\/\/nitu.mx\/wp-content\/uploads\/2019\/04\/Despegar-nueva-imagen.jpg\",\"contentUrl\":\"https:\/\/nitu.mx\/wp-content\/uploads\/2019\/04\/Despegar-nueva-imagen.jpg\",\"width\":850,\"height\":480,\"caption\":\"Despegar\"},{\"@type\":\"BreadcrumbList\",\"@id\":\"https:\/\/nitu.mx\/index.php\/2019\/04\/17\/despegar-fortalece-su-posicion-en-latinoamerica-con-la-adquisicion-del-100-de-viajes-falabella\/#breadcrumb\",\"itemListElement\":[{\"@type\":\"ListItem\",\"position\":1,\"name\":\"Inicio\",\"item\":\"https:\/\/nitu.mx\/\"},{\"@type\":\"ListItem\",\"position\":2,\"name\":\"Despegar fortalece su posici\u00f3n en Latinoam\u00e9rica con la adquisici\u00f3n del 100% de Viajes Falabella\"}]},{\"@type\":\"WebSite\",\"@id\":\"https:\/\/nitu.mx\/#website\",\"url\":\"https:\/\/nitu.mx\/\",\"name\":\"Nitu - Noticias de la Industria Turistica\",\"description\":\"Noticias de la Industria Turistica\",\"publisher\":{\"@id\":\"https:\/\/nitu.mx\/#\/schema\/person\/ae7a53426417292d3dd07b45a33e01bc\"},\"alternateName\":\"Noticias de la Industria Turistica\",\"potentialAction\":[{\"@type\":\"SearchAction\",\"target\":{\"@type\":\"EntryPoint\",\"urlTemplate\":\"https:\/\/nitu.mx\/?s={search_term_string}\"},\"query-input\":\"required name=search_term_string\"}],\"inLanguage\":\"es-MX\"},{\"@type\":[\"Person\",\"Organization\"],\"@id\":\"https:\/\/nitu.mx\/#\/schema\/person\/ae7a53426417292d3dd07b45a33e01bc\",\"name\":\"Arturo Medina\",\"image\":{\"@type\":\"ImageObject\",\"inLanguage\":\"es-MX\",\"@id\":\"https:\/\/nitu.mx\/#\/schema\/person\/image\/\",\"url\":\"https:\/\/nitu.mx\/wp-content\/uploads\/2024\/04\/4A315622-1904-4D5C-B022-878CDC840E04-90x90-1.jpeg\",\"contentUrl\":\"https:\/\/nitu.mx\/wp-content\/uploads\/2024\/04\/4A315622-1904-4D5C-B022-878CDC840E04-90x90-1.jpeg\",\"width\":90,\"height\":90,\"caption\":\"Arturo Medina\"},\"logo\":{\"@id\":\"https:\/\/nitu.mx\/#\/schema\/person\/image\/\"},\"description\":\"Director NITU.mx, Egresado de la Escuela de Periodismo Carlos Septi\u00e9n Garc\u00eda. Periodista y analista especializado en turismo desde hace 35 a\u00f1os, radicado en Canc\u00fan Q.Roo. arturo@nitu.mx\",\"sameAs\":[\"https:\/\/nitu.mx\",\"https:\/\/www.facebook.com\/NITUmx\/\",\"medinacancun\",\"https:\/\/twitter.com\/@Arturo_Medina_G\"]},{\"@type\":\"Person\",\"@id\":\"https:\/\/nitu.mx\/#\/schema\/person\/4a28fe9bd65924f7c90623773daf1b0b\",\"name\":\"Redacci\u00f3n\",\"image\":{\"@type\":\"ImageObject\",\"inLanguage\":\"es-MX\",\"@id\":\"https:\/\/nitu.mx\/#\/schema\/person\/image\/\",\"url\":\"https:\/\/secure.gravatar.com\/avatar\/5dd011c8ccfc5cd7e4c81e42252aab38?s=96&d=mm&r=g\",\"contentUrl\":\"https:\/\/secure.gravatar.com\/avatar\/5dd011c8ccfc5cd7e4c81e42252aab38?s=96&d=mm&r=g\",\"caption\":\"Redacci\u00f3n\"},\"url\":\"https:\/\/nitu.mx\/index.php\/author\/redaccion\/\"}]}<\/script>\n<!-- \/ Yoast SEO plugin. -->","yoast_head_json":{"title":"Despegar fortalece su posici\u00f3n en Latinoam\u00e9rica con la adquisici\u00f3n del 100% de Viajes Falabella - Nitu - Noticias de la Industria Turistica","description":"Despegar suscribi\u00f3 con Falabella Financiero, empresa de Falabella, una alianza estrat\u00e9gica por un valor total de 27 millones de d\u00f3lares.","robots":{"index":"index","follow":"follow","max-snippet":"max-snippet:-1","max-image-preview":"max-image-preview:large","max-video-preview":"max-video-preview:-1"},"canonical":"https:\/\/nitu.mx\/index.php\/2019\/04\/17\/despegar-fortalece-su-posicion-en-latinoamerica-con-la-adquisicion-del-100-de-viajes-falabella\/","twitter_card":"summary_large_image","twitter_title":"Despegar fortalece su posici\u00f3n en Latinoam\u00e9rica con la adquisici\u00f3n del 100% de Viajes Falabella - Nitu - Noticias de la Industria Turistica","twitter_description":"Despegar suscribi\u00f3 con Falabella Financiero, empresa de Falabella, una alianza estrat\u00e9gica por un valor total de 27 millones de d\u00f3lares.","twitter_image":"https:\/\/nitu.mx\/wp-content\/uploads\/2019\/04\/Despegar-nueva-imagen.jpg","twitter_creator":"@NITUmx","twitter_site":"@Arturo_Medina_G","twitter_misc":{"Escrito por":"Redacci\u00f3n","Tiempo de lectura":"3 minutos"},"schema":{"@context":"https:\/\/schema.org","@graph":[{"@type":"Article","@id":"https:\/\/nitu.mx\/index.php\/2019\/04\/17\/despegar-fortalece-su-posicion-en-latinoamerica-con-la-adquisicion-del-100-de-viajes-falabella\/#article","isPartOf":{"@id":"https:\/\/nitu.mx\/index.php\/2019\/04\/17\/despegar-fortalece-su-posicion-en-latinoamerica-con-la-adquisicion-del-100-de-viajes-falabella\/"},"author":{"name":"Redacci\u00f3n","@id":"https:\/\/nitu.mx\/#\/schema\/person\/4a28fe9bd65924f7c90623773daf1b0b"},"headline":"Despegar fortalece su posici\u00f3n en Latinoam\u00e9rica con la adquisici\u00f3n del 100% de Viajes Falabella","datePublished":"2019-04-17T05:15:33+00:00","dateModified":"2019-04-17T05:27:59+00:00","mainEntityOfPage":{"@id":"https:\/\/nitu.mx\/index.php\/2019\/04\/17\/despegar-fortalece-su-posicion-en-latinoamerica-con-la-adquisicion-del-100-de-viajes-falabella\/"},"wordCount":577,"commentCount":0,"publisher":{"@id":"https:\/\/nitu.mx\/#\/schema\/person\/ae7a53426417292d3dd07b45a33e01bc"},"image":{"@id":"https:\/\/nitu.mx\/index.php\/2019\/04\/17\/despegar-fortalece-su-posicion-en-latinoamerica-con-la-adquisicion-del-100-de-viajes-falabella\/#primaryimage"},"thumbnailUrl":"https:\/\/nitu.mx\/wp-content\/uploads\/2019\/04\/Despegar-nueva-imagen.jpg","keywords":["Dami\u00e1n Scokin","Despegar","Despegar.com","Juan Manuel Matheu","Viajes Falabella"],"articleSection":["Agencias de Viajes"],"inLanguage":"es-MX","potentialAction":[{"@type":"CommentAction","name":"Comment","target":["https:\/\/nitu.mx\/index.php\/2019\/04\/17\/despegar-fortalece-su-posicion-en-latinoamerica-con-la-adquisicion-del-100-de-viajes-falabella\/#respond"]}]},{"@type":"WebPage","@id":"https:\/\/nitu.mx\/index.php\/2019\/04\/17\/despegar-fortalece-su-posicion-en-latinoamerica-con-la-adquisicion-del-100-de-viajes-falabella\/","url":"https:\/\/nitu.mx\/index.php\/2019\/04\/17\/despegar-fortalece-su-posicion-en-latinoamerica-con-la-adquisicion-del-100-de-viajes-falabella\/","name":"Despegar fortalece su posici\u00f3n en Latinoam\u00e9rica con la adquisici\u00f3n del 100% de Viajes Falabella - Nitu - Noticias de la Industria Turistica","isPartOf":{"@id":"https:\/\/nitu.mx\/#website"},"primaryImageOfPage":{"@id":"https:\/\/nitu.mx\/index.php\/2019\/04\/17\/despegar-fortalece-su-posicion-en-latinoamerica-con-la-adquisicion-del-100-de-viajes-falabella\/#primaryimage"},"image":{"@id":"https:\/\/nitu.mx\/index.php\/2019\/04\/17\/despegar-fortalece-su-posicion-en-latinoamerica-con-la-adquisicion-del-100-de-viajes-falabella\/#primaryimage"},"thumbnailUrl":"https:\/\/nitu.mx\/wp-content\/uploads\/2019\/04\/Despegar-nueva-imagen.jpg","datePublished":"2019-04-17T05:15:33+00:00","dateModified":"2019-04-17T05:27:59+00:00","description":"Despegar suscribi\u00f3 con Falabella Financiero, empresa de Falabella, una alianza estrat\u00e9gica por un valor total de 27 millones de d\u00f3lares.","breadcrumb":{"@id":"https:\/\/nitu.mx\/index.php\/2019\/04\/17\/despegar-fortalece-su-posicion-en-latinoamerica-con-la-adquisicion-del-100-de-viajes-falabella\/#breadcrumb"},"inLanguage":"es-MX","potentialAction":[{"@type":"ReadAction","target":["https:\/\/nitu.mx\/index.php\/2019\/04\/17\/despegar-fortalece-su-posicion-en-latinoamerica-con-la-adquisicion-del-100-de-viajes-falabella\/"]}]},{"@type":"ImageObject","inLanguage":"es-MX","@id":"https:\/\/nitu.mx\/index.php\/2019\/04\/17\/despegar-fortalece-su-posicion-en-latinoamerica-con-la-adquisicion-del-100-de-viajes-falabella\/#primaryimage","url":"https:\/\/nitu.mx\/wp-content\/uploads\/2019\/04\/Despegar-nueva-imagen.jpg","contentUrl":"https:\/\/nitu.mx\/wp-content\/uploads\/2019\/04\/Despegar-nueva-imagen.jpg","width":850,"height":480,"caption":"Despegar"},{"@type":"BreadcrumbList","@id":"https:\/\/nitu.mx\/index.php\/2019\/04\/17\/despegar-fortalece-su-posicion-en-latinoamerica-con-la-adquisicion-del-100-de-viajes-falabella\/#breadcrumb","itemListElement":[{"@type":"ListItem","position":1,"name":"Inicio","item":"https:\/\/nitu.mx\/"},{"@type":"ListItem","position":2,"name":"Despegar fortalece su posici\u00f3n en Latinoam\u00e9rica con la adquisici\u00f3n del 100% de Viajes Falabella"}]},{"@type":"WebSite","@id":"https:\/\/nitu.mx\/#website","url":"https:\/\/nitu.mx\/","name":"Nitu - Noticias de la Industria Turistica","description":"Noticias de la Industria Turistica","publisher":{"@id":"https:\/\/nitu.mx\/#\/schema\/person\/ae7a53426417292d3dd07b45a33e01bc"},"alternateName":"Noticias de la Industria Turistica","potentialAction":[{"@type":"SearchAction","target":{"@type":"EntryPoint","urlTemplate":"https:\/\/nitu.mx\/?s={search_term_string}"},"query-input":"required name=search_term_string"}],"inLanguage":"es-MX"},{"@type":["Person","Organization"],"@id":"https:\/\/nitu.mx\/#\/schema\/person\/ae7a53426417292d3dd07b45a33e01bc","name":"Arturo Medina","image":{"@type":"ImageObject","inLanguage":"es-MX","@id":"https:\/\/nitu.mx\/#\/schema\/person\/image\/","url":"https:\/\/nitu.mx\/wp-content\/uploads\/2024\/04\/4A315622-1904-4D5C-B022-878CDC840E04-90x90-1.jpeg","contentUrl":"https:\/\/nitu.mx\/wp-content\/uploads\/2024\/04\/4A315622-1904-4D5C-B022-878CDC840E04-90x90-1.jpeg","width":90,"height":90,"caption":"Arturo Medina"},"logo":{"@id":"https:\/\/nitu.mx\/#\/schema\/person\/image\/"},"description":"Director NITU.mx, Egresado de la Escuela de Periodismo Carlos Septi\u00e9n Garc\u00eda. Periodista y analista especializado en turismo desde hace 35 a\u00f1os, radicado en Canc\u00fan Q.Roo. arturo@nitu.mx","sameAs":["https:\/\/nitu.mx","https:\/\/www.facebook.com\/NITUmx\/","medinacancun","https:\/\/twitter.com\/@Arturo_Medina_G"]},{"@type":"Person","@id":"https:\/\/nitu.mx\/#\/schema\/person\/4a28fe9bd65924f7c90623773daf1b0b","name":"Redacci\u00f3n","image":{"@type":"ImageObject","inLanguage":"es-MX","@id":"https:\/\/nitu.mx\/#\/schema\/person\/image\/","url":"https:\/\/secure.gravatar.com\/avatar\/5dd011c8ccfc5cd7e4c81e42252aab38?s=96&d=mm&r=g","contentUrl":"https:\/\/secure.gravatar.com\/avatar\/5dd011c8ccfc5cd7e4c81e42252aab38?s=96&d=mm&r=g","caption":"Redacci\u00f3n"},"url":"https:\/\/nitu.mx\/index.php\/author\/redaccion\/"}]}},"views":340,"_links":{"self":[{"href":"https:\/\/nitu.mx\/index.php\/wp-json\/wp\/v2\/posts\/31205"}],"collection":[{"href":"https:\/\/nitu.mx\/index.php\/wp-json\/wp\/v2\/posts"}],"about":[{"href":"https:\/\/nitu.mx\/index.php\/wp-json\/wp\/v2\/types\/post"}],"author":[{"embeddable":true,"href":"https:\/\/nitu.mx\/index.php\/wp-json\/wp\/v2\/users\/17"}],"replies":[{"embeddable":true,"href":"https:\/\/nitu.mx\/index.php\/wp-json\/wp\/v2\/comments?post=31205"}],"version-history":[{"count":3,"href":"https:\/\/nitu.mx\/index.php\/wp-json\/wp\/v2\/posts\/31205\/revisions"}],"predecessor-version":[{"id":31229,"href":"https:\/\/nitu.mx\/index.php\/wp-json\/wp\/v2\/posts\/31205\/revisions\/31229"}],"wp:featuredmedia":[{"embeddable":true,"href":"https:\/\/nitu.mx\/index.php\/wp-json\/wp\/v2\/media\/30646"}],"wp:attachment":[{"href":"https:\/\/nitu.mx\/index.php\/wp-json\/wp\/v2\/media?parent=31205"}],"wp:term":[{"taxonomy":"category","embeddable":true,"href":"https:\/\/nitu.mx\/index.php\/wp-json\/wp\/v2\/categories?post=31205"},{"taxonomy":"post_tag","embeddable":true,"href":"https:\/\/nitu.mx\/index.php\/wp-json\/wp\/v2\/tags?post=31205"}],"curies":[{"name":"wp","href":"https:\/\/api.w.org\/{rel}","templated":true}]}}