{"id":3120,"date":"2016-10-19T23:01:08","date_gmt":"2016-10-20T04:01:08","guid":{"rendered":"http:\/\/www.dev.nitu.mx\/?p=3120"},"modified":"2016-10-20T00:10:39","modified_gmt":"2016-10-20T05:10:39","slug":"hay-una-nueva-propuesta-para-la-mega-ovc-abelardo-vara","status":"publish","type":"post","link":"https:\/\/nitu.mx\/index.php\/2016\/10\/19\/hay-una-nueva-propuesta-para-la-mega-ovc-abelardo-vara\/","title":{"rendered":"Los hoteleros promueven a Abelardo Vara para la &#8220;Mega OVC&#8221;"},"content":{"rendered":"<p><span style=\"color: #000000; font-family: Calibri;\">No obstante que la Secretar\u00eda Estatal de Turismo, se\u00f1al\u00f3 que en unos d\u00edas dar\u00e1 a conocer c\u00f3mo funcionar\u00e1 la nueva \u201cMega Oficina de Visitantes y Convenciones (OVC)\u201d, en el marco de la inauguraci\u00f3n del Travel Mart, Carlos Gosselin, presidente de la Asociaci\u00f3n de Hoteles de Canc\u00fan, pidi\u00f3 que ya haya una definici\u00f3n sobre la integraci\u00f3n del nuevo Fondo de Promoci\u00f3n Tur\u00edstica de Quintana Roo. Adem\u00e1s el sector propuso al hotelero Abelardo Vara para presidir el organismo.<\/span><\/p>\n<p><span style=\"color: #000000; font-family: Calibri;\">De acuerdo con Dinero, los hoteleros propusieron una terna que est\u00e1 compuesta por Abelardo Vara, hotelero reconocido de Canc\u00fan; Dar\u00edo Flota, quien es el director del Fideicomiso de Riviera Maya; y Javier Aranda, quien ocup\u00f3 anteriormente esa misma posici\u00f3n. <\/span><span style=\"color: #000000; font-family: Calibri;\">Adem\u00e1s de que tambi\u00e9n se ha barajado el nombre de Luis de Potestad, ejecutivo vinculado a la mercadotecnia tur\u00edstica.<\/span><\/p>\n<p><span style=\"color: #000000; font-family: Calibri;\">En la propuesta que desarroll\u00f3 Rodolfo L\u00f3pez Negrete, ex director general del Consejo de Promoci\u00f3n Tur\u00edstica (CPTM), para este fondo, el perfil resulta clave e incluye tener conocimientos serios de mercadotecnia, la capacidad de conducir una organizaci\u00f3n global y de negociar fluidamente con los tres mercados internacionales m\u00e1s importantes, que son Estados Unidos, Canad\u00e1 y Reino Unido. <\/span><a title=\"Asesora L\u00f3pez Negrete en creaci\u00f3n de nueva \u201cMegaOVC\u201d de Q.Roo\" href=\"http:\/\/www.dev.nitu.mx\/index.php\/2016\/10\/09\/asesora-lopez-negrete-creacion-nueva-megaovc-q-roo\/\" rel=\"bookmark\">Asesora L\u00f3pez Negrete en creaci\u00f3n de nueva \u201cMegaOVC\u201d de Q.Roo<\/a><\/p>\n<p><span style=\"color: #000000; font-family: Calibri;\">Abelardo Vara ha sido presidente de la Asociaci\u00f3n de Hoteles de Canc\u00fan y forma parte del grupo de empresarios que desarrollaron el destino hace tres d\u00e9cadas.<\/span><\/p>\n<p><span style=\"color: #000000; font-family: Calibri;\">Aranda ya fue director del Fideicomiso de Riviera Maya, aunque su trabajo en Espa\u00f1a como director del CPTM gener\u00f3 cr\u00edticas al interior del organismo y de la propia Sectur federal, pero mantiene buena relaci\u00f3n con varios empresarios de la regi\u00f3n.<\/span><\/p>\n<p><span style=\"color: #000000; font-family: Calibri;\">Mientras que Flota, si bien se comport\u00f3 con profesionalismo, fue parte, por petici\u00f3n de varios tour operadores, durante la administraci\u00f3n del ex gobernador Roberto Borge.<\/span><\/p>\n<p><span style=\"color: #000000; font-family: Calibri;\">Otro tema que plantearon los empresarios fue el de la necesidad urgente de contar con un estudio que determine la carga hotelera de Quintana Roo, pues sigue habiendo un crecimiento desordenado que puede terminar afectando seriamente al destino.<\/span><\/p>\n","protected":false},"excerpt":{"rendered":"<p>No obstante que la Secretar\u00eda Estatal de Turismo, se\u00f1al\u00f3 que en unos d\u00edas dar\u00e1 a conocer c\u00f3mo funcionar\u00e1 la nueva \u201cMega Oficina de Visitantes y Convenciones (OVC)\u201d, en el marco de la inauguraci\u00f3n del Travel Mart, Carlos Gosselin, presidente de la Asociaci\u00f3n de Hoteles de Canc\u00fan, pidi\u00f3 que ya haya una definici\u00f3n sobre la integraci\u00f3n [&hellip;]<\/p>\n","protected":false},"author":3,"featured_media":3137,"comment_status":"open","ping_status":"open","sticky":false,"template":"","format":"standard","meta":{"footnotes":""},"categories":[12,6],"tags":[1215,1211,1212,1196,357,1210,100,496,1216,78,1135,93,37],"yoast_head":"<!-- This site is optimized with the Yoast SEO plugin v22.2 - https:\/\/yoast.com\/wordpress\/plugins\/seo\/ -->\n<title>Los hoteleros promueven a Abelardo Vara para la &quot;Mega OVC&quot; - Nitu - Noticias de la Industria Turistica<\/title>\n<meta name=\"description\" content=\"El sector hotelero propuso a Abelardo Vara como posible director de la Mega OVC que se planea para Quintana Roo ya que tiene vasta experiencia en el ramo.\" \/>\n<meta name=\"robots\" content=\"index, follow, max-snippet:-1, max-image-preview:large, max-video-preview:-1\" \/>\n<link rel=\"canonical\" href=\"https:\/\/nitu.mx\/index.php\/2016\/10\/19\/hay-una-nueva-propuesta-para-la-mega-ovc-abelardo-vara\/\" \/>\n<meta name=\"twitter:card\" content=\"summary_large_image\" \/>\n<meta name=\"twitter:title\" content=\"Los hoteleros promueven a Abelardo Vara para la &quot;Mega OVC&quot; - Nitu - Noticias de la Industria Turistica\" \/>\n<meta name=\"twitter:description\" content=\"El sector hotelero propuso a Abelardo Vara como posible director de la Mega OVC que se planea para Quintana Roo ya que tiene vasta experiencia en el ramo.\" \/>\n<meta name=\"twitter:image\" content=\"https:\/\/nitu.mx\/wp-content\/uploads\/2016\/10\/Abelardo-Vara-Mega-OVC.jpg\" \/>\n<meta name=\"twitter:creator\" content=\"@NITUmx\" \/>\n<meta name=\"twitter:site\" content=\"@Arturo_Medina_G\" \/>\n<meta name=\"twitter:label1\" content=\"Escrito por\" \/>\n\t<meta name=\"twitter:data1\" content=\"Alejandra Moncisbays\" \/>\n\t<meta name=\"twitter:label2\" content=\"Tiempo de lectura\" \/>\n\t<meta name=\"twitter:data2\" content=\"2 minutos\" \/>\n<script type=\"application\/ld+json\" class=\"yoast-schema-graph\">{\"@context\":\"https:\/\/schema.org\",\"@graph\":[{\"@type\":\"Article\",\"@id\":\"https:\/\/nitu.mx\/index.php\/2016\/10\/19\/hay-una-nueva-propuesta-para-la-mega-ovc-abelardo-vara\/#article\",\"isPartOf\":{\"@id\":\"https:\/\/nitu.mx\/index.php\/2016\/10\/19\/hay-una-nueva-propuesta-para-la-mega-ovc-abelardo-vara\/\"},\"author\":{\"name\":\"Alejandra Moncisbays\",\"@id\":\"https:\/\/nitu.mx\/#\/schema\/person\/2ecd887b19dfd3382d1f14fc5acf24a8\"},\"headline\":\"Los hoteleros promueven a Abelardo Vara para la &#8220;Mega OVC&#8221;\",\"datePublished\":\"2016-10-20T04:01:08+00:00\",\"dateModified\":\"2016-10-20T05:10:39+00:00\",\"mainEntityOfPage\":{\"@id\":\"https:\/\/nitu.mx\/index.php\/2016\/10\/19\/hay-una-nueva-propuesta-para-la-mega-ovc-abelardo-vara\/\"},\"wordCount\":375,\"commentCount\":0,\"publisher\":{\"@id\":\"https:\/\/nitu.mx\/#\/schema\/person\/ae7a53426417292d3dd07b45a33e01bc\"},\"image\":{\"@id\":\"https:\/\/nitu.mx\/index.php\/2016\/10\/19\/hay-una-nueva-propuesta-para-la-mega-ovc-abelardo-vara\/#primaryimage\"},\"thumbnailUrl\":\"https:\/\/nitu.mx\/wp-content\/uploads\/2016\/10\/Abelardo-Vara-Mega-OVC.jpg\",\"keywords\":[\"\u201cMega Oficina de Visitantes y Convenciones (OVC)\u201d\",\"Abelardo Vara\",\"Asociaci\u00f3n de Hoteles de Canc\u00fan\",\"Asociaci\u00f3n de Hoteles de Canc\u00fan y Puerto Morelos\",\"Carlos Gosselin\",\"Consejo de Promoci\u00f3n Tur\u00edstica (CPTM)\",\"Estados Unidos\",\"Fideicomiso de Riviera Maya\",\"Fondo de Promoci\u00f3n Tur\u00edstica de Quintana Roo\",\"Reino Unido\",\"Rodolfo L\u00f3pez Negrete\",\"Sectur\",\"Travel Mart\"],\"articleSection\":[\"Marketing\",\"M\u00e9xico\"],\"inLanguage\":\"es-MX\",\"potentialAction\":[{\"@type\":\"CommentAction\",\"name\":\"Comment\",\"target\":[\"https:\/\/nitu.mx\/index.php\/2016\/10\/19\/hay-una-nueva-propuesta-para-la-mega-ovc-abelardo-vara\/#respond\"]}]},{\"@type\":\"WebPage\",\"@id\":\"https:\/\/nitu.mx\/index.php\/2016\/10\/19\/hay-una-nueva-propuesta-para-la-mega-ovc-abelardo-vara\/\",\"url\":\"https:\/\/nitu.mx\/index.php\/2016\/10\/19\/hay-una-nueva-propuesta-para-la-mega-ovc-abelardo-vara\/\",\"name\":\"Los hoteleros promueven a Abelardo Vara para la \\\"Mega OVC\\\" - Nitu - Noticias de la Industria Turistica\",\"isPartOf\":{\"@id\":\"https:\/\/nitu.mx\/#website\"},\"primaryImageOfPage\":{\"@id\":\"https:\/\/nitu.mx\/index.php\/2016\/10\/19\/hay-una-nueva-propuesta-para-la-mega-ovc-abelardo-vara\/#primaryimage\"},\"image\":{\"@id\":\"https:\/\/nitu.mx\/index.php\/2016\/10\/19\/hay-una-nueva-propuesta-para-la-mega-ovc-abelardo-vara\/#primaryimage\"},\"thumbnailUrl\":\"https:\/\/nitu.mx\/wp-content\/uploads\/2016\/10\/Abelardo-Vara-Mega-OVC.jpg\",\"datePublished\":\"2016-10-20T04:01:08+00:00\",\"dateModified\":\"2016-10-20T05:10:39+00:00\",\"description\":\"El sector hotelero propuso a Abelardo Vara como posible director de la Mega OVC que se planea para Quintana Roo ya que tiene vasta experiencia en el ramo.\",\"breadcrumb\":{\"@id\":\"https:\/\/nitu.mx\/index.php\/2016\/10\/19\/hay-una-nueva-propuesta-para-la-mega-ovc-abelardo-vara\/#breadcrumb\"},\"inLanguage\":\"es-MX\",\"potentialAction\":[{\"@type\":\"ReadAction\",\"target\":[\"https:\/\/nitu.mx\/index.php\/2016\/10\/19\/hay-una-nueva-propuesta-para-la-mega-ovc-abelardo-vara\/\"]}]},{\"@type\":\"ImageObject\",\"inLanguage\":\"es-MX\",\"@id\":\"https:\/\/nitu.mx\/index.php\/2016\/10\/19\/hay-una-nueva-propuesta-para-la-mega-ovc-abelardo-vara\/#primaryimage\",\"url\":\"https:\/\/nitu.mx\/wp-content\/uploads\/2016\/10\/Abelardo-Vara-Mega-OVC.jpg\",\"contentUrl\":\"https:\/\/nitu.mx\/wp-content\/uploads\/2016\/10\/Abelardo-Vara-Mega-OVC.jpg\",\"width\":650,\"height\":395,\"caption\":\"abelardo vara mega ovc\"},{\"@type\":\"BreadcrumbList\",\"@id\":\"https:\/\/nitu.mx\/index.php\/2016\/10\/19\/hay-una-nueva-propuesta-para-la-mega-ovc-abelardo-vara\/#breadcrumb\",\"itemListElement\":[{\"@type\":\"ListItem\",\"position\":1,\"name\":\"Inicio\",\"item\":\"https:\/\/nitu.mx\/\"},{\"@type\":\"ListItem\",\"position\":2,\"name\":\"Los hoteleros promueven a Abelardo Vara para la &#8220;Mega OVC&#8221;\"}]},{\"@type\":\"WebSite\",\"@id\":\"https:\/\/nitu.mx\/#website\",\"url\":\"https:\/\/nitu.mx\/\",\"name\":\"Nitu - Noticias de la Industria Turistica\",\"description\":\"Noticias de la Industria Turistica\",\"publisher\":{\"@id\":\"https:\/\/nitu.mx\/#\/schema\/person\/ae7a53426417292d3dd07b45a33e01bc\"},\"alternateName\":\"Noticias de la Industria Turistica\",\"potentialAction\":[{\"@type\":\"SearchAction\",\"target\":{\"@type\":\"EntryPoint\",\"urlTemplate\":\"https:\/\/nitu.mx\/?s={search_term_string}\"},\"query-input\":\"required name=search_term_string\"}],\"inLanguage\":\"es-MX\"},{\"@type\":[\"Person\",\"Organization\"],\"@id\":\"https:\/\/nitu.mx\/#\/schema\/person\/ae7a53426417292d3dd07b45a33e01bc\",\"name\":\"Arturo Medina\",\"image\":{\"@type\":\"ImageObject\",\"inLanguage\":\"es-MX\",\"@id\":\"https:\/\/nitu.mx\/#\/schema\/person\/image\/\",\"url\":\"https:\/\/nitu.mx\/wp-content\/uploads\/2024\/04\/4A315622-1904-4D5C-B022-878CDC840E04-90x90-1.jpeg\",\"contentUrl\":\"https:\/\/nitu.mx\/wp-content\/uploads\/2024\/04\/4A315622-1904-4D5C-B022-878CDC840E04-90x90-1.jpeg\",\"width\":90,\"height\":90,\"caption\":\"Arturo Medina\"},\"logo\":{\"@id\":\"https:\/\/nitu.mx\/#\/schema\/person\/image\/\"},\"description\":\"Director NITU.mx, Egresado de la Escuela de Periodismo Carlos Septi\u00e9n Garc\u00eda. Periodista y analista especializado en turismo desde hace 35 a\u00f1os, radicado en Canc\u00fan Q.Roo. arturo@nitu.mx\",\"sameAs\":[\"https:\/\/nitu.mx\",\"https:\/\/www.facebook.com\/NITUmx\/\",\"medinacancun\",\"https:\/\/twitter.com\/@Arturo_Medina_G\"]},{\"@type\":\"Person\",\"@id\":\"https:\/\/nitu.mx\/#\/schema\/person\/2ecd887b19dfd3382d1f14fc5acf24a8\",\"name\":\"Alejandra Moncisbays\",\"image\":{\"@type\":\"ImageObject\",\"inLanguage\":\"es-MX\",\"@id\":\"https:\/\/nitu.mx\/#\/schema\/person\/image\/\",\"url\":\"https:\/\/secure.gravatar.com\/avatar\/e74f7af0be172b7804dacfd0bfbef787?s=96&d=mm&r=g\",\"contentUrl\":\"https:\/\/secure.gravatar.com\/avatar\/e74f7af0be172b7804dacfd0bfbef787?s=96&d=mm&r=g\",\"caption\":\"Alejandra Moncisbays\"},\"description\":\"Curs\u00e9 la carrera de Periodismo y Comunicaci\u00f3n en la Facultad de Estudios Profesionales Acatl\u00e1n. Vivo en Canc\u00fan desde hace 24 a\u00f1os. Fui reportera de La Tarde de Canc\u00fan, y Novedades de Quintana Roo, colabor\u00e9 en TVCUN, edit\u00e9 Cancun\u00edssimo y colabor\u00e9 en las revistas Latitud21, entre otras, con principal enfoque en los sectores empresarial y tur\u00edstico. Desde hace varios a\u00f1os soy Agente de Seguros con c\u00e9dula de la Comisi\u00f3n Nacional de Seguros y Fianzas. Actualmente, me desarrollo en los \u00e1mbitos del periodismo y el sector asegurador.\",\"sameAs\":[\"https:\/\/nitu.mx\"],\"url\":\"https:\/\/nitu.mx\/index.php\/author\/alejandra\/\"}]}<\/script>\n<!-- \/ Yoast SEO plugin. -->","yoast_head_json":{"title":"Los hoteleros promueven a Abelardo Vara para la \"Mega OVC\" - Nitu - Noticias de la Industria Turistica","description":"El sector hotelero propuso a Abelardo Vara como posible director de la Mega OVC que se planea para Quintana Roo ya que tiene vasta experiencia en el ramo.","robots":{"index":"index","follow":"follow","max-snippet":"max-snippet:-1","max-image-preview":"max-image-preview:large","max-video-preview":"max-video-preview:-1"},"canonical":"https:\/\/nitu.mx\/index.php\/2016\/10\/19\/hay-una-nueva-propuesta-para-la-mega-ovc-abelardo-vara\/","twitter_card":"summary_large_image","twitter_title":"Los hoteleros promueven a Abelardo Vara para la \"Mega OVC\" - Nitu - Noticias de la Industria Turistica","twitter_description":"El sector hotelero propuso a Abelardo Vara como posible director de la Mega OVC que se planea para Quintana Roo ya que tiene vasta experiencia en el ramo.","twitter_image":"https:\/\/nitu.mx\/wp-content\/uploads\/2016\/10\/Abelardo-Vara-Mega-OVC.jpg","twitter_creator":"@NITUmx","twitter_site":"@Arturo_Medina_G","twitter_misc":{"Escrito por":"Alejandra Moncisbays","Tiempo de lectura":"2 minutos"},"schema":{"@context":"https:\/\/schema.org","@graph":[{"@type":"Article","@id":"https:\/\/nitu.mx\/index.php\/2016\/10\/19\/hay-una-nueva-propuesta-para-la-mega-ovc-abelardo-vara\/#article","isPartOf":{"@id":"https:\/\/nitu.mx\/index.php\/2016\/10\/19\/hay-una-nueva-propuesta-para-la-mega-ovc-abelardo-vara\/"},"author":{"name":"Alejandra Moncisbays","@id":"https:\/\/nitu.mx\/#\/schema\/person\/2ecd887b19dfd3382d1f14fc5acf24a8"},"headline":"Los hoteleros promueven a Abelardo Vara para la &#8220;Mega OVC&#8221;","datePublished":"2016-10-20T04:01:08+00:00","dateModified":"2016-10-20T05:10:39+00:00","mainEntityOfPage":{"@id":"https:\/\/nitu.mx\/index.php\/2016\/10\/19\/hay-una-nueva-propuesta-para-la-mega-ovc-abelardo-vara\/"},"wordCount":375,"commentCount":0,"publisher":{"@id":"https:\/\/nitu.mx\/#\/schema\/person\/ae7a53426417292d3dd07b45a33e01bc"},"image":{"@id":"https:\/\/nitu.mx\/index.php\/2016\/10\/19\/hay-una-nueva-propuesta-para-la-mega-ovc-abelardo-vara\/#primaryimage"},"thumbnailUrl":"https:\/\/nitu.mx\/wp-content\/uploads\/2016\/10\/Abelardo-Vara-Mega-OVC.jpg","keywords":["\u201cMega Oficina de Visitantes y Convenciones (OVC)\u201d","Abelardo Vara","Asociaci\u00f3n de Hoteles de Canc\u00fan","Asociaci\u00f3n de Hoteles de Canc\u00fan y Puerto Morelos","Carlos Gosselin","Consejo de Promoci\u00f3n Tur\u00edstica (CPTM)","Estados Unidos","Fideicomiso de Riviera Maya","Fondo de Promoci\u00f3n Tur\u00edstica de Quintana Roo","Reino Unido","Rodolfo L\u00f3pez Negrete","Sectur","Travel Mart"],"articleSection":["Marketing","M\u00e9xico"],"inLanguage":"es-MX","potentialAction":[{"@type":"CommentAction","name":"Comment","target":["https:\/\/nitu.mx\/index.php\/2016\/10\/19\/hay-una-nueva-propuesta-para-la-mega-ovc-abelardo-vara\/#respond"]}]},{"@type":"WebPage","@id":"https:\/\/nitu.mx\/index.php\/2016\/10\/19\/hay-una-nueva-propuesta-para-la-mega-ovc-abelardo-vara\/","url":"https:\/\/nitu.mx\/index.php\/2016\/10\/19\/hay-una-nueva-propuesta-para-la-mega-ovc-abelardo-vara\/","name":"Los hoteleros promueven a Abelardo Vara para la \"Mega OVC\" - Nitu - Noticias de la Industria Turistica","isPartOf":{"@id":"https:\/\/nitu.mx\/#website"},"primaryImageOfPage":{"@id":"https:\/\/nitu.mx\/index.php\/2016\/10\/19\/hay-una-nueva-propuesta-para-la-mega-ovc-abelardo-vara\/#primaryimage"},"image":{"@id":"https:\/\/nitu.mx\/index.php\/2016\/10\/19\/hay-una-nueva-propuesta-para-la-mega-ovc-abelardo-vara\/#primaryimage"},"thumbnailUrl":"https:\/\/nitu.mx\/wp-content\/uploads\/2016\/10\/Abelardo-Vara-Mega-OVC.jpg","datePublished":"2016-10-20T04:01:08+00:00","dateModified":"2016-10-20T05:10:39+00:00","description":"El sector hotelero propuso a Abelardo Vara como posible director de la Mega OVC que se planea para Quintana Roo ya que tiene vasta experiencia en el ramo.","breadcrumb":{"@id":"https:\/\/nitu.mx\/index.php\/2016\/10\/19\/hay-una-nueva-propuesta-para-la-mega-ovc-abelardo-vara\/#breadcrumb"},"inLanguage":"es-MX","potentialAction":[{"@type":"ReadAction","target":["https:\/\/nitu.mx\/index.php\/2016\/10\/19\/hay-una-nueva-propuesta-para-la-mega-ovc-abelardo-vara\/"]}]},{"@type":"ImageObject","inLanguage":"es-MX","@id":"https:\/\/nitu.mx\/index.php\/2016\/10\/19\/hay-una-nueva-propuesta-para-la-mega-ovc-abelardo-vara\/#primaryimage","url":"https:\/\/nitu.mx\/wp-content\/uploads\/2016\/10\/Abelardo-Vara-Mega-OVC.jpg","contentUrl":"https:\/\/nitu.mx\/wp-content\/uploads\/2016\/10\/Abelardo-Vara-Mega-OVC.jpg","width":650,"height":395,"caption":"abelardo vara mega ovc"},{"@type":"BreadcrumbList","@id":"https:\/\/nitu.mx\/index.php\/2016\/10\/19\/hay-una-nueva-propuesta-para-la-mega-ovc-abelardo-vara\/#breadcrumb","itemListElement":[{"@type":"ListItem","position":1,"name":"Inicio","item":"https:\/\/nitu.mx\/"},{"@type":"ListItem","position":2,"name":"Los hoteleros promueven a Abelardo Vara para la &#8220;Mega OVC&#8221;"}]},{"@type":"WebSite","@id":"https:\/\/nitu.mx\/#website","url":"https:\/\/nitu.mx\/","name":"Nitu - Noticias de la Industria Turistica","description":"Noticias de la Industria Turistica","publisher":{"@id":"https:\/\/nitu.mx\/#\/schema\/person\/ae7a53426417292d3dd07b45a33e01bc"},"alternateName":"Noticias de la Industria Turistica","potentialAction":[{"@type":"SearchAction","target":{"@type":"EntryPoint","urlTemplate":"https:\/\/nitu.mx\/?s={search_term_string}"},"query-input":"required name=search_term_string"}],"inLanguage":"es-MX"},{"@type":["Person","Organization"],"@id":"https:\/\/nitu.mx\/#\/schema\/person\/ae7a53426417292d3dd07b45a33e01bc","name":"Arturo Medina","image":{"@type":"ImageObject","inLanguage":"es-MX","@id":"https:\/\/nitu.mx\/#\/schema\/person\/image\/","url":"https:\/\/nitu.mx\/wp-content\/uploads\/2024\/04\/4A315622-1904-4D5C-B022-878CDC840E04-90x90-1.jpeg","contentUrl":"https:\/\/nitu.mx\/wp-content\/uploads\/2024\/04\/4A315622-1904-4D5C-B022-878CDC840E04-90x90-1.jpeg","width":90,"height":90,"caption":"Arturo Medina"},"logo":{"@id":"https:\/\/nitu.mx\/#\/schema\/person\/image\/"},"description":"Director NITU.mx, Egresado de la Escuela de Periodismo Carlos Septi\u00e9n Garc\u00eda. Periodista y analista especializado en turismo desde hace 35 a\u00f1os, radicado en Canc\u00fan Q.Roo. arturo@nitu.mx","sameAs":["https:\/\/nitu.mx","https:\/\/www.facebook.com\/NITUmx\/","medinacancun","https:\/\/twitter.com\/@Arturo_Medina_G"]},{"@type":"Person","@id":"https:\/\/nitu.mx\/#\/schema\/person\/2ecd887b19dfd3382d1f14fc5acf24a8","name":"Alejandra Moncisbays","image":{"@type":"ImageObject","inLanguage":"es-MX","@id":"https:\/\/nitu.mx\/#\/schema\/person\/image\/","url":"https:\/\/secure.gravatar.com\/avatar\/e74f7af0be172b7804dacfd0bfbef787?s=96&d=mm&r=g","contentUrl":"https:\/\/secure.gravatar.com\/avatar\/e74f7af0be172b7804dacfd0bfbef787?s=96&d=mm&r=g","caption":"Alejandra Moncisbays"},"description":"Curs\u00e9 la carrera de Periodismo y Comunicaci\u00f3n en la Facultad de Estudios Profesionales Acatl\u00e1n. Vivo en Canc\u00fan desde hace 24 a\u00f1os. Fui reportera de La Tarde de Canc\u00fan, y Novedades de Quintana Roo, colabor\u00e9 en TVCUN, edit\u00e9 Cancun\u00edssimo y colabor\u00e9 en las revistas Latitud21, entre otras, con principal enfoque en los sectores empresarial y tur\u00edstico. Desde hace varios a\u00f1os soy Agente de Seguros con c\u00e9dula de la Comisi\u00f3n Nacional de Seguros y Fianzas. Actualmente, me desarrollo en los \u00e1mbitos del periodismo y el sector asegurador.","sameAs":["https:\/\/nitu.mx"],"url":"https:\/\/nitu.mx\/index.php\/author\/alejandra\/"}]}},"views":341,"_links":{"self":[{"href":"https:\/\/nitu.mx\/index.php\/wp-json\/wp\/v2\/posts\/3120"}],"collection":[{"href":"https:\/\/nitu.mx\/index.php\/wp-json\/wp\/v2\/posts"}],"about":[{"href":"https:\/\/nitu.mx\/index.php\/wp-json\/wp\/v2\/types\/post"}],"author":[{"embeddable":true,"href":"https:\/\/nitu.mx\/index.php\/wp-json\/wp\/v2\/users\/3"}],"replies":[{"embeddable":true,"href":"https:\/\/nitu.mx\/index.php\/wp-json\/wp\/v2\/comments?post=3120"}],"version-history":[{"count":5,"href":"https:\/\/nitu.mx\/index.php\/wp-json\/wp\/v2\/posts\/3120\/revisions"}],"predecessor-version":[{"id":3138,"href":"https:\/\/nitu.mx\/index.php\/wp-json\/wp\/v2\/posts\/3120\/revisions\/3138"}],"wp:featuredmedia":[{"embeddable":true,"href":"https:\/\/nitu.mx\/index.php\/wp-json\/wp\/v2\/media\/3137"}],"wp:attachment":[{"href":"https:\/\/nitu.mx\/index.php\/wp-json\/wp\/v2\/media?parent=3120"}],"wp:term":[{"taxonomy":"category","embeddable":true,"href":"https:\/\/nitu.mx\/index.php\/wp-json\/wp\/v2\/categories?post=3120"},{"taxonomy":"post_tag","embeddable":true,"href":"https:\/\/nitu.mx\/index.php\/wp-json\/wp\/v2\/tags?post=3120"}],"curies":[{"name":"wp","href":"https:\/\/api.w.org\/{rel}","templated":true}]}}