{"id":31132,"date":"2019-04-14T23:23:50","date_gmt":"2019-04-15T04:23:50","guid":{"rendered":"https:\/\/www.dev.nitu.mx\/?p=31132"},"modified":"2019-04-15T00:22:48","modified_gmt":"2019-04-15T05:22:48","slug":"confirman-mas-de-15-nuevos-vuelos-al-caribe-mexicano-durante-tianguis-turistico","status":"publish","type":"post","link":"https:\/\/nitu.mx\/index.php\/2019\/04\/14\/confirman-mas-de-15-nuevos-vuelos-al-caribe-mexicano-durante-tianguis-turistico\/","title":{"rendered":"Confirman m\u00e1s de 15 nuevos vuelos al Caribe Mexicano durante Tianguis Tur\u00edstico"},"content":{"rendered":"<p>Con una oferta de m\u00e1s de 103 mil cuartos de hotel y una ocupaci\u00f3n promedio anual de 80% en las zonas tur\u00edsticas, el Caribe Mexicano rebas\u00f3 todas las expectativas en el marco de la edici\u00f3n 44 del Tianguis Tur\u00edstico de M\u00e9xico, 2019, celebrado del 7 al 10 de abril en Acapulco, Guerrero.<\/p>\n<p>En conferencia de prensa para dar a conocer los primeros resultados de la participaci\u00f3n del Caribe Mexicano, la titular del ramo Marisol Vanegas P\u00e9rez, destac\u00f3 que la delegaci\u00f3n encabezada por el Gobernador Carlos Joaqu\u00edn, obtuvo resultados muy positivos para los destinos tur\u00edsticos, entre los que se destacan el anuncio de m\u00e1s de 15 nuevos vuelos y m\u00e1s frecuencias \u00e1reas.<\/p>\n<p>La feria de promoci\u00f3n de M\u00e9xico reuni\u00f3 a mil 251 compradores, 278 de ellos internacionales, cont\u00f3 con 383 suites comercializadas, 45 pa\u00edses asistentes y 47 mil 378 citas de negocios. El Pabell\u00f3n del Caribe Mexicano \u2013dijo- cont\u00f3 con 44 suites de negocios en 800 metros cuadrados, siendo el Pabell\u00f3n m\u00e1s grande del evento; en donde participaron 36 empresas de la iniciativa privada y 132 delegados.<\/p>\n<p>Entre los nuevos vuelos que las aerol\u00edneas Aerom\u00e9xico, Evelop, Interjet, Volaris, Viva Aerobus, Gol, confirmaron, se encuentran rutas que antes no exist\u00edan, inform\u00f3 por su parte, Dar\u00edo Flota Ocampo, director del Consejo de Promoci\u00f3n Tur\u00edstica de Quintana Roo, CPTQ. (<a title=\"Con nuevos vuelos el Caribe Mexicano consolida su liderazgo en Tianguis Tur\u00edstico\" href=\"https:\/\/www.dev.nitu.mx\/index.php\/2019\/04\/11\/con-nuevos-vuelosel-caribe-mexicano-consolida-su-liderazgo-en-tianguis-turistico\/\" rel=\"bookmark\">Con nuevos vuelos el Caribe Mexicano consolida su liderazgo en Tianguis Tur\u00edstico<\/a>).<\/p>\n<p>A partir del 5 de junio, Interjet operar\u00e1 la ruta Medell\u00edn-Canc\u00fan, Aerom\u00e9xico la ruta Cali- Colombia, Quito, Ecuador- Canc\u00fan y Miniapolis-Canc\u00fan. Para el verano, Evelop de Viajes Barcel\u00f3, operar\u00e1 la ruta Madrid-Canc\u00fan en un avi\u00f3n Airbus 350, lo que significa que tendr\u00e1 m\u00e1s asientos. Viva Aerobus operar\u00e1 la ruta Hermosillo \u2013Canc\u00fan y Tijuana- Canc\u00fan, adem\u00e1s de ofertar vuelos charters desde Nueva York, Cincinnati, Raleigh y Nashville.<\/p>\n<p>Tambi\u00e9n la aerol\u00ednea Gol volar\u00e1 de manera directa Brasilia-Canc\u00fan cuatro veces por semana. Charlotte, Cincinnati y Memphis, una vez a la semana a Canc\u00fan.<\/p>\n<p>En Semana Santa, Magnicharters operar\u00e1 las rutas Ciudad de M\u00e9xico- Cozumel y Monterrey-Cozumel. Y a partir de agosto, Turkish Airlines ofrecer\u00e1 la ruta Estambul-Canc\u00fan, con escala Ciudad de M\u00e9xico y Canc\u00fan-Estambul.<\/p>\n<p>La titular de la SEDETUR record\u00f3 tambi\u00e9n que durante el Tianguis Tur\u00edstico, el Caribe mexicano recibi\u00f3 dos premios Lo Mejor de M\u00e9xico 2019 otorgados por la revista M\u00e9xico Desconocido. El primero por la Mejor Experiencia de Aventura correspondiente a nadar en cenotes y, la segunda, la Mejor Playa de M\u00e9xico 2019, por playa El Encanto, en Tulum.<\/p>\n<p>Vanegas P\u00e9rez subray\u00f3 que, como ya es tradici\u00f3n, en la principal feria de promoci\u00f3n tur\u00edstica de M\u00e9xico participaron las direcciones de turismo municipal y las asociaciones de hoteles quienes presentaron sus productos y novedades a touroperadores de Jap\u00f3n, Rusia, Ucrania, Brasil, la India, Estados<\/p>\n<p>Subray\u00f3 que el sur de Quintana Roo estuvo representado por Bacalar, Mahahual y Chetumal y el nuevo destino Maya Ka \u2018an, en la zona maya, destino que present\u00f3 su oferta cien por ciento c<\/p>\n<p>La secretaria Marisol Vanegas, destac\u00f3 que, estos resultados son acordes a las altas expectativas para la temporada vacacional de Semana Santa que abarca del 13 al 28 de abril, en donde los destinos tur\u00edsticos del Caribe Mexicano prev\u00e9n una ocupaci\u00f3n total de 87.5% y el arribo de un mill\u00f3n 276 mil 429 turistas, lo que representa un crecimiento de 3.2% comparado con el mismo periodo de 2018.<\/p>\n<p>De acuerdo al pron\u00f3stico de la Secretar\u00eda de Turismo de Quintana Roo SEDETUR, denominado \u00a8Temporada Vacacional Semana Santa 2019\u00a8, para este periodo se prev\u00e9 un total de mill\u00f3n 439 mil 506 habitaciones noche ocupadas, esto es 2.6% m\u00e1s que en el periodo de Semana Santa 2018<\/p>\n","protected":false},"excerpt":{"rendered":"<p>Con una oferta de m\u00e1s de 103 mil cuartos de hotel y una ocupaci\u00f3n promedio anual de 80% en las zonas tur\u00edsticas, el Caribe Mexicano rebas\u00f3 todas las expectativas en el marco de la edici\u00f3n 44 del Tianguis Tur\u00edstico de M\u00e9xico, 2019, celebrado del 7 al 10 de abril en Acapulco, Guerrero. En conferencia de [&hellip;]<\/p>\n","protected":false},"author":17,"featured_media":24037,"comment_status":"open","ping_status":"open","sticky":false,"template":"","format":"standard","meta":{"footnotes":""},"categories":[5,12],"tags":[40,43,68,260],"yoast_head":"<!-- This site is optimized with the Yoast SEO plugin v22.2 - https:\/\/yoast.com\/wordpress\/plugins\/seo\/ -->\n<title>Confirman m\u00e1s de 15 nuevos vuelos al Caribe Mexicano durante Tianguis Tur\u00edstico - Nitu - Noticias de la Industria Turistica<\/title>\n<meta name=\"description\" content=\"El Caribe Mexicano rebas\u00f3 todas las expectativas en el marco de la edici\u00f3n 44 del Tianguis Tur\u00edstico y anunci\u00f3 nuevos vuelos al destino.\" \/>\n<meta name=\"robots\" content=\"index, follow, max-snippet:-1, max-image-preview:large, max-video-preview:-1\" \/>\n<link rel=\"canonical\" href=\"https:\/\/nitu.mx\/index.php\/2019\/04\/14\/confirman-mas-de-15-nuevos-vuelos-al-caribe-mexicano-durante-tianguis-turistico\/\" \/>\n<meta name=\"twitter:card\" content=\"summary_large_image\" \/>\n<meta name=\"twitter:title\" content=\"Confirman m\u00e1s de 15 nuevos vuelos al Caribe Mexicano durante Tianguis Tur\u00edstico - Nitu - Noticias de la Industria Turistica\" \/>\n<meta name=\"twitter:description\" content=\"El Caribe Mexicano rebas\u00f3 todas las expectativas en el marco de la edici\u00f3n 44 del Tianguis Tur\u00edstico y anunci\u00f3 nuevos vuelos al destino.\" \/>\n<meta name=\"twitter:image\" content=\"https:\/\/nitu.mx\/wp-content\/uploads\/2018\/08\/Caribe-mexicano.jpg\" \/>\n<meta name=\"twitter:creator\" content=\"@NITUmx\" \/>\n<meta name=\"twitter:site\" content=\"@Arturo_Medina_G\" \/>\n<meta name=\"twitter:label1\" content=\"Escrito por\" \/>\n\t<meta name=\"twitter:data1\" content=\"Redacci\u00f3n\" \/>\n\t<meta name=\"twitter:label2\" content=\"Tiempo de lectura\" \/>\n\t<meta name=\"twitter:data2\" content=\"3 minutos\" \/>\n<script type=\"application\/ld+json\" class=\"yoast-schema-graph\">{\"@context\":\"https:\/\/schema.org\",\"@graph\":[{\"@type\":\"Article\",\"@id\":\"https:\/\/nitu.mx\/index.php\/2019\/04\/14\/confirman-mas-de-15-nuevos-vuelos-al-caribe-mexicano-durante-tianguis-turistico\/#article\",\"isPartOf\":{\"@id\":\"https:\/\/nitu.mx\/index.php\/2019\/04\/14\/confirman-mas-de-15-nuevos-vuelos-al-caribe-mexicano-durante-tianguis-turistico\/\"},\"author\":{\"name\":\"Redacci\u00f3n\",\"@id\":\"https:\/\/nitu.mx\/#\/schema\/person\/4a28fe9bd65924f7c90623773daf1b0b\"},\"headline\":\"Confirman m\u00e1s de 15 nuevos vuelos al Caribe Mexicano durante Tianguis Tur\u00edstico\",\"datePublished\":\"2019-04-15T04:23:50+00:00\",\"dateModified\":\"2019-04-15T05:22:48+00:00\",\"mainEntityOfPage\":{\"@id\":\"https:\/\/nitu.mx\/index.php\/2019\/04\/14\/confirman-mas-de-15-nuevos-vuelos-al-caribe-mexicano-durante-tianguis-turistico\/\"},\"wordCount\":640,\"commentCount\":0,\"publisher\":{\"@id\":\"https:\/\/nitu.mx\/#\/schema\/person\/ae7a53426417292d3dd07b45a33e01bc\"},\"image\":{\"@id\":\"https:\/\/nitu.mx\/index.php\/2019\/04\/14\/confirman-mas-de-15-nuevos-vuelos-al-caribe-mexicano-durante-tianguis-turistico\/#primaryimage\"},\"thumbnailUrl\":\"https:\/\/nitu.mx\/wp-content\/uploads\/2018\/08\/Caribe-mexicano.jpg\",\"keywords\":[\"Acapulco\",\"Canc\u00fan\",\"M\u00e9xico\",\"Quintana Roo\"],\"articleSection\":[\"Destinos\",\"Marketing\"],\"inLanguage\":\"es-MX\",\"potentialAction\":[{\"@type\":\"CommentAction\",\"name\":\"Comment\",\"target\":[\"https:\/\/nitu.mx\/index.php\/2019\/04\/14\/confirman-mas-de-15-nuevos-vuelos-al-caribe-mexicano-durante-tianguis-turistico\/#respond\"]}]},{\"@type\":\"WebPage\",\"@id\":\"https:\/\/nitu.mx\/index.php\/2019\/04\/14\/confirman-mas-de-15-nuevos-vuelos-al-caribe-mexicano-durante-tianguis-turistico\/\",\"url\":\"https:\/\/nitu.mx\/index.php\/2019\/04\/14\/confirman-mas-de-15-nuevos-vuelos-al-caribe-mexicano-durante-tianguis-turistico\/\",\"name\":\"Confirman m\u00e1s de 15 nuevos vuelos al Caribe Mexicano durante Tianguis Tur\u00edstico - Nitu - Noticias de la Industria Turistica\",\"isPartOf\":{\"@id\":\"https:\/\/nitu.mx\/#website\"},\"primaryImageOfPage\":{\"@id\":\"https:\/\/nitu.mx\/index.php\/2019\/04\/14\/confirman-mas-de-15-nuevos-vuelos-al-caribe-mexicano-durante-tianguis-turistico\/#primaryimage\"},\"image\":{\"@id\":\"https:\/\/nitu.mx\/index.php\/2019\/04\/14\/confirman-mas-de-15-nuevos-vuelos-al-caribe-mexicano-durante-tianguis-turistico\/#primaryimage\"},\"thumbnailUrl\":\"https:\/\/nitu.mx\/wp-content\/uploads\/2018\/08\/Caribe-mexicano.jpg\",\"datePublished\":\"2019-04-15T04:23:50+00:00\",\"dateModified\":\"2019-04-15T05:22:48+00:00\",\"description\":\"El Caribe Mexicano rebas\u00f3 todas las expectativas en el marco de la edici\u00f3n 44 del Tianguis Tur\u00edstico y anunci\u00f3 nuevos vuelos al destino.\",\"breadcrumb\":{\"@id\":\"https:\/\/nitu.mx\/index.php\/2019\/04\/14\/confirman-mas-de-15-nuevos-vuelos-al-caribe-mexicano-durante-tianguis-turistico\/#breadcrumb\"},\"inLanguage\":\"es-MX\",\"potentialAction\":[{\"@type\":\"ReadAction\",\"target\":[\"https:\/\/nitu.mx\/index.php\/2019\/04\/14\/confirman-mas-de-15-nuevos-vuelos-al-caribe-mexicano-durante-tianguis-turistico\/\"]}]},{\"@type\":\"ImageObject\",\"inLanguage\":\"es-MX\",\"@id\":\"https:\/\/nitu.mx\/index.php\/2019\/04\/14\/confirman-mas-de-15-nuevos-vuelos-al-caribe-mexicano-durante-tianguis-turistico\/#primaryimage\",\"url\":\"https:\/\/nitu.mx\/wp-content\/uploads\/2018\/08\/Caribe-mexicano.jpg\",\"contentUrl\":\"https:\/\/nitu.mx\/wp-content\/uploads\/2018\/08\/Caribe-mexicano.jpg\",\"width\":850,\"height\":480,\"caption\":\"Caribe mexicano WTM Quintana Roo\"},{\"@type\":\"BreadcrumbList\",\"@id\":\"https:\/\/nitu.mx\/index.php\/2019\/04\/14\/confirman-mas-de-15-nuevos-vuelos-al-caribe-mexicano-durante-tianguis-turistico\/#breadcrumb\",\"itemListElement\":[{\"@type\":\"ListItem\",\"position\":1,\"name\":\"Inicio\",\"item\":\"https:\/\/nitu.mx\/\"},{\"@type\":\"ListItem\",\"position\":2,\"name\":\"Confirman m\u00e1s de 15 nuevos vuelos al Caribe Mexicano durante Tianguis Tur\u00edstico\"}]},{\"@type\":\"WebSite\",\"@id\":\"https:\/\/nitu.mx\/#website\",\"url\":\"https:\/\/nitu.mx\/\",\"name\":\"Nitu - Noticias de la Industria Turistica\",\"description\":\"Noticias de la Industria Turistica\",\"publisher\":{\"@id\":\"https:\/\/nitu.mx\/#\/schema\/person\/ae7a53426417292d3dd07b45a33e01bc\"},\"alternateName\":\"Noticias de la Industria Turistica\",\"potentialAction\":[{\"@type\":\"SearchAction\",\"target\":{\"@type\":\"EntryPoint\",\"urlTemplate\":\"https:\/\/nitu.mx\/?s={search_term_string}\"},\"query-input\":\"required name=search_term_string\"}],\"inLanguage\":\"es-MX\"},{\"@type\":[\"Person\",\"Organization\"],\"@id\":\"https:\/\/nitu.mx\/#\/schema\/person\/ae7a53426417292d3dd07b45a33e01bc\",\"name\":\"Arturo Medina\",\"image\":{\"@type\":\"ImageObject\",\"inLanguage\":\"es-MX\",\"@id\":\"https:\/\/nitu.mx\/#\/schema\/person\/image\/\",\"url\":\"https:\/\/nitu.mx\/wp-content\/uploads\/2024\/04\/4A315622-1904-4D5C-B022-878CDC840E04-90x90-1.jpeg\",\"contentUrl\":\"https:\/\/nitu.mx\/wp-content\/uploads\/2024\/04\/4A315622-1904-4D5C-B022-878CDC840E04-90x90-1.jpeg\",\"width\":90,\"height\":90,\"caption\":\"Arturo Medina\"},\"logo\":{\"@id\":\"https:\/\/nitu.mx\/#\/schema\/person\/image\/\"},\"description\":\"Director NITU.mx, Egresado de la Escuela de Periodismo Carlos Septi\u00e9n Garc\u00eda. Periodista y analista especializado en turismo desde hace 35 a\u00f1os, radicado en Canc\u00fan Q.Roo. arturo@nitu.mx\",\"sameAs\":[\"https:\/\/nitu.mx\",\"https:\/\/www.facebook.com\/NITUmx\/\",\"medinacancun\",\"https:\/\/twitter.com\/@Arturo_Medina_G\"]},{\"@type\":\"Person\",\"@id\":\"https:\/\/nitu.mx\/#\/schema\/person\/4a28fe9bd65924f7c90623773daf1b0b\",\"name\":\"Redacci\u00f3n\",\"image\":{\"@type\":\"ImageObject\",\"inLanguage\":\"es-MX\",\"@id\":\"https:\/\/nitu.mx\/#\/schema\/person\/image\/\",\"url\":\"https:\/\/secure.gravatar.com\/avatar\/5dd011c8ccfc5cd7e4c81e42252aab38?s=96&d=mm&r=g\",\"contentUrl\":\"https:\/\/secure.gravatar.com\/avatar\/5dd011c8ccfc5cd7e4c81e42252aab38?s=96&d=mm&r=g\",\"caption\":\"Redacci\u00f3n\"},\"url\":\"https:\/\/nitu.mx\/index.php\/author\/redaccion\/\"}]}<\/script>\n<!-- \/ Yoast SEO plugin. -->","yoast_head_json":{"title":"Confirman m\u00e1s de 15 nuevos vuelos al Caribe Mexicano durante Tianguis Tur\u00edstico - Nitu - Noticias de la Industria Turistica","description":"El Caribe Mexicano rebas\u00f3 todas las expectativas en el marco de la edici\u00f3n 44 del Tianguis Tur\u00edstico y anunci\u00f3 nuevos vuelos al destino.","robots":{"index":"index","follow":"follow","max-snippet":"max-snippet:-1","max-image-preview":"max-image-preview:large","max-video-preview":"max-video-preview:-1"},"canonical":"https:\/\/nitu.mx\/index.php\/2019\/04\/14\/confirman-mas-de-15-nuevos-vuelos-al-caribe-mexicano-durante-tianguis-turistico\/","twitter_card":"summary_large_image","twitter_title":"Confirman m\u00e1s de 15 nuevos vuelos al Caribe Mexicano durante Tianguis Tur\u00edstico - Nitu - Noticias de la Industria Turistica","twitter_description":"El Caribe Mexicano rebas\u00f3 todas las expectativas en el marco de la edici\u00f3n 44 del Tianguis Tur\u00edstico y anunci\u00f3 nuevos vuelos al destino.","twitter_image":"https:\/\/nitu.mx\/wp-content\/uploads\/2018\/08\/Caribe-mexicano.jpg","twitter_creator":"@NITUmx","twitter_site":"@Arturo_Medina_G","twitter_misc":{"Escrito por":"Redacci\u00f3n","Tiempo de lectura":"3 minutos"},"schema":{"@context":"https:\/\/schema.org","@graph":[{"@type":"Article","@id":"https:\/\/nitu.mx\/index.php\/2019\/04\/14\/confirman-mas-de-15-nuevos-vuelos-al-caribe-mexicano-durante-tianguis-turistico\/#article","isPartOf":{"@id":"https:\/\/nitu.mx\/index.php\/2019\/04\/14\/confirman-mas-de-15-nuevos-vuelos-al-caribe-mexicano-durante-tianguis-turistico\/"},"author":{"name":"Redacci\u00f3n","@id":"https:\/\/nitu.mx\/#\/schema\/person\/4a28fe9bd65924f7c90623773daf1b0b"},"headline":"Confirman m\u00e1s de 15 nuevos vuelos al Caribe Mexicano durante Tianguis Tur\u00edstico","datePublished":"2019-04-15T04:23:50+00:00","dateModified":"2019-04-15T05:22:48+00:00","mainEntityOfPage":{"@id":"https:\/\/nitu.mx\/index.php\/2019\/04\/14\/confirman-mas-de-15-nuevos-vuelos-al-caribe-mexicano-durante-tianguis-turistico\/"},"wordCount":640,"commentCount":0,"publisher":{"@id":"https:\/\/nitu.mx\/#\/schema\/person\/ae7a53426417292d3dd07b45a33e01bc"},"image":{"@id":"https:\/\/nitu.mx\/index.php\/2019\/04\/14\/confirman-mas-de-15-nuevos-vuelos-al-caribe-mexicano-durante-tianguis-turistico\/#primaryimage"},"thumbnailUrl":"https:\/\/nitu.mx\/wp-content\/uploads\/2018\/08\/Caribe-mexicano.jpg","keywords":["Acapulco","Canc\u00fan","M\u00e9xico","Quintana Roo"],"articleSection":["Destinos","Marketing"],"inLanguage":"es-MX","potentialAction":[{"@type":"CommentAction","name":"Comment","target":["https:\/\/nitu.mx\/index.php\/2019\/04\/14\/confirman-mas-de-15-nuevos-vuelos-al-caribe-mexicano-durante-tianguis-turistico\/#respond"]}]},{"@type":"WebPage","@id":"https:\/\/nitu.mx\/index.php\/2019\/04\/14\/confirman-mas-de-15-nuevos-vuelos-al-caribe-mexicano-durante-tianguis-turistico\/","url":"https:\/\/nitu.mx\/index.php\/2019\/04\/14\/confirman-mas-de-15-nuevos-vuelos-al-caribe-mexicano-durante-tianguis-turistico\/","name":"Confirman m\u00e1s de 15 nuevos vuelos al Caribe Mexicano durante Tianguis Tur\u00edstico - Nitu - Noticias de la Industria Turistica","isPartOf":{"@id":"https:\/\/nitu.mx\/#website"},"primaryImageOfPage":{"@id":"https:\/\/nitu.mx\/index.php\/2019\/04\/14\/confirman-mas-de-15-nuevos-vuelos-al-caribe-mexicano-durante-tianguis-turistico\/#primaryimage"},"image":{"@id":"https:\/\/nitu.mx\/index.php\/2019\/04\/14\/confirman-mas-de-15-nuevos-vuelos-al-caribe-mexicano-durante-tianguis-turistico\/#primaryimage"},"thumbnailUrl":"https:\/\/nitu.mx\/wp-content\/uploads\/2018\/08\/Caribe-mexicano.jpg","datePublished":"2019-04-15T04:23:50+00:00","dateModified":"2019-04-15T05:22:48+00:00","description":"El Caribe Mexicano rebas\u00f3 todas las expectativas en el marco de la edici\u00f3n 44 del Tianguis Tur\u00edstico y anunci\u00f3 nuevos vuelos al destino.","breadcrumb":{"@id":"https:\/\/nitu.mx\/index.php\/2019\/04\/14\/confirman-mas-de-15-nuevos-vuelos-al-caribe-mexicano-durante-tianguis-turistico\/#breadcrumb"},"inLanguage":"es-MX","potentialAction":[{"@type":"ReadAction","target":["https:\/\/nitu.mx\/index.php\/2019\/04\/14\/confirman-mas-de-15-nuevos-vuelos-al-caribe-mexicano-durante-tianguis-turistico\/"]}]},{"@type":"ImageObject","inLanguage":"es-MX","@id":"https:\/\/nitu.mx\/index.php\/2019\/04\/14\/confirman-mas-de-15-nuevos-vuelos-al-caribe-mexicano-durante-tianguis-turistico\/#primaryimage","url":"https:\/\/nitu.mx\/wp-content\/uploads\/2018\/08\/Caribe-mexicano.jpg","contentUrl":"https:\/\/nitu.mx\/wp-content\/uploads\/2018\/08\/Caribe-mexicano.jpg","width":850,"height":480,"caption":"Caribe mexicano WTM Quintana Roo"},{"@type":"BreadcrumbList","@id":"https:\/\/nitu.mx\/index.php\/2019\/04\/14\/confirman-mas-de-15-nuevos-vuelos-al-caribe-mexicano-durante-tianguis-turistico\/#breadcrumb","itemListElement":[{"@type":"ListItem","position":1,"name":"Inicio","item":"https:\/\/nitu.mx\/"},{"@type":"ListItem","position":2,"name":"Confirman m\u00e1s de 15 nuevos vuelos al Caribe Mexicano durante Tianguis Tur\u00edstico"}]},{"@type":"WebSite","@id":"https:\/\/nitu.mx\/#website","url":"https:\/\/nitu.mx\/","name":"Nitu - Noticias de la Industria Turistica","description":"Noticias de la Industria Turistica","publisher":{"@id":"https:\/\/nitu.mx\/#\/schema\/person\/ae7a53426417292d3dd07b45a33e01bc"},"alternateName":"Noticias de la Industria Turistica","potentialAction":[{"@type":"SearchAction","target":{"@type":"EntryPoint","urlTemplate":"https:\/\/nitu.mx\/?s={search_term_string}"},"query-input":"required name=search_term_string"}],"inLanguage":"es-MX"},{"@type":["Person","Organization"],"@id":"https:\/\/nitu.mx\/#\/schema\/person\/ae7a53426417292d3dd07b45a33e01bc","name":"Arturo Medina","image":{"@type":"ImageObject","inLanguage":"es-MX","@id":"https:\/\/nitu.mx\/#\/schema\/person\/image\/","url":"https:\/\/nitu.mx\/wp-content\/uploads\/2024\/04\/4A315622-1904-4D5C-B022-878CDC840E04-90x90-1.jpeg","contentUrl":"https:\/\/nitu.mx\/wp-content\/uploads\/2024\/04\/4A315622-1904-4D5C-B022-878CDC840E04-90x90-1.jpeg","width":90,"height":90,"caption":"Arturo Medina"},"logo":{"@id":"https:\/\/nitu.mx\/#\/schema\/person\/image\/"},"description":"Director NITU.mx, Egresado de la Escuela de Periodismo Carlos Septi\u00e9n Garc\u00eda. Periodista y analista especializado en turismo desde hace 35 a\u00f1os, radicado en Canc\u00fan Q.Roo. arturo@nitu.mx","sameAs":["https:\/\/nitu.mx","https:\/\/www.facebook.com\/NITUmx\/","medinacancun","https:\/\/twitter.com\/@Arturo_Medina_G"]},{"@type":"Person","@id":"https:\/\/nitu.mx\/#\/schema\/person\/4a28fe9bd65924f7c90623773daf1b0b","name":"Redacci\u00f3n","image":{"@type":"ImageObject","inLanguage":"es-MX","@id":"https:\/\/nitu.mx\/#\/schema\/person\/image\/","url":"https:\/\/secure.gravatar.com\/avatar\/5dd011c8ccfc5cd7e4c81e42252aab38?s=96&d=mm&r=g","contentUrl":"https:\/\/secure.gravatar.com\/avatar\/5dd011c8ccfc5cd7e4c81e42252aab38?s=96&d=mm&r=g","caption":"Redacci\u00f3n"},"url":"https:\/\/nitu.mx\/index.php\/author\/redaccion\/"}]}},"views":214,"_links":{"self":[{"href":"https:\/\/nitu.mx\/index.php\/wp-json\/wp\/v2\/posts\/31132"}],"collection":[{"href":"https:\/\/nitu.mx\/index.php\/wp-json\/wp\/v2\/posts"}],"about":[{"href":"https:\/\/nitu.mx\/index.php\/wp-json\/wp\/v2\/types\/post"}],"author":[{"embeddable":true,"href":"https:\/\/nitu.mx\/index.php\/wp-json\/wp\/v2\/users\/17"}],"replies":[{"embeddable":true,"href":"https:\/\/nitu.mx\/index.php\/wp-json\/wp\/v2\/comments?post=31132"}],"version-history":[{"count":2,"href":"https:\/\/nitu.mx\/index.php\/wp-json\/wp\/v2\/posts\/31132\/revisions"}],"predecessor-version":[{"id":31152,"href":"https:\/\/nitu.mx\/index.php\/wp-json\/wp\/v2\/posts\/31132\/revisions\/31152"}],"wp:featuredmedia":[{"embeddable":true,"href":"https:\/\/nitu.mx\/index.php\/wp-json\/wp\/v2\/media\/24037"}],"wp:attachment":[{"href":"https:\/\/nitu.mx\/index.php\/wp-json\/wp\/v2\/media?parent=31132"}],"wp:term":[{"taxonomy":"category","embeddable":true,"href":"https:\/\/nitu.mx\/index.php\/wp-json\/wp\/v2\/categories?post=31132"},{"taxonomy":"post_tag","embeddable":true,"href":"https:\/\/nitu.mx\/index.php\/wp-json\/wp\/v2\/tags?post=31132"}],"curies":[{"name":"wp","href":"https:\/\/api.w.org\/{rel}","templated":true}]}}