{"id":31116,"date":"2019-04-14T22:17:39","date_gmt":"2019-04-15T03:17:39","guid":{"rendered":"https:\/\/www.dev.nitu.mx\/?p=31116"},"modified":"2019-04-15T00:22:20","modified_gmt":"2019-04-15T05:22:20","slug":"mejoran-imagen-e-infraestructura-de-ixtapa-zihuatanejo","status":"publish","type":"post","link":"https:\/\/nitu.mx\/index.php\/2019\/04\/14\/mejoran-imagen-e-infraestructura-de-ixtapa-zihuatanejo\/","title":{"rendered":"Mejoran imagen e infraestructura de Ixtapa Zihuatanejo"},"content":{"rendered":"<p>Previo al inicio de la temporada vacacional de Semana Santa, el gobierno de Guerrero, autoridades municipales e iniciativa privada, presentaron las mejoras que se hicieron en Ixtapa-Zihuatanejo, que incluyeron la remodelaci\u00f3n del Paseo del Pescador, la nueva carretera San Jos\u00e9 Ixtapa-Playa Linda y remodelaciones en Zihuatanejo.<\/p>\n<p>Para el Paseo del Pescador se invirtieron 20 millones de pesos, a lo largo de 820 metros lineales, los cuales se emplearon en dos plazas rehabilitadas, rampas para personas con discapacidad, \u00e1reas verdes, muros de contenci\u00f3n, 75 luminarias LED y 12 \u00e1reas de descanso con se\u00f1al\u00e9tica, lo cual brinda una renovada y bella imagen a la Bah\u00eda de Zihuatanejo. Prestadores de servicios tur\u00edsticos del destino tambi\u00e9n remodelaron sus fachadas.<\/p>\n<p>Otra importante inversi\u00f3n fue para la carretera San Jos\u00e9 Ixtapa-Playa Linda, para la cual se destinaron 15 millones de pesos, en 3.7 kil\u00f3metros. Adem\u00e1s, se inform\u00f3 que se aplicar\u00e1n 68 millones de pesos en obras carreteras, de alumbrado, calles y una ciclov\u00eda.<\/p>\n<p>Dichas obras ya iniciaron y muestran avance en diferentes \u00e1reas, como lo dio a conocer Javier Taja Ram\u00edrez, director general de la Comisi\u00f3n de Infraestructura Carretera y Aeroportuaria del Estado de Guerrero (CICAEG). El funcionario se\u00f1al\u00f3 que el alumbrado de la Esc\u00e9nica Riscalillo va al 50 por ciento, se concluy\u00f3 la carretera a Pantla, y se concluy\u00f3 la pavimentaci\u00f3n de Vaso de Miraflores. (<a title=\"Ixtapa Zihuatanejo recibi\u00f3 a m\u00e1s de 400 mil turistas en verano\" href=\"https:\/\/www.dev.nitu.mx\/index.php\/2018\/08\/24\/ixtapa-zihuatanejo-recibio-a-mas-de-400-mil-turistas-en-verano\/\" rel=\"bookmark\">Ixtapa Zihuatanejo recibi\u00f3 a m\u00e1s de 400 mil turistas en verano<\/a>).<\/p>\n<p>El gobernador de la entidad, H\u00e9ctor Astudillo Flores, realiz\u00f3 una visita a las zonas remodeladas y las obras que se realizan, y reiter\u00f3 su compromiso para reforzar la infraestructura de este destino, que junto con Acapulco, es el m\u00e1s importante para la actividad tur\u00edstica.<\/p>\n<p>Las autoridades municipales agradecieron al mandatario el impulso que se le dio a Ixtapa Zihuatanejo en la pasada edici\u00f3n del Tianguis Tur\u00edstico de Acapulco.<\/p>\n","protected":false},"excerpt":{"rendered":"<p>Previo al inicio de la temporada vacacional de Semana Santa, el gobierno de Guerrero, autoridades municipales e iniciativa privada, presentaron las mejoras que se hicieron en Ixtapa-Zihuatanejo, que incluyeron la remodelaci\u00f3n del Paseo del Pescador, la nueva carretera San Jos\u00e9 Ixtapa-Playa Linda y remodelaciones en Zihuatanejo. Para el Paseo del Pescador se invirtieron 20 millones [&hellip;]<\/p>\n","protected":false},"author":5,"featured_media":31118,"comment_status":"open","ping_status":"open","sticky":false,"template":"","format":"standard","meta":{"footnotes":""},"categories":[5,6],"tags":[233,234,214],"yoast_head":"<!-- This site is optimized with the Yoast SEO plugin v22.2 - https:\/\/yoast.com\/wordpress\/plugins\/seo\/ -->\n<title>Mejoran imagen e infraestructura de Ixtapa Zihuatanejo - Nitu - Noticias de la Industria Turistica<\/title>\n<meta name=\"description\" content=\"El gobierno de Guerrero, autoridades municipales e iniciativa privada, presentaron las mejoras que se hicieron en Ixtapa-Zihuatanejo.\" \/>\n<meta name=\"robots\" content=\"index, follow, max-snippet:-1, max-image-preview:large, max-video-preview:-1\" \/>\n<link rel=\"canonical\" href=\"https:\/\/nitu.mx\/index.php\/2019\/04\/14\/mejoran-imagen-e-infraestructura-de-ixtapa-zihuatanejo\/\" \/>\n<meta name=\"twitter:card\" content=\"summary_large_image\" \/>\n<meta name=\"twitter:title\" content=\"Mejoran imagen e infraestructura de Ixtapa Zihuatanejo - Nitu - Noticias de la Industria Turistica\" \/>\n<meta name=\"twitter:description\" content=\"El gobierno de Guerrero, autoridades municipales e iniciativa privada, presentaron las mejoras que se hicieron en Ixtapa-Zihuatanejo.\" \/>\n<meta name=\"twitter:image\" content=\"https:\/\/nitu.mx\/wp-content\/uploads\/2019\/04\/Puerto-Vallarta-remodelacion.jpg\" \/>\n<meta name=\"twitter:creator\" content=\"@NITUmx\" \/>\n<meta name=\"twitter:site\" content=\"@Arturo_Medina_G\" \/>\n<meta name=\"twitter:label1\" content=\"Escrito por\" \/>\n\t<meta name=\"twitter:data1\" content=\"Mari Soto\" \/>\n\t<meta name=\"twitter:label2\" content=\"Tiempo de lectura\" \/>\n\t<meta name=\"twitter:data2\" content=\"2 minutos\" \/>\n<script type=\"application\/ld+json\" class=\"yoast-schema-graph\">{\"@context\":\"https:\/\/schema.org\",\"@graph\":[{\"@type\":\"Article\",\"@id\":\"https:\/\/nitu.mx\/index.php\/2019\/04\/14\/mejoran-imagen-e-infraestructura-de-ixtapa-zihuatanejo\/#article\",\"isPartOf\":{\"@id\":\"https:\/\/nitu.mx\/index.php\/2019\/04\/14\/mejoran-imagen-e-infraestructura-de-ixtapa-zihuatanejo\/\"},\"author\":{\"name\":\"Mari Soto\",\"@id\":\"https:\/\/nitu.mx\/#\/schema\/person\/afc52e313e27e660739556d421d3d6b4\"},\"headline\":\"Mejoran imagen e infraestructura de Ixtapa Zihuatanejo\",\"datePublished\":\"2019-04-15T03:17:39+00:00\",\"dateModified\":\"2019-04-15T05:22:20+00:00\",\"mainEntityOfPage\":{\"@id\":\"https:\/\/nitu.mx\/index.php\/2019\/04\/14\/mejoran-imagen-e-infraestructura-de-ixtapa-zihuatanejo\/\"},\"wordCount\":320,\"commentCount\":0,\"publisher\":{\"@id\":\"https:\/\/nitu.mx\/#\/schema\/person\/ae7a53426417292d3dd07b45a33e01bc\"},\"image\":{\"@id\":\"https:\/\/nitu.mx\/index.php\/2019\/04\/14\/mejoran-imagen-e-infraestructura-de-ixtapa-zihuatanejo\/#primaryimage\"},\"thumbnailUrl\":\"https:\/\/nitu.mx\/wp-content\/uploads\/2019\/04\/Puerto-Vallarta-remodelacion.jpg\",\"keywords\":[\"Guerrero\",\"H\u00e9ctor Astudillo\",\"Ixtapa Zihuatanejo\"],\"articleSection\":[\"Destinos\",\"M\u00e9xico\"],\"inLanguage\":\"es-MX\",\"potentialAction\":[{\"@type\":\"CommentAction\",\"name\":\"Comment\",\"target\":[\"https:\/\/nitu.mx\/index.php\/2019\/04\/14\/mejoran-imagen-e-infraestructura-de-ixtapa-zihuatanejo\/#respond\"]}]},{\"@type\":\"WebPage\",\"@id\":\"https:\/\/nitu.mx\/index.php\/2019\/04\/14\/mejoran-imagen-e-infraestructura-de-ixtapa-zihuatanejo\/\",\"url\":\"https:\/\/nitu.mx\/index.php\/2019\/04\/14\/mejoran-imagen-e-infraestructura-de-ixtapa-zihuatanejo\/\",\"name\":\"Mejoran imagen e infraestructura de Ixtapa Zihuatanejo - Nitu - Noticias de la Industria Turistica\",\"isPartOf\":{\"@id\":\"https:\/\/nitu.mx\/#website\"},\"primaryImageOfPage\":{\"@id\":\"https:\/\/nitu.mx\/index.php\/2019\/04\/14\/mejoran-imagen-e-infraestructura-de-ixtapa-zihuatanejo\/#primaryimage\"},\"image\":{\"@id\":\"https:\/\/nitu.mx\/index.php\/2019\/04\/14\/mejoran-imagen-e-infraestructura-de-ixtapa-zihuatanejo\/#primaryimage\"},\"thumbnailUrl\":\"https:\/\/nitu.mx\/wp-content\/uploads\/2019\/04\/Puerto-Vallarta-remodelacion.jpg\",\"datePublished\":\"2019-04-15T03:17:39+00:00\",\"dateModified\":\"2019-04-15T05:22:20+00:00\",\"description\":\"El gobierno de Guerrero, autoridades municipales e iniciativa privada, presentaron las mejoras que se hicieron en Ixtapa-Zihuatanejo.\",\"breadcrumb\":{\"@id\":\"https:\/\/nitu.mx\/index.php\/2019\/04\/14\/mejoran-imagen-e-infraestructura-de-ixtapa-zihuatanejo\/#breadcrumb\"},\"inLanguage\":\"es-MX\",\"potentialAction\":[{\"@type\":\"ReadAction\",\"target\":[\"https:\/\/nitu.mx\/index.php\/2019\/04\/14\/mejoran-imagen-e-infraestructura-de-ixtapa-zihuatanejo\/\"]}]},{\"@type\":\"ImageObject\",\"inLanguage\":\"es-MX\",\"@id\":\"https:\/\/nitu.mx\/index.php\/2019\/04\/14\/mejoran-imagen-e-infraestructura-de-ixtapa-zihuatanejo\/#primaryimage\",\"url\":\"https:\/\/nitu.mx\/wp-content\/uploads\/2019\/04\/Puerto-Vallarta-remodelacion.jpg\",\"contentUrl\":\"https:\/\/nitu.mx\/wp-content\/uploads\/2019\/04\/Puerto-Vallarta-remodelacion.jpg\",\"width\":850,\"height\":480,\"caption\":\"Ixtapa Zihutanejo remodelacion\"},{\"@type\":\"BreadcrumbList\",\"@id\":\"https:\/\/nitu.mx\/index.php\/2019\/04\/14\/mejoran-imagen-e-infraestructura-de-ixtapa-zihuatanejo\/#breadcrumb\",\"itemListElement\":[{\"@type\":\"ListItem\",\"position\":1,\"name\":\"Inicio\",\"item\":\"https:\/\/nitu.mx\/\"},{\"@type\":\"ListItem\",\"position\":2,\"name\":\"Mejoran imagen e infraestructura de Ixtapa Zihuatanejo\"}]},{\"@type\":\"WebSite\",\"@id\":\"https:\/\/nitu.mx\/#website\",\"url\":\"https:\/\/nitu.mx\/\",\"name\":\"Nitu - Noticias de la Industria Turistica\",\"description\":\"Noticias de la Industria Turistica\",\"publisher\":{\"@id\":\"https:\/\/nitu.mx\/#\/schema\/person\/ae7a53426417292d3dd07b45a33e01bc\"},\"alternateName\":\"Noticias de la Industria Turistica\",\"potentialAction\":[{\"@type\":\"SearchAction\",\"target\":{\"@type\":\"EntryPoint\",\"urlTemplate\":\"https:\/\/nitu.mx\/?s={search_term_string}\"},\"query-input\":\"required name=search_term_string\"}],\"inLanguage\":\"es-MX\"},{\"@type\":[\"Person\",\"Organization\"],\"@id\":\"https:\/\/nitu.mx\/#\/schema\/person\/ae7a53426417292d3dd07b45a33e01bc\",\"name\":\"Arturo Medina\",\"image\":{\"@type\":\"ImageObject\",\"inLanguage\":\"es-MX\",\"@id\":\"https:\/\/nitu.mx\/#\/schema\/person\/image\/\",\"url\":\"https:\/\/nitu.mx\/wp-content\/uploads\/2024\/04\/4A315622-1904-4D5C-B022-878CDC840E04-90x90-1.jpeg\",\"contentUrl\":\"https:\/\/nitu.mx\/wp-content\/uploads\/2024\/04\/4A315622-1904-4D5C-B022-878CDC840E04-90x90-1.jpeg\",\"width\":90,\"height\":90,\"caption\":\"Arturo Medina\"},\"logo\":{\"@id\":\"https:\/\/nitu.mx\/#\/schema\/person\/image\/\"},\"description\":\"Director NITU.mx, Egresado de la Escuela de Periodismo Carlos Septi\u00e9n Garc\u00eda. Periodista y analista especializado en turismo desde hace 35 a\u00f1os, radicado en Canc\u00fan Q.Roo. arturo@nitu.mx\",\"sameAs\":[\"https:\/\/nitu.mx\",\"https:\/\/www.facebook.com\/NITUmx\/\",\"medinacancun\",\"https:\/\/twitter.com\/@Arturo_Medina_G\"]},{\"@type\":\"Person\",\"@id\":\"https:\/\/nitu.mx\/#\/schema\/person\/afc52e313e27e660739556d421d3d6b4\",\"name\":\"Mari Soto\",\"image\":{\"@type\":\"ImageObject\",\"inLanguage\":\"es-MX\",\"@id\":\"https:\/\/nitu.mx\/#\/schema\/person\/image\/\",\"url\":\"https:\/\/secure.gravatar.com\/avatar\/2619c282a180a20d89fcaea82a6736e2?s=96&d=mm&r=g\",\"contentUrl\":\"https:\/\/secure.gravatar.com\/avatar\/2619c282a180a20d89fcaea82a6736e2?s=96&d=mm&r=g\",\"caption\":\"Mari Soto\"},\"sameAs\":[\"https:\/\/nitu.mx\"],\"url\":\"https:\/\/nitu.mx\/index.php\/author\/guadalupe\/\"}]}<\/script>\n<!-- \/ Yoast SEO plugin. -->","yoast_head_json":{"title":"Mejoran imagen e infraestructura de Ixtapa Zihuatanejo - Nitu - Noticias de la Industria Turistica","description":"El gobierno de Guerrero, autoridades municipales e iniciativa privada, presentaron las mejoras que se hicieron en Ixtapa-Zihuatanejo.","robots":{"index":"index","follow":"follow","max-snippet":"max-snippet:-1","max-image-preview":"max-image-preview:large","max-video-preview":"max-video-preview:-1"},"canonical":"https:\/\/nitu.mx\/index.php\/2019\/04\/14\/mejoran-imagen-e-infraestructura-de-ixtapa-zihuatanejo\/","twitter_card":"summary_large_image","twitter_title":"Mejoran imagen e infraestructura de Ixtapa Zihuatanejo - Nitu - Noticias de la Industria Turistica","twitter_description":"El gobierno de Guerrero, autoridades municipales e iniciativa privada, presentaron las mejoras que se hicieron en Ixtapa-Zihuatanejo.","twitter_image":"https:\/\/nitu.mx\/wp-content\/uploads\/2019\/04\/Puerto-Vallarta-remodelacion.jpg","twitter_creator":"@NITUmx","twitter_site":"@Arturo_Medina_G","twitter_misc":{"Escrito por":"Mari Soto","Tiempo de lectura":"2 minutos"},"schema":{"@context":"https:\/\/schema.org","@graph":[{"@type":"Article","@id":"https:\/\/nitu.mx\/index.php\/2019\/04\/14\/mejoran-imagen-e-infraestructura-de-ixtapa-zihuatanejo\/#article","isPartOf":{"@id":"https:\/\/nitu.mx\/index.php\/2019\/04\/14\/mejoran-imagen-e-infraestructura-de-ixtapa-zihuatanejo\/"},"author":{"name":"Mari Soto","@id":"https:\/\/nitu.mx\/#\/schema\/person\/afc52e313e27e660739556d421d3d6b4"},"headline":"Mejoran imagen e infraestructura de Ixtapa Zihuatanejo","datePublished":"2019-04-15T03:17:39+00:00","dateModified":"2019-04-15T05:22:20+00:00","mainEntityOfPage":{"@id":"https:\/\/nitu.mx\/index.php\/2019\/04\/14\/mejoran-imagen-e-infraestructura-de-ixtapa-zihuatanejo\/"},"wordCount":320,"commentCount":0,"publisher":{"@id":"https:\/\/nitu.mx\/#\/schema\/person\/ae7a53426417292d3dd07b45a33e01bc"},"image":{"@id":"https:\/\/nitu.mx\/index.php\/2019\/04\/14\/mejoran-imagen-e-infraestructura-de-ixtapa-zihuatanejo\/#primaryimage"},"thumbnailUrl":"https:\/\/nitu.mx\/wp-content\/uploads\/2019\/04\/Puerto-Vallarta-remodelacion.jpg","keywords":["Guerrero","H\u00e9ctor Astudillo","Ixtapa Zihuatanejo"],"articleSection":["Destinos","M\u00e9xico"],"inLanguage":"es-MX","potentialAction":[{"@type":"CommentAction","name":"Comment","target":["https:\/\/nitu.mx\/index.php\/2019\/04\/14\/mejoran-imagen-e-infraestructura-de-ixtapa-zihuatanejo\/#respond"]}]},{"@type":"WebPage","@id":"https:\/\/nitu.mx\/index.php\/2019\/04\/14\/mejoran-imagen-e-infraestructura-de-ixtapa-zihuatanejo\/","url":"https:\/\/nitu.mx\/index.php\/2019\/04\/14\/mejoran-imagen-e-infraestructura-de-ixtapa-zihuatanejo\/","name":"Mejoran imagen e infraestructura de Ixtapa Zihuatanejo - Nitu - Noticias de la Industria Turistica","isPartOf":{"@id":"https:\/\/nitu.mx\/#website"},"primaryImageOfPage":{"@id":"https:\/\/nitu.mx\/index.php\/2019\/04\/14\/mejoran-imagen-e-infraestructura-de-ixtapa-zihuatanejo\/#primaryimage"},"image":{"@id":"https:\/\/nitu.mx\/index.php\/2019\/04\/14\/mejoran-imagen-e-infraestructura-de-ixtapa-zihuatanejo\/#primaryimage"},"thumbnailUrl":"https:\/\/nitu.mx\/wp-content\/uploads\/2019\/04\/Puerto-Vallarta-remodelacion.jpg","datePublished":"2019-04-15T03:17:39+00:00","dateModified":"2019-04-15T05:22:20+00:00","description":"El gobierno de Guerrero, autoridades municipales e iniciativa privada, presentaron las mejoras que se hicieron en Ixtapa-Zihuatanejo.","breadcrumb":{"@id":"https:\/\/nitu.mx\/index.php\/2019\/04\/14\/mejoran-imagen-e-infraestructura-de-ixtapa-zihuatanejo\/#breadcrumb"},"inLanguage":"es-MX","potentialAction":[{"@type":"ReadAction","target":["https:\/\/nitu.mx\/index.php\/2019\/04\/14\/mejoran-imagen-e-infraestructura-de-ixtapa-zihuatanejo\/"]}]},{"@type":"ImageObject","inLanguage":"es-MX","@id":"https:\/\/nitu.mx\/index.php\/2019\/04\/14\/mejoran-imagen-e-infraestructura-de-ixtapa-zihuatanejo\/#primaryimage","url":"https:\/\/nitu.mx\/wp-content\/uploads\/2019\/04\/Puerto-Vallarta-remodelacion.jpg","contentUrl":"https:\/\/nitu.mx\/wp-content\/uploads\/2019\/04\/Puerto-Vallarta-remodelacion.jpg","width":850,"height":480,"caption":"Ixtapa Zihutanejo remodelacion"},{"@type":"BreadcrumbList","@id":"https:\/\/nitu.mx\/index.php\/2019\/04\/14\/mejoran-imagen-e-infraestructura-de-ixtapa-zihuatanejo\/#breadcrumb","itemListElement":[{"@type":"ListItem","position":1,"name":"Inicio","item":"https:\/\/nitu.mx\/"},{"@type":"ListItem","position":2,"name":"Mejoran imagen e infraestructura de Ixtapa Zihuatanejo"}]},{"@type":"WebSite","@id":"https:\/\/nitu.mx\/#website","url":"https:\/\/nitu.mx\/","name":"Nitu - Noticias de la Industria Turistica","description":"Noticias de la Industria Turistica","publisher":{"@id":"https:\/\/nitu.mx\/#\/schema\/person\/ae7a53426417292d3dd07b45a33e01bc"},"alternateName":"Noticias de la Industria Turistica","potentialAction":[{"@type":"SearchAction","target":{"@type":"EntryPoint","urlTemplate":"https:\/\/nitu.mx\/?s={search_term_string}"},"query-input":"required name=search_term_string"}],"inLanguage":"es-MX"},{"@type":["Person","Organization"],"@id":"https:\/\/nitu.mx\/#\/schema\/person\/ae7a53426417292d3dd07b45a33e01bc","name":"Arturo Medina","image":{"@type":"ImageObject","inLanguage":"es-MX","@id":"https:\/\/nitu.mx\/#\/schema\/person\/image\/","url":"https:\/\/nitu.mx\/wp-content\/uploads\/2024\/04\/4A315622-1904-4D5C-B022-878CDC840E04-90x90-1.jpeg","contentUrl":"https:\/\/nitu.mx\/wp-content\/uploads\/2024\/04\/4A315622-1904-4D5C-B022-878CDC840E04-90x90-1.jpeg","width":90,"height":90,"caption":"Arturo Medina"},"logo":{"@id":"https:\/\/nitu.mx\/#\/schema\/person\/image\/"},"description":"Director NITU.mx, Egresado de la Escuela de Periodismo Carlos Septi\u00e9n Garc\u00eda. Periodista y analista especializado en turismo desde hace 35 a\u00f1os, radicado en Canc\u00fan Q.Roo. arturo@nitu.mx","sameAs":["https:\/\/nitu.mx","https:\/\/www.facebook.com\/NITUmx\/","medinacancun","https:\/\/twitter.com\/@Arturo_Medina_G"]},{"@type":"Person","@id":"https:\/\/nitu.mx\/#\/schema\/person\/afc52e313e27e660739556d421d3d6b4","name":"Mari Soto","image":{"@type":"ImageObject","inLanguage":"es-MX","@id":"https:\/\/nitu.mx\/#\/schema\/person\/image\/","url":"https:\/\/secure.gravatar.com\/avatar\/2619c282a180a20d89fcaea82a6736e2?s=96&d=mm&r=g","contentUrl":"https:\/\/secure.gravatar.com\/avatar\/2619c282a180a20d89fcaea82a6736e2?s=96&d=mm&r=g","caption":"Mari Soto"},"sameAs":["https:\/\/nitu.mx"],"url":"https:\/\/nitu.mx\/index.php\/author\/guadalupe\/"}]}},"views":1547,"_links":{"self":[{"href":"https:\/\/nitu.mx\/index.php\/wp-json\/wp\/v2\/posts\/31116"}],"collection":[{"href":"https:\/\/nitu.mx\/index.php\/wp-json\/wp\/v2\/posts"}],"about":[{"href":"https:\/\/nitu.mx\/index.php\/wp-json\/wp\/v2\/types\/post"}],"author":[{"embeddable":true,"href":"https:\/\/nitu.mx\/index.php\/wp-json\/wp\/v2\/users\/5"}],"replies":[{"embeddable":true,"href":"https:\/\/nitu.mx\/index.php\/wp-json\/wp\/v2\/comments?post=31116"}],"version-history":[{"count":1,"href":"https:\/\/nitu.mx\/index.php\/wp-json\/wp\/v2\/posts\/31116\/revisions"}],"predecessor-version":[{"id":31120,"href":"https:\/\/nitu.mx\/index.php\/wp-json\/wp\/v2\/posts\/31116\/revisions\/31120"}],"wp:featuredmedia":[{"embeddable":true,"href":"https:\/\/nitu.mx\/index.php\/wp-json\/wp\/v2\/media\/31118"}],"wp:attachment":[{"href":"https:\/\/nitu.mx\/index.php\/wp-json\/wp\/v2\/media?parent=31116"}],"wp:term":[{"taxonomy":"category","embeddable":true,"href":"https:\/\/nitu.mx\/index.php\/wp-json\/wp\/v2\/categories?post=31116"},{"taxonomy":"post_tag","embeddable":true,"href":"https:\/\/nitu.mx\/index.php\/wp-json\/wp\/v2\/tags?post=31116"}],"curies":[{"name":"wp","href":"https:\/\/api.w.org\/{rel}","templated":true}]}}