{"id":30968,"date":"2019-04-10T00:15:59","date_gmt":"2019-04-10T05:15:59","guid":{"rendered":"https:\/\/www.dev.nitu.mx\/?p=30968"},"modified":"2019-04-10T01:31:32","modified_gmt":"2019-04-10T06:31:32","slug":"lamentable-la-negativa-de-amlo-a-dar-recursos-para-promocion-amav-qroo","status":"publish","type":"post","link":"https:\/\/nitu.mx\/index.php\/2019\/04\/10\/lamentable-la-negativa-de-amlo-a-dar-recursos-para-promocion-amav-qroo\/","title":{"rendered":"Lamentable la negativa de AMLO a dar recursos para promoci\u00f3n: AMAV QRoo"},"content":{"rendered":"<p>La presencia de Quintana Roo en el Tianguis Tur\u00edstico represent\u00f3 el stand m\u00e1s grande de todo el evento con la presencia de m\u00e1s de 45 empresas que presentaron los atractivos tur\u00edsticos de la entidad. Tambi\u00e9n estuvo presente la Asociaci\u00f3n Mexicana de Agencias de Viajes de Quintana Roo (AMAV QRoo), de la cual su presidente Sergio Gonz\u00e1lez Rubiera, en entrevista con <strong><em>NITU.mx<\/em><\/strong>, puntualiz\u00f3 que ante la desaparici\u00f3n del CPTM se debe impulsar en mayor medida la promoci\u00f3n del destino.<\/p>\n<p>\u201cEs muy lamentable porque el mensaje est\u00e1 muy claro, ya el presidente L\u00f3pez Obrador reiter\u00f3 que no habr\u00e1 recursos para la promoci\u00f3n, y eso nos obliga y compromete a ser creativos y buscar la manera para poder salir adelante, porque s\u00f3lo con una promoci\u00f3n internacional exitosa, creativa e inteligente, vamos a poder contrarrestar las notas malas que tenemos como por ejemplo la inseguridad y el sargazo\u201d, mencion\u00f3 el presidente de AMAV QRoo.<\/p>\n<p>Tambi\u00e9n declar\u00f3 que ya no hay que insistir, &#8220;nos debe quedar claro que la l\u00ednea del gobierno actual no es la promoci\u00f3n tur\u00edstica y aunque no estamos de acuerdo, tenemos que trabajar con nuestras agencias, con nuestros medios y sobre todo con el Consejo de Promoci\u00f3n Tur\u00edstica de Quintana Roo para lograr dar a conocer nuestro destino&#8221;.<\/p>\n<p>Al cuestionarlo sobre si las expectativas del Tianguis Tur\u00edstico se cumplieron Gonz\u00e1lez Rubiera contest\u00f3: \u201cS\u00ed, porque sab\u00edamos que no iban a venir los compradores internacionales, es lamentable pero tampoco estamos viendo algo diferente a lo que ya sab\u00edamos que iba a pasar, un nivel de afluencia relativamente bajo en los pasillos de los stands, siempre hay que venir preparados\u201d, reiter\u00f3.<\/p>\n<p><strong>\u00bfLas agencias de viaje de Quintana Roo han resentido la disminuci\u00f3n de turistas?<\/strong><\/p>\n<p>\u201cEl descenso fue como de 1.5 por ciento, es muy poco, pero s\u00ed es una alerta que empiece a descender el mercado estadounidense que es el m\u00e1s importante. Lo sentimos en enero, en febrero un poco menos y marzo volvi\u00f3 m\u00e1s o menos a la normalidad\u201d, coment\u00f3 el titular de AMAV QRoo.<\/p>\n<p>El mercado nacional que es el segundo m\u00e1s importante para Quintana Roo, que ya es casi de 50 por ciento, entonces hay que seguir trabajando en ese sentido. Canc\u00fan es el destino preferido de los mexicanos, tambi\u00e9n hay mercados como Colombia y Europa que siguen visit\u00e1ndonos. Pero debemos ver la manera de traer a los turistas norteamericanos de alto nivel adquisitivo.<\/p>\n","protected":false},"excerpt":{"rendered":"<p>La presencia de Quintana Roo en el Tianguis Tur\u00edstico represent\u00f3 el stand m\u00e1s grande de todo el evento con la presencia de m\u00e1s de 45 empresas que presentaron los atractivos tur\u00edsticos de la entidad. Tambi\u00e9n estuvo presente la Asociaci\u00f3n Mexicana de Agencias de Viajes de Quintana Roo (AMAV QRoo), de la cual su presidente Sergio [&hellip;]<\/p>\n","protected":false},"author":5,"featured_media":30982,"comment_status":"open","ping_status":"open","sticky":false,"template":"","format":"standard","meta":{"footnotes":""},"categories":[1],"tags":[],"yoast_head":"<!-- This site is optimized with the Yoast SEO plugin v22.2 - https:\/\/yoast.com\/wordpress\/plugins\/seo\/ -->\n<title>Lamentable la negativa de AMLO a dar recursos para promoci\u00f3n: AMAV QRoo - Nitu - Noticias de la Industria Turistica<\/title>\n<meta name=\"description\" content=\"AMAV QRoo presente en el Tianguis Tur\u00edstico y refuerza compromiso para impulsar el destino ante la falta de recursos para la promoci\u00f3n.\" \/>\n<meta name=\"robots\" content=\"index, follow, max-snippet:-1, max-image-preview:large, max-video-preview:-1\" \/>\n<link rel=\"canonical\" href=\"https:\/\/nitu.mx\/index.php\/2019\/04\/10\/lamentable-la-negativa-de-amlo-a-dar-recursos-para-promocion-amav-qroo\/\" \/>\n<meta name=\"twitter:card\" content=\"summary_large_image\" \/>\n<meta name=\"twitter:title\" content=\"Lamentable la negativa de AMLO a dar recursos para promoci\u00f3n: AMAV QRoo - Nitu - Noticias de la Industria Turistica\" \/>\n<meta name=\"twitter:description\" content=\"AMAV QRoo presente en el Tianguis Tur\u00edstico y refuerza compromiso para impulsar el destino ante la falta de recursos para la promoci\u00f3n.\" \/>\n<meta name=\"twitter:image\" content=\"https:\/\/nitu.mx\/wp-content\/uploads\/2019\/04\/rubiera.jpg\" \/>\n<meta name=\"twitter:creator\" content=\"@NITUmx\" \/>\n<meta name=\"twitter:site\" content=\"@Arturo_Medina_G\" \/>\n<meta name=\"twitter:label1\" content=\"Escrito por\" \/>\n\t<meta name=\"twitter:data1\" content=\"Mari Soto\" \/>\n\t<meta name=\"twitter:label2\" content=\"Tiempo de lectura\" \/>\n\t<meta name=\"twitter:data2\" content=\"2 minutos\" \/>\n<script type=\"application\/ld+json\" class=\"yoast-schema-graph\">{\"@context\":\"https:\/\/schema.org\",\"@graph\":[{\"@type\":\"Article\",\"@id\":\"https:\/\/nitu.mx\/index.php\/2019\/04\/10\/lamentable-la-negativa-de-amlo-a-dar-recursos-para-promocion-amav-qroo\/#article\",\"isPartOf\":{\"@id\":\"https:\/\/nitu.mx\/index.php\/2019\/04\/10\/lamentable-la-negativa-de-amlo-a-dar-recursos-para-promocion-amav-qroo\/\"},\"author\":{\"name\":\"Mari Soto\",\"@id\":\"https:\/\/nitu.mx\/#\/schema\/person\/afc52e313e27e660739556d421d3d6b4\"},\"headline\":\"Lamentable la negativa de AMLO a dar recursos para promoci\u00f3n: AMAV QRoo\",\"datePublished\":\"2019-04-10T05:15:59+00:00\",\"dateModified\":\"2019-04-10T06:31:32+00:00\",\"mainEntityOfPage\":{\"@id\":\"https:\/\/nitu.mx\/index.php\/2019\/04\/10\/lamentable-la-negativa-de-amlo-a-dar-recursos-para-promocion-amav-qroo\/\"},\"wordCount\":434,\"commentCount\":0,\"publisher\":{\"@id\":\"https:\/\/nitu.mx\/#\/schema\/person\/ae7a53426417292d3dd07b45a33e01bc\"},\"image\":{\"@id\":\"https:\/\/nitu.mx\/index.php\/2019\/04\/10\/lamentable-la-negativa-de-amlo-a-dar-recursos-para-promocion-amav-qroo\/#primaryimage\"},\"thumbnailUrl\":\"https:\/\/nitu.mx\/wp-content\/uploads\/2019\/04\/rubiera.jpg\",\"articleSection\":[\"Sin Categor\u00eda\"],\"inLanguage\":\"es-MX\",\"potentialAction\":[{\"@type\":\"CommentAction\",\"name\":\"Comment\",\"target\":[\"https:\/\/nitu.mx\/index.php\/2019\/04\/10\/lamentable-la-negativa-de-amlo-a-dar-recursos-para-promocion-amav-qroo\/#respond\"]}]},{\"@type\":\"WebPage\",\"@id\":\"https:\/\/nitu.mx\/index.php\/2019\/04\/10\/lamentable-la-negativa-de-amlo-a-dar-recursos-para-promocion-amav-qroo\/\",\"url\":\"https:\/\/nitu.mx\/index.php\/2019\/04\/10\/lamentable-la-negativa-de-amlo-a-dar-recursos-para-promocion-amav-qroo\/\",\"name\":\"Lamentable la negativa de AMLO a dar recursos para promoci\u00f3n: AMAV QRoo - Nitu - Noticias de la Industria Turistica\",\"isPartOf\":{\"@id\":\"https:\/\/nitu.mx\/#website\"},\"primaryImageOfPage\":{\"@id\":\"https:\/\/nitu.mx\/index.php\/2019\/04\/10\/lamentable-la-negativa-de-amlo-a-dar-recursos-para-promocion-amav-qroo\/#primaryimage\"},\"image\":{\"@id\":\"https:\/\/nitu.mx\/index.php\/2019\/04\/10\/lamentable-la-negativa-de-amlo-a-dar-recursos-para-promocion-amav-qroo\/#primaryimage\"},\"thumbnailUrl\":\"https:\/\/nitu.mx\/wp-content\/uploads\/2019\/04\/rubiera.jpg\",\"datePublished\":\"2019-04-10T05:15:59+00:00\",\"dateModified\":\"2019-04-10T06:31:32+00:00\",\"description\":\"AMAV QRoo presente en el Tianguis Tur\u00edstico y refuerza compromiso para impulsar el destino ante la falta de recursos para la promoci\u00f3n.\",\"breadcrumb\":{\"@id\":\"https:\/\/nitu.mx\/index.php\/2019\/04\/10\/lamentable-la-negativa-de-amlo-a-dar-recursos-para-promocion-amav-qroo\/#breadcrumb\"},\"inLanguage\":\"es-MX\",\"potentialAction\":[{\"@type\":\"ReadAction\",\"target\":[\"https:\/\/nitu.mx\/index.php\/2019\/04\/10\/lamentable-la-negativa-de-amlo-a-dar-recursos-para-promocion-amav-qroo\/\"]}]},{\"@type\":\"ImageObject\",\"inLanguage\":\"es-MX\",\"@id\":\"https:\/\/nitu.mx\/index.php\/2019\/04\/10\/lamentable-la-negativa-de-amlo-a-dar-recursos-para-promocion-amav-qroo\/#primaryimage\",\"url\":\"https:\/\/nitu.mx\/wp-content\/uploads\/2019\/04\/rubiera.jpg\",\"contentUrl\":\"https:\/\/nitu.mx\/wp-content\/uploads\/2019\/04\/rubiera.jpg\",\"width\":850,\"height\":480,\"caption\":\"rubiera AMAV QROO\"},{\"@type\":\"BreadcrumbList\",\"@id\":\"https:\/\/nitu.mx\/index.php\/2019\/04\/10\/lamentable-la-negativa-de-amlo-a-dar-recursos-para-promocion-amav-qroo\/#breadcrumb\",\"itemListElement\":[{\"@type\":\"ListItem\",\"position\":1,\"name\":\"Inicio\",\"item\":\"https:\/\/nitu.mx\/\"},{\"@type\":\"ListItem\",\"position\":2,\"name\":\"Lamentable la negativa de AMLO a dar recursos para promoci\u00f3n: AMAV QRoo\"}]},{\"@type\":\"WebSite\",\"@id\":\"https:\/\/nitu.mx\/#website\",\"url\":\"https:\/\/nitu.mx\/\",\"name\":\"Nitu - Noticias de la Industria Turistica\",\"description\":\"Noticias de la Industria Turistica\",\"publisher\":{\"@id\":\"https:\/\/nitu.mx\/#\/schema\/person\/ae7a53426417292d3dd07b45a33e01bc\"},\"alternateName\":\"Noticias de la Industria Turistica\",\"potentialAction\":[{\"@type\":\"SearchAction\",\"target\":{\"@type\":\"EntryPoint\",\"urlTemplate\":\"https:\/\/nitu.mx\/?s={search_term_string}\"},\"query-input\":\"required name=search_term_string\"}],\"inLanguage\":\"es-MX\"},{\"@type\":[\"Person\",\"Organization\"],\"@id\":\"https:\/\/nitu.mx\/#\/schema\/person\/ae7a53426417292d3dd07b45a33e01bc\",\"name\":\"Arturo Medina\",\"image\":{\"@type\":\"ImageObject\",\"inLanguage\":\"es-MX\",\"@id\":\"https:\/\/nitu.mx\/#\/schema\/person\/image\/\",\"url\":\"https:\/\/nitu.mx\/wp-content\/uploads\/2024\/04\/4A315622-1904-4D5C-B022-878CDC840E04-90x90-1.jpeg\",\"contentUrl\":\"https:\/\/nitu.mx\/wp-content\/uploads\/2024\/04\/4A315622-1904-4D5C-B022-878CDC840E04-90x90-1.jpeg\",\"width\":90,\"height\":90,\"caption\":\"Arturo Medina\"},\"logo\":{\"@id\":\"https:\/\/nitu.mx\/#\/schema\/person\/image\/\"},\"description\":\"Director NITU.mx, Egresado de la Escuela de Periodismo Carlos Septi\u00e9n Garc\u00eda. Periodista y analista especializado en turismo desde hace 35 a\u00f1os, radicado en Canc\u00fan Q.Roo. arturo@nitu.mx\",\"sameAs\":[\"https:\/\/nitu.mx\",\"https:\/\/www.facebook.com\/NITUmx\/\",\"medinacancun\",\"https:\/\/twitter.com\/@Arturo_Medina_G\"]},{\"@type\":\"Person\",\"@id\":\"https:\/\/nitu.mx\/#\/schema\/person\/afc52e313e27e660739556d421d3d6b4\",\"name\":\"Mari Soto\",\"image\":{\"@type\":\"ImageObject\",\"inLanguage\":\"es-MX\",\"@id\":\"https:\/\/nitu.mx\/#\/schema\/person\/image\/\",\"url\":\"https:\/\/secure.gravatar.com\/avatar\/2619c282a180a20d89fcaea82a6736e2?s=96&d=mm&r=g\",\"contentUrl\":\"https:\/\/secure.gravatar.com\/avatar\/2619c282a180a20d89fcaea82a6736e2?s=96&d=mm&r=g\",\"caption\":\"Mari Soto\"},\"sameAs\":[\"https:\/\/nitu.mx\"],\"url\":\"https:\/\/nitu.mx\/index.php\/author\/guadalupe\/\"}]}<\/script>\n<!-- \/ Yoast SEO plugin. -->","yoast_head_json":{"title":"Lamentable la negativa de AMLO a dar recursos para promoci\u00f3n: AMAV QRoo - Nitu - Noticias de la Industria Turistica","description":"AMAV QRoo presente en el Tianguis Tur\u00edstico y refuerza compromiso para impulsar el destino ante la falta de recursos para la promoci\u00f3n.","robots":{"index":"index","follow":"follow","max-snippet":"max-snippet:-1","max-image-preview":"max-image-preview:large","max-video-preview":"max-video-preview:-1"},"canonical":"https:\/\/nitu.mx\/index.php\/2019\/04\/10\/lamentable-la-negativa-de-amlo-a-dar-recursos-para-promocion-amav-qroo\/","twitter_card":"summary_large_image","twitter_title":"Lamentable la negativa de AMLO a dar recursos para promoci\u00f3n: AMAV QRoo - Nitu - Noticias de la Industria Turistica","twitter_description":"AMAV QRoo presente en el Tianguis Tur\u00edstico y refuerza compromiso para impulsar el destino ante la falta de recursos para la promoci\u00f3n.","twitter_image":"https:\/\/nitu.mx\/wp-content\/uploads\/2019\/04\/rubiera.jpg","twitter_creator":"@NITUmx","twitter_site":"@Arturo_Medina_G","twitter_misc":{"Escrito por":"Mari Soto","Tiempo de lectura":"2 minutos"},"schema":{"@context":"https:\/\/schema.org","@graph":[{"@type":"Article","@id":"https:\/\/nitu.mx\/index.php\/2019\/04\/10\/lamentable-la-negativa-de-amlo-a-dar-recursos-para-promocion-amav-qroo\/#article","isPartOf":{"@id":"https:\/\/nitu.mx\/index.php\/2019\/04\/10\/lamentable-la-negativa-de-amlo-a-dar-recursos-para-promocion-amav-qroo\/"},"author":{"name":"Mari Soto","@id":"https:\/\/nitu.mx\/#\/schema\/person\/afc52e313e27e660739556d421d3d6b4"},"headline":"Lamentable la negativa de AMLO a dar recursos para promoci\u00f3n: AMAV QRoo","datePublished":"2019-04-10T05:15:59+00:00","dateModified":"2019-04-10T06:31:32+00:00","mainEntityOfPage":{"@id":"https:\/\/nitu.mx\/index.php\/2019\/04\/10\/lamentable-la-negativa-de-amlo-a-dar-recursos-para-promocion-amav-qroo\/"},"wordCount":434,"commentCount":0,"publisher":{"@id":"https:\/\/nitu.mx\/#\/schema\/person\/ae7a53426417292d3dd07b45a33e01bc"},"image":{"@id":"https:\/\/nitu.mx\/index.php\/2019\/04\/10\/lamentable-la-negativa-de-amlo-a-dar-recursos-para-promocion-amav-qroo\/#primaryimage"},"thumbnailUrl":"https:\/\/nitu.mx\/wp-content\/uploads\/2019\/04\/rubiera.jpg","articleSection":["Sin Categor\u00eda"],"inLanguage":"es-MX","potentialAction":[{"@type":"CommentAction","name":"Comment","target":["https:\/\/nitu.mx\/index.php\/2019\/04\/10\/lamentable-la-negativa-de-amlo-a-dar-recursos-para-promocion-amav-qroo\/#respond"]}]},{"@type":"WebPage","@id":"https:\/\/nitu.mx\/index.php\/2019\/04\/10\/lamentable-la-negativa-de-amlo-a-dar-recursos-para-promocion-amav-qroo\/","url":"https:\/\/nitu.mx\/index.php\/2019\/04\/10\/lamentable-la-negativa-de-amlo-a-dar-recursos-para-promocion-amav-qroo\/","name":"Lamentable la negativa de AMLO a dar recursos para promoci\u00f3n: AMAV QRoo - Nitu - Noticias de la Industria Turistica","isPartOf":{"@id":"https:\/\/nitu.mx\/#website"},"primaryImageOfPage":{"@id":"https:\/\/nitu.mx\/index.php\/2019\/04\/10\/lamentable-la-negativa-de-amlo-a-dar-recursos-para-promocion-amav-qroo\/#primaryimage"},"image":{"@id":"https:\/\/nitu.mx\/index.php\/2019\/04\/10\/lamentable-la-negativa-de-amlo-a-dar-recursos-para-promocion-amav-qroo\/#primaryimage"},"thumbnailUrl":"https:\/\/nitu.mx\/wp-content\/uploads\/2019\/04\/rubiera.jpg","datePublished":"2019-04-10T05:15:59+00:00","dateModified":"2019-04-10T06:31:32+00:00","description":"AMAV QRoo presente en el Tianguis Tur\u00edstico y refuerza compromiso para impulsar el destino ante la falta de recursos para la promoci\u00f3n.","breadcrumb":{"@id":"https:\/\/nitu.mx\/index.php\/2019\/04\/10\/lamentable-la-negativa-de-amlo-a-dar-recursos-para-promocion-amav-qroo\/#breadcrumb"},"inLanguage":"es-MX","potentialAction":[{"@type":"ReadAction","target":["https:\/\/nitu.mx\/index.php\/2019\/04\/10\/lamentable-la-negativa-de-amlo-a-dar-recursos-para-promocion-amav-qroo\/"]}]},{"@type":"ImageObject","inLanguage":"es-MX","@id":"https:\/\/nitu.mx\/index.php\/2019\/04\/10\/lamentable-la-negativa-de-amlo-a-dar-recursos-para-promocion-amav-qroo\/#primaryimage","url":"https:\/\/nitu.mx\/wp-content\/uploads\/2019\/04\/rubiera.jpg","contentUrl":"https:\/\/nitu.mx\/wp-content\/uploads\/2019\/04\/rubiera.jpg","width":850,"height":480,"caption":"rubiera AMAV QROO"},{"@type":"BreadcrumbList","@id":"https:\/\/nitu.mx\/index.php\/2019\/04\/10\/lamentable-la-negativa-de-amlo-a-dar-recursos-para-promocion-amav-qroo\/#breadcrumb","itemListElement":[{"@type":"ListItem","position":1,"name":"Inicio","item":"https:\/\/nitu.mx\/"},{"@type":"ListItem","position":2,"name":"Lamentable la negativa de AMLO a dar recursos para promoci\u00f3n: AMAV QRoo"}]},{"@type":"WebSite","@id":"https:\/\/nitu.mx\/#website","url":"https:\/\/nitu.mx\/","name":"Nitu - Noticias de la Industria Turistica","description":"Noticias de la Industria Turistica","publisher":{"@id":"https:\/\/nitu.mx\/#\/schema\/person\/ae7a53426417292d3dd07b45a33e01bc"},"alternateName":"Noticias de la Industria Turistica","potentialAction":[{"@type":"SearchAction","target":{"@type":"EntryPoint","urlTemplate":"https:\/\/nitu.mx\/?s={search_term_string}"},"query-input":"required name=search_term_string"}],"inLanguage":"es-MX"},{"@type":["Person","Organization"],"@id":"https:\/\/nitu.mx\/#\/schema\/person\/ae7a53426417292d3dd07b45a33e01bc","name":"Arturo Medina","image":{"@type":"ImageObject","inLanguage":"es-MX","@id":"https:\/\/nitu.mx\/#\/schema\/person\/image\/","url":"https:\/\/nitu.mx\/wp-content\/uploads\/2024\/04\/4A315622-1904-4D5C-B022-878CDC840E04-90x90-1.jpeg","contentUrl":"https:\/\/nitu.mx\/wp-content\/uploads\/2024\/04\/4A315622-1904-4D5C-B022-878CDC840E04-90x90-1.jpeg","width":90,"height":90,"caption":"Arturo Medina"},"logo":{"@id":"https:\/\/nitu.mx\/#\/schema\/person\/image\/"},"description":"Director NITU.mx, Egresado de la Escuela de Periodismo Carlos Septi\u00e9n Garc\u00eda. Periodista y analista especializado en turismo desde hace 35 a\u00f1os, radicado en Canc\u00fan Q.Roo. arturo@nitu.mx","sameAs":["https:\/\/nitu.mx","https:\/\/www.facebook.com\/NITUmx\/","medinacancun","https:\/\/twitter.com\/@Arturo_Medina_G"]},{"@type":"Person","@id":"https:\/\/nitu.mx\/#\/schema\/person\/afc52e313e27e660739556d421d3d6b4","name":"Mari Soto","image":{"@type":"ImageObject","inLanguage":"es-MX","@id":"https:\/\/nitu.mx\/#\/schema\/person\/image\/","url":"https:\/\/secure.gravatar.com\/avatar\/2619c282a180a20d89fcaea82a6736e2?s=96&d=mm&r=g","contentUrl":"https:\/\/secure.gravatar.com\/avatar\/2619c282a180a20d89fcaea82a6736e2?s=96&d=mm&r=g","caption":"Mari Soto"},"sameAs":["https:\/\/nitu.mx"],"url":"https:\/\/nitu.mx\/index.php\/author\/guadalupe\/"}]}},"views":484,"_links":{"self":[{"href":"https:\/\/nitu.mx\/index.php\/wp-json\/wp\/v2\/posts\/30968"}],"collection":[{"href":"https:\/\/nitu.mx\/index.php\/wp-json\/wp\/v2\/posts"}],"about":[{"href":"https:\/\/nitu.mx\/index.php\/wp-json\/wp\/v2\/types\/post"}],"author":[{"embeddable":true,"href":"https:\/\/nitu.mx\/index.php\/wp-json\/wp\/v2\/users\/5"}],"replies":[{"embeddable":true,"href":"https:\/\/nitu.mx\/index.php\/wp-json\/wp\/v2\/comments?post=30968"}],"version-history":[{"count":3,"href":"https:\/\/nitu.mx\/index.php\/wp-json\/wp\/v2\/posts\/30968\/revisions"}],"predecessor-version":[{"id":30983,"href":"https:\/\/nitu.mx\/index.php\/wp-json\/wp\/v2\/posts\/30968\/revisions\/30983"}],"wp:featuredmedia":[{"embeddable":true,"href":"https:\/\/nitu.mx\/index.php\/wp-json\/wp\/v2\/media\/30982"}],"wp:attachment":[{"href":"https:\/\/nitu.mx\/index.php\/wp-json\/wp\/v2\/media?parent=30968"}],"wp:term":[{"taxonomy":"category","embeddable":true,"href":"https:\/\/nitu.mx\/index.php\/wp-json\/wp\/v2\/categories?post=30968"},{"taxonomy":"post_tag","embeddable":true,"href":"https:\/\/nitu.mx\/index.php\/wp-json\/wp\/v2\/tags?post=30968"}],"curies":[{"name":"wp","href":"https:\/\/api.w.org\/{rel}","templated":true}]}}