{"id":30960,"date":"2019-04-10T01:07:06","date_gmt":"2019-04-10T06:07:06","guid":{"rendered":"https:\/\/www.dev.nitu.mx\/?p=30960"},"modified":"2019-04-10T01:26:17","modified_gmt":"2019-04-10T06:26:17","slug":"volaris-lanza-yavas-su-nueva-plataforma-de-viajes","status":"publish","type":"post","link":"https:\/\/nitu.mx\/index.php\/2019\/04\/10\/volaris-lanza-yavas-su-nueva-plataforma-de-viajes\/","title":{"rendered":"Volaris lanza YaVas su nueva plataforma de Viajes"},"content":{"rendered":"<p>En el marco de Tianguis Tur\u00edstico Volaris, al frente de Enrique Beltranena present\u00f3 Ya Vas, su nueva unidad de negocios, dise\u00f1ada para el mercado mexicano, mediante la cual ofrecer\u00e1 a sus clientes los mejores paquetes tur\u00edsticos a diferentes destinos del pa\u00eds.<\/p>\n<p>Como parte de este lanzamiento, la aerol\u00ednea ofrecer\u00e1 100 mil vuelos gratuitos durante 72 horas a partir del lunes de la siguiente semana.<\/p>\n<p>\u201cMediante la p\u00e1gina de Volaris en la secci\u00f3n de hoteles, trataremos de tener la mayor cantidad de hoteles incorporados, y trataremos de descontar el total del valor de los vuelos, excepto los impuestos\u201d, dijo el CEO de la aerol\u00ednea.<\/p>\n<p>En tanto Juliana Ram\u00edrez, gerente de desarrollo de negocios de YaVas, indic\u00f3 que contar\u00e1n con 6 mil ofertas de paquetes con los principales hoteleros.<\/p>\n<p>YaVas es una marca que viene a complementar despu\u00e9s de 13 a\u00f1os la experiencia de Volaris, y que, en conjunto con los jugadores m\u00e1s importantes de la industria tur\u00edstica, les estar\u00e1 ofreciendo a los mexicanos que quieren unos d\u00edas de descanso, la oportunidad de experimentar el viaje de sus sue\u00f1os incluyendo boletos de avi\u00f3n, hoteles, traslados y experiencias \u00fanicas en destinos de ensue\u00f1o, con el compromiso de Volaris de asegurar el mejor servicio, la seguridad y las tarifas m\u00e1s bajas.<\/p>\n<p>YaVas est\u00e1 alineada al concepto general de Plan de Turismo Social Sostenible del gobierno, ya que se enfoca en la misi\u00f3n de habilitar maneras sencillas, totalmente digitales, y de f\u00e1cil acceso, para que todos viajen y hacer del turismo, un derecho para todos.<\/p>\n<p>YaVas est\u00e1 soportado por una plataforma tecnol\u00f3gica robusta y de \u00faltima generaci\u00f3n, responsiva e intuitiva, que har\u00e1 de cada reserva una pr\u00e1ctica seamless, y amigable para el Cliente. Tambi\u00e9n\u00a0 ofrece la oportunidad a peque\u00f1os y medianos proveedores de servicios tur\u00edsticos y tour operadores, de integrarse a la plataforma de manera \u00e1gil y sencilla, incentivando las econom\u00edas de escala, y contribuyendo con el desarrollo de M\u00e9xico como potencia tur\u00edstica.<\/p>\n<p>Durante el lanzamiento de la agencia en l\u00ednea, estuvo presente el secretario de turismo de M\u00e9xico, Miguel Torruco Marqu\u00e9s, quien celebr\u00f3 que la aerol\u00ednea\u00a0este en l\u00ednea con las pol\u00edticas de la Cuarta Transformaci\u00f3n.\u00a0Aunque reconoci\u00f3 que este apoyo al turismo social beneficiar\u00e1 a las 134 plazas de vocaci\u00f3n tur\u00edstica y fomentar\u00e1 el derecho al turismo de los mexicanos, se limit\u00f3 a responder cualquier pregunta que tuviera que ver con el truncado Aeropuerto de M\u00e9xico.<\/p>\n","protected":false},"excerpt":{"rendered":"<p>En el marco de Tianguis Tur\u00edstico Volaris, al frente de Enrique Beltranena present\u00f3 Ya Vas, su nueva unidad de negocios, dise\u00f1ada para el mercado mexicano, mediante la cual ofrecer\u00e1 a sus clientes los mejores paquetes tur\u00edsticos a diferentes destinos del pa\u00eds. Como parte de este lanzamiento, la aerol\u00ednea ofrecer\u00e1 100 mil vuelos gratuitos durante 72 [&hellip;]<\/p>\n","protected":false},"author":17,"featured_media":19840,"comment_status":"open","ping_status":"open","sticky":false,"template":"","format":"standard","meta":{"footnotes":""},"categories":[6],"tags":[435,3366,910,93,131,15339],"yoast_head":"<!-- This site is optimized with the Yoast SEO plugin v22.2 - https:\/\/yoast.com\/wordpress\/plugins\/seo\/ -->\n<title>Volaris lanza YaVas su nueva plataforma de Viajes - Nitu - Noticias de la Industria Turistica<\/title>\n<meta name=\"robots\" content=\"index, follow, max-snippet:-1, max-image-preview:large, max-video-preview:-1\" \/>\n<link rel=\"canonical\" href=\"https:\/\/nitu.mx\/index.php\/2019\/04\/10\/volaris-lanza-yavas-su-nueva-plataforma-de-viajes\/\" \/>\n<meta name=\"twitter:card\" content=\"summary_large_image\" \/>\n<meta name=\"twitter:title\" content=\"Volaris lanza YaVas su nueva plataforma de Viajes - Nitu - Noticias de la Industria Turistica\" \/>\n<meta name=\"twitter:description\" content=\"En el marco de Tianguis Tur\u00edstico Volaris, al frente de Enrique Beltranena present\u00f3 Ya Vas, su nueva unidad de negocios, dise\u00f1ada para el mercado mexicano, mediante la cual ofrecer\u00e1 a sus clientes los mejores paquetes tur\u00edsticos a diferentes destinos del pa\u00eds. Como parte de este lanzamiento, la aerol\u00ednea ofrecer\u00e1 100 mil vuelos gratuitos durante 72 [&hellip;]\" \/>\n<meta name=\"twitter:image\" content=\"https:\/\/nitu.mx\/wp-content\/uploads\/2018\/04\/volaris2-0-1.jpg\" \/>\n<meta name=\"twitter:creator\" content=\"@NITUmx\" \/>\n<meta name=\"twitter:site\" content=\"@Arturo_Medina_G\" \/>\n<meta name=\"twitter:label1\" content=\"Escrito por\" \/>\n\t<meta name=\"twitter:data1\" content=\"Redacci\u00f3n\" \/>\n\t<meta name=\"twitter:label2\" content=\"Tiempo de lectura\" \/>\n\t<meta name=\"twitter:data2\" content=\"2 minutos\" \/>\n<script type=\"application\/ld+json\" class=\"yoast-schema-graph\">{\"@context\":\"https:\/\/schema.org\",\"@graph\":[{\"@type\":\"Article\",\"@id\":\"https:\/\/nitu.mx\/index.php\/2019\/04\/10\/volaris-lanza-yavas-su-nueva-plataforma-de-viajes\/#article\",\"isPartOf\":{\"@id\":\"https:\/\/nitu.mx\/index.php\/2019\/04\/10\/volaris-lanza-yavas-su-nueva-plataforma-de-viajes\/\"},\"author\":{\"name\":\"Redacci\u00f3n\",\"@id\":\"https:\/\/nitu.mx\/#\/schema\/person\/4a28fe9bd65924f7c90623773daf1b0b\"},\"headline\":\"Volaris lanza YaVas su nueva plataforma de Viajes\",\"datePublished\":\"2019-04-10T06:07:06+00:00\",\"dateModified\":\"2019-04-10T06:26:17+00:00\",\"mainEntityOfPage\":{\"@id\":\"https:\/\/nitu.mx\/index.php\/2019\/04\/10\/volaris-lanza-yavas-su-nueva-plataforma-de-viajes\/\"},\"wordCount\":436,\"commentCount\":0,\"publisher\":{\"@id\":\"https:\/\/nitu.mx\/#\/schema\/person\/ae7a53426417292d3dd07b45a33e01bc\"},\"image\":{\"@id\":\"https:\/\/nitu.mx\/index.php\/2019\/04\/10\/volaris-lanza-yavas-su-nueva-plataforma-de-viajes\/#primaryimage\"},\"thumbnailUrl\":\"https:\/\/nitu.mx\/wp-content\/uploads\/2018\/04\/volaris2-0-1.jpg\",\"keywords\":[\"Enrique Beltranena\",\"Juliana Ram\u00edrez\",\"Miguel Torruco\",\"Sectur\",\"Volaris\",\"YaVas\"],\"articleSection\":[\"M\u00e9xico\"],\"inLanguage\":\"es-MX\",\"potentialAction\":[{\"@type\":\"CommentAction\",\"name\":\"Comment\",\"target\":[\"https:\/\/nitu.mx\/index.php\/2019\/04\/10\/volaris-lanza-yavas-su-nueva-plataforma-de-viajes\/#respond\"]}]},{\"@type\":\"WebPage\",\"@id\":\"https:\/\/nitu.mx\/index.php\/2019\/04\/10\/volaris-lanza-yavas-su-nueva-plataforma-de-viajes\/\",\"url\":\"https:\/\/nitu.mx\/index.php\/2019\/04\/10\/volaris-lanza-yavas-su-nueva-plataforma-de-viajes\/\",\"name\":\"Volaris lanza YaVas su nueva plataforma de Viajes - Nitu - Noticias de la Industria Turistica\",\"isPartOf\":{\"@id\":\"https:\/\/nitu.mx\/#website\"},\"primaryImageOfPage\":{\"@id\":\"https:\/\/nitu.mx\/index.php\/2019\/04\/10\/volaris-lanza-yavas-su-nueva-plataforma-de-viajes\/#primaryimage\"},\"image\":{\"@id\":\"https:\/\/nitu.mx\/index.php\/2019\/04\/10\/volaris-lanza-yavas-su-nueva-plataforma-de-viajes\/#primaryimage\"},\"thumbnailUrl\":\"https:\/\/nitu.mx\/wp-content\/uploads\/2018\/04\/volaris2-0-1.jpg\",\"datePublished\":\"2019-04-10T06:07:06+00:00\",\"dateModified\":\"2019-04-10T06:26:17+00:00\",\"breadcrumb\":{\"@id\":\"https:\/\/nitu.mx\/index.php\/2019\/04\/10\/volaris-lanza-yavas-su-nueva-plataforma-de-viajes\/#breadcrumb\"},\"inLanguage\":\"es-MX\",\"potentialAction\":[{\"@type\":\"ReadAction\",\"target\":[\"https:\/\/nitu.mx\/index.php\/2019\/04\/10\/volaris-lanza-yavas-su-nueva-plataforma-de-viajes\/\"]}]},{\"@type\":\"ImageObject\",\"inLanguage\":\"es-MX\",\"@id\":\"https:\/\/nitu.mx\/index.php\/2019\/04\/10\/volaris-lanza-yavas-su-nueva-plataforma-de-viajes\/#primaryimage\",\"url\":\"https:\/\/nitu.mx\/wp-content\/uploads\/2018\/04\/volaris2-0-1.jpg\",\"contentUrl\":\"https:\/\/nitu.mx\/wp-content\/uploads\/2018\/04\/volaris2-0-1.jpg\",\"width\":850,\"height\":480,\"caption\":\"Volaris\"},{\"@type\":\"BreadcrumbList\",\"@id\":\"https:\/\/nitu.mx\/index.php\/2019\/04\/10\/volaris-lanza-yavas-su-nueva-plataforma-de-viajes\/#breadcrumb\",\"itemListElement\":[{\"@type\":\"ListItem\",\"position\":1,\"name\":\"Inicio\",\"item\":\"https:\/\/nitu.mx\/\"},{\"@type\":\"ListItem\",\"position\":2,\"name\":\"Volaris lanza YaVas su nueva plataforma de Viajes\"}]},{\"@type\":\"WebSite\",\"@id\":\"https:\/\/nitu.mx\/#website\",\"url\":\"https:\/\/nitu.mx\/\",\"name\":\"Nitu - Noticias de la Industria Turistica\",\"description\":\"Noticias de la Industria Turistica\",\"publisher\":{\"@id\":\"https:\/\/nitu.mx\/#\/schema\/person\/ae7a53426417292d3dd07b45a33e01bc\"},\"alternateName\":\"Noticias de la Industria Turistica\",\"potentialAction\":[{\"@type\":\"SearchAction\",\"target\":{\"@type\":\"EntryPoint\",\"urlTemplate\":\"https:\/\/nitu.mx\/?s={search_term_string}\"},\"query-input\":\"required name=search_term_string\"}],\"inLanguage\":\"es-MX\"},{\"@type\":[\"Person\",\"Organization\"],\"@id\":\"https:\/\/nitu.mx\/#\/schema\/person\/ae7a53426417292d3dd07b45a33e01bc\",\"name\":\"Arturo Medina\",\"image\":{\"@type\":\"ImageObject\",\"inLanguage\":\"es-MX\",\"@id\":\"https:\/\/nitu.mx\/#\/schema\/person\/image\/\",\"url\":\"https:\/\/nitu.mx\/wp-content\/uploads\/2024\/04\/4A315622-1904-4D5C-B022-878CDC840E04-90x90-1.jpeg\",\"contentUrl\":\"https:\/\/nitu.mx\/wp-content\/uploads\/2024\/04\/4A315622-1904-4D5C-B022-878CDC840E04-90x90-1.jpeg\",\"width\":90,\"height\":90,\"caption\":\"Arturo Medina\"},\"logo\":{\"@id\":\"https:\/\/nitu.mx\/#\/schema\/person\/image\/\"},\"description\":\"Director NITU.mx, Egresado de la Escuela de Periodismo Carlos Septi\u00e9n Garc\u00eda. Periodista y analista especializado en turismo desde hace 35 a\u00f1os, radicado en Canc\u00fan Q.Roo. arturo@nitu.mx\",\"sameAs\":[\"https:\/\/nitu.mx\",\"https:\/\/www.facebook.com\/NITUmx\/\",\"medinacancun\",\"https:\/\/twitter.com\/@Arturo_Medina_G\"]},{\"@type\":\"Person\",\"@id\":\"https:\/\/nitu.mx\/#\/schema\/person\/4a28fe9bd65924f7c90623773daf1b0b\",\"name\":\"Redacci\u00f3n\",\"image\":{\"@type\":\"ImageObject\",\"inLanguage\":\"es-MX\",\"@id\":\"https:\/\/nitu.mx\/#\/schema\/person\/image\/\",\"url\":\"https:\/\/secure.gravatar.com\/avatar\/5dd011c8ccfc5cd7e4c81e42252aab38?s=96&d=mm&r=g\",\"contentUrl\":\"https:\/\/secure.gravatar.com\/avatar\/5dd011c8ccfc5cd7e4c81e42252aab38?s=96&d=mm&r=g\",\"caption\":\"Redacci\u00f3n\"},\"url\":\"https:\/\/nitu.mx\/index.php\/author\/redaccion\/\"}]}<\/script>\n<!-- \/ Yoast SEO plugin. -->","yoast_head_json":{"title":"Volaris lanza YaVas su nueva plataforma de Viajes - Nitu - Noticias de la Industria Turistica","robots":{"index":"index","follow":"follow","max-snippet":"max-snippet:-1","max-image-preview":"max-image-preview:large","max-video-preview":"max-video-preview:-1"},"canonical":"https:\/\/nitu.mx\/index.php\/2019\/04\/10\/volaris-lanza-yavas-su-nueva-plataforma-de-viajes\/","twitter_card":"summary_large_image","twitter_title":"Volaris lanza YaVas su nueva plataforma de Viajes - Nitu - Noticias de la Industria Turistica","twitter_description":"En el marco de Tianguis Tur\u00edstico Volaris, al frente de Enrique Beltranena present\u00f3 Ya Vas, su nueva unidad de negocios, dise\u00f1ada para el mercado mexicano, mediante la cual ofrecer\u00e1 a sus clientes los mejores paquetes tur\u00edsticos a diferentes destinos del pa\u00eds. Como parte de este lanzamiento, la aerol\u00ednea ofrecer\u00e1 100 mil vuelos gratuitos durante 72 [&hellip;]","twitter_image":"https:\/\/nitu.mx\/wp-content\/uploads\/2018\/04\/volaris2-0-1.jpg","twitter_creator":"@NITUmx","twitter_site":"@Arturo_Medina_G","twitter_misc":{"Escrito por":"Redacci\u00f3n","Tiempo de lectura":"2 minutos"},"schema":{"@context":"https:\/\/schema.org","@graph":[{"@type":"Article","@id":"https:\/\/nitu.mx\/index.php\/2019\/04\/10\/volaris-lanza-yavas-su-nueva-plataforma-de-viajes\/#article","isPartOf":{"@id":"https:\/\/nitu.mx\/index.php\/2019\/04\/10\/volaris-lanza-yavas-su-nueva-plataforma-de-viajes\/"},"author":{"name":"Redacci\u00f3n","@id":"https:\/\/nitu.mx\/#\/schema\/person\/4a28fe9bd65924f7c90623773daf1b0b"},"headline":"Volaris lanza YaVas su nueva plataforma de Viajes","datePublished":"2019-04-10T06:07:06+00:00","dateModified":"2019-04-10T06:26:17+00:00","mainEntityOfPage":{"@id":"https:\/\/nitu.mx\/index.php\/2019\/04\/10\/volaris-lanza-yavas-su-nueva-plataforma-de-viajes\/"},"wordCount":436,"commentCount":0,"publisher":{"@id":"https:\/\/nitu.mx\/#\/schema\/person\/ae7a53426417292d3dd07b45a33e01bc"},"image":{"@id":"https:\/\/nitu.mx\/index.php\/2019\/04\/10\/volaris-lanza-yavas-su-nueva-plataforma-de-viajes\/#primaryimage"},"thumbnailUrl":"https:\/\/nitu.mx\/wp-content\/uploads\/2018\/04\/volaris2-0-1.jpg","keywords":["Enrique Beltranena","Juliana Ram\u00edrez","Miguel Torruco","Sectur","Volaris","YaVas"],"articleSection":["M\u00e9xico"],"inLanguage":"es-MX","potentialAction":[{"@type":"CommentAction","name":"Comment","target":["https:\/\/nitu.mx\/index.php\/2019\/04\/10\/volaris-lanza-yavas-su-nueva-plataforma-de-viajes\/#respond"]}]},{"@type":"WebPage","@id":"https:\/\/nitu.mx\/index.php\/2019\/04\/10\/volaris-lanza-yavas-su-nueva-plataforma-de-viajes\/","url":"https:\/\/nitu.mx\/index.php\/2019\/04\/10\/volaris-lanza-yavas-su-nueva-plataforma-de-viajes\/","name":"Volaris lanza YaVas su nueva plataforma de Viajes - Nitu - Noticias de la Industria Turistica","isPartOf":{"@id":"https:\/\/nitu.mx\/#website"},"primaryImageOfPage":{"@id":"https:\/\/nitu.mx\/index.php\/2019\/04\/10\/volaris-lanza-yavas-su-nueva-plataforma-de-viajes\/#primaryimage"},"image":{"@id":"https:\/\/nitu.mx\/index.php\/2019\/04\/10\/volaris-lanza-yavas-su-nueva-plataforma-de-viajes\/#primaryimage"},"thumbnailUrl":"https:\/\/nitu.mx\/wp-content\/uploads\/2018\/04\/volaris2-0-1.jpg","datePublished":"2019-04-10T06:07:06+00:00","dateModified":"2019-04-10T06:26:17+00:00","breadcrumb":{"@id":"https:\/\/nitu.mx\/index.php\/2019\/04\/10\/volaris-lanza-yavas-su-nueva-plataforma-de-viajes\/#breadcrumb"},"inLanguage":"es-MX","potentialAction":[{"@type":"ReadAction","target":["https:\/\/nitu.mx\/index.php\/2019\/04\/10\/volaris-lanza-yavas-su-nueva-plataforma-de-viajes\/"]}]},{"@type":"ImageObject","inLanguage":"es-MX","@id":"https:\/\/nitu.mx\/index.php\/2019\/04\/10\/volaris-lanza-yavas-su-nueva-plataforma-de-viajes\/#primaryimage","url":"https:\/\/nitu.mx\/wp-content\/uploads\/2018\/04\/volaris2-0-1.jpg","contentUrl":"https:\/\/nitu.mx\/wp-content\/uploads\/2018\/04\/volaris2-0-1.jpg","width":850,"height":480,"caption":"Volaris"},{"@type":"BreadcrumbList","@id":"https:\/\/nitu.mx\/index.php\/2019\/04\/10\/volaris-lanza-yavas-su-nueva-plataforma-de-viajes\/#breadcrumb","itemListElement":[{"@type":"ListItem","position":1,"name":"Inicio","item":"https:\/\/nitu.mx\/"},{"@type":"ListItem","position":2,"name":"Volaris lanza YaVas su nueva plataforma de Viajes"}]},{"@type":"WebSite","@id":"https:\/\/nitu.mx\/#website","url":"https:\/\/nitu.mx\/","name":"Nitu - Noticias de la Industria Turistica","description":"Noticias de la Industria Turistica","publisher":{"@id":"https:\/\/nitu.mx\/#\/schema\/person\/ae7a53426417292d3dd07b45a33e01bc"},"alternateName":"Noticias de la Industria Turistica","potentialAction":[{"@type":"SearchAction","target":{"@type":"EntryPoint","urlTemplate":"https:\/\/nitu.mx\/?s={search_term_string}"},"query-input":"required name=search_term_string"}],"inLanguage":"es-MX"},{"@type":["Person","Organization"],"@id":"https:\/\/nitu.mx\/#\/schema\/person\/ae7a53426417292d3dd07b45a33e01bc","name":"Arturo Medina","image":{"@type":"ImageObject","inLanguage":"es-MX","@id":"https:\/\/nitu.mx\/#\/schema\/person\/image\/","url":"https:\/\/nitu.mx\/wp-content\/uploads\/2024\/04\/4A315622-1904-4D5C-B022-878CDC840E04-90x90-1.jpeg","contentUrl":"https:\/\/nitu.mx\/wp-content\/uploads\/2024\/04\/4A315622-1904-4D5C-B022-878CDC840E04-90x90-1.jpeg","width":90,"height":90,"caption":"Arturo Medina"},"logo":{"@id":"https:\/\/nitu.mx\/#\/schema\/person\/image\/"},"description":"Director NITU.mx, Egresado de la Escuela de Periodismo Carlos Septi\u00e9n Garc\u00eda. Periodista y analista especializado en turismo desde hace 35 a\u00f1os, radicado en Canc\u00fan Q.Roo. arturo@nitu.mx","sameAs":["https:\/\/nitu.mx","https:\/\/www.facebook.com\/NITUmx\/","medinacancun","https:\/\/twitter.com\/@Arturo_Medina_G"]},{"@type":"Person","@id":"https:\/\/nitu.mx\/#\/schema\/person\/4a28fe9bd65924f7c90623773daf1b0b","name":"Redacci\u00f3n","image":{"@type":"ImageObject","inLanguage":"es-MX","@id":"https:\/\/nitu.mx\/#\/schema\/person\/image\/","url":"https:\/\/secure.gravatar.com\/avatar\/5dd011c8ccfc5cd7e4c81e42252aab38?s=96&d=mm&r=g","contentUrl":"https:\/\/secure.gravatar.com\/avatar\/5dd011c8ccfc5cd7e4c81e42252aab38?s=96&d=mm&r=g","caption":"Redacci\u00f3n"},"url":"https:\/\/nitu.mx\/index.php\/author\/redaccion\/"}]}},"views":843,"_links":{"self":[{"href":"https:\/\/nitu.mx\/index.php\/wp-json\/wp\/v2\/posts\/30960"}],"collection":[{"href":"https:\/\/nitu.mx\/index.php\/wp-json\/wp\/v2\/posts"}],"about":[{"href":"https:\/\/nitu.mx\/index.php\/wp-json\/wp\/v2\/types\/post"}],"author":[{"embeddable":true,"href":"https:\/\/nitu.mx\/index.php\/wp-json\/wp\/v2\/users\/17"}],"replies":[{"embeddable":true,"href":"https:\/\/nitu.mx\/index.php\/wp-json\/wp\/v2\/comments?post=30960"}],"version-history":[{"count":1,"href":"https:\/\/nitu.mx\/index.php\/wp-json\/wp\/v2\/posts\/30960\/revisions"}],"predecessor-version":[{"id":30967,"href":"https:\/\/nitu.mx\/index.php\/wp-json\/wp\/v2\/posts\/30960\/revisions\/30967"}],"wp:featuredmedia":[{"embeddable":true,"href":"https:\/\/nitu.mx\/index.php\/wp-json\/wp\/v2\/media\/19840"}],"wp:attachment":[{"href":"https:\/\/nitu.mx\/index.php\/wp-json\/wp\/v2\/media?parent=30960"}],"wp:term":[{"taxonomy":"category","embeddable":true,"href":"https:\/\/nitu.mx\/index.php\/wp-json\/wp\/v2\/categories?post=30960"},{"taxonomy":"post_tag","embeddable":true,"href":"https:\/\/nitu.mx\/index.php\/wp-json\/wp\/v2\/tags?post=30960"}],"curies":[{"name":"wp","href":"https:\/\/api.w.org\/{rel}","templated":true}]}}