{"id":3061,"date":"2016-10-19T00:08:33","date_gmt":"2016-10-19T05:08:33","guid":{"rendered":"http:\/\/www.dev.nitu.mx\/?p=3061"},"modified":"2016-10-19T01:03:23","modified_gmt":"2016-10-19T06:03:23","slug":"turismo-asiatico-ve-en-mexico-destino-alterno-ante-violencia-en-europa","status":"publish","type":"post","link":"https:\/\/nitu.mx\/index.php\/2016\/10\/19\/turismo-asiatico-ve-en-mexico-destino-alterno-ante-violencia-en-europa\/","title":{"rendered":"Turismo asi\u00e1tico ve en M\u00e9xico destino alterno ante violencia en Europa"},"content":{"rendered":"<p><span style=\"color: #000000; font-family: Calibri;\">Aunque en M\u00e9xico se vive violencia en varios estados del pa\u00eds, como se ha reiterado, \u00e9sta se circunscribe a ciertas regiones, \u201cya que los destinos tur\u00edsticos m\u00e1s importantes se encuentran libres de estos problemas. Por ello M\u00e9xico, ante los hechos de terrorismo en Europa, es una alternativa para el turismo asi\u00e1tico\u201d, se\u00f1al\u00f3 Lourdes Berho, nueva directora general del Consejo de Promoci\u00f3n Tur\u00edstica de M\u00e9xico (CPTM).<\/span><\/p>\n<p><span style=\"color: #000000; font-family: Calibri;\">La titular del Consejo se\u00f1al\u00f3 a Milenio, que la violencia est\u00e1 muy acotada a regiones que no tienen relaci\u00f3n alguna con las zonas frecuentadas por viajeros nacionales y extranjeros.<\/span><\/p>\n<p><span style=\"color: #000000; font-family: Calibri;\">Resalt\u00f3 que tras la gira encabezada por el secretario de Turismo (Sectur), Enrique de la Madrid Cordero, por Asia (que incluy\u00f3 Jap\u00f3n, Corea del Sur y China), los touroperadores comentaron que se tiene una muy buena imagen respecto a la seguridad en el pa\u00eds, lo cual alienta al organismo a promover m\u00faltiples destinos.\u00a0<\/span>(<a href=\"http:\/\/www.dev.nitu.mx\/index.php\/2016\/09\/20\/mexico-se-compromete-con-china-a-facilitar-migracion\/\" target=\"_blank\">M\u00e9xico se compromete con China a facilitar migraci\u00f3n<\/a>)<\/p>\n<div class=\"entry-meta bottom\">\u00a0<span style=\"color: #000000; font-family: Calibri;\">Adem\u00e1s de seguir impulsando la conectividad hacia el continente asi\u00e1tico, lo que impulsar\u00e1 m\u00e1s la llegada de este turismo al pa\u00eds, como se prevee con el vuelo de ANA, de Narita a M\u00e9xico, el cual iniciar\u00e1 operaciones el pr\u00f3ximo a\u00f1o.\u00a0<\/span><\/div>\n","protected":false},"excerpt":{"rendered":"<p>Aunque en M\u00e9xico se vive violencia en varios estados del pa\u00eds, como se ha reiterado, \u00e9sta se circunscribe a ciertas regiones, \u201cya que los destinos tur\u00edsticos m\u00e1s importantes se encuentran libres de estos problemas. Por ello M\u00e9xico, ante los hechos de terrorismo en Europa, es una alternativa para el turismo asi\u00e1tico\u201d, se\u00f1al\u00f3 Lourdes Berho, nueva [&hellip;]<\/p>\n","protected":false},"author":3,"featured_media":3089,"comment_status":"open","ping_status":"open","sticky":false,"template":"","format":"standard","meta":{"footnotes":""},"categories":[12,6],"tags":[258,487,1110,1175,95,120,231,971,68,933],"yoast_head":"<!-- This site is optimized with the Yoast SEO plugin v22.2 - https:\/\/yoast.com\/wordpress\/plugins\/seo\/ -->\n<title>Turismo asi\u00e1tico ve en M\u00e9xico destino alterno ante violencia en Europa - Nitu - Noticias de la Industria Turistica<\/title>\n<meta name=\"description\" content=\"M\u00e9xico es una alternativa para el turismo asi\u00e1tico, se\u00f1al\u00f3 Lourdes Berho, directora general del CPTM, ante brotes de violencia en Europa.\" \/>\n<meta name=\"robots\" content=\"index, follow, max-snippet:-1, max-image-preview:large, max-video-preview:-1\" \/>\n<link rel=\"canonical\" href=\"https:\/\/nitu.mx\/index.php\/2016\/10\/19\/turismo-asiatico-ve-en-mexico-destino-alterno-ante-violencia-en-europa\/\" \/>\n<meta name=\"twitter:card\" content=\"summary_large_image\" \/>\n<meta name=\"twitter:title\" content=\"Turismo asi\u00e1tico ve en M\u00e9xico destino alterno ante violencia en Europa - Nitu - Noticias de la Industria Turistica\" \/>\n<meta name=\"twitter:description\" content=\"M\u00e9xico es una alternativa para el turismo asi\u00e1tico, se\u00f1al\u00f3 Lourdes Berho, directora general del CPTM, ante brotes de violencia en Europa.\" \/>\n<meta name=\"twitter:image\" content=\"https:\/\/nitu.mx\/wp-content\/uploads\/2016\/10\/turistas-asiaticos.jpg\" \/>\n<meta name=\"twitter:creator\" content=\"@NITUmx\" \/>\n<meta name=\"twitter:site\" content=\"@Arturo_Medina_G\" \/>\n<meta name=\"twitter:label1\" content=\"Escrito por\" \/>\n\t<meta name=\"twitter:data1\" content=\"Alejandra Moncisbays\" \/>\n\t<meta name=\"twitter:label2\" content=\"Tiempo de lectura\" \/>\n\t<meta name=\"twitter:data2\" content=\"1 minuto\" \/>\n<script type=\"application\/ld+json\" class=\"yoast-schema-graph\">{\"@context\":\"https:\/\/schema.org\",\"@graph\":[{\"@type\":\"Article\",\"@id\":\"https:\/\/nitu.mx\/index.php\/2016\/10\/19\/turismo-asiatico-ve-en-mexico-destino-alterno-ante-violencia-en-europa\/#article\",\"isPartOf\":{\"@id\":\"https:\/\/nitu.mx\/index.php\/2016\/10\/19\/turismo-asiatico-ve-en-mexico-destino-alterno-ante-violencia-en-europa\/\"},\"author\":{\"name\":\"Alejandra Moncisbays\",\"@id\":\"https:\/\/nitu.mx\/#\/schema\/person\/2ecd887b19dfd3382d1f14fc5acf24a8\"},\"headline\":\"Turismo asi\u00e1tico ve en M\u00e9xico destino alterno ante violencia en Europa\",\"datePublished\":\"2016-10-19T05:08:33+00:00\",\"dateModified\":\"2016-10-19T06:03:23+00:00\",\"mainEntityOfPage\":{\"@id\":\"https:\/\/nitu.mx\/index.php\/2016\/10\/19\/turismo-asiatico-ve-en-mexico-destino-alterno-ante-violencia-en-europa\/\"},\"wordCount\":232,\"commentCount\":0,\"publisher\":{\"@id\":\"https:\/\/nitu.mx\/#\/schema\/person\/ae7a53426417292d3dd07b45a33e01bc\"},\"image\":{\"@id\":\"https:\/\/nitu.mx\/index.php\/2016\/10\/19\/turismo-asiatico-ve-en-mexico-destino-alterno-ante-violencia-en-europa\/#primaryimage\"},\"thumbnailUrl\":\"https:\/\/nitu.mx\/wp-content\/uploads\/2016\/10\/turistas-asiaticos.jpg\",\"keywords\":[\"Asia\",\"China\",\"Consejo de Promoci\u00f3n Tur\u00edstica de M\u00e9xico (CPTM)\",\"Corea del Sur\",\"Enrique de la Madrid Cordero\",\"Europa\",\"Jap\u00f3n\",\"Lourdes Berho\",\"M\u00e9xico\",\"secretario de Turismo (Sectur)\"],\"articleSection\":[\"Marketing\",\"M\u00e9xico\"],\"inLanguage\":\"es-MX\",\"potentialAction\":[{\"@type\":\"CommentAction\",\"name\":\"Comment\",\"target\":[\"https:\/\/nitu.mx\/index.php\/2016\/10\/19\/turismo-asiatico-ve-en-mexico-destino-alterno-ante-violencia-en-europa\/#respond\"]}]},{\"@type\":\"WebPage\",\"@id\":\"https:\/\/nitu.mx\/index.php\/2016\/10\/19\/turismo-asiatico-ve-en-mexico-destino-alterno-ante-violencia-en-europa\/\",\"url\":\"https:\/\/nitu.mx\/index.php\/2016\/10\/19\/turismo-asiatico-ve-en-mexico-destino-alterno-ante-violencia-en-europa\/\",\"name\":\"Turismo asi\u00e1tico ve en M\u00e9xico destino alterno ante violencia en Europa - Nitu - Noticias de la Industria Turistica\",\"isPartOf\":{\"@id\":\"https:\/\/nitu.mx\/#website\"},\"primaryImageOfPage\":{\"@id\":\"https:\/\/nitu.mx\/index.php\/2016\/10\/19\/turismo-asiatico-ve-en-mexico-destino-alterno-ante-violencia-en-europa\/#primaryimage\"},\"image\":{\"@id\":\"https:\/\/nitu.mx\/index.php\/2016\/10\/19\/turismo-asiatico-ve-en-mexico-destino-alterno-ante-violencia-en-europa\/#primaryimage\"},\"thumbnailUrl\":\"https:\/\/nitu.mx\/wp-content\/uploads\/2016\/10\/turistas-asiaticos.jpg\",\"datePublished\":\"2016-10-19T05:08:33+00:00\",\"dateModified\":\"2016-10-19T06:03:23+00:00\",\"description\":\"M\u00e9xico es una alternativa para el turismo asi\u00e1tico, se\u00f1al\u00f3 Lourdes Berho, directora general del CPTM, ante brotes de violencia en Europa.\",\"breadcrumb\":{\"@id\":\"https:\/\/nitu.mx\/index.php\/2016\/10\/19\/turismo-asiatico-ve-en-mexico-destino-alterno-ante-violencia-en-europa\/#breadcrumb\"},\"inLanguage\":\"es-MX\",\"potentialAction\":[{\"@type\":\"ReadAction\",\"target\":[\"https:\/\/nitu.mx\/index.php\/2016\/10\/19\/turismo-asiatico-ve-en-mexico-destino-alterno-ante-violencia-en-europa\/\"]}]},{\"@type\":\"ImageObject\",\"inLanguage\":\"es-MX\",\"@id\":\"https:\/\/nitu.mx\/index.php\/2016\/10\/19\/turismo-asiatico-ve-en-mexico-destino-alterno-ante-violencia-en-europa\/#primaryimage\",\"url\":\"https:\/\/nitu.mx\/wp-content\/uploads\/2016\/10\/turistas-asiaticos.jpg\",\"contentUrl\":\"https:\/\/nitu.mx\/wp-content\/uploads\/2016\/10\/turistas-asiaticos.jpg\",\"width\":1670,\"height\":1102,\"caption\":\"turismo asi\u00e1tico\"},{\"@type\":\"BreadcrumbList\",\"@id\":\"https:\/\/nitu.mx\/index.php\/2016\/10\/19\/turismo-asiatico-ve-en-mexico-destino-alterno-ante-violencia-en-europa\/#breadcrumb\",\"itemListElement\":[{\"@type\":\"ListItem\",\"position\":1,\"name\":\"Inicio\",\"item\":\"https:\/\/nitu.mx\/\"},{\"@type\":\"ListItem\",\"position\":2,\"name\":\"Turismo asi\u00e1tico ve en M\u00e9xico destino alterno ante violencia en Europa\"}]},{\"@type\":\"WebSite\",\"@id\":\"https:\/\/nitu.mx\/#website\",\"url\":\"https:\/\/nitu.mx\/\",\"name\":\"Nitu - Noticias de la Industria Turistica\",\"description\":\"Noticias de la Industria Turistica\",\"publisher\":{\"@id\":\"https:\/\/nitu.mx\/#\/schema\/person\/ae7a53426417292d3dd07b45a33e01bc\"},\"alternateName\":\"Noticias de la Industria Turistica\",\"potentialAction\":[{\"@type\":\"SearchAction\",\"target\":{\"@type\":\"EntryPoint\",\"urlTemplate\":\"https:\/\/nitu.mx\/?s={search_term_string}\"},\"query-input\":\"required name=search_term_string\"}],\"inLanguage\":\"es-MX\"},{\"@type\":[\"Person\",\"Organization\"],\"@id\":\"https:\/\/nitu.mx\/#\/schema\/person\/ae7a53426417292d3dd07b45a33e01bc\",\"name\":\"Arturo Medina\",\"image\":{\"@type\":\"ImageObject\",\"inLanguage\":\"es-MX\",\"@id\":\"https:\/\/nitu.mx\/#\/schema\/person\/image\/\",\"url\":\"https:\/\/nitu.mx\/wp-content\/uploads\/2024\/04\/4A315622-1904-4D5C-B022-878CDC840E04-90x90-1.jpeg\",\"contentUrl\":\"https:\/\/nitu.mx\/wp-content\/uploads\/2024\/04\/4A315622-1904-4D5C-B022-878CDC840E04-90x90-1.jpeg\",\"width\":90,\"height\":90,\"caption\":\"Arturo Medina\"},\"logo\":{\"@id\":\"https:\/\/nitu.mx\/#\/schema\/person\/image\/\"},\"description\":\"Director NITU.mx, Egresado de la Escuela de Periodismo Carlos Septi\u00e9n Garc\u00eda. Periodista y analista especializado en turismo desde hace 35 a\u00f1os, radicado en Canc\u00fan Q.Roo. arturo@nitu.mx\",\"sameAs\":[\"https:\/\/nitu.mx\",\"https:\/\/www.facebook.com\/NITUmx\/\",\"medinacancun\",\"https:\/\/twitter.com\/@Arturo_Medina_G\"]},{\"@type\":\"Person\",\"@id\":\"https:\/\/nitu.mx\/#\/schema\/person\/2ecd887b19dfd3382d1f14fc5acf24a8\",\"name\":\"Alejandra Moncisbays\",\"image\":{\"@type\":\"ImageObject\",\"inLanguage\":\"es-MX\",\"@id\":\"https:\/\/nitu.mx\/#\/schema\/person\/image\/\",\"url\":\"https:\/\/secure.gravatar.com\/avatar\/e74f7af0be172b7804dacfd0bfbef787?s=96&d=mm&r=g\",\"contentUrl\":\"https:\/\/secure.gravatar.com\/avatar\/e74f7af0be172b7804dacfd0bfbef787?s=96&d=mm&r=g\",\"caption\":\"Alejandra Moncisbays\"},\"description\":\"Curs\u00e9 la carrera de Periodismo y Comunicaci\u00f3n en la Facultad de Estudios Profesionales Acatl\u00e1n. Vivo en Canc\u00fan desde hace 24 a\u00f1os. Fui reportera de La Tarde de Canc\u00fan, y Novedades de Quintana Roo, colabor\u00e9 en TVCUN, edit\u00e9 Cancun\u00edssimo y colabor\u00e9 en las revistas Latitud21, entre otras, con principal enfoque en los sectores empresarial y tur\u00edstico. Desde hace varios a\u00f1os soy Agente de Seguros con c\u00e9dula de la Comisi\u00f3n Nacional de Seguros y Fianzas. Actualmente, me desarrollo en los \u00e1mbitos del periodismo y el sector asegurador.\",\"sameAs\":[\"https:\/\/nitu.mx\"],\"url\":\"https:\/\/nitu.mx\/index.php\/author\/alejandra\/\"}]}<\/script>\n<!-- \/ Yoast SEO plugin. -->","yoast_head_json":{"title":"Turismo asi\u00e1tico ve en M\u00e9xico destino alterno ante violencia en Europa - Nitu - Noticias de la Industria Turistica","description":"M\u00e9xico es una alternativa para el turismo asi\u00e1tico, se\u00f1al\u00f3 Lourdes Berho, directora general del CPTM, ante brotes de violencia en Europa.","robots":{"index":"index","follow":"follow","max-snippet":"max-snippet:-1","max-image-preview":"max-image-preview:large","max-video-preview":"max-video-preview:-1"},"canonical":"https:\/\/nitu.mx\/index.php\/2016\/10\/19\/turismo-asiatico-ve-en-mexico-destino-alterno-ante-violencia-en-europa\/","twitter_card":"summary_large_image","twitter_title":"Turismo asi\u00e1tico ve en M\u00e9xico destino alterno ante violencia en Europa - Nitu - Noticias de la Industria Turistica","twitter_description":"M\u00e9xico es una alternativa para el turismo asi\u00e1tico, se\u00f1al\u00f3 Lourdes Berho, directora general del CPTM, ante brotes de violencia en Europa.","twitter_image":"https:\/\/nitu.mx\/wp-content\/uploads\/2016\/10\/turistas-asiaticos.jpg","twitter_creator":"@NITUmx","twitter_site":"@Arturo_Medina_G","twitter_misc":{"Escrito por":"Alejandra Moncisbays","Tiempo de lectura":"1 minuto"},"schema":{"@context":"https:\/\/schema.org","@graph":[{"@type":"Article","@id":"https:\/\/nitu.mx\/index.php\/2016\/10\/19\/turismo-asiatico-ve-en-mexico-destino-alterno-ante-violencia-en-europa\/#article","isPartOf":{"@id":"https:\/\/nitu.mx\/index.php\/2016\/10\/19\/turismo-asiatico-ve-en-mexico-destino-alterno-ante-violencia-en-europa\/"},"author":{"name":"Alejandra Moncisbays","@id":"https:\/\/nitu.mx\/#\/schema\/person\/2ecd887b19dfd3382d1f14fc5acf24a8"},"headline":"Turismo asi\u00e1tico ve en M\u00e9xico destino alterno ante violencia en Europa","datePublished":"2016-10-19T05:08:33+00:00","dateModified":"2016-10-19T06:03:23+00:00","mainEntityOfPage":{"@id":"https:\/\/nitu.mx\/index.php\/2016\/10\/19\/turismo-asiatico-ve-en-mexico-destino-alterno-ante-violencia-en-europa\/"},"wordCount":232,"commentCount":0,"publisher":{"@id":"https:\/\/nitu.mx\/#\/schema\/person\/ae7a53426417292d3dd07b45a33e01bc"},"image":{"@id":"https:\/\/nitu.mx\/index.php\/2016\/10\/19\/turismo-asiatico-ve-en-mexico-destino-alterno-ante-violencia-en-europa\/#primaryimage"},"thumbnailUrl":"https:\/\/nitu.mx\/wp-content\/uploads\/2016\/10\/turistas-asiaticos.jpg","keywords":["Asia","China","Consejo de Promoci\u00f3n Tur\u00edstica de M\u00e9xico (CPTM)","Corea del Sur","Enrique de la Madrid Cordero","Europa","Jap\u00f3n","Lourdes Berho","M\u00e9xico","secretario de Turismo (Sectur)"],"articleSection":["Marketing","M\u00e9xico"],"inLanguage":"es-MX","potentialAction":[{"@type":"CommentAction","name":"Comment","target":["https:\/\/nitu.mx\/index.php\/2016\/10\/19\/turismo-asiatico-ve-en-mexico-destino-alterno-ante-violencia-en-europa\/#respond"]}]},{"@type":"WebPage","@id":"https:\/\/nitu.mx\/index.php\/2016\/10\/19\/turismo-asiatico-ve-en-mexico-destino-alterno-ante-violencia-en-europa\/","url":"https:\/\/nitu.mx\/index.php\/2016\/10\/19\/turismo-asiatico-ve-en-mexico-destino-alterno-ante-violencia-en-europa\/","name":"Turismo asi\u00e1tico ve en M\u00e9xico destino alterno ante violencia en Europa - Nitu - Noticias de la Industria Turistica","isPartOf":{"@id":"https:\/\/nitu.mx\/#website"},"primaryImageOfPage":{"@id":"https:\/\/nitu.mx\/index.php\/2016\/10\/19\/turismo-asiatico-ve-en-mexico-destino-alterno-ante-violencia-en-europa\/#primaryimage"},"image":{"@id":"https:\/\/nitu.mx\/index.php\/2016\/10\/19\/turismo-asiatico-ve-en-mexico-destino-alterno-ante-violencia-en-europa\/#primaryimage"},"thumbnailUrl":"https:\/\/nitu.mx\/wp-content\/uploads\/2016\/10\/turistas-asiaticos.jpg","datePublished":"2016-10-19T05:08:33+00:00","dateModified":"2016-10-19T06:03:23+00:00","description":"M\u00e9xico es una alternativa para el turismo asi\u00e1tico, se\u00f1al\u00f3 Lourdes Berho, directora general del CPTM, ante brotes de violencia en Europa.","breadcrumb":{"@id":"https:\/\/nitu.mx\/index.php\/2016\/10\/19\/turismo-asiatico-ve-en-mexico-destino-alterno-ante-violencia-en-europa\/#breadcrumb"},"inLanguage":"es-MX","potentialAction":[{"@type":"ReadAction","target":["https:\/\/nitu.mx\/index.php\/2016\/10\/19\/turismo-asiatico-ve-en-mexico-destino-alterno-ante-violencia-en-europa\/"]}]},{"@type":"ImageObject","inLanguage":"es-MX","@id":"https:\/\/nitu.mx\/index.php\/2016\/10\/19\/turismo-asiatico-ve-en-mexico-destino-alterno-ante-violencia-en-europa\/#primaryimage","url":"https:\/\/nitu.mx\/wp-content\/uploads\/2016\/10\/turistas-asiaticos.jpg","contentUrl":"https:\/\/nitu.mx\/wp-content\/uploads\/2016\/10\/turistas-asiaticos.jpg","width":1670,"height":1102,"caption":"turismo asi\u00e1tico"},{"@type":"BreadcrumbList","@id":"https:\/\/nitu.mx\/index.php\/2016\/10\/19\/turismo-asiatico-ve-en-mexico-destino-alterno-ante-violencia-en-europa\/#breadcrumb","itemListElement":[{"@type":"ListItem","position":1,"name":"Inicio","item":"https:\/\/nitu.mx\/"},{"@type":"ListItem","position":2,"name":"Turismo asi\u00e1tico ve en M\u00e9xico destino alterno ante violencia en Europa"}]},{"@type":"WebSite","@id":"https:\/\/nitu.mx\/#website","url":"https:\/\/nitu.mx\/","name":"Nitu - Noticias de la Industria Turistica","description":"Noticias de la Industria Turistica","publisher":{"@id":"https:\/\/nitu.mx\/#\/schema\/person\/ae7a53426417292d3dd07b45a33e01bc"},"alternateName":"Noticias de la Industria Turistica","potentialAction":[{"@type":"SearchAction","target":{"@type":"EntryPoint","urlTemplate":"https:\/\/nitu.mx\/?s={search_term_string}"},"query-input":"required name=search_term_string"}],"inLanguage":"es-MX"},{"@type":["Person","Organization"],"@id":"https:\/\/nitu.mx\/#\/schema\/person\/ae7a53426417292d3dd07b45a33e01bc","name":"Arturo Medina","image":{"@type":"ImageObject","inLanguage":"es-MX","@id":"https:\/\/nitu.mx\/#\/schema\/person\/image\/","url":"https:\/\/nitu.mx\/wp-content\/uploads\/2024\/04\/4A315622-1904-4D5C-B022-878CDC840E04-90x90-1.jpeg","contentUrl":"https:\/\/nitu.mx\/wp-content\/uploads\/2024\/04\/4A315622-1904-4D5C-B022-878CDC840E04-90x90-1.jpeg","width":90,"height":90,"caption":"Arturo Medina"},"logo":{"@id":"https:\/\/nitu.mx\/#\/schema\/person\/image\/"},"description":"Director NITU.mx, Egresado de la Escuela de Periodismo Carlos Septi\u00e9n Garc\u00eda. Periodista y analista especializado en turismo desde hace 35 a\u00f1os, radicado en Canc\u00fan Q.Roo. arturo@nitu.mx","sameAs":["https:\/\/nitu.mx","https:\/\/www.facebook.com\/NITUmx\/","medinacancun","https:\/\/twitter.com\/@Arturo_Medina_G"]},{"@type":"Person","@id":"https:\/\/nitu.mx\/#\/schema\/person\/2ecd887b19dfd3382d1f14fc5acf24a8","name":"Alejandra Moncisbays","image":{"@type":"ImageObject","inLanguage":"es-MX","@id":"https:\/\/nitu.mx\/#\/schema\/person\/image\/","url":"https:\/\/secure.gravatar.com\/avatar\/e74f7af0be172b7804dacfd0bfbef787?s=96&d=mm&r=g","contentUrl":"https:\/\/secure.gravatar.com\/avatar\/e74f7af0be172b7804dacfd0bfbef787?s=96&d=mm&r=g","caption":"Alejandra Moncisbays"},"description":"Curs\u00e9 la carrera de Periodismo y Comunicaci\u00f3n en la Facultad de Estudios Profesionales Acatl\u00e1n. Vivo en Canc\u00fan desde hace 24 a\u00f1os. Fui reportera de La Tarde de Canc\u00fan, y Novedades de Quintana Roo, colabor\u00e9 en TVCUN, edit\u00e9 Cancun\u00edssimo y colabor\u00e9 en las revistas Latitud21, entre otras, con principal enfoque en los sectores empresarial y tur\u00edstico. Desde hace varios a\u00f1os soy Agente de Seguros con c\u00e9dula de la Comisi\u00f3n Nacional de Seguros y Fianzas. Actualmente, me desarrollo en los \u00e1mbitos del periodismo y el sector asegurador.","sameAs":["https:\/\/nitu.mx"],"url":"https:\/\/nitu.mx\/index.php\/author\/alejandra\/"}]}},"views":299,"_links":{"self":[{"href":"https:\/\/nitu.mx\/index.php\/wp-json\/wp\/v2\/posts\/3061"}],"collection":[{"href":"https:\/\/nitu.mx\/index.php\/wp-json\/wp\/v2\/posts"}],"about":[{"href":"https:\/\/nitu.mx\/index.php\/wp-json\/wp\/v2\/types\/post"}],"author":[{"embeddable":true,"href":"https:\/\/nitu.mx\/index.php\/wp-json\/wp\/v2\/users\/3"}],"replies":[{"embeddable":true,"href":"https:\/\/nitu.mx\/index.php\/wp-json\/wp\/v2\/comments?post=3061"}],"version-history":[{"count":3,"href":"https:\/\/nitu.mx\/index.php\/wp-json\/wp\/v2\/posts\/3061\/revisions"}],"predecessor-version":[{"id":3076,"href":"https:\/\/nitu.mx\/index.php\/wp-json\/wp\/v2\/posts\/3061\/revisions\/3076"}],"wp:featuredmedia":[{"embeddable":true,"href":"https:\/\/nitu.mx\/index.php\/wp-json\/wp\/v2\/media\/3089"}],"wp:attachment":[{"href":"https:\/\/nitu.mx\/index.php\/wp-json\/wp\/v2\/media?parent=3061"}],"wp:term":[{"taxonomy":"category","embeddable":true,"href":"https:\/\/nitu.mx\/index.php\/wp-json\/wp\/v2\/categories?post=3061"},{"taxonomy":"post_tag","embeddable":true,"href":"https:\/\/nitu.mx\/index.php\/wp-json\/wp\/v2\/tags?post=3061"}],"curies":[{"name":"wp","href":"https:\/\/api.w.org\/{rel}","templated":true}]}}