{"id":30535,"date":"2019-03-29T01:30:55","date_gmt":"2019-03-29T06:30:55","guid":{"rendered":"https:\/\/www.dev.nitu.mx\/?p=30535"},"modified":"2019-03-29T10:10:32","modified_gmt":"2019-03-29T15:10:32","slug":"fauna-y-7-rios-subterraneos-entre-playa-y-tulum-pueden-danarse-por-tren-maya","status":"publish","type":"post","link":"https:\/\/nitu.mx\/index.php\/2019\/03\/29\/fauna-y-7-rios-subterraneos-entre-playa-y-tulum-pueden-danarse-por-tren-maya\/","title":{"rendered":"Fauna y 7 r\u00edos subterr\u00e1neos entre Playa y Tulum pueden da\u00f1arse por Tren Maya"},"content":{"rendered":"<p>La preocupaci\u00f3n por afectaciones a la fauna silvestre y a la contaminaci\u00f3n y da\u00f1os a los r\u00edos subterr\u00e1neos sigue vigente en empresarios de la Riviera Maya, que piden a las autoridades federales realizar un correcto an\u00e1lisis previo al inicio de trabajos del Tren Maya en Quintana Roo.<\/p>\n<p>Otto Van Bertrab, director general de R\u00edo Secreto, se\u00f1al\u00f3 que en el tramo Playa del Carmen-Tulum se registran siete de los r\u00edos subterr\u00e1neos m\u00e1s importantes de la Pen\u00ednsula de Yucat\u00e1n, as\u00ed como una importante distribuci\u00f3n de fauna silvestre que se ver\u00eda afectada por las vibraciones del Tren Maya, por el ruido y la construcci\u00f3n, por lo que es necesario la construcci\u00f3n de pasos de fauna y puentes para evitar impactar severamente la zona. (<a title=\"Empresarios de Solidaridad, Tulum y Cozumel se unen para exigir seguridad y atenci\u00f3n al sargazo\" href=\"https:\/\/www.dev.nitu.mx\/index.php\/2019\/03\/18\/empresarios-de-solidaridad-tulum-y-cozumel-se-unen-para-exigir-seguridad-y-atencion-al-sargazo\/\" rel=\"bookmark\">Empresarios de Solidaridad, Tulum y Cozumel se unen para exigir seguridad y atenci\u00f3n al sargazo<\/a>).<\/p>\n<p>\u201cLo importante para el Tren Maya es que sepan lo que hay para que tomen las consideraciones necesarias (\u2026) hasta donde s\u00e9, por donde va a pasar es por donde hay unas torres de alta tensi\u00f3n, curiosamente en esa \u00e1rea no hay cuevas identificadas tan grandes, pero obviamente el r\u00edo subterr\u00e1neo s\u00ed pasa (\u2026) van a tener que hacer puentes en las zonas donde hay r\u00edos subterr\u00e1neos comprobables, no s\u00f3lo para mantener el r\u00edo subterr\u00e1neo sino porque son corredores de fauna\u201c, dijo el empresario.<\/p>\n<p>Durante la presentaci\u00f3n del proyecto del Tren Maya en Solidaridad en noviembre del 2018, se dio conocer que las propuestas del gobierno federal para evitar atropellamientos de especies como el jaguar, venados, aves y roedores, se instalar\u00edan, en ciertos puntos de la carretera, corredores biol\u00f3gicos para el paso de animales.<\/p>\n<p>Otto Van Bertrab se\u00f1al\u00f3 que es una estrategia que podr\u00eda funcionar, pero debe estudiarse con antelaci\u00f3n.<\/p>\n<p>Descart\u00f3 que R\u00edo Secreto invierta en el proyecto, pero no descart\u00f3 que participe en asesoramiento cuando se realicen los estudios ambientales en Quintana Roo. (Noticaribe)<\/p>\n","protected":false},"excerpt":{"rendered":"<p>La preocupaci\u00f3n por afectaciones a la fauna silvestre y a la contaminaci\u00f3n y da\u00f1os a los r\u00edos subterr\u00e1neos sigue vigente en empresarios de la Riviera Maya, que piden a las autoridades federales realizar un correcto an\u00e1lisis previo al inicio de trabajos del Tren Maya en Quintana Roo. Otto Van Bertrab, director general de R\u00edo Secreto, [&hellip;]<\/p>\n","protected":false},"author":17,"featured_media":30549,"comment_status":"open","ping_status":"open","sticky":false,"template":"","format":"standard","meta":{"footnotes":""},"categories":[5,6],"tags":[15158,187,15163,260,2309,80,11427],"yoast_head":"<!-- This site is optimized with the Yoast SEO plugin v22.2 - https:\/\/yoast.com\/wordpress\/plugins\/seo\/ -->\n<title>Fauna y 7 r\u00edos subterr\u00e1neos entre Playa y Tulum pueden da\u00f1arse por Tren Maya - Nitu - Noticias de la Industria Turistica<\/title>\n<meta name=\"description\" content=\"Aumenta la preocupaci\u00f3n por afectaciones a la fauna silvestre y a la contaminaci\u00f3n y da\u00f1os que se provocar\u00e1n por el Tren Maya.\" \/>\n<meta name=\"robots\" content=\"index, follow, max-snippet:-1, max-image-preview:large, max-video-preview:-1\" \/>\n<link rel=\"canonical\" href=\"https:\/\/nitu.mx\/index.php\/2019\/03\/29\/fauna-y-7-rios-subterraneos-entre-playa-y-tulum-pueden-danarse-por-tren-maya\/\" \/>\n<meta name=\"twitter:card\" content=\"summary_large_image\" \/>\n<meta name=\"twitter:title\" content=\"Fauna y 7 r\u00edos subterr\u00e1neos entre Playa y Tulum pueden da\u00f1arse por Tren Maya - Nitu - Noticias de la Industria Turistica\" \/>\n<meta name=\"twitter:description\" content=\"Aumenta la preocupaci\u00f3n por afectaciones a la fauna silvestre y a la contaminaci\u00f3n y da\u00f1os que se provocar\u00e1n por el Tren Maya.\" \/>\n<meta name=\"twitter:image\" content=\"https:\/\/nitu.mx\/wp-content\/uploads\/2019\/03\/tulum.jpg\" \/>\n<meta name=\"twitter:creator\" content=\"@NITUmx\" \/>\n<meta name=\"twitter:site\" content=\"@Arturo_Medina_G\" \/>\n<meta name=\"twitter:label1\" content=\"Escrito por\" \/>\n\t<meta name=\"twitter:data1\" content=\"Redacci\u00f3n\" \/>\n\t<meta name=\"twitter:label2\" content=\"Tiempo de lectura\" \/>\n\t<meta name=\"twitter:data2\" content=\"2 minutos\" \/>\n<script type=\"application\/ld+json\" class=\"yoast-schema-graph\">{\"@context\":\"https:\/\/schema.org\",\"@graph\":[{\"@type\":\"Article\",\"@id\":\"https:\/\/nitu.mx\/index.php\/2019\/03\/29\/fauna-y-7-rios-subterraneos-entre-playa-y-tulum-pueden-danarse-por-tren-maya\/#article\",\"isPartOf\":{\"@id\":\"https:\/\/nitu.mx\/index.php\/2019\/03\/29\/fauna-y-7-rios-subterraneos-entre-playa-y-tulum-pueden-danarse-por-tren-maya\/\"},\"author\":{\"name\":\"Redacci\u00f3n\",\"@id\":\"https:\/\/nitu.mx\/#\/schema\/person\/4a28fe9bd65924f7c90623773daf1b0b\"},\"headline\":\"Fauna y 7 r\u00edos subterr\u00e1neos entre Playa y Tulum pueden da\u00f1arse por Tren Maya\",\"datePublished\":\"2019-03-29T06:30:55+00:00\",\"dateModified\":\"2019-03-29T15:10:32+00:00\",\"mainEntityOfPage\":{\"@id\":\"https:\/\/nitu.mx\/index.php\/2019\/03\/29\/fauna-y-7-rios-subterraneos-entre-playa-y-tulum-pueden-danarse-por-tren-maya\/\"},\"wordCount\":356,\"commentCount\":0,\"publisher\":{\"@id\":\"https:\/\/nitu.mx\/#\/schema\/person\/ae7a53426417292d3dd07b45a33e01bc\"},\"image\":{\"@id\":\"https:\/\/nitu.mx\/index.php\/2019\/03\/29\/fauna-y-7-rios-subterraneos-entre-playa-y-tulum-pueden-danarse-por-tren-maya\/#primaryimage\"},\"thumbnailUrl\":\"https:\/\/nitu.mx\/wp-content\/uploads\/2019\/03\/tulum.jpg\",\"keywords\":[\"Otto Van Bertrab\",\"pen\u00ednsula de Yucat\u00e1n\",\"Playa del Carmen-Tulum\",\"Quintana Roo\",\"R\u00edo Secreto\",\"Riviera Maya\",\"Tren Maya\"],\"articleSection\":[\"Destinos\",\"M\u00e9xico\"],\"inLanguage\":\"es-MX\",\"potentialAction\":[{\"@type\":\"CommentAction\",\"name\":\"Comment\",\"target\":[\"https:\/\/nitu.mx\/index.php\/2019\/03\/29\/fauna-y-7-rios-subterraneos-entre-playa-y-tulum-pueden-danarse-por-tren-maya\/#respond\"]}]},{\"@type\":\"WebPage\",\"@id\":\"https:\/\/nitu.mx\/index.php\/2019\/03\/29\/fauna-y-7-rios-subterraneos-entre-playa-y-tulum-pueden-danarse-por-tren-maya\/\",\"url\":\"https:\/\/nitu.mx\/index.php\/2019\/03\/29\/fauna-y-7-rios-subterraneos-entre-playa-y-tulum-pueden-danarse-por-tren-maya\/\",\"name\":\"Fauna y 7 r\u00edos subterr\u00e1neos entre Playa y Tulum pueden da\u00f1arse por Tren Maya - Nitu - Noticias de la Industria Turistica\",\"isPartOf\":{\"@id\":\"https:\/\/nitu.mx\/#website\"},\"primaryImageOfPage\":{\"@id\":\"https:\/\/nitu.mx\/index.php\/2019\/03\/29\/fauna-y-7-rios-subterraneos-entre-playa-y-tulum-pueden-danarse-por-tren-maya\/#primaryimage\"},\"image\":{\"@id\":\"https:\/\/nitu.mx\/index.php\/2019\/03\/29\/fauna-y-7-rios-subterraneos-entre-playa-y-tulum-pueden-danarse-por-tren-maya\/#primaryimage\"},\"thumbnailUrl\":\"https:\/\/nitu.mx\/wp-content\/uploads\/2019\/03\/tulum.jpg\",\"datePublished\":\"2019-03-29T06:30:55+00:00\",\"dateModified\":\"2019-03-29T15:10:32+00:00\",\"description\":\"Aumenta la preocupaci\u00f3n por afectaciones a la fauna silvestre y a la contaminaci\u00f3n y da\u00f1os que se provocar\u00e1n por el Tren Maya.\",\"breadcrumb\":{\"@id\":\"https:\/\/nitu.mx\/index.php\/2019\/03\/29\/fauna-y-7-rios-subterraneos-entre-playa-y-tulum-pueden-danarse-por-tren-maya\/#breadcrumb\"},\"inLanguage\":\"es-MX\",\"potentialAction\":[{\"@type\":\"ReadAction\",\"target\":[\"https:\/\/nitu.mx\/index.php\/2019\/03\/29\/fauna-y-7-rios-subterraneos-entre-playa-y-tulum-pueden-danarse-por-tren-maya\/\"]}]},{\"@type\":\"ImageObject\",\"inLanguage\":\"es-MX\",\"@id\":\"https:\/\/nitu.mx\/index.php\/2019\/03\/29\/fauna-y-7-rios-subterraneos-entre-playa-y-tulum-pueden-danarse-por-tren-maya\/#primaryimage\",\"url\":\"https:\/\/nitu.mx\/wp-content\/uploads\/2019\/03\/tulum.jpg\",\"contentUrl\":\"https:\/\/nitu.mx\/wp-content\/uploads\/2019\/03\/tulum.jpg\",\"width\":850,\"height\":480,\"caption\":\"tulum\"},{\"@type\":\"BreadcrumbList\",\"@id\":\"https:\/\/nitu.mx\/index.php\/2019\/03\/29\/fauna-y-7-rios-subterraneos-entre-playa-y-tulum-pueden-danarse-por-tren-maya\/#breadcrumb\",\"itemListElement\":[{\"@type\":\"ListItem\",\"position\":1,\"name\":\"Inicio\",\"item\":\"https:\/\/nitu.mx\/\"},{\"@type\":\"ListItem\",\"position\":2,\"name\":\"Fauna y 7 r\u00edos subterr\u00e1neos entre Playa y Tulum pueden da\u00f1arse por Tren Maya\"}]},{\"@type\":\"WebSite\",\"@id\":\"https:\/\/nitu.mx\/#website\",\"url\":\"https:\/\/nitu.mx\/\",\"name\":\"Nitu - Noticias de la Industria Turistica\",\"description\":\"Noticias de la Industria Turistica\",\"publisher\":{\"@id\":\"https:\/\/nitu.mx\/#\/schema\/person\/ae7a53426417292d3dd07b45a33e01bc\"},\"alternateName\":\"Noticias de la Industria Turistica\",\"potentialAction\":[{\"@type\":\"SearchAction\",\"target\":{\"@type\":\"EntryPoint\",\"urlTemplate\":\"https:\/\/nitu.mx\/?s={search_term_string}\"},\"query-input\":\"required name=search_term_string\"}],\"inLanguage\":\"es-MX\"},{\"@type\":[\"Person\",\"Organization\"],\"@id\":\"https:\/\/nitu.mx\/#\/schema\/person\/ae7a53426417292d3dd07b45a33e01bc\",\"name\":\"Arturo Medina\",\"image\":{\"@type\":\"ImageObject\",\"inLanguage\":\"es-MX\",\"@id\":\"https:\/\/nitu.mx\/#\/schema\/person\/image\/\",\"url\":\"https:\/\/nitu.mx\/wp-content\/uploads\/2024\/04\/4A315622-1904-4D5C-B022-878CDC840E04-90x90-1.jpeg\",\"contentUrl\":\"https:\/\/nitu.mx\/wp-content\/uploads\/2024\/04\/4A315622-1904-4D5C-B022-878CDC840E04-90x90-1.jpeg\",\"width\":90,\"height\":90,\"caption\":\"Arturo Medina\"},\"logo\":{\"@id\":\"https:\/\/nitu.mx\/#\/schema\/person\/image\/\"},\"description\":\"Director NITU.mx, Egresado de la Escuela de Periodismo Carlos Septi\u00e9n Garc\u00eda. Periodista y analista especializado en turismo desde hace 35 a\u00f1os, radicado en Canc\u00fan Q.Roo. arturo@nitu.mx\",\"sameAs\":[\"https:\/\/nitu.mx\",\"https:\/\/www.facebook.com\/NITUmx\/\",\"medinacancun\",\"https:\/\/twitter.com\/@Arturo_Medina_G\"]},{\"@type\":\"Person\",\"@id\":\"https:\/\/nitu.mx\/#\/schema\/person\/4a28fe9bd65924f7c90623773daf1b0b\",\"name\":\"Redacci\u00f3n\",\"image\":{\"@type\":\"ImageObject\",\"inLanguage\":\"es-MX\",\"@id\":\"https:\/\/nitu.mx\/#\/schema\/person\/image\/\",\"url\":\"https:\/\/secure.gravatar.com\/avatar\/5dd011c8ccfc5cd7e4c81e42252aab38?s=96&d=mm&r=g\",\"contentUrl\":\"https:\/\/secure.gravatar.com\/avatar\/5dd011c8ccfc5cd7e4c81e42252aab38?s=96&d=mm&r=g\",\"caption\":\"Redacci\u00f3n\"},\"url\":\"https:\/\/nitu.mx\/index.php\/author\/redaccion\/\"}]}<\/script>\n<!-- \/ Yoast SEO plugin. -->","yoast_head_json":{"title":"Fauna y 7 r\u00edos subterr\u00e1neos entre Playa y Tulum pueden da\u00f1arse por Tren Maya - Nitu - Noticias de la Industria Turistica","description":"Aumenta la preocupaci\u00f3n por afectaciones a la fauna silvestre y a la contaminaci\u00f3n y da\u00f1os que se provocar\u00e1n por el Tren Maya.","robots":{"index":"index","follow":"follow","max-snippet":"max-snippet:-1","max-image-preview":"max-image-preview:large","max-video-preview":"max-video-preview:-1"},"canonical":"https:\/\/nitu.mx\/index.php\/2019\/03\/29\/fauna-y-7-rios-subterraneos-entre-playa-y-tulum-pueden-danarse-por-tren-maya\/","twitter_card":"summary_large_image","twitter_title":"Fauna y 7 r\u00edos subterr\u00e1neos entre Playa y Tulum pueden da\u00f1arse por Tren Maya - Nitu - Noticias de la Industria Turistica","twitter_description":"Aumenta la preocupaci\u00f3n por afectaciones a la fauna silvestre y a la contaminaci\u00f3n y da\u00f1os que se provocar\u00e1n por el Tren Maya.","twitter_image":"https:\/\/nitu.mx\/wp-content\/uploads\/2019\/03\/tulum.jpg","twitter_creator":"@NITUmx","twitter_site":"@Arturo_Medina_G","twitter_misc":{"Escrito por":"Redacci\u00f3n","Tiempo de lectura":"2 minutos"},"schema":{"@context":"https:\/\/schema.org","@graph":[{"@type":"Article","@id":"https:\/\/nitu.mx\/index.php\/2019\/03\/29\/fauna-y-7-rios-subterraneos-entre-playa-y-tulum-pueden-danarse-por-tren-maya\/#article","isPartOf":{"@id":"https:\/\/nitu.mx\/index.php\/2019\/03\/29\/fauna-y-7-rios-subterraneos-entre-playa-y-tulum-pueden-danarse-por-tren-maya\/"},"author":{"name":"Redacci\u00f3n","@id":"https:\/\/nitu.mx\/#\/schema\/person\/4a28fe9bd65924f7c90623773daf1b0b"},"headline":"Fauna y 7 r\u00edos subterr\u00e1neos entre Playa y Tulum pueden da\u00f1arse por Tren Maya","datePublished":"2019-03-29T06:30:55+00:00","dateModified":"2019-03-29T15:10:32+00:00","mainEntityOfPage":{"@id":"https:\/\/nitu.mx\/index.php\/2019\/03\/29\/fauna-y-7-rios-subterraneos-entre-playa-y-tulum-pueden-danarse-por-tren-maya\/"},"wordCount":356,"commentCount":0,"publisher":{"@id":"https:\/\/nitu.mx\/#\/schema\/person\/ae7a53426417292d3dd07b45a33e01bc"},"image":{"@id":"https:\/\/nitu.mx\/index.php\/2019\/03\/29\/fauna-y-7-rios-subterraneos-entre-playa-y-tulum-pueden-danarse-por-tren-maya\/#primaryimage"},"thumbnailUrl":"https:\/\/nitu.mx\/wp-content\/uploads\/2019\/03\/tulum.jpg","keywords":["Otto Van Bertrab","pen\u00ednsula de Yucat\u00e1n","Playa del Carmen-Tulum","Quintana Roo","R\u00edo Secreto","Riviera Maya","Tren Maya"],"articleSection":["Destinos","M\u00e9xico"],"inLanguage":"es-MX","potentialAction":[{"@type":"CommentAction","name":"Comment","target":["https:\/\/nitu.mx\/index.php\/2019\/03\/29\/fauna-y-7-rios-subterraneos-entre-playa-y-tulum-pueden-danarse-por-tren-maya\/#respond"]}]},{"@type":"WebPage","@id":"https:\/\/nitu.mx\/index.php\/2019\/03\/29\/fauna-y-7-rios-subterraneos-entre-playa-y-tulum-pueden-danarse-por-tren-maya\/","url":"https:\/\/nitu.mx\/index.php\/2019\/03\/29\/fauna-y-7-rios-subterraneos-entre-playa-y-tulum-pueden-danarse-por-tren-maya\/","name":"Fauna y 7 r\u00edos subterr\u00e1neos entre Playa y Tulum pueden da\u00f1arse por Tren Maya - Nitu - Noticias de la Industria Turistica","isPartOf":{"@id":"https:\/\/nitu.mx\/#website"},"primaryImageOfPage":{"@id":"https:\/\/nitu.mx\/index.php\/2019\/03\/29\/fauna-y-7-rios-subterraneos-entre-playa-y-tulum-pueden-danarse-por-tren-maya\/#primaryimage"},"image":{"@id":"https:\/\/nitu.mx\/index.php\/2019\/03\/29\/fauna-y-7-rios-subterraneos-entre-playa-y-tulum-pueden-danarse-por-tren-maya\/#primaryimage"},"thumbnailUrl":"https:\/\/nitu.mx\/wp-content\/uploads\/2019\/03\/tulum.jpg","datePublished":"2019-03-29T06:30:55+00:00","dateModified":"2019-03-29T15:10:32+00:00","description":"Aumenta la preocupaci\u00f3n por afectaciones a la fauna silvestre y a la contaminaci\u00f3n y da\u00f1os que se provocar\u00e1n por el Tren Maya.","breadcrumb":{"@id":"https:\/\/nitu.mx\/index.php\/2019\/03\/29\/fauna-y-7-rios-subterraneos-entre-playa-y-tulum-pueden-danarse-por-tren-maya\/#breadcrumb"},"inLanguage":"es-MX","potentialAction":[{"@type":"ReadAction","target":["https:\/\/nitu.mx\/index.php\/2019\/03\/29\/fauna-y-7-rios-subterraneos-entre-playa-y-tulum-pueden-danarse-por-tren-maya\/"]}]},{"@type":"ImageObject","inLanguage":"es-MX","@id":"https:\/\/nitu.mx\/index.php\/2019\/03\/29\/fauna-y-7-rios-subterraneos-entre-playa-y-tulum-pueden-danarse-por-tren-maya\/#primaryimage","url":"https:\/\/nitu.mx\/wp-content\/uploads\/2019\/03\/tulum.jpg","contentUrl":"https:\/\/nitu.mx\/wp-content\/uploads\/2019\/03\/tulum.jpg","width":850,"height":480,"caption":"tulum"},{"@type":"BreadcrumbList","@id":"https:\/\/nitu.mx\/index.php\/2019\/03\/29\/fauna-y-7-rios-subterraneos-entre-playa-y-tulum-pueden-danarse-por-tren-maya\/#breadcrumb","itemListElement":[{"@type":"ListItem","position":1,"name":"Inicio","item":"https:\/\/nitu.mx\/"},{"@type":"ListItem","position":2,"name":"Fauna y 7 r\u00edos subterr\u00e1neos entre Playa y Tulum pueden da\u00f1arse por Tren Maya"}]},{"@type":"WebSite","@id":"https:\/\/nitu.mx\/#website","url":"https:\/\/nitu.mx\/","name":"Nitu - Noticias de la Industria Turistica","description":"Noticias de la Industria Turistica","publisher":{"@id":"https:\/\/nitu.mx\/#\/schema\/person\/ae7a53426417292d3dd07b45a33e01bc"},"alternateName":"Noticias de la Industria Turistica","potentialAction":[{"@type":"SearchAction","target":{"@type":"EntryPoint","urlTemplate":"https:\/\/nitu.mx\/?s={search_term_string}"},"query-input":"required name=search_term_string"}],"inLanguage":"es-MX"},{"@type":["Person","Organization"],"@id":"https:\/\/nitu.mx\/#\/schema\/person\/ae7a53426417292d3dd07b45a33e01bc","name":"Arturo Medina","image":{"@type":"ImageObject","inLanguage":"es-MX","@id":"https:\/\/nitu.mx\/#\/schema\/person\/image\/","url":"https:\/\/nitu.mx\/wp-content\/uploads\/2024\/04\/4A315622-1904-4D5C-B022-878CDC840E04-90x90-1.jpeg","contentUrl":"https:\/\/nitu.mx\/wp-content\/uploads\/2024\/04\/4A315622-1904-4D5C-B022-878CDC840E04-90x90-1.jpeg","width":90,"height":90,"caption":"Arturo Medina"},"logo":{"@id":"https:\/\/nitu.mx\/#\/schema\/person\/image\/"},"description":"Director NITU.mx, Egresado de la Escuela de Periodismo Carlos Septi\u00e9n Garc\u00eda. Periodista y analista especializado en turismo desde hace 35 a\u00f1os, radicado en Canc\u00fan Q.Roo. arturo@nitu.mx","sameAs":["https:\/\/nitu.mx","https:\/\/www.facebook.com\/NITUmx\/","medinacancun","https:\/\/twitter.com\/@Arturo_Medina_G"]},{"@type":"Person","@id":"https:\/\/nitu.mx\/#\/schema\/person\/4a28fe9bd65924f7c90623773daf1b0b","name":"Redacci\u00f3n","image":{"@type":"ImageObject","inLanguage":"es-MX","@id":"https:\/\/nitu.mx\/#\/schema\/person\/image\/","url":"https:\/\/secure.gravatar.com\/avatar\/5dd011c8ccfc5cd7e4c81e42252aab38?s=96&d=mm&r=g","contentUrl":"https:\/\/secure.gravatar.com\/avatar\/5dd011c8ccfc5cd7e4c81e42252aab38?s=96&d=mm&r=g","caption":"Redacci\u00f3n"},"url":"https:\/\/nitu.mx\/index.php\/author\/redaccion\/"}]}},"views":253,"_links":{"self":[{"href":"https:\/\/nitu.mx\/index.php\/wp-json\/wp\/v2\/posts\/30535"}],"collection":[{"href":"https:\/\/nitu.mx\/index.php\/wp-json\/wp\/v2\/posts"}],"about":[{"href":"https:\/\/nitu.mx\/index.php\/wp-json\/wp\/v2\/types\/post"}],"author":[{"embeddable":true,"href":"https:\/\/nitu.mx\/index.php\/wp-json\/wp\/v2\/users\/17"}],"replies":[{"embeddable":true,"href":"https:\/\/nitu.mx\/index.php\/wp-json\/wp\/v2\/comments?post=30535"}],"version-history":[{"count":3,"href":"https:\/\/nitu.mx\/index.php\/wp-json\/wp\/v2\/posts\/30535\/revisions"}],"predecessor-version":[{"id":30551,"href":"https:\/\/nitu.mx\/index.php\/wp-json\/wp\/v2\/posts\/30535\/revisions\/30551"}],"wp:featuredmedia":[{"embeddable":true,"href":"https:\/\/nitu.mx\/index.php\/wp-json\/wp\/v2\/media\/30549"}],"wp:attachment":[{"href":"https:\/\/nitu.mx\/index.php\/wp-json\/wp\/v2\/media?parent=30535"}],"wp:term":[{"taxonomy":"category","embeddable":true,"href":"https:\/\/nitu.mx\/index.php\/wp-json\/wp\/v2\/categories?post=30535"},{"taxonomy":"post_tag","embeddable":true,"href":"https:\/\/nitu.mx\/index.php\/wp-json\/wp\/v2\/tags?post=30535"}],"curies":[{"name":"wp","href":"https:\/\/api.w.org\/{rel}","templated":true}]}}