{"id":30527,"date":"2019-03-29T01:18:21","date_gmt":"2019-03-29T06:18:21","guid":{"rendered":"https:\/\/www.dev.nitu.mx\/?p=30527"},"modified":"2019-03-29T10:17:26","modified_gmt":"2019-03-29T15:17:26","slug":"aeromexico-niega-practicas-monopolicas-de-hace-una-decada","status":"publish","type":"post","link":"https:\/\/nitu.mx\/index.php\/2019\/03\/29\/aeromexico-niega-practicas-monopolicas-de-hace-una-decada\/","title":{"rendered":"Aerom\u00e9xico niega pr\u00e1cticas monop\u00f3licas de hace una d\u00e9cada"},"content":{"rendered":"<div class=\"page\" title=\"Page 1\">\n<div class=\"layoutArea\">\n<div class=\"column\">\n<p>Aerome\u0301xico inform\u00f3 que le fue notificada una resolucio\u0301n del Pleno de la Comisio\u0301n Federal de Competencia Econo\u0301mica (COFECE), relacionada con supuestas pra\u0301cticas monopo\u0301licas atribuibles tambi\u00e9n a Interjet, Volaris y Mexicana (en concurso mercantil), aplicando sanciones econo\u0301micas tanto a Mexicana como a ellos por presuntos hechos que datan de los an\u0303os 2008 a 2010.<\/p>\n<p>A trav\u00e9s de un comunicado la aerol\u00ednea del Caballero Aguila manifest\u00f3 su desacuerdo en el contenido de la resolucio\u0301n, que adema\u0301s es discriminatoria y extempora\u0301nea, pues refiere supuestos hechos ocurridos hace una de\u0301cada e involucra a una empresa que suspendio\u0301 operaciones desde hace ma\u0301s de ocho an\u0303os.<\/p>\n<p>Aerome\u0301xico expresa a sus empleados, clientes, inversionistas y pu\u0301blico en general que siempre se han respetado las pra\u0301cticas de libre mercado, libre concurrencia y la legislacio\u0301n aplicable, por lo que combatira\u0301 la resolucio\u0301n a trave\u0301s de los medios legales respectivos, haciendo valer argumentos y evidencias de graves irregularidades, destacando pruebas de dudosa autenticidad, violacio\u0301n de comunicaciones privadas, invasio\u0301n de instalaciones y sustraccio\u0301n de informacio\u0301n con una orden que no perteneci\u0301a a la empresa investigada. (<a title=\"Aerom\u00e9xico reporta descenso de 2.5% en transporte de pasajeros\" href=\"https:\/\/www.dev.nitu.mx\/index.php\/2019\/03\/08\/aeromexico-reporta-descenso-de-2-5-en-transporte-de-pasajeros\/\" rel=\"bookmark\">Aerom\u00e9xico reporta descenso de 2.5% en transporte de pasajeros<\/a>).<\/p>\n<p>Esta resolucio\u0301n y otros actos reflejan una falta de entendimiento del sector ae\u0301reo nacional y la situacio\u0301n compleja por la que atraviesa respecto del entorno internacional, lo que representa un riesgo ma\u0301s para el adecuado desarrollo de la industria.<\/p>\n<p>Destaca el documento que Aerome\u0301xico continuara\u0301 aplicando di\u0301a a di\u0301a su co\u0301digo de conducta e innovando en las mejores pra\u0301cticas de competencia y transparencia internacionales, por lo que expresa su disposicio\u0301n de colaborar con todas las autoridades para enfrentar los retos de la industria y promover su desarrollo para generar ma\u0301s y mejores empleos en Me\u0301xico.<\/p>\n<\/div>\n<\/div>\n<\/div>\n","protected":false},"excerpt":{"rendered":"<p>Aerome\u0301xico inform\u00f3 que le fue notificada una resolucio\u0301n del Pleno de la Comisio\u0301n Federal de Competencia Econo\u0301mica (COFECE), relacionada con supuestas pra\u0301cticas monopo\u0301licas atribuibles tambi\u00e9n a Interjet, Volaris y Mexicana (en concurso mercantil), aplicando sanciones econo\u0301micas tanto a Mexicana como a ellos por presuntos hechos que datan de los an\u0303os 2008 a 2010. A trav\u00e9s [&hellip;]<\/p>\n","protected":false},"author":17,"featured_media":29995,"comment_status":"open","ping_status":"open","sticky":false,"template":"","format":"standard","meta":{"footnotes":""},"categories":[29,6],"tags":[30,172,3212,131],"yoast_head":"<!-- This site is optimized with the Yoast SEO plugin v22.2 - https:\/\/yoast.com\/wordpress\/plugins\/seo\/ -->\n<title>Aerom\u00e9xico niega pr\u00e1cticas monop\u00f3licas de hace una d\u00e9cada - Nitu - Noticias de la Industria Turistica<\/title>\n<meta name=\"description\" content=\"Aerome\u0301xico inform\u00f3 que le fue notificada una resolucio\u0301n del Pleno de la COFECE) relacionada con supuestas pra\u0301cticas monopo\u0301licas.\" \/>\n<meta name=\"robots\" content=\"index, follow, max-snippet:-1, max-image-preview:large, max-video-preview:-1\" \/>\n<link rel=\"canonical\" href=\"https:\/\/nitu.mx\/index.php\/2019\/03\/29\/aeromexico-niega-practicas-monopolicas-de-hace-una-decada\/\" \/>\n<meta name=\"twitter:card\" content=\"summary_large_image\" \/>\n<meta name=\"twitter:title\" content=\"Aerom\u00e9xico niega pr\u00e1cticas monop\u00f3licas de hace una d\u00e9cada - Nitu - Noticias de la Industria Turistica\" \/>\n<meta name=\"twitter:description\" content=\"Aerome\u0301xico inform\u00f3 que le fue notificada una resolucio\u0301n del Pleno de la COFECE) relacionada con supuestas pra\u0301cticas monopo\u0301licas.\" \/>\n<meta name=\"twitter:image\" content=\"https:\/\/nitu.mx\/wp-content\/uploads\/2019\/03\/aeromexico-737-MAX.jpg\" \/>\n<meta name=\"twitter:creator\" content=\"@NITUmx\" \/>\n<meta name=\"twitter:site\" content=\"@Arturo_Medina_G\" \/>\n<meta name=\"twitter:label1\" content=\"Escrito por\" \/>\n\t<meta name=\"twitter:data1\" content=\"Redacci\u00f3n\" \/>\n\t<meta name=\"twitter:label2\" content=\"Tiempo de lectura\" \/>\n\t<meta name=\"twitter:data2\" content=\"2 minutos\" \/>\n<script type=\"application\/ld+json\" class=\"yoast-schema-graph\">{\"@context\":\"https:\/\/schema.org\",\"@graph\":[{\"@type\":\"Article\",\"@id\":\"https:\/\/nitu.mx\/index.php\/2019\/03\/29\/aeromexico-niega-practicas-monopolicas-de-hace-una-decada\/#article\",\"isPartOf\":{\"@id\":\"https:\/\/nitu.mx\/index.php\/2019\/03\/29\/aeromexico-niega-practicas-monopolicas-de-hace-una-decada\/\"},\"author\":{\"name\":\"Redacci\u00f3n\",\"@id\":\"https:\/\/nitu.mx\/#\/schema\/person\/4a28fe9bd65924f7c90623773daf1b0b\"},\"headline\":\"Aerom\u00e9xico niega pr\u00e1cticas monop\u00f3licas de hace una d\u00e9cada\",\"datePublished\":\"2019-03-29T06:18:21+00:00\",\"dateModified\":\"2019-03-29T15:17:26+00:00\",\"mainEntityOfPage\":{\"@id\":\"https:\/\/nitu.mx\/index.php\/2019\/03\/29\/aeromexico-niega-practicas-monopolicas-de-hace-una-decada\/\"},\"wordCount\":328,\"commentCount\":0,\"publisher\":{\"@id\":\"https:\/\/nitu.mx\/#\/schema\/person\/ae7a53426417292d3dd07b45a33e01bc\"},\"image\":{\"@id\":\"https:\/\/nitu.mx\/index.php\/2019\/03\/29\/aeromexico-niega-practicas-monopolicas-de-hace-una-decada\/#primaryimage\"},\"thumbnailUrl\":\"https:\/\/nitu.mx\/wp-content\/uploads\/2019\/03\/aeromexico-737-MAX.jpg\",\"keywords\":[\"Aerom\u00e9xico\",\"Interjet\",\"mexicana\",\"Volaris\"],\"articleSection\":[\"Aerol\u00edneas\",\"M\u00e9xico\"],\"inLanguage\":\"es-MX\",\"potentialAction\":[{\"@type\":\"CommentAction\",\"name\":\"Comment\",\"target\":[\"https:\/\/nitu.mx\/index.php\/2019\/03\/29\/aeromexico-niega-practicas-monopolicas-de-hace-una-decada\/#respond\"]}]},{\"@type\":\"WebPage\",\"@id\":\"https:\/\/nitu.mx\/index.php\/2019\/03\/29\/aeromexico-niega-practicas-monopolicas-de-hace-una-decada\/\",\"url\":\"https:\/\/nitu.mx\/index.php\/2019\/03\/29\/aeromexico-niega-practicas-monopolicas-de-hace-una-decada\/\",\"name\":\"Aerom\u00e9xico niega pr\u00e1cticas monop\u00f3licas de hace una d\u00e9cada - Nitu - Noticias de la Industria Turistica\",\"isPartOf\":{\"@id\":\"https:\/\/nitu.mx\/#website\"},\"primaryImageOfPage\":{\"@id\":\"https:\/\/nitu.mx\/index.php\/2019\/03\/29\/aeromexico-niega-practicas-monopolicas-de-hace-una-decada\/#primaryimage\"},\"image\":{\"@id\":\"https:\/\/nitu.mx\/index.php\/2019\/03\/29\/aeromexico-niega-practicas-monopolicas-de-hace-una-decada\/#primaryimage\"},\"thumbnailUrl\":\"https:\/\/nitu.mx\/wp-content\/uploads\/2019\/03\/aeromexico-737-MAX.jpg\",\"datePublished\":\"2019-03-29T06:18:21+00:00\",\"dateModified\":\"2019-03-29T15:17:26+00:00\",\"description\":\"Aerome\u0301xico inform\u00f3 que le fue notificada una resolucio\u0301n del Pleno de la COFECE) relacionada con supuestas pra\u0301cticas monopo\u0301licas.\",\"breadcrumb\":{\"@id\":\"https:\/\/nitu.mx\/index.php\/2019\/03\/29\/aeromexico-niega-practicas-monopolicas-de-hace-una-decada\/#breadcrumb\"},\"inLanguage\":\"es-MX\",\"potentialAction\":[{\"@type\":\"ReadAction\",\"target\":[\"https:\/\/nitu.mx\/index.php\/2019\/03\/29\/aeromexico-niega-practicas-monopolicas-de-hace-una-decada\/\"]}]},{\"@type\":\"ImageObject\",\"inLanguage\":\"es-MX\",\"@id\":\"https:\/\/nitu.mx\/index.php\/2019\/03\/29\/aeromexico-niega-practicas-monopolicas-de-hace-una-decada\/#primaryimage\",\"url\":\"https:\/\/nitu.mx\/wp-content\/uploads\/2019\/03\/aeromexico-737-MAX.jpg\",\"contentUrl\":\"https:\/\/nitu.mx\/wp-content\/uploads\/2019\/03\/aeromexico-737-MAX.jpg\",\"width\":850,\"height\":480,\"caption\":\"aeromexico 737 MAX izzi\"},{\"@type\":\"BreadcrumbList\",\"@id\":\"https:\/\/nitu.mx\/index.php\/2019\/03\/29\/aeromexico-niega-practicas-monopolicas-de-hace-una-decada\/#breadcrumb\",\"itemListElement\":[{\"@type\":\"ListItem\",\"position\":1,\"name\":\"Inicio\",\"item\":\"https:\/\/nitu.mx\/\"},{\"@type\":\"ListItem\",\"position\":2,\"name\":\"Aerom\u00e9xico niega pr\u00e1cticas monop\u00f3licas de hace una d\u00e9cada\"}]},{\"@type\":\"WebSite\",\"@id\":\"https:\/\/nitu.mx\/#website\",\"url\":\"https:\/\/nitu.mx\/\",\"name\":\"Nitu - Noticias de la Industria Turistica\",\"description\":\"Noticias de la Industria Turistica\",\"publisher\":{\"@id\":\"https:\/\/nitu.mx\/#\/schema\/person\/ae7a53426417292d3dd07b45a33e01bc\"},\"alternateName\":\"Noticias de la Industria Turistica\",\"potentialAction\":[{\"@type\":\"SearchAction\",\"target\":{\"@type\":\"EntryPoint\",\"urlTemplate\":\"https:\/\/nitu.mx\/?s={search_term_string}\"},\"query-input\":\"required name=search_term_string\"}],\"inLanguage\":\"es-MX\"},{\"@type\":[\"Person\",\"Organization\"],\"@id\":\"https:\/\/nitu.mx\/#\/schema\/person\/ae7a53426417292d3dd07b45a33e01bc\",\"name\":\"Arturo Medina\",\"image\":{\"@type\":\"ImageObject\",\"inLanguage\":\"es-MX\",\"@id\":\"https:\/\/nitu.mx\/#\/schema\/person\/image\/\",\"url\":\"https:\/\/nitu.mx\/wp-content\/uploads\/2024\/04\/4A315622-1904-4D5C-B022-878CDC840E04-90x90-1.jpeg\",\"contentUrl\":\"https:\/\/nitu.mx\/wp-content\/uploads\/2024\/04\/4A315622-1904-4D5C-B022-878CDC840E04-90x90-1.jpeg\",\"width\":90,\"height\":90,\"caption\":\"Arturo Medina\"},\"logo\":{\"@id\":\"https:\/\/nitu.mx\/#\/schema\/person\/image\/\"},\"description\":\"Director NITU.mx, Egresado de la Escuela de Periodismo Carlos Septi\u00e9n Garc\u00eda. Periodista y analista especializado en turismo desde hace 35 a\u00f1os, radicado en Canc\u00fan Q.Roo. arturo@nitu.mx\",\"sameAs\":[\"https:\/\/nitu.mx\",\"https:\/\/www.facebook.com\/NITUmx\/\",\"medinacancun\",\"https:\/\/twitter.com\/@Arturo_Medina_G\"]},{\"@type\":\"Person\",\"@id\":\"https:\/\/nitu.mx\/#\/schema\/person\/4a28fe9bd65924f7c90623773daf1b0b\",\"name\":\"Redacci\u00f3n\",\"image\":{\"@type\":\"ImageObject\",\"inLanguage\":\"es-MX\",\"@id\":\"https:\/\/nitu.mx\/#\/schema\/person\/image\/\",\"url\":\"https:\/\/secure.gravatar.com\/avatar\/5dd011c8ccfc5cd7e4c81e42252aab38?s=96&d=mm&r=g\",\"contentUrl\":\"https:\/\/secure.gravatar.com\/avatar\/5dd011c8ccfc5cd7e4c81e42252aab38?s=96&d=mm&r=g\",\"caption\":\"Redacci\u00f3n\"},\"url\":\"https:\/\/nitu.mx\/index.php\/author\/redaccion\/\"}]}<\/script>\n<!-- \/ Yoast SEO plugin. -->","yoast_head_json":{"title":"Aerom\u00e9xico niega pr\u00e1cticas monop\u00f3licas de hace una d\u00e9cada - Nitu - Noticias de la Industria Turistica","description":"Aerome\u0301xico inform\u00f3 que le fue notificada una resolucio\u0301n del Pleno de la COFECE) relacionada con supuestas pra\u0301cticas monopo\u0301licas.","robots":{"index":"index","follow":"follow","max-snippet":"max-snippet:-1","max-image-preview":"max-image-preview:large","max-video-preview":"max-video-preview:-1"},"canonical":"https:\/\/nitu.mx\/index.php\/2019\/03\/29\/aeromexico-niega-practicas-monopolicas-de-hace-una-decada\/","twitter_card":"summary_large_image","twitter_title":"Aerom\u00e9xico niega pr\u00e1cticas monop\u00f3licas de hace una d\u00e9cada - Nitu - Noticias de la Industria Turistica","twitter_description":"Aerome\u0301xico inform\u00f3 que le fue notificada una resolucio\u0301n del Pleno de la COFECE) relacionada con supuestas pra\u0301cticas monopo\u0301licas.","twitter_image":"https:\/\/nitu.mx\/wp-content\/uploads\/2019\/03\/aeromexico-737-MAX.jpg","twitter_creator":"@NITUmx","twitter_site":"@Arturo_Medina_G","twitter_misc":{"Escrito por":"Redacci\u00f3n","Tiempo de lectura":"2 minutos"},"schema":{"@context":"https:\/\/schema.org","@graph":[{"@type":"Article","@id":"https:\/\/nitu.mx\/index.php\/2019\/03\/29\/aeromexico-niega-practicas-monopolicas-de-hace-una-decada\/#article","isPartOf":{"@id":"https:\/\/nitu.mx\/index.php\/2019\/03\/29\/aeromexico-niega-practicas-monopolicas-de-hace-una-decada\/"},"author":{"name":"Redacci\u00f3n","@id":"https:\/\/nitu.mx\/#\/schema\/person\/4a28fe9bd65924f7c90623773daf1b0b"},"headline":"Aerom\u00e9xico niega pr\u00e1cticas monop\u00f3licas de hace una d\u00e9cada","datePublished":"2019-03-29T06:18:21+00:00","dateModified":"2019-03-29T15:17:26+00:00","mainEntityOfPage":{"@id":"https:\/\/nitu.mx\/index.php\/2019\/03\/29\/aeromexico-niega-practicas-monopolicas-de-hace-una-decada\/"},"wordCount":328,"commentCount":0,"publisher":{"@id":"https:\/\/nitu.mx\/#\/schema\/person\/ae7a53426417292d3dd07b45a33e01bc"},"image":{"@id":"https:\/\/nitu.mx\/index.php\/2019\/03\/29\/aeromexico-niega-practicas-monopolicas-de-hace-una-decada\/#primaryimage"},"thumbnailUrl":"https:\/\/nitu.mx\/wp-content\/uploads\/2019\/03\/aeromexico-737-MAX.jpg","keywords":["Aerom\u00e9xico","Interjet","mexicana","Volaris"],"articleSection":["Aerol\u00edneas","M\u00e9xico"],"inLanguage":"es-MX","potentialAction":[{"@type":"CommentAction","name":"Comment","target":["https:\/\/nitu.mx\/index.php\/2019\/03\/29\/aeromexico-niega-practicas-monopolicas-de-hace-una-decada\/#respond"]}]},{"@type":"WebPage","@id":"https:\/\/nitu.mx\/index.php\/2019\/03\/29\/aeromexico-niega-practicas-monopolicas-de-hace-una-decada\/","url":"https:\/\/nitu.mx\/index.php\/2019\/03\/29\/aeromexico-niega-practicas-monopolicas-de-hace-una-decada\/","name":"Aerom\u00e9xico niega pr\u00e1cticas monop\u00f3licas de hace una d\u00e9cada - Nitu - Noticias de la Industria Turistica","isPartOf":{"@id":"https:\/\/nitu.mx\/#website"},"primaryImageOfPage":{"@id":"https:\/\/nitu.mx\/index.php\/2019\/03\/29\/aeromexico-niega-practicas-monopolicas-de-hace-una-decada\/#primaryimage"},"image":{"@id":"https:\/\/nitu.mx\/index.php\/2019\/03\/29\/aeromexico-niega-practicas-monopolicas-de-hace-una-decada\/#primaryimage"},"thumbnailUrl":"https:\/\/nitu.mx\/wp-content\/uploads\/2019\/03\/aeromexico-737-MAX.jpg","datePublished":"2019-03-29T06:18:21+00:00","dateModified":"2019-03-29T15:17:26+00:00","description":"Aerome\u0301xico inform\u00f3 que le fue notificada una resolucio\u0301n del Pleno de la COFECE) relacionada con supuestas pra\u0301cticas monopo\u0301licas.","breadcrumb":{"@id":"https:\/\/nitu.mx\/index.php\/2019\/03\/29\/aeromexico-niega-practicas-monopolicas-de-hace-una-decada\/#breadcrumb"},"inLanguage":"es-MX","potentialAction":[{"@type":"ReadAction","target":["https:\/\/nitu.mx\/index.php\/2019\/03\/29\/aeromexico-niega-practicas-monopolicas-de-hace-una-decada\/"]}]},{"@type":"ImageObject","inLanguage":"es-MX","@id":"https:\/\/nitu.mx\/index.php\/2019\/03\/29\/aeromexico-niega-practicas-monopolicas-de-hace-una-decada\/#primaryimage","url":"https:\/\/nitu.mx\/wp-content\/uploads\/2019\/03\/aeromexico-737-MAX.jpg","contentUrl":"https:\/\/nitu.mx\/wp-content\/uploads\/2019\/03\/aeromexico-737-MAX.jpg","width":850,"height":480,"caption":"aeromexico 737 MAX izzi"},{"@type":"BreadcrumbList","@id":"https:\/\/nitu.mx\/index.php\/2019\/03\/29\/aeromexico-niega-practicas-monopolicas-de-hace-una-decada\/#breadcrumb","itemListElement":[{"@type":"ListItem","position":1,"name":"Inicio","item":"https:\/\/nitu.mx\/"},{"@type":"ListItem","position":2,"name":"Aerom\u00e9xico niega pr\u00e1cticas monop\u00f3licas de hace una d\u00e9cada"}]},{"@type":"WebSite","@id":"https:\/\/nitu.mx\/#website","url":"https:\/\/nitu.mx\/","name":"Nitu - Noticias de la Industria Turistica","description":"Noticias de la Industria Turistica","publisher":{"@id":"https:\/\/nitu.mx\/#\/schema\/person\/ae7a53426417292d3dd07b45a33e01bc"},"alternateName":"Noticias de la Industria Turistica","potentialAction":[{"@type":"SearchAction","target":{"@type":"EntryPoint","urlTemplate":"https:\/\/nitu.mx\/?s={search_term_string}"},"query-input":"required name=search_term_string"}],"inLanguage":"es-MX"},{"@type":["Person","Organization"],"@id":"https:\/\/nitu.mx\/#\/schema\/person\/ae7a53426417292d3dd07b45a33e01bc","name":"Arturo Medina","image":{"@type":"ImageObject","inLanguage":"es-MX","@id":"https:\/\/nitu.mx\/#\/schema\/person\/image\/","url":"https:\/\/nitu.mx\/wp-content\/uploads\/2024\/04\/4A315622-1904-4D5C-B022-878CDC840E04-90x90-1.jpeg","contentUrl":"https:\/\/nitu.mx\/wp-content\/uploads\/2024\/04\/4A315622-1904-4D5C-B022-878CDC840E04-90x90-1.jpeg","width":90,"height":90,"caption":"Arturo Medina"},"logo":{"@id":"https:\/\/nitu.mx\/#\/schema\/person\/image\/"},"description":"Director NITU.mx, Egresado de la Escuela de Periodismo Carlos Septi\u00e9n Garc\u00eda. Periodista y analista especializado en turismo desde hace 35 a\u00f1os, radicado en Canc\u00fan Q.Roo. arturo@nitu.mx","sameAs":["https:\/\/nitu.mx","https:\/\/www.facebook.com\/NITUmx\/","medinacancun","https:\/\/twitter.com\/@Arturo_Medina_G"]},{"@type":"Person","@id":"https:\/\/nitu.mx\/#\/schema\/person\/4a28fe9bd65924f7c90623773daf1b0b","name":"Redacci\u00f3n","image":{"@type":"ImageObject","inLanguage":"es-MX","@id":"https:\/\/nitu.mx\/#\/schema\/person\/image\/","url":"https:\/\/secure.gravatar.com\/avatar\/5dd011c8ccfc5cd7e4c81e42252aab38?s=96&d=mm&r=g","contentUrl":"https:\/\/secure.gravatar.com\/avatar\/5dd011c8ccfc5cd7e4c81e42252aab38?s=96&d=mm&r=g","caption":"Redacci\u00f3n"},"url":"https:\/\/nitu.mx\/index.php\/author\/redaccion\/"}]}},"views":232,"_links":{"self":[{"href":"https:\/\/nitu.mx\/index.php\/wp-json\/wp\/v2\/posts\/30527"}],"collection":[{"href":"https:\/\/nitu.mx\/index.php\/wp-json\/wp\/v2\/posts"}],"about":[{"href":"https:\/\/nitu.mx\/index.php\/wp-json\/wp\/v2\/types\/post"}],"author":[{"embeddable":true,"href":"https:\/\/nitu.mx\/index.php\/wp-json\/wp\/v2\/users\/17"}],"replies":[{"embeddable":true,"href":"https:\/\/nitu.mx\/index.php\/wp-json\/wp\/v2\/comments?post=30527"}],"version-history":[{"count":2,"href":"https:\/\/nitu.mx\/index.php\/wp-json\/wp\/v2\/posts\/30527\/revisions"}],"predecessor-version":[{"id":30553,"href":"https:\/\/nitu.mx\/index.php\/wp-json\/wp\/v2\/posts\/30527\/revisions\/30553"}],"wp:featuredmedia":[{"embeddable":true,"href":"https:\/\/nitu.mx\/index.php\/wp-json\/wp\/v2\/media\/29995"}],"wp:attachment":[{"href":"https:\/\/nitu.mx\/index.php\/wp-json\/wp\/v2\/media?parent=30527"}],"wp:term":[{"taxonomy":"category","embeddable":true,"href":"https:\/\/nitu.mx\/index.php\/wp-json\/wp\/v2\/categories?post=30527"},{"taxonomy":"post_tag","embeddable":true,"href":"https:\/\/nitu.mx\/index.php\/wp-json\/wp\/v2\/tags?post=30527"}],"curies":[{"name":"wp","href":"https:\/\/api.w.org\/{rel}","templated":true}]}}