{"id":3038,"date":"2016-10-17T22:55:32","date_gmt":"2016-10-18T03:55:32","guid":{"rendered":"http:\/\/www.dev.nitu.mx\/?p=3038"},"modified":"2016-10-18T00:46:12","modified_gmt":"2016-10-18T05:46:12","slug":"sheraton-santa-fe-celebra-20-anos-de-vida","status":"publish","type":"post","link":"https:\/\/nitu.mx\/index.php\/2016\/10\/17\/sheraton-santa-fe-celebra-20-anos-de-vida\/","title":{"rendered":"Sheraton Santa Fe celebra 20 a\u00f1os de vida"},"content":{"rendered":"<p>El hotel pionero del distrito comercial y financiero de Santa Fe, celebr\u00f3 dos d\u00e9cadas de vida como el primer hotel que le apost\u00f3 a la zona, que con el paso de los a\u00f1os se convertir\u00eda en el coraz\u00f3n de negocios de la Ciudad de M\u00e9xico.<\/p>\n<p>Adem\u00e1s de su servicio de calidad enfocado a las necesidades y preferencias del viajero actual, el inmueble se ha colocado como uno de los favoritos en eventos sociales y reuniones ejecutivas, pues cuenta pr\u00e1cticos espacios, como el Sal\u00f3n Santa Fe, \u00fanico en la zona.<\/p>\n<p>Su compromiso por mantenerse a lo largo de estos a\u00f1os a la vanguardia contin\u00faa, por lo que apenas hace un a\u00f1o llev\u00f3 a cabo su m\u00e1s grande renovaci\u00f3n por 4.5 millones de d\u00f3lares, la cual incluy\u00f3 una transformaci\u00f3n de piso a techo pasando por sus \u00e1reas p\u00fablicas como lobby, recepci\u00f3n, Sheraton Club y las 190 habitaciones, incluyendo la suite presidencial.<\/p>\n<p>Continuando bajo la misma filosof\u00eda, en el marco del vig\u00e9simo aniversario, Silvio Berr\u00f3n, gerente general de Sheraton Santa Fe, anunci\u00f3 la pr\u00f3xima renovaci\u00f3n del restaurante Cardon, que ofrece una propuesta gastron\u00f3mica mexicana e internacional.<\/p>\n<p>De esta manera es como Sheraton Santa Fe conjuga la experiencia de 20 a\u00f1os, con el compromiso diario por ofrecer el m\u00e1s alto servicio para mantener satisfechos a los hu\u00e9spedes m\u00e1s exigentes y atraer a un segmento a\u00fan mayor de viajeros de negocios.<\/p>\n","protected":false},"excerpt":{"rendered":"<p>El hotel pionero del distrito comercial y financiero de Santa Fe, celebr\u00f3 dos d\u00e9cadas de vida como el primer hotel que le apost\u00f3 a la zona, que con el paso de los a\u00f1os se convertir\u00eda en el coraz\u00f3n de negocios de la Ciudad de M\u00e9xico. Adem\u00e1s de su servicio de calidad enfocado a las necesidades [&hellip;]<\/p>\n","protected":false},"author":17,"featured_media":3040,"comment_status":"open","ping_status":"open","sticky":false,"template":"","format":"standard","meta":{"footnotes":""},"categories":[2,6],"tags":[1166,1164,1163,1165],"yoast_head":"<!-- This site is optimized with the Yoast SEO plugin v22.2 - https:\/\/yoast.com\/wordpress\/plugins\/seo\/ -->\n<title>Sheraton Santa Fe celebra 20 a\u00f1os de vida - Nitu - Noticias de la Industria Turistica<\/title>\n<meta name=\"description\" content=\"El hotel pionero del distrito comercial y financiero de Santa Fe, celebr\u00f3 dos d\u00e9cadas de vida como el primer hotel que le apost\u00f3 a la zona.\" \/>\n<meta name=\"robots\" content=\"index, follow, max-snippet:-1, max-image-preview:large, max-video-preview:-1\" \/>\n<link rel=\"canonical\" href=\"https:\/\/nitu.mx\/index.php\/2016\/10\/17\/sheraton-santa-fe-celebra-20-anos-de-vida\/\" \/>\n<meta name=\"twitter:card\" content=\"summary_large_image\" \/>\n<meta name=\"twitter:title\" content=\"Sheraton Santa Fe celebra 20 a\u00f1os de vida - Nitu - Noticias de la Industria Turistica\" \/>\n<meta name=\"twitter:description\" content=\"El hotel pionero del distrito comercial y financiero de Santa Fe, celebr\u00f3 dos d\u00e9cadas de vida como el primer hotel que le apost\u00f3 a la zona.\" \/>\n<meta name=\"twitter:image\" content=\"https:\/\/nitu.mx\/wp-content\/uploads\/2016\/10\/sheraton-santa-fe-2.jpg\" \/>\n<meta name=\"twitter:creator\" content=\"@NITUmx\" \/>\n<meta name=\"twitter:site\" content=\"@Arturo_Medina_G\" \/>\n<meta name=\"twitter:label1\" content=\"Escrito por\" \/>\n\t<meta name=\"twitter:data1\" content=\"Redacci\u00f3n\" \/>\n\t<meta name=\"twitter:label2\" content=\"Tiempo de lectura\" \/>\n\t<meta name=\"twitter:data2\" content=\"1 minuto\" \/>\n<script type=\"application\/ld+json\" class=\"yoast-schema-graph\">{\"@context\":\"https:\/\/schema.org\",\"@graph\":[{\"@type\":\"Article\",\"@id\":\"https:\/\/nitu.mx\/index.php\/2016\/10\/17\/sheraton-santa-fe-celebra-20-anos-de-vida\/#article\",\"isPartOf\":{\"@id\":\"https:\/\/nitu.mx\/index.php\/2016\/10\/17\/sheraton-santa-fe-celebra-20-anos-de-vida\/\"},\"author\":{\"name\":\"Redacci\u00f3n\",\"@id\":\"https:\/\/nitu.mx\/#\/schema\/person\/4a28fe9bd65924f7c90623773daf1b0b\"},\"headline\":\"Sheraton Santa Fe celebra 20 a\u00f1os de vida\",\"datePublished\":\"2016-10-18T03:55:32+00:00\",\"dateModified\":\"2016-10-18T05:46:12+00:00\",\"mainEntityOfPage\":{\"@id\":\"https:\/\/nitu.mx\/index.php\/2016\/10\/17\/sheraton-santa-fe-celebra-20-anos-de-vida\/\"},\"wordCount\":259,\"commentCount\":0,\"publisher\":{\"@id\":\"https:\/\/nitu.mx\/#\/schema\/person\/ae7a53426417292d3dd07b45a33e01bc\"},\"image\":{\"@id\":\"https:\/\/nitu.mx\/index.php\/2016\/10\/17\/sheraton-santa-fe-celebra-20-anos-de-vida\/#primaryimage\"},\"thumbnailUrl\":\"https:\/\/nitu.mx\/wp-content\/uploads\/2016\/10\/sheraton-santa-fe-2.jpg\",\"keywords\":[\"restaurante Cardon\",\"Sheraton Club\",\"Sheraton Santa Fe\",\"Silvio Berr\u00f3n\"],\"articleSection\":[\"Hoteles\",\"M\u00e9xico\"],\"inLanguage\":\"es-MX\",\"potentialAction\":[{\"@type\":\"CommentAction\",\"name\":\"Comment\",\"target\":[\"https:\/\/nitu.mx\/index.php\/2016\/10\/17\/sheraton-santa-fe-celebra-20-anos-de-vida\/#respond\"]}]},{\"@type\":\"WebPage\",\"@id\":\"https:\/\/nitu.mx\/index.php\/2016\/10\/17\/sheraton-santa-fe-celebra-20-anos-de-vida\/\",\"url\":\"https:\/\/nitu.mx\/index.php\/2016\/10\/17\/sheraton-santa-fe-celebra-20-anos-de-vida\/\",\"name\":\"Sheraton Santa Fe celebra 20 a\u00f1os de vida - Nitu - Noticias de la Industria Turistica\",\"isPartOf\":{\"@id\":\"https:\/\/nitu.mx\/#website\"},\"primaryImageOfPage\":{\"@id\":\"https:\/\/nitu.mx\/index.php\/2016\/10\/17\/sheraton-santa-fe-celebra-20-anos-de-vida\/#primaryimage\"},\"image\":{\"@id\":\"https:\/\/nitu.mx\/index.php\/2016\/10\/17\/sheraton-santa-fe-celebra-20-anos-de-vida\/#primaryimage\"},\"thumbnailUrl\":\"https:\/\/nitu.mx\/wp-content\/uploads\/2016\/10\/sheraton-santa-fe-2.jpg\",\"datePublished\":\"2016-10-18T03:55:32+00:00\",\"dateModified\":\"2016-10-18T05:46:12+00:00\",\"description\":\"El hotel pionero del distrito comercial y financiero de Santa Fe, celebr\u00f3 dos d\u00e9cadas de vida como el primer hotel que le apost\u00f3 a la zona.\",\"breadcrumb\":{\"@id\":\"https:\/\/nitu.mx\/index.php\/2016\/10\/17\/sheraton-santa-fe-celebra-20-anos-de-vida\/#breadcrumb\"},\"inLanguage\":\"es-MX\",\"potentialAction\":[{\"@type\":\"ReadAction\",\"target\":[\"https:\/\/nitu.mx\/index.php\/2016\/10\/17\/sheraton-santa-fe-celebra-20-anos-de-vida\/\"]}]},{\"@type\":\"ImageObject\",\"inLanguage\":\"es-MX\",\"@id\":\"https:\/\/nitu.mx\/index.php\/2016\/10\/17\/sheraton-santa-fe-celebra-20-anos-de-vida\/#primaryimage\",\"url\":\"https:\/\/nitu.mx\/wp-content\/uploads\/2016\/10\/sheraton-santa-fe-2.jpg\",\"contentUrl\":\"https:\/\/nitu.mx\/wp-content\/uploads\/2016\/10\/sheraton-santa-fe-2.jpg\",\"width\":2100,\"height\":1253,\"caption\":\"Sheraton Santa Fe Mexico City\"},{\"@type\":\"BreadcrumbList\",\"@id\":\"https:\/\/nitu.mx\/index.php\/2016\/10\/17\/sheraton-santa-fe-celebra-20-anos-de-vida\/#breadcrumb\",\"itemListElement\":[{\"@type\":\"ListItem\",\"position\":1,\"name\":\"Inicio\",\"item\":\"https:\/\/nitu.mx\/\"},{\"@type\":\"ListItem\",\"position\":2,\"name\":\"Sheraton Santa Fe celebra 20 a\u00f1os de vida\"}]},{\"@type\":\"WebSite\",\"@id\":\"https:\/\/nitu.mx\/#website\",\"url\":\"https:\/\/nitu.mx\/\",\"name\":\"Nitu - Noticias de la Industria Turistica\",\"description\":\"Noticias de la Industria Turistica\",\"publisher\":{\"@id\":\"https:\/\/nitu.mx\/#\/schema\/person\/ae7a53426417292d3dd07b45a33e01bc\"},\"alternateName\":\"Noticias de la Industria Turistica\",\"potentialAction\":[{\"@type\":\"SearchAction\",\"target\":{\"@type\":\"EntryPoint\",\"urlTemplate\":\"https:\/\/nitu.mx\/?s={search_term_string}\"},\"query-input\":\"required name=search_term_string\"}],\"inLanguage\":\"es-MX\"},{\"@type\":[\"Person\",\"Organization\"],\"@id\":\"https:\/\/nitu.mx\/#\/schema\/person\/ae7a53426417292d3dd07b45a33e01bc\",\"name\":\"Arturo Medina\",\"image\":{\"@type\":\"ImageObject\",\"inLanguage\":\"es-MX\",\"@id\":\"https:\/\/nitu.mx\/#\/schema\/person\/image\/\",\"url\":\"https:\/\/nitu.mx\/wp-content\/uploads\/2024\/04\/4A315622-1904-4D5C-B022-878CDC840E04-90x90-1.jpeg\",\"contentUrl\":\"https:\/\/nitu.mx\/wp-content\/uploads\/2024\/04\/4A315622-1904-4D5C-B022-878CDC840E04-90x90-1.jpeg\",\"width\":90,\"height\":90,\"caption\":\"Arturo Medina\"},\"logo\":{\"@id\":\"https:\/\/nitu.mx\/#\/schema\/person\/image\/\"},\"description\":\"Director NITU.mx, Egresado de la Escuela de Periodismo Carlos Septi\u00e9n Garc\u00eda. Periodista y analista especializado en turismo desde hace 35 a\u00f1os, radicado en Canc\u00fan Q.Roo. arturo@nitu.mx\",\"sameAs\":[\"https:\/\/nitu.mx\",\"https:\/\/www.facebook.com\/NITUmx\/\",\"medinacancun\",\"https:\/\/twitter.com\/@Arturo_Medina_G\"]},{\"@type\":\"Person\",\"@id\":\"https:\/\/nitu.mx\/#\/schema\/person\/4a28fe9bd65924f7c90623773daf1b0b\",\"name\":\"Redacci\u00f3n\",\"image\":{\"@type\":\"ImageObject\",\"inLanguage\":\"es-MX\",\"@id\":\"https:\/\/nitu.mx\/#\/schema\/person\/image\/\",\"url\":\"https:\/\/secure.gravatar.com\/avatar\/5dd011c8ccfc5cd7e4c81e42252aab38?s=96&d=mm&r=g\",\"contentUrl\":\"https:\/\/secure.gravatar.com\/avatar\/5dd011c8ccfc5cd7e4c81e42252aab38?s=96&d=mm&r=g\",\"caption\":\"Redacci\u00f3n\"},\"url\":\"https:\/\/nitu.mx\/index.php\/author\/redaccion\/\"}]}<\/script>\n<!-- \/ Yoast SEO plugin. -->","yoast_head_json":{"title":"Sheraton Santa Fe celebra 20 a\u00f1os de vida - Nitu - Noticias de la Industria Turistica","description":"El hotel pionero del distrito comercial y financiero de Santa Fe, celebr\u00f3 dos d\u00e9cadas de vida como el primer hotel que le apost\u00f3 a la zona.","robots":{"index":"index","follow":"follow","max-snippet":"max-snippet:-1","max-image-preview":"max-image-preview:large","max-video-preview":"max-video-preview:-1"},"canonical":"https:\/\/nitu.mx\/index.php\/2016\/10\/17\/sheraton-santa-fe-celebra-20-anos-de-vida\/","twitter_card":"summary_large_image","twitter_title":"Sheraton Santa Fe celebra 20 a\u00f1os de vida - Nitu - Noticias de la Industria Turistica","twitter_description":"El hotel pionero del distrito comercial y financiero de Santa Fe, celebr\u00f3 dos d\u00e9cadas de vida como el primer hotel que le apost\u00f3 a la zona.","twitter_image":"https:\/\/nitu.mx\/wp-content\/uploads\/2016\/10\/sheraton-santa-fe-2.jpg","twitter_creator":"@NITUmx","twitter_site":"@Arturo_Medina_G","twitter_misc":{"Escrito por":"Redacci\u00f3n","Tiempo de lectura":"1 minuto"},"schema":{"@context":"https:\/\/schema.org","@graph":[{"@type":"Article","@id":"https:\/\/nitu.mx\/index.php\/2016\/10\/17\/sheraton-santa-fe-celebra-20-anos-de-vida\/#article","isPartOf":{"@id":"https:\/\/nitu.mx\/index.php\/2016\/10\/17\/sheraton-santa-fe-celebra-20-anos-de-vida\/"},"author":{"name":"Redacci\u00f3n","@id":"https:\/\/nitu.mx\/#\/schema\/person\/4a28fe9bd65924f7c90623773daf1b0b"},"headline":"Sheraton Santa Fe celebra 20 a\u00f1os de vida","datePublished":"2016-10-18T03:55:32+00:00","dateModified":"2016-10-18T05:46:12+00:00","mainEntityOfPage":{"@id":"https:\/\/nitu.mx\/index.php\/2016\/10\/17\/sheraton-santa-fe-celebra-20-anos-de-vida\/"},"wordCount":259,"commentCount":0,"publisher":{"@id":"https:\/\/nitu.mx\/#\/schema\/person\/ae7a53426417292d3dd07b45a33e01bc"},"image":{"@id":"https:\/\/nitu.mx\/index.php\/2016\/10\/17\/sheraton-santa-fe-celebra-20-anos-de-vida\/#primaryimage"},"thumbnailUrl":"https:\/\/nitu.mx\/wp-content\/uploads\/2016\/10\/sheraton-santa-fe-2.jpg","keywords":["restaurante Cardon","Sheraton Club","Sheraton Santa Fe","Silvio Berr\u00f3n"],"articleSection":["Hoteles","M\u00e9xico"],"inLanguage":"es-MX","potentialAction":[{"@type":"CommentAction","name":"Comment","target":["https:\/\/nitu.mx\/index.php\/2016\/10\/17\/sheraton-santa-fe-celebra-20-anos-de-vida\/#respond"]}]},{"@type":"WebPage","@id":"https:\/\/nitu.mx\/index.php\/2016\/10\/17\/sheraton-santa-fe-celebra-20-anos-de-vida\/","url":"https:\/\/nitu.mx\/index.php\/2016\/10\/17\/sheraton-santa-fe-celebra-20-anos-de-vida\/","name":"Sheraton Santa Fe celebra 20 a\u00f1os de vida - Nitu - Noticias de la Industria Turistica","isPartOf":{"@id":"https:\/\/nitu.mx\/#website"},"primaryImageOfPage":{"@id":"https:\/\/nitu.mx\/index.php\/2016\/10\/17\/sheraton-santa-fe-celebra-20-anos-de-vida\/#primaryimage"},"image":{"@id":"https:\/\/nitu.mx\/index.php\/2016\/10\/17\/sheraton-santa-fe-celebra-20-anos-de-vida\/#primaryimage"},"thumbnailUrl":"https:\/\/nitu.mx\/wp-content\/uploads\/2016\/10\/sheraton-santa-fe-2.jpg","datePublished":"2016-10-18T03:55:32+00:00","dateModified":"2016-10-18T05:46:12+00:00","description":"El hotel pionero del distrito comercial y financiero de Santa Fe, celebr\u00f3 dos d\u00e9cadas de vida como el primer hotel que le apost\u00f3 a la zona.","breadcrumb":{"@id":"https:\/\/nitu.mx\/index.php\/2016\/10\/17\/sheraton-santa-fe-celebra-20-anos-de-vida\/#breadcrumb"},"inLanguage":"es-MX","potentialAction":[{"@type":"ReadAction","target":["https:\/\/nitu.mx\/index.php\/2016\/10\/17\/sheraton-santa-fe-celebra-20-anos-de-vida\/"]}]},{"@type":"ImageObject","inLanguage":"es-MX","@id":"https:\/\/nitu.mx\/index.php\/2016\/10\/17\/sheraton-santa-fe-celebra-20-anos-de-vida\/#primaryimage","url":"https:\/\/nitu.mx\/wp-content\/uploads\/2016\/10\/sheraton-santa-fe-2.jpg","contentUrl":"https:\/\/nitu.mx\/wp-content\/uploads\/2016\/10\/sheraton-santa-fe-2.jpg","width":2100,"height":1253,"caption":"Sheraton Santa Fe Mexico City"},{"@type":"BreadcrumbList","@id":"https:\/\/nitu.mx\/index.php\/2016\/10\/17\/sheraton-santa-fe-celebra-20-anos-de-vida\/#breadcrumb","itemListElement":[{"@type":"ListItem","position":1,"name":"Inicio","item":"https:\/\/nitu.mx\/"},{"@type":"ListItem","position":2,"name":"Sheraton Santa Fe celebra 20 a\u00f1os de vida"}]},{"@type":"WebSite","@id":"https:\/\/nitu.mx\/#website","url":"https:\/\/nitu.mx\/","name":"Nitu - Noticias de la Industria Turistica","description":"Noticias de la Industria Turistica","publisher":{"@id":"https:\/\/nitu.mx\/#\/schema\/person\/ae7a53426417292d3dd07b45a33e01bc"},"alternateName":"Noticias de la Industria Turistica","potentialAction":[{"@type":"SearchAction","target":{"@type":"EntryPoint","urlTemplate":"https:\/\/nitu.mx\/?s={search_term_string}"},"query-input":"required name=search_term_string"}],"inLanguage":"es-MX"},{"@type":["Person","Organization"],"@id":"https:\/\/nitu.mx\/#\/schema\/person\/ae7a53426417292d3dd07b45a33e01bc","name":"Arturo Medina","image":{"@type":"ImageObject","inLanguage":"es-MX","@id":"https:\/\/nitu.mx\/#\/schema\/person\/image\/","url":"https:\/\/nitu.mx\/wp-content\/uploads\/2024\/04\/4A315622-1904-4D5C-B022-878CDC840E04-90x90-1.jpeg","contentUrl":"https:\/\/nitu.mx\/wp-content\/uploads\/2024\/04\/4A315622-1904-4D5C-B022-878CDC840E04-90x90-1.jpeg","width":90,"height":90,"caption":"Arturo Medina"},"logo":{"@id":"https:\/\/nitu.mx\/#\/schema\/person\/image\/"},"description":"Director NITU.mx, Egresado de la Escuela de Periodismo Carlos Septi\u00e9n Garc\u00eda. Periodista y analista especializado en turismo desde hace 35 a\u00f1os, radicado en Canc\u00fan Q.Roo. arturo@nitu.mx","sameAs":["https:\/\/nitu.mx","https:\/\/www.facebook.com\/NITUmx\/","medinacancun","https:\/\/twitter.com\/@Arturo_Medina_G"]},{"@type":"Person","@id":"https:\/\/nitu.mx\/#\/schema\/person\/4a28fe9bd65924f7c90623773daf1b0b","name":"Redacci\u00f3n","image":{"@type":"ImageObject","inLanguage":"es-MX","@id":"https:\/\/nitu.mx\/#\/schema\/person\/image\/","url":"https:\/\/secure.gravatar.com\/avatar\/5dd011c8ccfc5cd7e4c81e42252aab38?s=96&d=mm&r=g","contentUrl":"https:\/\/secure.gravatar.com\/avatar\/5dd011c8ccfc5cd7e4c81e42252aab38?s=96&d=mm&r=g","caption":"Redacci\u00f3n"},"url":"https:\/\/nitu.mx\/index.php\/author\/redaccion\/"}]}},"views":452,"_links":{"self":[{"href":"https:\/\/nitu.mx\/index.php\/wp-json\/wp\/v2\/posts\/3038"}],"collection":[{"href":"https:\/\/nitu.mx\/index.php\/wp-json\/wp\/v2\/posts"}],"about":[{"href":"https:\/\/nitu.mx\/index.php\/wp-json\/wp\/v2\/types\/post"}],"author":[{"embeddable":true,"href":"https:\/\/nitu.mx\/index.php\/wp-json\/wp\/v2\/users\/17"}],"replies":[{"embeddable":true,"href":"https:\/\/nitu.mx\/index.php\/wp-json\/wp\/v2\/comments?post=3038"}],"version-history":[{"count":2,"href":"https:\/\/nitu.mx\/index.php\/wp-json\/wp\/v2\/posts\/3038\/revisions"}],"predecessor-version":[{"id":3042,"href":"https:\/\/nitu.mx\/index.php\/wp-json\/wp\/v2\/posts\/3038\/revisions\/3042"}],"wp:featuredmedia":[{"embeddable":true,"href":"https:\/\/nitu.mx\/index.php\/wp-json\/wp\/v2\/media\/3040"}],"wp:attachment":[{"href":"https:\/\/nitu.mx\/index.php\/wp-json\/wp\/v2\/media?parent=3038"}],"wp:term":[{"taxonomy":"category","embeddable":true,"href":"https:\/\/nitu.mx\/index.php\/wp-json\/wp\/v2\/categories?post=3038"},{"taxonomy":"post_tag","embeddable":true,"href":"https:\/\/nitu.mx\/index.php\/wp-json\/wp\/v2\/tags?post=3038"}],"curies":[{"name":"wp","href":"https:\/\/api.w.org\/{rel}","templated":true}]}}