{"id":30360,"date":"2019-03-26T00:58:57","date_gmt":"2019-03-26T05:58:57","guid":{"rendered":"https:\/\/www.dev.nitu.mx\/?p=30360"},"modified":"2019-03-26T01:24:27","modified_gmt":"2019-03-26T06:24:27","slug":"amav-presento-a-diputados-la-iniciativa-de-ley-federal-de-autotransporte-turistico","status":"publish","type":"post","link":"https:\/\/nitu.mx\/index.php\/2019\/03\/26\/amav-presento-a-diputados-la-iniciativa-de-ley-federal-de-autotransporte-turistico\/","title":{"rendered":"AMAV present\u00f3 a diputados la Iniciativa de Ley Federal de Autotransporte Tur\u00edstico"},"content":{"rendered":"<p>El pasado 5 de marzo, los Cap\u00edtulos de Los Cabos, BCS, Puerto Vallarta y Nayarit, Cozumel y Quintana Roo de la Asociaci\u00f3n Mexicana de Agencias de Viajes AMAV, con la presencia tambi\u00e9n del Presidente de AMAV Nacional y diversos empresarios tur\u00edsticos, presentaron en el Palacio Legislativo de San L\u00e1zaro, ante las Comisiones unidas de Transporte y de Turismo de la C\u00e1mara de Diputados, la Iniciativa de Ley Federal de Autotransporte Tur\u00edstico.<\/p>\n<p>Esta Iniciativa constituye por primera vez en m\u00e1s de dos d\u00e9cadas un esfuerzo por modernizar la legislaci\u00f3n en materia de transporte tur\u00edstico d\u00e1ndole al mismo el car\u00e1cter de especializaci\u00f3n que merece.<\/p>\n<p>Siendo el Turismo tan importante para el desarrollo econ\u00f3mico de M\u00e9xico, siendo una industria reconocida por su amplia generaci\u00f3n de empleos y por la capacidad de captar divisas tan necesarias entre otras bondades, es justo, oportuno y necesario que cuente con una Ley espec\u00edfica para regular el Transporte Tur\u00edstico en todo el Pa\u00eds, que<\/p>\n<p>haga referencia a t\u00e9rminos y conceptos como Circuito Tur\u00edstico, Excursi\u00f3n, Visita Guiada, Transportaci\u00f3n a Hoteles y otros escenarios de ocio, como no se ha mencionado nunca antes.<\/p>\n<p>Es necesaria una ley que haga referencia a las nuevas tecnolog\u00edas, a la sustentabilidad, pero sobretodo que privilegie el libre derecho de los turistas y visitantes a elegir el tipo de transporte que m\u00e1s les convenga.<\/p>\n<p>La Iniciativa presentada no limita a ning\u00fan otro transportista, ni invade las atribuciones de los concesionarios estatales de transporte, simplemente deja en claro las posibilidades, capacidades y derechos de los permisionarios federales. (<a title=\"Agencias de viajes sobreviven a la era digital: AMAV\" href=\"https:\/\/www.dev.nitu.mx\/index.php\/2018\/10\/01\/agencias-de-viajes-sobreviven-a-la-era-digital-amav\/\" rel=\"bookmark\">Agencias de viajes sobreviven a la era digital: AMAV<\/a>).<\/p>\n<p>El transporte con Placas Federales, fue creado para ofrecer un servicio diferenciado a los turistas, un servicio distinto al de un taxi, un servicio de Lujo, y esta Ley lo deja en claro al destacar la especializaci\u00f3n y reiterar que un transportista tur\u00edstico no puede servir ni transportar a nadie m\u00e1s que no sean turistas.<\/p>\n<p>No fomenta pues, ninguna competencia desleal.<\/p>\n<p>De forma tal que los Agentes de Viajes, Transportistas con Placas Federales,<\/p>\n<p>Operadores\u00a0 Receptivos, Hoteleros e Industria Tur\u00edstica en general hacemos un llamado y un exhorto respetuoso a los distinguidos Diputados de la LXIV Legislatura para que aprueben la mencionada Iniciativa y la publiquen durante el actual periodo de sesiones.<\/p>\n<p>Es esta una Iniciativa que privilegia la Competitividad, la libre empresa, el libre mercado y que le concede al Turismo la tan anhelada y merecida prioridad nacional.<\/p>\n","protected":false},"excerpt":{"rendered":"<p>El pasado 5 de marzo, los Cap\u00edtulos de Los Cabos, BCS, Puerto Vallarta y Nayarit, Cozumel y Quintana Roo de la Asociaci\u00f3n Mexicana de Agencias de Viajes AMAV, con la presencia tambi\u00e9n del Presidente de AMAV Nacional y diversos empresarios tur\u00edsticos, presentaron en el Palacio Legislativo de San L\u00e1zaro, ante las Comisiones unidas de Transporte [&hellip;]<\/p>\n","protected":false},"author":17,"featured_media":22255,"comment_status":"open","ping_status":"open","sticky":false,"template":"","format":"standard","meta":{"footnotes":""},"categories":[3,6],"tags":[15051,133,15053,110,15054,130,1431,15052,471,15050],"yoast_head":"<!-- This site is optimized with the Yoast SEO plugin v22.2 - https:\/\/yoast.com\/wordpress\/plugins\/seo\/ -->\n<title>AMAV present\u00f3 a diputados la Iniciativa de Ley Federal de Autotransporte Tur\u00edstico - Nitu - Noticias de la Industria Turistica<\/title>\n<meta name=\"description\" content=\"AMAV constituye por primera vez en m\u00e1s de dos d\u00e9cadas un esfuerzo por modernizar la legislaci\u00f3n en materia de transporte tur\u00edstico.\" \/>\n<meta name=\"robots\" content=\"index, follow, max-snippet:-1, max-image-preview:large, max-video-preview:-1\" \/>\n<link rel=\"canonical\" href=\"https:\/\/nitu.mx\/index.php\/2019\/03\/26\/amav-presento-a-diputados-la-iniciativa-de-ley-federal-de-autotransporte-turistico\/\" \/>\n<meta name=\"twitter:card\" content=\"summary_large_image\" \/>\n<meta name=\"twitter:title\" content=\"AMAV present\u00f3 a diputados la Iniciativa de Ley Federal de Autotransporte Tur\u00edstico - Nitu - Noticias de la Industria Turistica\" \/>\n<meta name=\"twitter:description\" content=\"AMAV constituye por primera vez en m\u00e1s de dos d\u00e9cadas un esfuerzo por modernizar la legislaci\u00f3n en materia de transporte tur\u00edstico.\" \/>\n<meta name=\"twitter:image\" content=\"https:\/\/nitu.mx\/wp-content\/uploads\/2018\/07\/AMAV-Jorge-Hern\u00e1ndez.jpg\" \/>\n<meta name=\"twitter:creator\" content=\"@NITUmx\" \/>\n<meta name=\"twitter:site\" content=\"@Arturo_Medina_G\" \/>\n<meta name=\"twitter:label1\" content=\"Escrito por\" \/>\n\t<meta name=\"twitter:data1\" content=\"Redacci\u00f3n\" \/>\n\t<meta name=\"twitter:label2\" content=\"Tiempo de lectura\" \/>\n\t<meta name=\"twitter:data2\" content=\"2 minutos\" \/>\n<script type=\"application\/ld+json\" class=\"yoast-schema-graph\">{\"@context\":\"https:\/\/schema.org\",\"@graph\":[{\"@type\":\"Article\",\"@id\":\"https:\/\/nitu.mx\/index.php\/2019\/03\/26\/amav-presento-a-diputados-la-iniciativa-de-ley-federal-de-autotransporte-turistico\/#article\",\"isPartOf\":{\"@id\":\"https:\/\/nitu.mx\/index.php\/2019\/03\/26\/amav-presento-a-diputados-la-iniciativa-de-ley-federal-de-autotransporte-turistico\/\"},\"author\":{\"name\":\"Redacci\u00f3n\",\"@id\":\"https:\/\/nitu.mx\/#\/schema\/person\/4a28fe9bd65924f7c90623773daf1b0b\"},\"headline\":\"AMAV present\u00f3 a diputados la Iniciativa de Ley Federal de Autotransporte Tur\u00edstico\",\"datePublished\":\"2019-03-26T05:58:57+00:00\",\"dateModified\":\"2019-03-26T06:24:27+00:00\",\"mainEntityOfPage\":{\"@id\":\"https:\/\/nitu.mx\/index.php\/2019\/03\/26\/amav-presento-a-diputados-la-iniciativa-de-ley-federal-de-autotransporte-turistico\/\"},\"wordCount\":441,\"commentCount\":0,\"publisher\":{\"@id\":\"https:\/\/nitu.mx\/#\/schema\/person\/ae7a53426417292d3dd07b45a33e01bc\"},\"image\":{\"@id\":\"https:\/\/nitu.mx\/index.php\/2019\/03\/26\/amav-presento-a-diputados-la-iniciativa-de-ley-federal-de-autotransporte-turistico\/#primaryimage\"},\"thumbnailUrl\":\"https:\/\/nitu.mx\/wp-content\/uploads\/2018\/07\/AMAV-Jorge-Hern\u00e1ndez.jpg\",\"keywords\":[\"AMAV Nacional empresarios tur\u00edsticos\",\"BCS\",\"Comisiones unidas de Transporte y de Turismo de la C\u00e1mara de Diputados\",\"Cozumel\",\"Iniciativa de Ley Federal de Autotransporte Tur\u00edstico\",\"Los Cabos\",\"Nayarit\",\"Palacio Legislativo de San L\u00e1zaro\",\"Puerto Vallarta\",\"Quintana Roo de la Asociaci\u00f3n Mexicana de Agencias de Viajes AMAV\"],\"articleSection\":[\"Agencias de Viajes\",\"M\u00e9xico\"],\"inLanguage\":\"es-MX\",\"potentialAction\":[{\"@type\":\"CommentAction\",\"name\":\"Comment\",\"target\":[\"https:\/\/nitu.mx\/index.php\/2019\/03\/26\/amav-presento-a-diputados-la-iniciativa-de-ley-federal-de-autotransporte-turistico\/#respond\"]}]},{\"@type\":\"WebPage\",\"@id\":\"https:\/\/nitu.mx\/index.php\/2019\/03\/26\/amav-presento-a-diputados-la-iniciativa-de-ley-federal-de-autotransporte-turistico\/\",\"url\":\"https:\/\/nitu.mx\/index.php\/2019\/03\/26\/amav-presento-a-diputados-la-iniciativa-de-ley-federal-de-autotransporte-turistico\/\",\"name\":\"AMAV present\u00f3 a diputados la Iniciativa de Ley Federal de Autotransporte Tur\u00edstico - Nitu - Noticias de la Industria Turistica\",\"isPartOf\":{\"@id\":\"https:\/\/nitu.mx\/#website\"},\"primaryImageOfPage\":{\"@id\":\"https:\/\/nitu.mx\/index.php\/2019\/03\/26\/amav-presento-a-diputados-la-iniciativa-de-ley-federal-de-autotransporte-turistico\/#primaryimage\"},\"image\":{\"@id\":\"https:\/\/nitu.mx\/index.php\/2019\/03\/26\/amav-presento-a-diputados-la-iniciativa-de-ley-federal-de-autotransporte-turistico\/#primaryimage\"},\"thumbnailUrl\":\"https:\/\/nitu.mx\/wp-content\/uploads\/2018\/07\/AMAV-Jorge-Hern\u00e1ndez.jpg\",\"datePublished\":\"2019-03-26T05:58:57+00:00\",\"dateModified\":\"2019-03-26T06:24:27+00:00\",\"description\":\"AMAV constituye por primera vez en m\u00e1s de dos d\u00e9cadas un esfuerzo por modernizar la legislaci\u00f3n en materia de transporte tur\u00edstico.\",\"breadcrumb\":{\"@id\":\"https:\/\/nitu.mx\/index.php\/2019\/03\/26\/amav-presento-a-diputados-la-iniciativa-de-ley-federal-de-autotransporte-turistico\/#breadcrumb\"},\"inLanguage\":\"es-MX\",\"potentialAction\":[{\"@type\":\"ReadAction\",\"target\":[\"https:\/\/nitu.mx\/index.php\/2019\/03\/26\/amav-presento-a-diputados-la-iniciativa-de-ley-federal-de-autotransporte-turistico\/\"]}]},{\"@type\":\"ImageObject\",\"inLanguage\":\"es-MX\",\"@id\":\"https:\/\/nitu.mx\/index.php\/2019\/03\/26\/amav-presento-a-diputados-la-iniciativa-de-ley-federal-de-autotransporte-turistico\/#primaryimage\",\"url\":\"https:\/\/nitu.mx\/wp-content\/uploads\/2018\/07\/AMAV-Jorge-Hern\u00e1ndez.jpg\",\"contentUrl\":\"https:\/\/nitu.mx\/wp-content\/uploads\/2018\/07\/AMAV-Jorge-Hern\u00e1ndez.jpg\",\"width\":850,\"height\":480,\"caption\":\"AMAV Jorge Hern\u00e1ndez turismo\"},{\"@type\":\"BreadcrumbList\",\"@id\":\"https:\/\/nitu.mx\/index.php\/2019\/03\/26\/amav-presento-a-diputados-la-iniciativa-de-ley-federal-de-autotransporte-turistico\/#breadcrumb\",\"itemListElement\":[{\"@type\":\"ListItem\",\"position\":1,\"name\":\"Inicio\",\"item\":\"https:\/\/nitu.mx\/\"},{\"@type\":\"ListItem\",\"position\":2,\"name\":\"AMAV present\u00f3 a diputados la Iniciativa de Ley Federal de Autotransporte Tur\u00edstico\"}]},{\"@type\":\"WebSite\",\"@id\":\"https:\/\/nitu.mx\/#website\",\"url\":\"https:\/\/nitu.mx\/\",\"name\":\"Nitu - Noticias de la Industria Turistica\",\"description\":\"Noticias de la Industria Turistica\",\"publisher\":{\"@id\":\"https:\/\/nitu.mx\/#\/schema\/person\/ae7a53426417292d3dd07b45a33e01bc\"},\"alternateName\":\"Noticias de la Industria Turistica\",\"potentialAction\":[{\"@type\":\"SearchAction\",\"target\":{\"@type\":\"EntryPoint\",\"urlTemplate\":\"https:\/\/nitu.mx\/?s={search_term_string}\"},\"query-input\":\"required name=search_term_string\"}],\"inLanguage\":\"es-MX\"},{\"@type\":[\"Person\",\"Organization\"],\"@id\":\"https:\/\/nitu.mx\/#\/schema\/person\/ae7a53426417292d3dd07b45a33e01bc\",\"name\":\"Arturo Medina\",\"image\":{\"@type\":\"ImageObject\",\"inLanguage\":\"es-MX\",\"@id\":\"https:\/\/nitu.mx\/#\/schema\/person\/image\/\",\"url\":\"https:\/\/nitu.mx\/wp-content\/uploads\/2024\/04\/4A315622-1904-4D5C-B022-878CDC840E04-90x90-1.jpeg\",\"contentUrl\":\"https:\/\/nitu.mx\/wp-content\/uploads\/2024\/04\/4A315622-1904-4D5C-B022-878CDC840E04-90x90-1.jpeg\",\"width\":90,\"height\":90,\"caption\":\"Arturo Medina\"},\"logo\":{\"@id\":\"https:\/\/nitu.mx\/#\/schema\/person\/image\/\"},\"description\":\"Director NITU.mx, Egresado de la Escuela de Periodismo Carlos Septi\u00e9n Garc\u00eda. Periodista y analista especializado en turismo desde hace 35 a\u00f1os, radicado en Canc\u00fan Q.Roo. arturo@nitu.mx\",\"sameAs\":[\"https:\/\/nitu.mx\",\"https:\/\/www.facebook.com\/NITUmx\/\",\"medinacancun\",\"https:\/\/twitter.com\/@Arturo_Medina_G\"]},{\"@type\":\"Person\",\"@id\":\"https:\/\/nitu.mx\/#\/schema\/person\/4a28fe9bd65924f7c90623773daf1b0b\",\"name\":\"Redacci\u00f3n\",\"image\":{\"@type\":\"ImageObject\",\"inLanguage\":\"es-MX\",\"@id\":\"https:\/\/nitu.mx\/#\/schema\/person\/image\/\",\"url\":\"https:\/\/secure.gravatar.com\/avatar\/5dd011c8ccfc5cd7e4c81e42252aab38?s=96&d=mm&r=g\",\"contentUrl\":\"https:\/\/secure.gravatar.com\/avatar\/5dd011c8ccfc5cd7e4c81e42252aab38?s=96&d=mm&r=g\",\"caption\":\"Redacci\u00f3n\"},\"url\":\"https:\/\/nitu.mx\/index.php\/author\/redaccion\/\"}]}<\/script>\n<!-- \/ Yoast SEO plugin. -->","yoast_head_json":{"title":"AMAV present\u00f3 a diputados la Iniciativa de Ley Federal de Autotransporte Tur\u00edstico - Nitu - Noticias de la Industria Turistica","description":"AMAV constituye por primera vez en m\u00e1s de dos d\u00e9cadas un esfuerzo por modernizar la legislaci\u00f3n en materia de transporte tur\u00edstico.","robots":{"index":"index","follow":"follow","max-snippet":"max-snippet:-1","max-image-preview":"max-image-preview:large","max-video-preview":"max-video-preview:-1"},"canonical":"https:\/\/nitu.mx\/index.php\/2019\/03\/26\/amav-presento-a-diputados-la-iniciativa-de-ley-federal-de-autotransporte-turistico\/","twitter_card":"summary_large_image","twitter_title":"AMAV present\u00f3 a diputados la Iniciativa de Ley Federal de Autotransporte Tur\u00edstico - Nitu - Noticias de la Industria Turistica","twitter_description":"AMAV constituye por primera vez en m\u00e1s de dos d\u00e9cadas un esfuerzo por modernizar la legislaci\u00f3n en materia de transporte tur\u00edstico.","twitter_image":"https:\/\/nitu.mx\/wp-content\/uploads\/2018\/07\/AMAV-Jorge-Hern\u00e1ndez.jpg","twitter_creator":"@NITUmx","twitter_site":"@Arturo_Medina_G","twitter_misc":{"Escrito por":"Redacci\u00f3n","Tiempo de lectura":"2 minutos"},"schema":{"@context":"https:\/\/schema.org","@graph":[{"@type":"Article","@id":"https:\/\/nitu.mx\/index.php\/2019\/03\/26\/amav-presento-a-diputados-la-iniciativa-de-ley-federal-de-autotransporte-turistico\/#article","isPartOf":{"@id":"https:\/\/nitu.mx\/index.php\/2019\/03\/26\/amav-presento-a-diputados-la-iniciativa-de-ley-federal-de-autotransporte-turistico\/"},"author":{"name":"Redacci\u00f3n","@id":"https:\/\/nitu.mx\/#\/schema\/person\/4a28fe9bd65924f7c90623773daf1b0b"},"headline":"AMAV present\u00f3 a diputados la Iniciativa de Ley Federal de Autotransporte Tur\u00edstico","datePublished":"2019-03-26T05:58:57+00:00","dateModified":"2019-03-26T06:24:27+00:00","mainEntityOfPage":{"@id":"https:\/\/nitu.mx\/index.php\/2019\/03\/26\/amav-presento-a-diputados-la-iniciativa-de-ley-federal-de-autotransporte-turistico\/"},"wordCount":441,"commentCount":0,"publisher":{"@id":"https:\/\/nitu.mx\/#\/schema\/person\/ae7a53426417292d3dd07b45a33e01bc"},"image":{"@id":"https:\/\/nitu.mx\/index.php\/2019\/03\/26\/amav-presento-a-diputados-la-iniciativa-de-ley-federal-de-autotransporte-turistico\/#primaryimage"},"thumbnailUrl":"https:\/\/nitu.mx\/wp-content\/uploads\/2018\/07\/AMAV-Jorge-Hern\u00e1ndez.jpg","keywords":["AMAV Nacional empresarios tur\u00edsticos","BCS","Comisiones unidas de Transporte y de Turismo de la C\u00e1mara de Diputados","Cozumel","Iniciativa de Ley Federal de Autotransporte Tur\u00edstico","Los Cabos","Nayarit","Palacio Legislativo de San L\u00e1zaro","Puerto Vallarta","Quintana Roo de la Asociaci\u00f3n Mexicana de Agencias de Viajes AMAV"],"articleSection":["Agencias de Viajes","M\u00e9xico"],"inLanguage":"es-MX","potentialAction":[{"@type":"CommentAction","name":"Comment","target":["https:\/\/nitu.mx\/index.php\/2019\/03\/26\/amav-presento-a-diputados-la-iniciativa-de-ley-federal-de-autotransporte-turistico\/#respond"]}]},{"@type":"WebPage","@id":"https:\/\/nitu.mx\/index.php\/2019\/03\/26\/amav-presento-a-diputados-la-iniciativa-de-ley-federal-de-autotransporte-turistico\/","url":"https:\/\/nitu.mx\/index.php\/2019\/03\/26\/amav-presento-a-diputados-la-iniciativa-de-ley-federal-de-autotransporte-turistico\/","name":"AMAV present\u00f3 a diputados la Iniciativa de Ley Federal de Autotransporte Tur\u00edstico - Nitu - Noticias de la Industria Turistica","isPartOf":{"@id":"https:\/\/nitu.mx\/#website"},"primaryImageOfPage":{"@id":"https:\/\/nitu.mx\/index.php\/2019\/03\/26\/amav-presento-a-diputados-la-iniciativa-de-ley-federal-de-autotransporte-turistico\/#primaryimage"},"image":{"@id":"https:\/\/nitu.mx\/index.php\/2019\/03\/26\/amav-presento-a-diputados-la-iniciativa-de-ley-federal-de-autotransporte-turistico\/#primaryimage"},"thumbnailUrl":"https:\/\/nitu.mx\/wp-content\/uploads\/2018\/07\/AMAV-Jorge-Hern\u00e1ndez.jpg","datePublished":"2019-03-26T05:58:57+00:00","dateModified":"2019-03-26T06:24:27+00:00","description":"AMAV constituye por primera vez en m\u00e1s de dos d\u00e9cadas un esfuerzo por modernizar la legislaci\u00f3n en materia de transporte tur\u00edstico.","breadcrumb":{"@id":"https:\/\/nitu.mx\/index.php\/2019\/03\/26\/amav-presento-a-diputados-la-iniciativa-de-ley-federal-de-autotransporte-turistico\/#breadcrumb"},"inLanguage":"es-MX","potentialAction":[{"@type":"ReadAction","target":["https:\/\/nitu.mx\/index.php\/2019\/03\/26\/amav-presento-a-diputados-la-iniciativa-de-ley-federal-de-autotransporte-turistico\/"]}]},{"@type":"ImageObject","inLanguage":"es-MX","@id":"https:\/\/nitu.mx\/index.php\/2019\/03\/26\/amav-presento-a-diputados-la-iniciativa-de-ley-federal-de-autotransporte-turistico\/#primaryimage","url":"https:\/\/nitu.mx\/wp-content\/uploads\/2018\/07\/AMAV-Jorge-Hern\u00e1ndez.jpg","contentUrl":"https:\/\/nitu.mx\/wp-content\/uploads\/2018\/07\/AMAV-Jorge-Hern\u00e1ndez.jpg","width":850,"height":480,"caption":"AMAV Jorge Hern\u00e1ndez turismo"},{"@type":"BreadcrumbList","@id":"https:\/\/nitu.mx\/index.php\/2019\/03\/26\/amav-presento-a-diputados-la-iniciativa-de-ley-federal-de-autotransporte-turistico\/#breadcrumb","itemListElement":[{"@type":"ListItem","position":1,"name":"Inicio","item":"https:\/\/nitu.mx\/"},{"@type":"ListItem","position":2,"name":"AMAV present\u00f3 a diputados la Iniciativa de Ley Federal de Autotransporte Tur\u00edstico"}]},{"@type":"WebSite","@id":"https:\/\/nitu.mx\/#website","url":"https:\/\/nitu.mx\/","name":"Nitu - Noticias de la Industria Turistica","description":"Noticias de la Industria Turistica","publisher":{"@id":"https:\/\/nitu.mx\/#\/schema\/person\/ae7a53426417292d3dd07b45a33e01bc"},"alternateName":"Noticias de la Industria Turistica","potentialAction":[{"@type":"SearchAction","target":{"@type":"EntryPoint","urlTemplate":"https:\/\/nitu.mx\/?s={search_term_string}"},"query-input":"required name=search_term_string"}],"inLanguage":"es-MX"},{"@type":["Person","Organization"],"@id":"https:\/\/nitu.mx\/#\/schema\/person\/ae7a53426417292d3dd07b45a33e01bc","name":"Arturo Medina","image":{"@type":"ImageObject","inLanguage":"es-MX","@id":"https:\/\/nitu.mx\/#\/schema\/person\/image\/","url":"https:\/\/nitu.mx\/wp-content\/uploads\/2024\/04\/4A315622-1904-4D5C-B022-878CDC840E04-90x90-1.jpeg","contentUrl":"https:\/\/nitu.mx\/wp-content\/uploads\/2024\/04\/4A315622-1904-4D5C-B022-878CDC840E04-90x90-1.jpeg","width":90,"height":90,"caption":"Arturo Medina"},"logo":{"@id":"https:\/\/nitu.mx\/#\/schema\/person\/image\/"},"description":"Director NITU.mx, Egresado de la Escuela de Periodismo Carlos Septi\u00e9n Garc\u00eda. Periodista y analista especializado en turismo desde hace 35 a\u00f1os, radicado en Canc\u00fan Q.Roo. arturo@nitu.mx","sameAs":["https:\/\/nitu.mx","https:\/\/www.facebook.com\/NITUmx\/","medinacancun","https:\/\/twitter.com\/@Arturo_Medina_G"]},{"@type":"Person","@id":"https:\/\/nitu.mx\/#\/schema\/person\/4a28fe9bd65924f7c90623773daf1b0b","name":"Redacci\u00f3n","image":{"@type":"ImageObject","inLanguage":"es-MX","@id":"https:\/\/nitu.mx\/#\/schema\/person\/image\/","url":"https:\/\/secure.gravatar.com\/avatar\/5dd011c8ccfc5cd7e4c81e42252aab38?s=96&d=mm&r=g","contentUrl":"https:\/\/secure.gravatar.com\/avatar\/5dd011c8ccfc5cd7e4c81e42252aab38?s=96&d=mm&r=g","caption":"Redacci\u00f3n"},"url":"https:\/\/nitu.mx\/index.php\/author\/redaccion\/"}]}},"views":355,"_links":{"self":[{"href":"https:\/\/nitu.mx\/index.php\/wp-json\/wp\/v2\/posts\/30360"}],"collection":[{"href":"https:\/\/nitu.mx\/index.php\/wp-json\/wp\/v2\/posts"}],"about":[{"href":"https:\/\/nitu.mx\/index.php\/wp-json\/wp\/v2\/types\/post"}],"author":[{"embeddable":true,"href":"https:\/\/nitu.mx\/index.php\/wp-json\/wp\/v2\/users\/17"}],"replies":[{"embeddable":true,"href":"https:\/\/nitu.mx\/index.php\/wp-json\/wp\/v2\/comments?post=30360"}],"version-history":[{"count":4,"href":"https:\/\/nitu.mx\/index.php\/wp-json\/wp\/v2\/posts\/30360\/revisions"}],"predecessor-version":[{"id":30390,"href":"https:\/\/nitu.mx\/index.php\/wp-json\/wp\/v2\/posts\/30360\/revisions\/30390"}],"wp:featuredmedia":[{"embeddable":true,"href":"https:\/\/nitu.mx\/index.php\/wp-json\/wp\/v2\/media\/22255"}],"wp:attachment":[{"href":"https:\/\/nitu.mx\/index.php\/wp-json\/wp\/v2\/media?parent=30360"}],"wp:term":[{"taxonomy":"category","embeddable":true,"href":"https:\/\/nitu.mx\/index.php\/wp-json\/wp\/v2\/categories?post=30360"},{"taxonomy":"post_tag","embeddable":true,"href":"https:\/\/nitu.mx\/index.php\/wp-json\/wp\/v2\/tags?post=30360"}],"curies":[{"name":"wp","href":"https:\/\/api.w.org\/{rel}","templated":true}]}}