{"id":30319,"date":"2019-03-25T01:06:17","date_gmt":"2019-03-25T06:06:17","guid":{"rendered":"https:\/\/www.dev.nitu.mx\/?p=30319"},"modified":"2019-03-25T01:21:31","modified_gmt":"2019-03-25T06:21:31","slug":"tren-maya-abrira-nuevo-mercado-para-empresarios-de-la-peninsula-de-yucatan-concanaco","status":"publish","type":"post","link":"https:\/\/nitu.mx\/index.php\/2019\/03\/25\/tren-maya-abrira-nuevo-mercado-para-empresarios-de-la-peninsula-de-yucatan-concanaco\/","title":{"rendered":"Tren Maya abrir\u00e1 nuevo mercado para empresarios de la Pen\u00ednsula de Yucat\u00e1n: Concanaco"},"content":{"rendered":"<p>El Tren Maya abrir\u00e1 un nuevo mercado para los empresarios de la Pen\u00ednsula de Yucat\u00e1n, debido a la conectividad, vol\u00famenes y costos ligados al transporte por ferrocarril, que proveer\u00e1 bienes y servicios entre las entidades de la regi\u00f3n, con\u00a0 ventajas log\u00edsticas, y oportunidades para el abastecimiento de productos agropecuarios y alimentos procesados, entre otros, fortaleciendo el mercado interno, asever\u00f3 Jos\u00e9 Manuel L\u00f3pez Campos, presidente de la Concanaco-Servytur.<\/p>\n<p>\u201cEl proyecto del Tren Maya contribuir\u00e1 al reordenamiento territorial del Sureste y evitar\u00e1 que contin\u00fae la expulsi\u00f3n de habitantes de esa zona hacia las principales ciudades del pa\u00eds, en busca de trabajo, lo cual ha provocado una excesiva concentraci\u00f3n demogr\u00e1fica en algunas metr\u00f3polis\u201d, apost\u00f3.<\/p>\n<p>El presidente de la Confederaci\u00f3n de C\u00e1maras Nacionales de Comercio, Servicios y Turismo (Concanaco Servytur), resalt\u00f3 que este proyecto permitir\u00e1 generar, en gran medida, los empleos que se requieren en un pa\u00eds como el nuestro, con m\u00e1s de 130 millones de habitantes y que a\u00fan tiene un bono demogr\u00e1fico importante y, de esta manera, contribuir\u00e1 a reducir las presiones sociales.<\/p>\n<p>\u201cCon esta obra de infraestructura se abrir\u00e1 la posibilidad de que empresas locales sean m\u00e1s competitivas para la proveedur\u00eda de bienes y servicios para la regi\u00f3n Sureste del pa\u00eds\u201d, acot\u00f3.<\/p>\n<p>Por ser el Tren Maya un medio de transporte de carga y turismo, que conectar\u00e1 a destinos tur\u00edsticos emblem\u00e1ticos y \u00e1reas con potencial productivo de la regi\u00f3n, permitir\u00e1 dinamizar el desarrollo de los cinco estados comprendidos en la ruta, generando oportunidades para la atracci\u00f3n de empresas, empleo y condiciones que generen mejores niveles de bienestar y arraigo poblacional, asent\u00f3.<\/p>\n<p>Por los indicadores econ\u00f3micos de los estados del Sureste, se requiere de incentivos y de mejores condiciones de competitividad, por ello es muy importante apuntalar en cada entidad el desarrollo productivo dentro de las \u00e1reas de la diversidad de actividades econ\u00f3micas que demandar\u00e1 el impulso a los destinos tur\u00edsticos que repuntar\u00e1n con el Tren Maya.<\/p>\n<p>Para el empresario esta regi\u00f3n tiene una gran oportunidad de crecimiento y desarrollo econ\u00f3mico porque el Gobierno Federal incluye entre sus prioridades reducir los rezagos entre los estados del Sur y Sureste respecto al Centro y Norte del pa\u00eds.<\/p>\n<p>\u201cEsas oportunidades se ver\u00e1n reflejadas en las grandes inversiones que han sido plasmadas en el programa del Gobierno Federal, las cuales se incluir\u00e1n en el Plan Nacional de Desarrollo, la hoja de ruta del sexenio\u201d, precis\u00f3. (El Economista).<\/p>\n","protected":false},"excerpt":{"rendered":"<p>El Tren Maya abrir\u00e1 un nuevo mercado para los empresarios de la Pen\u00ednsula de Yucat\u00e1n, debido a la conectividad, vol\u00famenes y costos ligados al transporte por ferrocarril, que proveer\u00e1 bienes y servicios entre las entidades de la regi\u00f3n, con\u00a0 ventajas log\u00edsticas, y oportunidades para el abastecimiento de productos agropecuarios y alimentos procesados, entre otros, fortaleciendo [&hellip;]<\/p>\n","protected":false},"author":17,"featured_media":27107,"comment_status":"open","ping_status":"open","sticky":false,"template":"","format":"standard","meta":{"footnotes":""},"categories":[12,6],"tags":[1607,1713,68,11427],"yoast_head":"<!-- This site is optimized with the Yoast SEO plugin v22.2 - https:\/\/yoast.com\/wordpress\/plugins\/seo\/ -->\n<title>Tren Maya abrir\u00e1 nuevo mercado para empresarios de la Pen\u00ednsula de Yucat\u00e1n: Concanaco - Nitu - Noticias de la Industria Turistica<\/title>\n<meta name=\"description\" content=\"El Tren Maya abrir\u00e1 un nuevo mercado para los empresarios de la Pen\u00ednsula de Yucat\u00e1n, debido a la conectividad, vol\u00famenes y costos ligados al transporte.\" \/>\n<meta name=\"robots\" content=\"index, follow, max-snippet:-1, max-image-preview:large, max-video-preview:-1\" \/>\n<link rel=\"canonical\" href=\"https:\/\/nitu.mx\/index.php\/2019\/03\/25\/tren-maya-abrira-nuevo-mercado-para-empresarios-de-la-peninsula-de-yucatan-concanaco\/\" \/>\n<meta name=\"twitter:card\" content=\"summary_large_image\" \/>\n<meta name=\"twitter:title\" content=\"Tren Maya abrir\u00e1 nuevo mercado para empresarios de la Pen\u00ednsula de Yucat\u00e1n: Concanaco - Nitu - Noticias de la Industria Turistica\" \/>\n<meta name=\"twitter:description\" content=\"El Tren Maya abrir\u00e1 un nuevo mercado para los empresarios de la Pen\u00ednsula de Yucat\u00e1n, debido a la conectividad, vol\u00famenes y costos ligados al transporte.\" \/>\n<meta name=\"twitter:image\" content=\"https:\/\/nitu.mx\/wp-content\/uploads\/2018\/11\/tren-maya-rutas.jpg\" \/>\n<meta name=\"twitter:creator\" content=\"@NITUmx\" \/>\n<meta name=\"twitter:site\" content=\"@Arturo_Medina_G\" \/>\n<meta name=\"twitter:label1\" content=\"Escrito por\" \/>\n\t<meta name=\"twitter:data1\" content=\"Redacci\u00f3n\" \/>\n\t<meta name=\"twitter:label2\" content=\"Tiempo de lectura\" \/>\n\t<meta name=\"twitter:data2\" content=\"2 minutos\" \/>\n<script type=\"application\/ld+json\" class=\"yoast-schema-graph\">{\"@context\":\"https:\/\/schema.org\",\"@graph\":[{\"@type\":\"Article\",\"@id\":\"https:\/\/nitu.mx\/index.php\/2019\/03\/25\/tren-maya-abrira-nuevo-mercado-para-empresarios-de-la-peninsula-de-yucatan-concanaco\/#article\",\"isPartOf\":{\"@id\":\"https:\/\/nitu.mx\/index.php\/2019\/03\/25\/tren-maya-abrira-nuevo-mercado-para-empresarios-de-la-peninsula-de-yucatan-concanaco\/\"},\"author\":{\"name\":\"Redacci\u00f3n\",\"@id\":\"https:\/\/nitu.mx\/#\/schema\/person\/4a28fe9bd65924f7c90623773daf1b0b\"},\"headline\":\"Tren Maya abrir\u00e1 nuevo mercado para empresarios de la Pen\u00ednsula de Yucat\u00e1n: Concanaco\",\"datePublished\":\"2019-03-25T06:06:17+00:00\",\"dateModified\":\"2019-03-25T06:21:31+00:00\",\"mainEntityOfPage\":{\"@id\":\"https:\/\/nitu.mx\/index.php\/2019\/03\/25\/tren-maya-abrira-nuevo-mercado-para-empresarios-de-la-peninsula-de-yucatan-concanaco\/\"},\"wordCount\":441,\"commentCount\":0,\"publisher\":{\"@id\":\"https:\/\/nitu.mx\/#\/schema\/person\/ae7a53426417292d3dd07b45a33e01bc\"},\"image\":{\"@id\":\"https:\/\/nitu.mx\/index.php\/2019\/03\/25\/tren-maya-abrira-nuevo-mercado-para-empresarios-de-la-peninsula-de-yucatan-concanaco\/#primaryimage\"},\"thumbnailUrl\":\"https:\/\/nitu.mx\/wp-content\/uploads\/2018\/11\/tren-maya-rutas.jpg\",\"keywords\":[\"Concanaco Servytur\",\"Jos\u00e9 Manuel L\u00f3pez Campos\",\"M\u00e9xico\",\"Tren Maya\"],\"articleSection\":[\"Marketing\",\"M\u00e9xico\"],\"inLanguage\":\"es-MX\",\"potentialAction\":[{\"@type\":\"CommentAction\",\"name\":\"Comment\",\"target\":[\"https:\/\/nitu.mx\/index.php\/2019\/03\/25\/tren-maya-abrira-nuevo-mercado-para-empresarios-de-la-peninsula-de-yucatan-concanaco\/#respond\"]}]},{\"@type\":\"WebPage\",\"@id\":\"https:\/\/nitu.mx\/index.php\/2019\/03\/25\/tren-maya-abrira-nuevo-mercado-para-empresarios-de-la-peninsula-de-yucatan-concanaco\/\",\"url\":\"https:\/\/nitu.mx\/index.php\/2019\/03\/25\/tren-maya-abrira-nuevo-mercado-para-empresarios-de-la-peninsula-de-yucatan-concanaco\/\",\"name\":\"Tren Maya abrir\u00e1 nuevo mercado para empresarios de la Pen\u00ednsula de Yucat\u00e1n: Concanaco - Nitu - Noticias de la Industria Turistica\",\"isPartOf\":{\"@id\":\"https:\/\/nitu.mx\/#website\"},\"primaryImageOfPage\":{\"@id\":\"https:\/\/nitu.mx\/index.php\/2019\/03\/25\/tren-maya-abrira-nuevo-mercado-para-empresarios-de-la-peninsula-de-yucatan-concanaco\/#primaryimage\"},\"image\":{\"@id\":\"https:\/\/nitu.mx\/index.php\/2019\/03\/25\/tren-maya-abrira-nuevo-mercado-para-empresarios-de-la-peninsula-de-yucatan-concanaco\/#primaryimage\"},\"thumbnailUrl\":\"https:\/\/nitu.mx\/wp-content\/uploads\/2018\/11\/tren-maya-rutas.jpg\",\"datePublished\":\"2019-03-25T06:06:17+00:00\",\"dateModified\":\"2019-03-25T06:21:31+00:00\",\"description\":\"El Tren Maya abrir\u00e1 un nuevo mercado para los empresarios de la Pen\u00ednsula de Yucat\u00e1n, debido a la conectividad, vol\u00famenes y costos ligados al transporte.\",\"breadcrumb\":{\"@id\":\"https:\/\/nitu.mx\/index.php\/2019\/03\/25\/tren-maya-abrira-nuevo-mercado-para-empresarios-de-la-peninsula-de-yucatan-concanaco\/#breadcrumb\"},\"inLanguage\":\"es-MX\",\"potentialAction\":[{\"@type\":\"ReadAction\",\"target\":[\"https:\/\/nitu.mx\/index.php\/2019\/03\/25\/tren-maya-abrira-nuevo-mercado-para-empresarios-de-la-peninsula-de-yucatan-concanaco\/\"]}]},{\"@type\":\"ImageObject\",\"inLanguage\":\"es-MX\",\"@id\":\"https:\/\/nitu.mx\/index.php\/2019\/03\/25\/tren-maya-abrira-nuevo-mercado-para-empresarios-de-la-peninsula-de-yucatan-concanaco\/#primaryimage\",\"url\":\"https:\/\/nitu.mx\/wp-content\/uploads\/2018\/11\/tren-maya-rutas.jpg\",\"contentUrl\":\"https:\/\/nitu.mx\/wp-content\/uploads\/2018\/11\/tren-maya-rutas.jpg\",\"width\":850,\"height\":480,\"caption\":\"Tren maya rutas\"},{\"@type\":\"BreadcrumbList\",\"@id\":\"https:\/\/nitu.mx\/index.php\/2019\/03\/25\/tren-maya-abrira-nuevo-mercado-para-empresarios-de-la-peninsula-de-yucatan-concanaco\/#breadcrumb\",\"itemListElement\":[{\"@type\":\"ListItem\",\"position\":1,\"name\":\"Inicio\",\"item\":\"https:\/\/nitu.mx\/\"},{\"@type\":\"ListItem\",\"position\":2,\"name\":\"Tren Maya abrir\u00e1 nuevo mercado para empresarios de la Pen\u00ednsula de Yucat\u00e1n: Concanaco\"}]},{\"@type\":\"WebSite\",\"@id\":\"https:\/\/nitu.mx\/#website\",\"url\":\"https:\/\/nitu.mx\/\",\"name\":\"Nitu - Noticias de la Industria Turistica\",\"description\":\"Noticias de la Industria Turistica\",\"publisher\":{\"@id\":\"https:\/\/nitu.mx\/#\/schema\/person\/ae7a53426417292d3dd07b45a33e01bc\"},\"alternateName\":\"Noticias de la Industria Turistica\",\"potentialAction\":[{\"@type\":\"SearchAction\",\"target\":{\"@type\":\"EntryPoint\",\"urlTemplate\":\"https:\/\/nitu.mx\/?s={search_term_string}\"},\"query-input\":\"required name=search_term_string\"}],\"inLanguage\":\"es-MX\"},{\"@type\":[\"Person\",\"Organization\"],\"@id\":\"https:\/\/nitu.mx\/#\/schema\/person\/ae7a53426417292d3dd07b45a33e01bc\",\"name\":\"Arturo Medina\",\"image\":{\"@type\":\"ImageObject\",\"inLanguage\":\"es-MX\",\"@id\":\"https:\/\/nitu.mx\/#\/schema\/person\/image\/\",\"url\":\"https:\/\/nitu.mx\/wp-content\/uploads\/2024\/04\/4A315622-1904-4D5C-B022-878CDC840E04-90x90-1.jpeg\",\"contentUrl\":\"https:\/\/nitu.mx\/wp-content\/uploads\/2024\/04\/4A315622-1904-4D5C-B022-878CDC840E04-90x90-1.jpeg\",\"width\":90,\"height\":90,\"caption\":\"Arturo Medina\"},\"logo\":{\"@id\":\"https:\/\/nitu.mx\/#\/schema\/person\/image\/\"},\"description\":\"Director NITU.mx, Egresado de la Escuela de Periodismo Carlos Septi\u00e9n Garc\u00eda. Periodista y analista especializado en turismo desde hace 35 a\u00f1os, radicado en Canc\u00fan Q.Roo. arturo@nitu.mx\",\"sameAs\":[\"https:\/\/nitu.mx\",\"https:\/\/www.facebook.com\/NITUmx\/\",\"medinacancun\",\"https:\/\/twitter.com\/@Arturo_Medina_G\"]},{\"@type\":\"Person\",\"@id\":\"https:\/\/nitu.mx\/#\/schema\/person\/4a28fe9bd65924f7c90623773daf1b0b\",\"name\":\"Redacci\u00f3n\",\"image\":{\"@type\":\"ImageObject\",\"inLanguage\":\"es-MX\",\"@id\":\"https:\/\/nitu.mx\/#\/schema\/person\/image\/\",\"url\":\"https:\/\/secure.gravatar.com\/avatar\/5dd011c8ccfc5cd7e4c81e42252aab38?s=96&d=mm&r=g\",\"contentUrl\":\"https:\/\/secure.gravatar.com\/avatar\/5dd011c8ccfc5cd7e4c81e42252aab38?s=96&d=mm&r=g\",\"caption\":\"Redacci\u00f3n\"},\"url\":\"https:\/\/nitu.mx\/index.php\/author\/redaccion\/\"}]}<\/script>\n<!-- \/ Yoast SEO plugin. -->","yoast_head_json":{"title":"Tren Maya abrir\u00e1 nuevo mercado para empresarios de la Pen\u00ednsula de Yucat\u00e1n: Concanaco - Nitu - Noticias de la Industria Turistica","description":"El Tren Maya abrir\u00e1 un nuevo mercado para los empresarios de la Pen\u00ednsula de Yucat\u00e1n, debido a la conectividad, vol\u00famenes y costos ligados al transporte.","robots":{"index":"index","follow":"follow","max-snippet":"max-snippet:-1","max-image-preview":"max-image-preview:large","max-video-preview":"max-video-preview:-1"},"canonical":"https:\/\/nitu.mx\/index.php\/2019\/03\/25\/tren-maya-abrira-nuevo-mercado-para-empresarios-de-la-peninsula-de-yucatan-concanaco\/","twitter_card":"summary_large_image","twitter_title":"Tren Maya abrir\u00e1 nuevo mercado para empresarios de la Pen\u00ednsula de Yucat\u00e1n: Concanaco - Nitu - Noticias de la Industria Turistica","twitter_description":"El Tren Maya abrir\u00e1 un nuevo mercado para los empresarios de la Pen\u00ednsula de Yucat\u00e1n, debido a la conectividad, vol\u00famenes y costos ligados al transporte.","twitter_image":"https:\/\/nitu.mx\/wp-content\/uploads\/2018\/11\/tren-maya-rutas.jpg","twitter_creator":"@NITUmx","twitter_site":"@Arturo_Medina_G","twitter_misc":{"Escrito por":"Redacci\u00f3n","Tiempo de lectura":"2 minutos"},"schema":{"@context":"https:\/\/schema.org","@graph":[{"@type":"Article","@id":"https:\/\/nitu.mx\/index.php\/2019\/03\/25\/tren-maya-abrira-nuevo-mercado-para-empresarios-de-la-peninsula-de-yucatan-concanaco\/#article","isPartOf":{"@id":"https:\/\/nitu.mx\/index.php\/2019\/03\/25\/tren-maya-abrira-nuevo-mercado-para-empresarios-de-la-peninsula-de-yucatan-concanaco\/"},"author":{"name":"Redacci\u00f3n","@id":"https:\/\/nitu.mx\/#\/schema\/person\/4a28fe9bd65924f7c90623773daf1b0b"},"headline":"Tren Maya abrir\u00e1 nuevo mercado para empresarios de la Pen\u00ednsula de Yucat\u00e1n: Concanaco","datePublished":"2019-03-25T06:06:17+00:00","dateModified":"2019-03-25T06:21:31+00:00","mainEntityOfPage":{"@id":"https:\/\/nitu.mx\/index.php\/2019\/03\/25\/tren-maya-abrira-nuevo-mercado-para-empresarios-de-la-peninsula-de-yucatan-concanaco\/"},"wordCount":441,"commentCount":0,"publisher":{"@id":"https:\/\/nitu.mx\/#\/schema\/person\/ae7a53426417292d3dd07b45a33e01bc"},"image":{"@id":"https:\/\/nitu.mx\/index.php\/2019\/03\/25\/tren-maya-abrira-nuevo-mercado-para-empresarios-de-la-peninsula-de-yucatan-concanaco\/#primaryimage"},"thumbnailUrl":"https:\/\/nitu.mx\/wp-content\/uploads\/2018\/11\/tren-maya-rutas.jpg","keywords":["Concanaco Servytur","Jos\u00e9 Manuel L\u00f3pez Campos","M\u00e9xico","Tren Maya"],"articleSection":["Marketing","M\u00e9xico"],"inLanguage":"es-MX","potentialAction":[{"@type":"CommentAction","name":"Comment","target":["https:\/\/nitu.mx\/index.php\/2019\/03\/25\/tren-maya-abrira-nuevo-mercado-para-empresarios-de-la-peninsula-de-yucatan-concanaco\/#respond"]}]},{"@type":"WebPage","@id":"https:\/\/nitu.mx\/index.php\/2019\/03\/25\/tren-maya-abrira-nuevo-mercado-para-empresarios-de-la-peninsula-de-yucatan-concanaco\/","url":"https:\/\/nitu.mx\/index.php\/2019\/03\/25\/tren-maya-abrira-nuevo-mercado-para-empresarios-de-la-peninsula-de-yucatan-concanaco\/","name":"Tren Maya abrir\u00e1 nuevo mercado para empresarios de la Pen\u00ednsula de Yucat\u00e1n: Concanaco - Nitu - Noticias de la Industria Turistica","isPartOf":{"@id":"https:\/\/nitu.mx\/#website"},"primaryImageOfPage":{"@id":"https:\/\/nitu.mx\/index.php\/2019\/03\/25\/tren-maya-abrira-nuevo-mercado-para-empresarios-de-la-peninsula-de-yucatan-concanaco\/#primaryimage"},"image":{"@id":"https:\/\/nitu.mx\/index.php\/2019\/03\/25\/tren-maya-abrira-nuevo-mercado-para-empresarios-de-la-peninsula-de-yucatan-concanaco\/#primaryimage"},"thumbnailUrl":"https:\/\/nitu.mx\/wp-content\/uploads\/2018\/11\/tren-maya-rutas.jpg","datePublished":"2019-03-25T06:06:17+00:00","dateModified":"2019-03-25T06:21:31+00:00","description":"El Tren Maya abrir\u00e1 un nuevo mercado para los empresarios de la Pen\u00ednsula de Yucat\u00e1n, debido a la conectividad, vol\u00famenes y costos ligados al transporte.","breadcrumb":{"@id":"https:\/\/nitu.mx\/index.php\/2019\/03\/25\/tren-maya-abrira-nuevo-mercado-para-empresarios-de-la-peninsula-de-yucatan-concanaco\/#breadcrumb"},"inLanguage":"es-MX","potentialAction":[{"@type":"ReadAction","target":["https:\/\/nitu.mx\/index.php\/2019\/03\/25\/tren-maya-abrira-nuevo-mercado-para-empresarios-de-la-peninsula-de-yucatan-concanaco\/"]}]},{"@type":"ImageObject","inLanguage":"es-MX","@id":"https:\/\/nitu.mx\/index.php\/2019\/03\/25\/tren-maya-abrira-nuevo-mercado-para-empresarios-de-la-peninsula-de-yucatan-concanaco\/#primaryimage","url":"https:\/\/nitu.mx\/wp-content\/uploads\/2018\/11\/tren-maya-rutas.jpg","contentUrl":"https:\/\/nitu.mx\/wp-content\/uploads\/2018\/11\/tren-maya-rutas.jpg","width":850,"height":480,"caption":"Tren maya rutas"},{"@type":"BreadcrumbList","@id":"https:\/\/nitu.mx\/index.php\/2019\/03\/25\/tren-maya-abrira-nuevo-mercado-para-empresarios-de-la-peninsula-de-yucatan-concanaco\/#breadcrumb","itemListElement":[{"@type":"ListItem","position":1,"name":"Inicio","item":"https:\/\/nitu.mx\/"},{"@type":"ListItem","position":2,"name":"Tren Maya abrir\u00e1 nuevo mercado para empresarios de la Pen\u00ednsula de Yucat\u00e1n: Concanaco"}]},{"@type":"WebSite","@id":"https:\/\/nitu.mx\/#website","url":"https:\/\/nitu.mx\/","name":"Nitu - Noticias de la Industria Turistica","description":"Noticias de la Industria Turistica","publisher":{"@id":"https:\/\/nitu.mx\/#\/schema\/person\/ae7a53426417292d3dd07b45a33e01bc"},"alternateName":"Noticias de la Industria Turistica","potentialAction":[{"@type":"SearchAction","target":{"@type":"EntryPoint","urlTemplate":"https:\/\/nitu.mx\/?s={search_term_string}"},"query-input":"required name=search_term_string"}],"inLanguage":"es-MX"},{"@type":["Person","Organization"],"@id":"https:\/\/nitu.mx\/#\/schema\/person\/ae7a53426417292d3dd07b45a33e01bc","name":"Arturo Medina","image":{"@type":"ImageObject","inLanguage":"es-MX","@id":"https:\/\/nitu.mx\/#\/schema\/person\/image\/","url":"https:\/\/nitu.mx\/wp-content\/uploads\/2024\/04\/4A315622-1904-4D5C-B022-878CDC840E04-90x90-1.jpeg","contentUrl":"https:\/\/nitu.mx\/wp-content\/uploads\/2024\/04\/4A315622-1904-4D5C-B022-878CDC840E04-90x90-1.jpeg","width":90,"height":90,"caption":"Arturo Medina"},"logo":{"@id":"https:\/\/nitu.mx\/#\/schema\/person\/image\/"},"description":"Director NITU.mx, Egresado de la Escuela de Periodismo Carlos Septi\u00e9n Garc\u00eda. Periodista y analista especializado en turismo desde hace 35 a\u00f1os, radicado en Canc\u00fan Q.Roo. arturo@nitu.mx","sameAs":["https:\/\/nitu.mx","https:\/\/www.facebook.com\/NITUmx\/","medinacancun","https:\/\/twitter.com\/@Arturo_Medina_G"]},{"@type":"Person","@id":"https:\/\/nitu.mx\/#\/schema\/person\/4a28fe9bd65924f7c90623773daf1b0b","name":"Redacci\u00f3n","image":{"@type":"ImageObject","inLanguage":"es-MX","@id":"https:\/\/nitu.mx\/#\/schema\/person\/image\/","url":"https:\/\/secure.gravatar.com\/avatar\/5dd011c8ccfc5cd7e4c81e42252aab38?s=96&d=mm&r=g","contentUrl":"https:\/\/secure.gravatar.com\/avatar\/5dd011c8ccfc5cd7e4c81e42252aab38?s=96&d=mm&r=g","caption":"Redacci\u00f3n"},"url":"https:\/\/nitu.mx\/index.php\/author\/redaccion\/"}]}},"views":222,"_links":{"self":[{"href":"https:\/\/nitu.mx\/index.php\/wp-json\/wp\/v2\/posts\/30319"}],"collection":[{"href":"https:\/\/nitu.mx\/index.php\/wp-json\/wp\/v2\/posts"}],"about":[{"href":"https:\/\/nitu.mx\/index.php\/wp-json\/wp\/v2\/types\/post"}],"author":[{"embeddable":true,"href":"https:\/\/nitu.mx\/index.php\/wp-json\/wp\/v2\/users\/17"}],"replies":[{"embeddable":true,"href":"https:\/\/nitu.mx\/index.php\/wp-json\/wp\/v2\/comments?post=30319"}],"version-history":[{"count":1,"href":"https:\/\/nitu.mx\/index.php\/wp-json\/wp\/v2\/posts\/30319\/revisions"}],"predecessor-version":[{"id":30320,"href":"https:\/\/nitu.mx\/index.php\/wp-json\/wp\/v2\/posts\/30319\/revisions\/30320"}],"wp:featuredmedia":[{"embeddable":true,"href":"https:\/\/nitu.mx\/index.php\/wp-json\/wp\/v2\/media\/27107"}],"wp:attachment":[{"href":"https:\/\/nitu.mx\/index.php\/wp-json\/wp\/v2\/media?parent=30319"}],"wp:term":[{"taxonomy":"category","embeddable":true,"href":"https:\/\/nitu.mx\/index.php\/wp-json\/wp\/v2\/categories?post=30319"},{"taxonomy":"post_tag","embeddable":true,"href":"https:\/\/nitu.mx\/index.php\/wp-json\/wp\/v2\/tags?post=30319"}],"curies":[{"name":"wp","href":"https:\/\/api.w.org\/{rel}","templated":true}]}}