{"id":30317,"date":"2019-03-24T23:26:40","date_gmt":"2019-03-25T04:26:40","guid":{"rendered":"https:\/\/www.dev.nitu.mx\/?p=30317"},"modified":"2019-03-25T01:20:37","modified_gmt":"2019-03-25T06:20:37","slug":"apple-leisure-group-presenta-a-su-nuevo-presidente-de-la-division-europea","status":"publish","type":"post","link":"https:\/\/nitu.mx\/index.php\/2019\/03\/24\/apple-leisure-group-presenta-a-su-nuevo-presidente-de-la-division-europea\/","title":{"rendered":"Apple Leisure Group presenta a su nuevo presidente de la divisi\u00f3n europea"},"content":{"rendered":"<p>Javier \u00c1guila ha sido nombrado por Apple Leisure Group (ALG) presidente de su divisi\u00f3n en Europa con efectos inmediatos. Basado en Palma (Mallorca), \u00c1guila se unir\u00e1 al Comit\u00e9 Ejecutivo de la matriz estadounidense de la compa\u00f1\u00eda.<\/p>\n<p>A este respecto, el vicepresidente ejecutivo y director de Estrategia de ALG, Javier Coll, manifest\u00f3: \u201cDesde que anunciamos nuestro primer proyecto de resorts en Espa\u00f1a, hemos visto una fuerte demanda de propietarios que quieren traer nuestras marcas multi-premiadas a Europa\u201d.<\/p>\n<p>\u201cEl profundo conocimiento del mercado de Javier y su experiencia haciendo crecer r\u00e1pidamente la cartera de gesti\u00f3n de una marca como Alua Hotels &amp; Resorts es un activo de gran valor para nosotros. Con \u00e9l como gu\u00eda, no dudo que cumpliremos nuestro objetivo de gestionar m\u00e1s de 30 resorts en Europa en 2021\u201d, a\u00f1adi\u00f3 Coll.<\/p>\n<p>En este nuevo puesto, \u00c1guila se encargar\u00e1 del desarrollo e implementaci\u00f3n del plan estrat\u00e9gico de la compa\u00f1\u00eda en Europa, as\u00ed como de establecer la presencia de ALG en los principales destinos vacacionales europeos y supervisar la expansi\u00f3n de sus marzas hoteleras y de resorts bajo las marcas de AMResorts.<\/p>\n<p>Adem\u00e1s supervisar\u00e1 el actual portfolio de la compa\u00f1\u00eda, conformado por 4.000 habitaciones repartidas en 16 hoteles. De estos, 12 operan bajo la marca Alua Hotels &amp; Resorts. Cabe destacar, la labor de Jordi de las Moras como director general de la divisi\u00f3n europea. (<a title=\"Imparable Apple Leisure Group compra el touroperador brit\u00e1nico Funway Holidays International\" href=\"https:\/\/www.dev.nitu.mx\/index.php\/2018\/10\/26\/imparable-apple-leisure-group-compra-el-touroperador-britanico-funway-holidays-international\/\" rel=\"bookmark\">Imparable Apple Leisure Group compra el touroperador brit\u00e1nico Funway Holidays International<\/a>).<\/p>\n<p>\u00c1guila es licenciado en administraci\u00f3n de empresas y en management por ESADE (Escuela Superior de Administraci\u00f3n y Direcci\u00f3n de Empresas). Adem\u00e1s, cuenta con un m\u00e1ster en esta \u00faltima materia por la Thunderbird School of Global Management. Tambi\u00e9n ha estudiado en la Columbia Business School, donde obtuvo su MBA.<\/p>\n<p>Javier inici\u00f3 su trayectoria en las firmas de consultor\u00eda McKinsey &amp; Company y Booz Allen en Nueva York, Londres y Madrid. En 2007, se uni\u00f3 a la firma de capital privado The Carlyle Group, como parte de su equipo ejecutivo, para supervisar sus inversiones en Europa.<\/p>\n<p>Antes de incorporarse a ALG, \u00c1guila fue jefe de operaciones de Orizonia hasta la fundaci\u00f3n de Alua Hotels &amp; Resorts en 2014. En tan solo cuatro a\u00f1os, construy\u00f3 la cartera de gesti\u00f3n de Alua, integrada por 15 hoteles en las Islas Baleares y Canarias, en colaboraci\u00f3n con inversores institucionales como KKR, Blackstone, HI Partners y Alchemy. A finales de 2018, ALG adquiri\u00f3 una participaci\u00f3n mayoritaria en Alua.<\/p>\n","protected":false},"excerpt":{"rendered":"<p>Javier \u00c1guila ha sido nombrado por Apple Leisure Group (ALG) presidente de su divisi\u00f3n en Europa con efectos inmediatos. Basado en Palma (Mallorca), \u00c1guila se unir\u00e1 al Comit\u00e9 Ejecutivo de la matriz estadounidense de la compa\u00f1\u00eda. A este respecto, el vicepresidente ejecutivo y director de Estrategia de ALG, Javier Coll, manifest\u00f3: \u201cDesde que anunciamos nuestro [&hellip;]<\/p>\n","protected":false},"author":17,"featured_media":30337,"comment_status":"open","ping_status":"open","sticky":false,"template":"","format":"standard","meta":{"footnotes":""},"categories":[3,374],"tags":[1206,1384,15039,120,15040,14891,4708],"yoast_head":"<!-- This site is optimized with the Yoast SEO plugin v22.2 - https:\/\/yoast.com\/wordpress\/plugins\/seo\/ -->\n<title>Apple Leisure Group presenta a su nuevo presidente de la divisi\u00f3n europea - Nitu - Noticias de la Industria Turistica<\/title>\n<meta name=\"description\" content=\"Javier \u00c1guila ha sido nombrado por Apple Leisure Group (ALG) presidente de su divisi\u00f3n en Europa con efectos inmediatos. Basado en Palma de Mallorca.\" \/>\n<meta name=\"robots\" content=\"index, follow, max-snippet:-1, max-image-preview:large, max-video-preview:-1\" \/>\n<link rel=\"canonical\" href=\"https:\/\/nitu.mx\/index.php\/2019\/03\/24\/apple-leisure-group-presenta-a-su-nuevo-presidente-de-la-division-europea\/\" \/>\n<meta name=\"twitter:card\" content=\"summary_large_image\" \/>\n<meta name=\"twitter:title\" content=\"Apple Leisure Group presenta a su nuevo presidente de la divisi\u00f3n europea - Nitu - Noticias de la Industria Turistica\" \/>\n<meta name=\"twitter:description\" content=\"Javier \u00c1guila ha sido nombrado por Apple Leisure Group (ALG) presidente de su divisi\u00f3n en Europa con efectos inmediatos. Basado en Palma de Mallorca.\" \/>\n<meta name=\"twitter:image\" content=\"https:\/\/nitu.mx\/wp-content\/uploads\/2019\/03\/Javier-Aguila-Apple-Leisure-Group.jpg\" \/>\n<meta name=\"twitter:creator\" content=\"@NITUmx\" \/>\n<meta name=\"twitter:site\" content=\"@Arturo_Medina_G\" \/>\n<meta name=\"twitter:label1\" content=\"Escrito por\" \/>\n\t<meta name=\"twitter:data1\" content=\"Redacci\u00f3n\" \/>\n\t<meta name=\"twitter:label2\" content=\"Tiempo de lectura\" \/>\n\t<meta name=\"twitter:data2\" content=\"2 minutos\" \/>\n<script type=\"application\/ld+json\" class=\"yoast-schema-graph\">{\"@context\":\"https:\/\/schema.org\",\"@graph\":[{\"@type\":\"Article\",\"@id\":\"https:\/\/nitu.mx\/index.php\/2019\/03\/24\/apple-leisure-group-presenta-a-su-nuevo-presidente-de-la-division-europea\/#article\",\"isPartOf\":{\"@id\":\"https:\/\/nitu.mx\/index.php\/2019\/03\/24\/apple-leisure-group-presenta-a-su-nuevo-presidente-de-la-division-europea\/\"},\"author\":{\"name\":\"Redacci\u00f3n\",\"@id\":\"https:\/\/nitu.mx\/#\/schema\/person\/4a28fe9bd65924f7c90623773daf1b0b\"},\"headline\":\"Apple Leisure Group presenta a su nuevo presidente de la divisi\u00f3n europea\",\"datePublished\":\"2019-03-25T04:26:40+00:00\",\"dateModified\":\"2019-03-25T06:20:37+00:00\",\"mainEntityOfPage\":{\"@id\":\"https:\/\/nitu.mx\/index.php\/2019\/03\/24\/apple-leisure-group-presenta-a-su-nuevo-presidente-de-la-division-europea\/\"},\"wordCount\":427,\"commentCount\":0,\"publisher\":{\"@id\":\"https:\/\/nitu.mx\/#\/schema\/person\/ae7a53426417292d3dd07b45a33e01bc\"},\"image\":{\"@id\":\"https:\/\/nitu.mx\/index.php\/2019\/03\/24\/apple-leisure-group-presenta-a-su-nuevo-presidente-de-la-division-europea\/#primaryimage\"},\"thumbnailUrl\":\"https:\/\/nitu.mx\/wp-content\/uploads\/2019\/03\/Javier-Aguila-Apple-Leisure-Group.jpg\",\"keywords\":[\"Apple Leisure Group\",\"Apple Leisure Group (ALG)\",\"divisi\u00f3n europea\",\"Europa\",\"Javier \u00c1guila\",\"Palma (Mallorca)\",\"presidente\"],\"articleSection\":[\"Agencias de Viajes\",\"Internacional\"],\"inLanguage\":\"es-MX\",\"potentialAction\":[{\"@type\":\"CommentAction\",\"name\":\"Comment\",\"target\":[\"https:\/\/nitu.mx\/index.php\/2019\/03\/24\/apple-leisure-group-presenta-a-su-nuevo-presidente-de-la-division-europea\/#respond\"]}]},{\"@type\":\"WebPage\",\"@id\":\"https:\/\/nitu.mx\/index.php\/2019\/03\/24\/apple-leisure-group-presenta-a-su-nuevo-presidente-de-la-division-europea\/\",\"url\":\"https:\/\/nitu.mx\/index.php\/2019\/03\/24\/apple-leisure-group-presenta-a-su-nuevo-presidente-de-la-division-europea\/\",\"name\":\"Apple Leisure Group presenta a su nuevo presidente de la divisi\u00f3n europea - Nitu - Noticias de la Industria Turistica\",\"isPartOf\":{\"@id\":\"https:\/\/nitu.mx\/#website\"},\"primaryImageOfPage\":{\"@id\":\"https:\/\/nitu.mx\/index.php\/2019\/03\/24\/apple-leisure-group-presenta-a-su-nuevo-presidente-de-la-division-europea\/#primaryimage\"},\"image\":{\"@id\":\"https:\/\/nitu.mx\/index.php\/2019\/03\/24\/apple-leisure-group-presenta-a-su-nuevo-presidente-de-la-division-europea\/#primaryimage\"},\"thumbnailUrl\":\"https:\/\/nitu.mx\/wp-content\/uploads\/2019\/03\/Javier-Aguila-Apple-Leisure-Group.jpg\",\"datePublished\":\"2019-03-25T04:26:40+00:00\",\"dateModified\":\"2019-03-25T06:20:37+00:00\",\"description\":\"Javier \u00c1guila ha sido nombrado por Apple Leisure Group (ALG) presidente de su divisi\u00f3n en Europa con efectos inmediatos. Basado en Palma de Mallorca.\",\"breadcrumb\":{\"@id\":\"https:\/\/nitu.mx\/index.php\/2019\/03\/24\/apple-leisure-group-presenta-a-su-nuevo-presidente-de-la-division-europea\/#breadcrumb\"},\"inLanguage\":\"es-MX\",\"potentialAction\":[{\"@type\":\"ReadAction\",\"target\":[\"https:\/\/nitu.mx\/index.php\/2019\/03\/24\/apple-leisure-group-presenta-a-su-nuevo-presidente-de-la-division-europea\/\"]}]},{\"@type\":\"ImageObject\",\"inLanguage\":\"es-MX\",\"@id\":\"https:\/\/nitu.mx\/index.php\/2019\/03\/24\/apple-leisure-group-presenta-a-su-nuevo-presidente-de-la-division-europea\/#primaryimage\",\"url\":\"https:\/\/nitu.mx\/wp-content\/uploads\/2019\/03\/Javier-Aguila-Apple-Leisure-Group.jpg\",\"contentUrl\":\"https:\/\/nitu.mx\/wp-content\/uploads\/2019\/03\/Javier-Aguila-Apple-Leisure-Group.jpg\",\"width\":850,\"height\":480,\"caption\":\"Javier Aguila Apple Leisure Group\"},{\"@type\":\"BreadcrumbList\",\"@id\":\"https:\/\/nitu.mx\/index.php\/2019\/03\/24\/apple-leisure-group-presenta-a-su-nuevo-presidente-de-la-division-europea\/#breadcrumb\",\"itemListElement\":[{\"@type\":\"ListItem\",\"position\":1,\"name\":\"Inicio\",\"item\":\"https:\/\/nitu.mx\/\"},{\"@type\":\"ListItem\",\"position\":2,\"name\":\"Apple Leisure Group presenta a su nuevo presidente de la divisi\u00f3n europea\"}]},{\"@type\":\"WebSite\",\"@id\":\"https:\/\/nitu.mx\/#website\",\"url\":\"https:\/\/nitu.mx\/\",\"name\":\"Nitu - Noticias de la Industria Turistica\",\"description\":\"Noticias de la Industria Turistica\",\"publisher\":{\"@id\":\"https:\/\/nitu.mx\/#\/schema\/person\/ae7a53426417292d3dd07b45a33e01bc\"},\"alternateName\":\"Noticias de la Industria Turistica\",\"potentialAction\":[{\"@type\":\"SearchAction\",\"target\":{\"@type\":\"EntryPoint\",\"urlTemplate\":\"https:\/\/nitu.mx\/?s={search_term_string}\"},\"query-input\":\"required name=search_term_string\"}],\"inLanguage\":\"es-MX\"},{\"@type\":[\"Person\",\"Organization\"],\"@id\":\"https:\/\/nitu.mx\/#\/schema\/person\/ae7a53426417292d3dd07b45a33e01bc\",\"name\":\"Arturo Medina\",\"image\":{\"@type\":\"ImageObject\",\"inLanguage\":\"es-MX\",\"@id\":\"https:\/\/nitu.mx\/#\/schema\/person\/image\/\",\"url\":\"https:\/\/nitu.mx\/wp-content\/uploads\/2024\/04\/4A315622-1904-4D5C-B022-878CDC840E04-90x90-1.jpeg\",\"contentUrl\":\"https:\/\/nitu.mx\/wp-content\/uploads\/2024\/04\/4A315622-1904-4D5C-B022-878CDC840E04-90x90-1.jpeg\",\"width\":90,\"height\":90,\"caption\":\"Arturo Medina\"},\"logo\":{\"@id\":\"https:\/\/nitu.mx\/#\/schema\/person\/image\/\"},\"description\":\"Director NITU.mx, Egresado de la Escuela de Periodismo Carlos Septi\u00e9n Garc\u00eda. Periodista y analista especializado en turismo desde hace 35 a\u00f1os, radicado en Canc\u00fan Q.Roo. arturo@nitu.mx\",\"sameAs\":[\"https:\/\/nitu.mx\",\"https:\/\/www.facebook.com\/NITUmx\/\",\"medinacancun\",\"https:\/\/twitter.com\/@Arturo_Medina_G\"]},{\"@type\":\"Person\",\"@id\":\"https:\/\/nitu.mx\/#\/schema\/person\/4a28fe9bd65924f7c90623773daf1b0b\",\"name\":\"Redacci\u00f3n\",\"image\":{\"@type\":\"ImageObject\",\"inLanguage\":\"es-MX\",\"@id\":\"https:\/\/nitu.mx\/#\/schema\/person\/image\/\",\"url\":\"https:\/\/secure.gravatar.com\/avatar\/5dd011c8ccfc5cd7e4c81e42252aab38?s=96&d=mm&r=g\",\"contentUrl\":\"https:\/\/secure.gravatar.com\/avatar\/5dd011c8ccfc5cd7e4c81e42252aab38?s=96&d=mm&r=g\",\"caption\":\"Redacci\u00f3n\"},\"url\":\"https:\/\/nitu.mx\/index.php\/author\/redaccion\/\"}]}<\/script>\n<!-- \/ Yoast SEO plugin. -->","yoast_head_json":{"title":"Apple Leisure Group presenta a su nuevo presidente de la divisi\u00f3n europea - Nitu - Noticias de la Industria Turistica","description":"Javier \u00c1guila ha sido nombrado por Apple Leisure Group (ALG) presidente de su divisi\u00f3n en Europa con efectos inmediatos. Basado en Palma de Mallorca.","robots":{"index":"index","follow":"follow","max-snippet":"max-snippet:-1","max-image-preview":"max-image-preview:large","max-video-preview":"max-video-preview:-1"},"canonical":"https:\/\/nitu.mx\/index.php\/2019\/03\/24\/apple-leisure-group-presenta-a-su-nuevo-presidente-de-la-division-europea\/","twitter_card":"summary_large_image","twitter_title":"Apple Leisure Group presenta a su nuevo presidente de la divisi\u00f3n europea - Nitu - Noticias de la Industria Turistica","twitter_description":"Javier \u00c1guila ha sido nombrado por Apple Leisure Group (ALG) presidente de su divisi\u00f3n en Europa con efectos inmediatos. Basado en Palma de Mallorca.","twitter_image":"https:\/\/nitu.mx\/wp-content\/uploads\/2019\/03\/Javier-Aguila-Apple-Leisure-Group.jpg","twitter_creator":"@NITUmx","twitter_site":"@Arturo_Medina_G","twitter_misc":{"Escrito por":"Redacci\u00f3n","Tiempo de lectura":"2 minutos"},"schema":{"@context":"https:\/\/schema.org","@graph":[{"@type":"Article","@id":"https:\/\/nitu.mx\/index.php\/2019\/03\/24\/apple-leisure-group-presenta-a-su-nuevo-presidente-de-la-division-europea\/#article","isPartOf":{"@id":"https:\/\/nitu.mx\/index.php\/2019\/03\/24\/apple-leisure-group-presenta-a-su-nuevo-presidente-de-la-division-europea\/"},"author":{"name":"Redacci\u00f3n","@id":"https:\/\/nitu.mx\/#\/schema\/person\/4a28fe9bd65924f7c90623773daf1b0b"},"headline":"Apple Leisure Group presenta a su nuevo presidente de la divisi\u00f3n europea","datePublished":"2019-03-25T04:26:40+00:00","dateModified":"2019-03-25T06:20:37+00:00","mainEntityOfPage":{"@id":"https:\/\/nitu.mx\/index.php\/2019\/03\/24\/apple-leisure-group-presenta-a-su-nuevo-presidente-de-la-division-europea\/"},"wordCount":427,"commentCount":0,"publisher":{"@id":"https:\/\/nitu.mx\/#\/schema\/person\/ae7a53426417292d3dd07b45a33e01bc"},"image":{"@id":"https:\/\/nitu.mx\/index.php\/2019\/03\/24\/apple-leisure-group-presenta-a-su-nuevo-presidente-de-la-division-europea\/#primaryimage"},"thumbnailUrl":"https:\/\/nitu.mx\/wp-content\/uploads\/2019\/03\/Javier-Aguila-Apple-Leisure-Group.jpg","keywords":["Apple Leisure Group","Apple Leisure Group (ALG)","divisi\u00f3n europea","Europa","Javier \u00c1guila","Palma (Mallorca)","presidente"],"articleSection":["Agencias de Viajes","Internacional"],"inLanguage":"es-MX","potentialAction":[{"@type":"CommentAction","name":"Comment","target":["https:\/\/nitu.mx\/index.php\/2019\/03\/24\/apple-leisure-group-presenta-a-su-nuevo-presidente-de-la-division-europea\/#respond"]}]},{"@type":"WebPage","@id":"https:\/\/nitu.mx\/index.php\/2019\/03\/24\/apple-leisure-group-presenta-a-su-nuevo-presidente-de-la-division-europea\/","url":"https:\/\/nitu.mx\/index.php\/2019\/03\/24\/apple-leisure-group-presenta-a-su-nuevo-presidente-de-la-division-europea\/","name":"Apple Leisure Group presenta a su nuevo presidente de la divisi\u00f3n europea - Nitu - Noticias de la Industria Turistica","isPartOf":{"@id":"https:\/\/nitu.mx\/#website"},"primaryImageOfPage":{"@id":"https:\/\/nitu.mx\/index.php\/2019\/03\/24\/apple-leisure-group-presenta-a-su-nuevo-presidente-de-la-division-europea\/#primaryimage"},"image":{"@id":"https:\/\/nitu.mx\/index.php\/2019\/03\/24\/apple-leisure-group-presenta-a-su-nuevo-presidente-de-la-division-europea\/#primaryimage"},"thumbnailUrl":"https:\/\/nitu.mx\/wp-content\/uploads\/2019\/03\/Javier-Aguila-Apple-Leisure-Group.jpg","datePublished":"2019-03-25T04:26:40+00:00","dateModified":"2019-03-25T06:20:37+00:00","description":"Javier \u00c1guila ha sido nombrado por Apple Leisure Group (ALG) presidente de su divisi\u00f3n en Europa con efectos inmediatos. Basado en Palma de Mallorca.","breadcrumb":{"@id":"https:\/\/nitu.mx\/index.php\/2019\/03\/24\/apple-leisure-group-presenta-a-su-nuevo-presidente-de-la-division-europea\/#breadcrumb"},"inLanguage":"es-MX","potentialAction":[{"@type":"ReadAction","target":["https:\/\/nitu.mx\/index.php\/2019\/03\/24\/apple-leisure-group-presenta-a-su-nuevo-presidente-de-la-division-europea\/"]}]},{"@type":"ImageObject","inLanguage":"es-MX","@id":"https:\/\/nitu.mx\/index.php\/2019\/03\/24\/apple-leisure-group-presenta-a-su-nuevo-presidente-de-la-division-europea\/#primaryimage","url":"https:\/\/nitu.mx\/wp-content\/uploads\/2019\/03\/Javier-Aguila-Apple-Leisure-Group.jpg","contentUrl":"https:\/\/nitu.mx\/wp-content\/uploads\/2019\/03\/Javier-Aguila-Apple-Leisure-Group.jpg","width":850,"height":480,"caption":"Javier Aguila Apple Leisure Group"},{"@type":"BreadcrumbList","@id":"https:\/\/nitu.mx\/index.php\/2019\/03\/24\/apple-leisure-group-presenta-a-su-nuevo-presidente-de-la-division-europea\/#breadcrumb","itemListElement":[{"@type":"ListItem","position":1,"name":"Inicio","item":"https:\/\/nitu.mx\/"},{"@type":"ListItem","position":2,"name":"Apple Leisure Group presenta a su nuevo presidente de la divisi\u00f3n europea"}]},{"@type":"WebSite","@id":"https:\/\/nitu.mx\/#website","url":"https:\/\/nitu.mx\/","name":"Nitu - Noticias de la Industria Turistica","description":"Noticias de la Industria Turistica","publisher":{"@id":"https:\/\/nitu.mx\/#\/schema\/person\/ae7a53426417292d3dd07b45a33e01bc"},"alternateName":"Noticias de la Industria Turistica","potentialAction":[{"@type":"SearchAction","target":{"@type":"EntryPoint","urlTemplate":"https:\/\/nitu.mx\/?s={search_term_string}"},"query-input":"required name=search_term_string"}],"inLanguage":"es-MX"},{"@type":["Person","Organization"],"@id":"https:\/\/nitu.mx\/#\/schema\/person\/ae7a53426417292d3dd07b45a33e01bc","name":"Arturo Medina","image":{"@type":"ImageObject","inLanguage":"es-MX","@id":"https:\/\/nitu.mx\/#\/schema\/person\/image\/","url":"https:\/\/nitu.mx\/wp-content\/uploads\/2024\/04\/4A315622-1904-4D5C-B022-878CDC840E04-90x90-1.jpeg","contentUrl":"https:\/\/nitu.mx\/wp-content\/uploads\/2024\/04\/4A315622-1904-4D5C-B022-878CDC840E04-90x90-1.jpeg","width":90,"height":90,"caption":"Arturo Medina"},"logo":{"@id":"https:\/\/nitu.mx\/#\/schema\/person\/image\/"},"description":"Director NITU.mx, Egresado de la Escuela de Periodismo Carlos Septi\u00e9n Garc\u00eda. Periodista y analista especializado en turismo desde hace 35 a\u00f1os, radicado en Canc\u00fan Q.Roo. arturo@nitu.mx","sameAs":["https:\/\/nitu.mx","https:\/\/www.facebook.com\/NITUmx\/","medinacancun","https:\/\/twitter.com\/@Arturo_Medina_G"]},{"@type":"Person","@id":"https:\/\/nitu.mx\/#\/schema\/person\/4a28fe9bd65924f7c90623773daf1b0b","name":"Redacci\u00f3n","image":{"@type":"ImageObject","inLanguage":"es-MX","@id":"https:\/\/nitu.mx\/#\/schema\/person\/image\/","url":"https:\/\/secure.gravatar.com\/avatar\/5dd011c8ccfc5cd7e4c81e42252aab38?s=96&d=mm&r=g","contentUrl":"https:\/\/secure.gravatar.com\/avatar\/5dd011c8ccfc5cd7e4c81e42252aab38?s=96&d=mm&r=g","caption":"Redacci\u00f3n"},"url":"https:\/\/nitu.mx\/index.php\/author\/redaccion\/"}]}},"views":344,"_links":{"self":[{"href":"https:\/\/nitu.mx\/index.php\/wp-json\/wp\/v2\/posts\/30317"}],"collection":[{"href":"https:\/\/nitu.mx\/index.php\/wp-json\/wp\/v2\/posts"}],"about":[{"href":"https:\/\/nitu.mx\/index.php\/wp-json\/wp\/v2\/types\/post"}],"author":[{"embeddable":true,"href":"https:\/\/nitu.mx\/index.php\/wp-json\/wp\/v2\/users\/17"}],"replies":[{"embeddable":true,"href":"https:\/\/nitu.mx\/index.php\/wp-json\/wp\/v2\/comments?post=30317"}],"version-history":[{"count":3,"href":"https:\/\/nitu.mx\/index.php\/wp-json\/wp\/v2\/posts\/30317\/revisions"}],"predecessor-version":[{"id":30339,"href":"https:\/\/nitu.mx\/index.php\/wp-json\/wp\/v2\/posts\/30317\/revisions\/30339"}],"wp:featuredmedia":[{"embeddable":true,"href":"https:\/\/nitu.mx\/index.php\/wp-json\/wp\/v2\/media\/30337"}],"wp:attachment":[{"href":"https:\/\/nitu.mx\/index.php\/wp-json\/wp\/v2\/media?parent=30317"}],"wp:term":[{"taxonomy":"category","embeddable":true,"href":"https:\/\/nitu.mx\/index.php\/wp-json\/wp\/v2\/categories?post=30317"},{"taxonomy":"post_tag","embeddable":true,"href":"https:\/\/nitu.mx\/index.php\/wp-json\/wp\/v2\/tags?post=30317"}],"curies":[{"name":"wp","href":"https:\/\/api.w.org\/{rel}","templated":true}]}}