{"id":30186,"date":"2019-03-19T15:12:02","date_gmt":"2019-03-19T20:12:02","guid":{"rendered":"https:\/\/www.dev.nitu.mx\/?p=30186"},"modified":"2019-03-19T20:19:14","modified_gmt":"2019-03-20T01:19:14","slug":"__trashed-2","status":"publish","type":"post","link":"https:\/\/nitu.mx\/index.php\/2019\/03\/19\/__trashed-2\/","title":{"rendered":"M\u00e9xico desciende al 7\u00b0 sitio del Ranking de Turismo y podr\u00eda caer m\u00e1s"},"content":{"rendered":"<p>El secretario de Turismo, Miguel Torruco Marqu\u00e9s reconoci\u00f3 que M\u00e9xico pas\u00f3 del sexto al s\u00e9ptimo lugar del ranking mundial de turismo ante la recuperaci\u00f3n de Turqu\u00eda y a\u00fan se esperan los n\u00fameros de otros mercados fuertes \u201c\u2026por lo que podr\u00eda caer a\u00fan m\u00e1s\u201d, refiri\u00f3 de visita en Canc\u00fan para coordinar el Foro Estatal de Consulta Ciudadana para la elaboraci\u00f3n del Plan Nacional de Desarrollo.<br \/>\n\u201cM\u00e9xico se ubica en el sexto lugar, con 41.7 millones de turistas, pero al haberse recuperado Turqu\u00eda, se informar\u00e1 que ahora M\u00e9xico ocupa el s\u00e9ptimo lugar; faltan Alemania e Inglaterra. Este sexto lugar se debi\u00f3 al gran esfuerzo que realizaron las autoridades, pero es importante se\u00f1alar que hubo un cambio de metodolog\u00eda del Banco Mundial, que permiti\u00f3 que M\u00e9xico creciera un 40% y que superar\u00e1 a los dem\u00e1s pa\u00edses\u201d, explic\u00f3.<br \/>\nReiter\u00f3 lo que ha comentado desde el inicio de la actual administraci\u00f3n federal que el punto m\u00e1s importante en el sector es la captaci\u00f3n de divisas y en ese rubro M\u00e9xico ocupa la posici\u00f3n n\u00famero 15.<br \/>\nDe acuerdo con sus datos: \u201c\u2026 el gasto per c\u00e1pita, pasamos del lugar 36 al n\u00famero 40, donde se encuentra el pa\u00eds con 490 d\u00f3lares de gasto por persona, aunque Los Cabos y Canc\u00fan tengan cifras superiores a la media; se debe medir en base a las divisas captadas\u201d, detall\u00f3.<br \/>\nInform\u00f3 que en el pa\u00eds hay 22 mil hoteles, con una oferta de 800 mil cuartos, lo que le permite ocupar el octavo lugar en materia de infraestructura tur\u00edstica en el mundo; pero este a\u00f1o se proyecta crecer en 23 mil llaves m\u00e1s.<br \/>\nEl turismo contribuye al 8.8% del PIB nacional, por encima de sectores como la construcci\u00f3n, los servicios financieros, el equipo de transporte y la miner\u00eda; genera 4.2 empleos directos y 6 indirectos; adem\u00e1s de 11 mil millones de d\u00f3lares en divisas.<br \/>\nEl origen del turismo que nos visita proviene de Estados Unidos y Canad\u00e1, con un 67.6% de participaci\u00f3n; de Centroam\u00e9rica, el Caribe y Am\u00e9rica del Sur, arriba un 15.4%; de Europa llega el 12% de visitantes y de Asia solo el 3.6%.<br \/>\nDe los 41 millones 447 mil turistas registrados al cierre 2018, el 88% lo recibieron cinco ciudades: Canc\u00fan, Ciudad de M\u00e9xico, Playa del Carmen, Los Cabos y Puerto Vallarta. Los otros 6 millones 217 mil visitantes se reparten entre las otras 129 plazas tur\u00edsticas; esto significa una distribuci\u00f3n a una raz\u00f3n de 48 mil 200 turistas anuales a cada uno de ellos.<br \/>\nAnte este panorama, la propuesta es fomentar el turismo interno, realidad que conlleva a la configuraci\u00f3n de un nuevo gobierno cuyo objetivo, estrategias y l\u00edneas de acci\u00f3n quedar\u00e1n asentadas en el Plan Nacional de Desarrollo,<br \/>\n\u201cHay que recordar que 13 mil millones de pesos se invirtieron en el gobierno de Felipe Calder\u00f3n (2006-2012) en promoci\u00f3n tur\u00edstica; y en el anterior, 24 mil 37 mil millones de pesos, que nos lograron colocar en el lugar 15 de captaci\u00f3n de turista y en el 40 en el gasto per c\u00e1pita\u201d.<\/p>\n","protected":false},"excerpt":{"rendered":"<p>El secretario de Turismo, Miguel Torruco Marqu\u00e9s reconoci\u00f3 que M\u00e9xico pas\u00f3 del sexto al s\u00e9ptimo lugar del ranking mundial de turismo ante la recuperaci\u00f3n de Turqu\u00eda y a\u00fan se esperan los n\u00fameros de otros mercados fuertes \u201c\u2026por lo que podr\u00eda caer a\u00fan m\u00e1s\u201d, refiri\u00f3 de visita en Canc\u00fan para coordinar el Foro Estatal de Consulta [&hellip;]<\/p>\n","protected":false},"author":3,"featured_media":30194,"comment_status":"open","ping_status":"open","sticky":false,"template":"","format":"standard","meta":{"footnotes":""},"categories":[12,6],"tags":[43,14969,68,1238,10989,14968,175,7383,2649],"yoast_head":"<!-- This site is optimized with the Yoast SEO plugin v22.2 - https:\/\/yoast.com\/wordpress\/plugins\/seo\/ -->\n<title>M\u00e9xico desciende al 7\u00b0 sitio del Ranking de Turismo y podr\u00eda caer m\u00e1s - Nitu - Noticias de la Industria Turistica<\/title>\n<meta name=\"robots\" content=\"index, follow, max-snippet:-1, max-image-preview:large, max-video-preview:-1\" \/>\n<link rel=\"canonical\" href=\"https:\/\/nitu.mx\/index.php\/2019\/03\/19\/__trashed-2\/\" \/>\n<meta name=\"twitter:card\" content=\"summary_large_image\" \/>\n<meta name=\"twitter:title\" content=\"M\u00e9xico desciende al 7\u00b0 sitio del Ranking de Turismo y podr\u00eda caer m\u00e1s - Nitu - Noticias de la Industria Turistica\" \/>\n<meta name=\"twitter:description\" content=\"El secretario de Turismo, Miguel Torruco Marqu\u00e9s reconoci\u00f3 que M\u00e9xico pas\u00f3 del sexto al s\u00e9ptimo lugar del ranking mundial de turismo ante la recuperaci\u00f3n de Turqu\u00eda y a\u00fan se esperan los n\u00fameros de otros mercados fuertes \u201c\u2026por lo que podr\u00eda caer a\u00fan m\u00e1s\u201d, refiri\u00f3 de visita en Canc\u00fan para coordinar el Foro Estatal de Consulta [&hellip;]\" \/>\n<meta name=\"twitter:image\" content=\"https:\/\/nitu.mx\/wp-content\/uploads\/2019\/03\/MEXICOTURISTAS3.jpeg\" \/>\n<meta name=\"twitter:creator\" content=\"@NITUmx\" \/>\n<meta name=\"twitter:site\" content=\"@Arturo_Medina_G\" \/>\n<meta name=\"twitter:label1\" content=\"Escrito por\" \/>\n\t<meta name=\"twitter:data1\" content=\"Alejandra Moncisbays\" \/>\n\t<meta name=\"twitter:label2\" content=\"Tiempo de lectura\" \/>\n\t<meta name=\"twitter:data2\" content=\"3 minutos\" \/>\n<script type=\"application\/ld+json\" class=\"yoast-schema-graph\">{\"@context\":\"https:\/\/schema.org\",\"@graph\":[{\"@type\":\"Article\",\"@id\":\"https:\/\/nitu.mx\/index.php\/2019\/03\/19\/__trashed-2\/#article\",\"isPartOf\":{\"@id\":\"https:\/\/nitu.mx\/index.php\/2019\/03\/19\/__trashed-2\/\"},\"author\":{\"name\":\"Alejandra Moncisbays\",\"@id\":\"https:\/\/nitu.mx\/#\/schema\/person\/2ecd887b19dfd3382d1f14fc5acf24a8\"},\"headline\":\"M\u00e9xico desciende al 7\u00b0 sitio del Ranking de Turismo y podr\u00eda caer m\u00e1s\",\"datePublished\":\"2019-03-19T20:12:02+00:00\",\"dateModified\":\"2019-03-20T01:19:14+00:00\",\"mainEntityOfPage\":{\"@id\":\"https:\/\/nitu.mx\/index.php\/2019\/03\/19\/__trashed-2\/\"},\"wordCount\":536,\"commentCount\":0,\"publisher\":{\"@id\":\"https:\/\/nitu.mx\/#\/schema\/person\/ae7a53426417292d3dd07b45a33e01bc\"},\"image\":{\"@id\":\"https:\/\/nitu.mx\/index.php\/2019\/03\/19\/__trashed-2\/#primaryimage\"},\"thumbnailUrl\":\"https:\/\/nitu.mx\/wp-content\/uploads\/2019\/03\/MEXICOTURISTAS3.jpeg\",\"keywords\":[\"Canc\u00fan\",\"Foro Estatal de Consulta Ciudadana\",\"M\u00e9xico\",\"Miguel Torruco Marqu\u00e9s\",\"Plan Nacional de Desarrollo\",\"ranking mundial de turismo\",\"Secretario de Turismo\",\"s\u00e9ptimo lugar\",\"Turqu\u00eda\"],\"articleSection\":[\"Marketing\",\"M\u00e9xico\"],\"inLanguage\":\"es-MX\",\"potentialAction\":[{\"@type\":\"CommentAction\",\"name\":\"Comment\",\"target\":[\"https:\/\/nitu.mx\/index.php\/2019\/03\/19\/__trashed-2\/#respond\"]}]},{\"@type\":\"WebPage\",\"@id\":\"https:\/\/nitu.mx\/index.php\/2019\/03\/19\/__trashed-2\/\",\"url\":\"https:\/\/nitu.mx\/index.php\/2019\/03\/19\/__trashed-2\/\",\"name\":\"M\u00e9xico desciende al 7\u00b0 sitio del Ranking de Turismo y podr\u00eda caer m\u00e1s - Nitu - Noticias de la Industria Turistica\",\"isPartOf\":{\"@id\":\"https:\/\/nitu.mx\/#website\"},\"primaryImageOfPage\":{\"@id\":\"https:\/\/nitu.mx\/index.php\/2019\/03\/19\/__trashed-2\/#primaryimage\"},\"image\":{\"@id\":\"https:\/\/nitu.mx\/index.php\/2019\/03\/19\/__trashed-2\/#primaryimage\"},\"thumbnailUrl\":\"https:\/\/nitu.mx\/wp-content\/uploads\/2019\/03\/MEXICOTURISTAS3.jpeg\",\"datePublished\":\"2019-03-19T20:12:02+00:00\",\"dateModified\":\"2019-03-20T01:19:14+00:00\",\"breadcrumb\":{\"@id\":\"https:\/\/nitu.mx\/index.php\/2019\/03\/19\/__trashed-2\/#breadcrumb\"},\"inLanguage\":\"es-MX\",\"potentialAction\":[{\"@type\":\"ReadAction\",\"target\":[\"https:\/\/nitu.mx\/index.php\/2019\/03\/19\/__trashed-2\/\"]}]},{\"@type\":\"ImageObject\",\"inLanguage\":\"es-MX\",\"@id\":\"https:\/\/nitu.mx\/index.php\/2019\/03\/19\/__trashed-2\/#primaryimage\",\"url\":\"https:\/\/nitu.mx\/wp-content\/uploads\/2019\/03\/MEXICOTURISTAS3.jpeg\",\"contentUrl\":\"https:\/\/nitu.mx\/wp-content\/uploads\/2019\/03\/MEXICOTURISTAS3.jpeg\",\"width\":750,\"height\":450},{\"@type\":\"BreadcrumbList\",\"@id\":\"https:\/\/nitu.mx\/index.php\/2019\/03\/19\/__trashed-2\/#breadcrumb\",\"itemListElement\":[{\"@type\":\"ListItem\",\"position\":1,\"name\":\"Inicio\",\"item\":\"https:\/\/nitu.mx\/\"},{\"@type\":\"ListItem\",\"position\":2,\"name\":\"M\u00e9xico desciende al 7\u00b0 sitio del Ranking de Turismo y podr\u00eda caer m\u00e1s\"}]},{\"@type\":\"WebSite\",\"@id\":\"https:\/\/nitu.mx\/#website\",\"url\":\"https:\/\/nitu.mx\/\",\"name\":\"Nitu - Noticias de la Industria Turistica\",\"description\":\"Noticias de la Industria Turistica\",\"publisher\":{\"@id\":\"https:\/\/nitu.mx\/#\/schema\/person\/ae7a53426417292d3dd07b45a33e01bc\"},\"alternateName\":\"Noticias de la Industria Turistica\",\"potentialAction\":[{\"@type\":\"SearchAction\",\"target\":{\"@type\":\"EntryPoint\",\"urlTemplate\":\"https:\/\/nitu.mx\/?s={search_term_string}\"},\"query-input\":\"required name=search_term_string\"}],\"inLanguage\":\"es-MX\"},{\"@type\":[\"Person\",\"Organization\"],\"@id\":\"https:\/\/nitu.mx\/#\/schema\/person\/ae7a53426417292d3dd07b45a33e01bc\",\"name\":\"Arturo Medina\",\"image\":{\"@type\":\"ImageObject\",\"inLanguage\":\"es-MX\",\"@id\":\"https:\/\/nitu.mx\/#\/schema\/person\/image\/\",\"url\":\"https:\/\/nitu.mx\/wp-content\/uploads\/2024\/04\/4A315622-1904-4D5C-B022-878CDC840E04-90x90-1.jpeg\",\"contentUrl\":\"https:\/\/nitu.mx\/wp-content\/uploads\/2024\/04\/4A315622-1904-4D5C-B022-878CDC840E04-90x90-1.jpeg\",\"width\":90,\"height\":90,\"caption\":\"Arturo Medina\"},\"logo\":{\"@id\":\"https:\/\/nitu.mx\/#\/schema\/person\/image\/\"},\"description\":\"Director NITU.mx, Egresado de la Escuela de Periodismo Carlos Septi\u00e9n Garc\u00eda. Periodista y analista especializado en turismo desde hace 35 a\u00f1os, radicado en Canc\u00fan Q.Roo. arturo@nitu.mx\",\"sameAs\":[\"https:\/\/nitu.mx\",\"https:\/\/www.facebook.com\/NITUmx\/\",\"medinacancun\",\"https:\/\/twitter.com\/@Arturo_Medina_G\"]},{\"@type\":\"Person\",\"@id\":\"https:\/\/nitu.mx\/#\/schema\/person\/2ecd887b19dfd3382d1f14fc5acf24a8\",\"name\":\"Alejandra Moncisbays\",\"image\":{\"@type\":\"ImageObject\",\"inLanguage\":\"es-MX\",\"@id\":\"https:\/\/nitu.mx\/#\/schema\/person\/image\/\",\"url\":\"https:\/\/secure.gravatar.com\/avatar\/e74f7af0be172b7804dacfd0bfbef787?s=96&d=mm&r=g\",\"contentUrl\":\"https:\/\/secure.gravatar.com\/avatar\/e74f7af0be172b7804dacfd0bfbef787?s=96&d=mm&r=g\",\"caption\":\"Alejandra Moncisbays\"},\"description\":\"Curs\u00e9 la carrera de Periodismo y Comunicaci\u00f3n en la Facultad de Estudios Profesionales Acatl\u00e1n. Vivo en Canc\u00fan desde hace 24 a\u00f1os. Fui reportera de La Tarde de Canc\u00fan, y Novedades de Quintana Roo, colabor\u00e9 en TVCUN, edit\u00e9 Cancun\u00edssimo y colabor\u00e9 en las revistas Latitud21, entre otras, con principal enfoque en los sectores empresarial y tur\u00edstico. Desde hace varios a\u00f1os soy Agente de Seguros con c\u00e9dula de la Comisi\u00f3n Nacional de Seguros y Fianzas. Actualmente, me desarrollo en los \u00e1mbitos del periodismo y el sector asegurador.\",\"sameAs\":[\"https:\/\/nitu.mx\"],\"url\":\"https:\/\/nitu.mx\/index.php\/author\/alejandra\/\"}]}<\/script>\n<!-- \/ Yoast SEO plugin. -->","yoast_head_json":{"title":"M\u00e9xico desciende al 7\u00b0 sitio del Ranking de Turismo y podr\u00eda caer m\u00e1s - Nitu - Noticias de la Industria Turistica","robots":{"index":"index","follow":"follow","max-snippet":"max-snippet:-1","max-image-preview":"max-image-preview:large","max-video-preview":"max-video-preview:-1"},"canonical":"https:\/\/nitu.mx\/index.php\/2019\/03\/19\/__trashed-2\/","twitter_card":"summary_large_image","twitter_title":"M\u00e9xico desciende al 7\u00b0 sitio del Ranking de Turismo y podr\u00eda caer m\u00e1s - Nitu - Noticias de la Industria Turistica","twitter_description":"El secretario de Turismo, Miguel Torruco Marqu\u00e9s reconoci\u00f3 que M\u00e9xico pas\u00f3 del sexto al s\u00e9ptimo lugar del ranking mundial de turismo ante la recuperaci\u00f3n de Turqu\u00eda y a\u00fan se esperan los n\u00fameros de otros mercados fuertes \u201c\u2026por lo que podr\u00eda caer a\u00fan m\u00e1s\u201d, refiri\u00f3 de visita en Canc\u00fan para coordinar el Foro Estatal de Consulta [&hellip;]","twitter_image":"https:\/\/nitu.mx\/wp-content\/uploads\/2019\/03\/MEXICOTURISTAS3.jpeg","twitter_creator":"@NITUmx","twitter_site":"@Arturo_Medina_G","twitter_misc":{"Escrito por":"Alejandra Moncisbays","Tiempo de lectura":"3 minutos"},"schema":{"@context":"https:\/\/schema.org","@graph":[{"@type":"Article","@id":"https:\/\/nitu.mx\/index.php\/2019\/03\/19\/__trashed-2\/#article","isPartOf":{"@id":"https:\/\/nitu.mx\/index.php\/2019\/03\/19\/__trashed-2\/"},"author":{"name":"Alejandra Moncisbays","@id":"https:\/\/nitu.mx\/#\/schema\/person\/2ecd887b19dfd3382d1f14fc5acf24a8"},"headline":"M\u00e9xico desciende al 7\u00b0 sitio del Ranking de Turismo y podr\u00eda caer m\u00e1s","datePublished":"2019-03-19T20:12:02+00:00","dateModified":"2019-03-20T01:19:14+00:00","mainEntityOfPage":{"@id":"https:\/\/nitu.mx\/index.php\/2019\/03\/19\/__trashed-2\/"},"wordCount":536,"commentCount":0,"publisher":{"@id":"https:\/\/nitu.mx\/#\/schema\/person\/ae7a53426417292d3dd07b45a33e01bc"},"image":{"@id":"https:\/\/nitu.mx\/index.php\/2019\/03\/19\/__trashed-2\/#primaryimage"},"thumbnailUrl":"https:\/\/nitu.mx\/wp-content\/uploads\/2019\/03\/MEXICOTURISTAS3.jpeg","keywords":["Canc\u00fan","Foro Estatal de Consulta Ciudadana","M\u00e9xico","Miguel Torruco Marqu\u00e9s","Plan Nacional de Desarrollo","ranking mundial de turismo","Secretario de Turismo","s\u00e9ptimo lugar","Turqu\u00eda"],"articleSection":["Marketing","M\u00e9xico"],"inLanguage":"es-MX","potentialAction":[{"@type":"CommentAction","name":"Comment","target":["https:\/\/nitu.mx\/index.php\/2019\/03\/19\/__trashed-2\/#respond"]}]},{"@type":"WebPage","@id":"https:\/\/nitu.mx\/index.php\/2019\/03\/19\/__trashed-2\/","url":"https:\/\/nitu.mx\/index.php\/2019\/03\/19\/__trashed-2\/","name":"M\u00e9xico desciende al 7\u00b0 sitio del Ranking de Turismo y podr\u00eda caer m\u00e1s - Nitu - Noticias de la Industria Turistica","isPartOf":{"@id":"https:\/\/nitu.mx\/#website"},"primaryImageOfPage":{"@id":"https:\/\/nitu.mx\/index.php\/2019\/03\/19\/__trashed-2\/#primaryimage"},"image":{"@id":"https:\/\/nitu.mx\/index.php\/2019\/03\/19\/__trashed-2\/#primaryimage"},"thumbnailUrl":"https:\/\/nitu.mx\/wp-content\/uploads\/2019\/03\/MEXICOTURISTAS3.jpeg","datePublished":"2019-03-19T20:12:02+00:00","dateModified":"2019-03-20T01:19:14+00:00","breadcrumb":{"@id":"https:\/\/nitu.mx\/index.php\/2019\/03\/19\/__trashed-2\/#breadcrumb"},"inLanguage":"es-MX","potentialAction":[{"@type":"ReadAction","target":["https:\/\/nitu.mx\/index.php\/2019\/03\/19\/__trashed-2\/"]}]},{"@type":"ImageObject","inLanguage":"es-MX","@id":"https:\/\/nitu.mx\/index.php\/2019\/03\/19\/__trashed-2\/#primaryimage","url":"https:\/\/nitu.mx\/wp-content\/uploads\/2019\/03\/MEXICOTURISTAS3.jpeg","contentUrl":"https:\/\/nitu.mx\/wp-content\/uploads\/2019\/03\/MEXICOTURISTAS3.jpeg","width":750,"height":450},{"@type":"BreadcrumbList","@id":"https:\/\/nitu.mx\/index.php\/2019\/03\/19\/__trashed-2\/#breadcrumb","itemListElement":[{"@type":"ListItem","position":1,"name":"Inicio","item":"https:\/\/nitu.mx\/"},{"@type":"ListItem","position":2,"name":"M\u00e9xico desciende al 7\u00b0 sitio del Ranking de Turismo y podr\u00eda caer m\u00e1s"}]},{"@type":"WebSite","@id":"https:\/\/nitu.mx\/#website","url":"https:\/\/nitu.mx\/","name":"Nitu - Noticias de la Industria Turistica","description":"Noticias de la Industria Turistica","publisher":{"@id":"https:\/\/nitu.mx\/#\/schema\/person\/ae7a53426417292d3dd07b45a33e01bc"},"alternateName":"Noticias de la Industria Turistica","potentialAction":[{"@type":"SearchAction","target":{"@type":"EntryPoint","urlTemplate":"https:\/\/nitu.mx\/?s={search_term_string}"},"query-input":"required name=search_term_string"}],"inLanguage":"es-MX"},{"@type":["Person","Organization"],"@id":"https:\/\/nitu.mx\/#\/schema\/person\/ae7a53426417292d3dd07b45a33e01bc","name":"Arturo Medina","image":{"@type":"ImageObject","inLanguage":"es-MX","@id":"https:\/\/nitu.mx\/#\/schema\/person\/image\/","url":"https:\/\/nitu.mx\/wp-content\/uploads\/2024\/04\/4A315622-1904-4D5C-B022-878CDC840E04-90x90-1.jpeg","contentUrl":"https:\/\/nitu.mx\/wp-content\/uploads\/2024\/04\/4A315622-1904-4D5C-B022-878CDC840E04-90x90-1.jpeg","width":90,"height":90,"caption":"Arturo Medina"},"logo":{"@id":"https:\/\/nitu.mx\/#\/schema\/person\/image\/"},"description":"Director NITU.mx, Egresado de la Escuela de Periodismo Carlos Septi\u00e9n Garc\u00eda. Periodista y analista especializado en turismo desde hace 35 a\u00f1os, radicado en Canc\u00fan Q.Roo. arturo@nitu.mx","sameAs":["https:\/\/nitu.mx","https:\/\/www.facebook.com\/NITUmx\/","medinacancun","https:\/\/twitter.com\/@Arturo_Medina_G"]},{"@type":"Person","@id":"https:\/\/nitu.mx\/#\/schema\/person\/2ecd887b19dfd3382d1f14fc5acf24a8","name":"Alejandra Moncisbays","image":{"@type":"ImageObject","inLanguage":"es-MX","@id":"https:\/\/nitu.mx\/#\/schema\/person\/image\/","url":"https:\/\/secure.gravatar.com\/avatar\/e74f7af0be172b7804dacfd0bfbef787?s=96&d=mm&r=g","contentUrl":"https:\/\/secure.gravatar.com\/avatar\/e74f7af0be172b7804dacfd0bfbef787?s=96&d=mm&r=g","caption":"Alejandra Moncisbays"},"description":"Curs\u00e9 la carrera de Periodismo y Comunicaci\u00f3n en la Facultad de Estudios Profesionales Acatl\u00e1n. Vivo en Canc\u00fan desde hace 24 a\u00f1os. Fui reportera de La Tarde de Canc\u00fan, y Novedades de Quintana Roo, colabor\u00e9 en TVCUN, edit\u00e9 Cancun\u00edssimo y colabor\u00e9 en las revistas Latitud21, entre otras, con principal enfoque en los sectores empresarial y tur\u00edstico. Desde hace varios a\u00f1os soy Agente de Seguros con c\u00e9dula de la Comisi\u00f3n Nacional de Seguros y Fianzas. Actualmente, me desarrollo en los \u00e1mbitos del periodismo y el sector asegurador.","sameAs":["https:\/\/nitu.mx"],"url":"https:\/\/nitu.mx\/index.php\/author\/alejandra\/"}]}},"views":369,"_links":{"self":[{"href":"https:\/\/nitu.mx\/index.php\/wp-json\/wp\/v2\/posts\/30186"}],"collection":[{"href":"https:\/\/nitu.mx\/index.php\/wp-json\/wp\/v2\/posts"}],"about":[{"href":"https:\/\/nitu.mx\/index.php\/wp-json\/wp\/v2\/types\/post"}],"author":[{"embeddable":true,"href":"https:\/\/nitu.mx\/index.php\/wp-json\/wp\/v2\/users\/3"}],"replies":[{"embeddable":true,"href":"https:\/\/nitu.mx\/index.php\/wp-json\/wp\/v2\/comments?post=30186"}],"version-history":[{"count":2,"href":"https:\/\/nitu.mx\/index.php\/wp-json\/wp\/v2\/posts\/30186\/revisions"}],"predecessor-version":[{"id":30195,"href":"https:\/\/nitu.mx\/index.php\/wp-json\/wp\/v2\/posts\/30186\/revisions\/30195"}],"wp:featuredmedia":[{"embeddable":true,"href":"https:\/\/nitu.mx\/index.php\/wp-json\/wp\/v2\/media\/30194"}],"wp:attachment":[{"href":"https:\/\/nitu.mx\/index.php\/wp-json\/wp\/v2\/media?parent=30186"}],"wp:term":[{"taxonomy":"category","embeddable":true,"href":"https:\/\/nitu.mx\/index.php\/wp-json\/wp\/v2\/categories?post=30186"},{"taxonomy":"post_tag","embeddable":true,"href":"https:\/\/nitu.mx\/index.php\/wp-json\/wp\/v2\/tags?post=30186"}],"curies":[{"name":"wp","href":"https:\/\/api.w.org\/{rel}","templated":true}]}}