{"id":30144,"date":"2019-03-18T23:40:11","date_gmt":"2019-03-19T04:40:11","guid":{"rendered":"https:\/\/www.dev.nitu.mx\/?p=30144"},"modified":"2019-03-19T00:37:12","modified_gmt":"2019-03-19T05:37:12","slug":"__trashed","status":"publish","type":"post","link":"https:\/\/nitu.mx\/index.php\/2019\/03\/18\/__trashed\/","title":{"rendered":"Llegan Fiesta Inn y The One a Mazatl\u00e1n"},"content":{"rendered":"<p>A la oferta hotelera de Mazatl\u00e1n se sumar\u00e1n 260 habitaciones con Fiesta Inn y The One, de la cadena Grupo Posadas, que cuenta con m\u00e1s de 50 a\u00f1os de experiencia en este ramo y 180 centros de hospedaje en todo el pa\u00eds.<\/p>\n<p>De la mano de Grupo ArHe, el proyecto inici\u00f3 la construcci\u00f3n de los dos complejos, que tendr\u00e1 una inversi\u00f3n de 650 millones de pesos, generar\u00e1 600 empleos, estar\u00e1n ubicados en la Zona Dorada e iniciar\u00e1n operaciones en dos a\u00f1os.<\/p>\n<p>Para la colocaci\u00f3n de la primera piedra se realiz\u00f3 un evento, en el que estuvieron presentes Jos\u00e9 Carlos Azc\u00e1rraga Andrade, director general de Grupo Posadas; Juan Jos\u00e9 Arellano Hern\u00e1ndez, presidente del Consejo de Administraci\u00f3n de Grupo ArHe; el gobernador Quirino Ordaz Coppel y el alcalde Luis Guillermo Ben\u00edtez Torres, entre otros invitados.<\/p>\n<p>ALIANZA<\/p>\n<p>Ambos hoteles ser\u00e1n construidos por Grupo Arhe y operados por Grupo Posadas, una alianza con la que ya operan el hotel The Inn en el Centro Hist\u00f3rico de la ciudad. En total., los centros de hospedaje incrementar\u00e1n los cuartos de hotel: 140 habitaciones en el Hotel Fiesta Inn y 126 se edificar\u00e1n en el Hotel The One. (noroeste.com).\u00a0<a title=\"Grupo Posadas y ARHE invierten 650 mdp en complejo hotelero en Mazatl\u00e1n\" href=\"https:\/\/www.dev.nitu.mx\/index.php\/2019\/02\/11\/grupo-posadas-y-arhe-invierten-650-mdp-en-complejo-hotelero-en-mazatlan\/\" rel=\"bookmark\">(Grupo Posadas y ARHE invierten 650 mdp en complejo hotelero en Mazatl\u00e1n<\/a>).<\/p>\n","protected":false},"excerpt":{"rendered":"<p>A la oferta hotelera de Mazatl\u00e1n se sumar\u00e1n 260 habitaciones con Fiesta Inn y The One, de la cadena Grupo Posadas, que cuenta con m\u00e1s de 50 a\u00f1os de experiencia en este ramo y 180 centros de hospedaje en todo el pa\u00eds. De la mano de Grupo ArHe, el proyecto inici\u00f3 la construcci\u00f3n de los [&hellip;]<\/p>\n","protected":false},"author":17,"featured_media":9703,"comment_status":"open","ping_status":"open","sticky":false,"template":"","format":"standard","meta":{"footnotes":""},"categories":[5,2],"tags":[217,9486,507,3591,443,14960],"yoast_head":"<!-- This site is optimized with the Yoast SEO plugin v22.2 - https:\/\/yoast.com\/wordpress\/plugins\/seo\/ -->\n<title>Llegan Fiesta Inn y The One a Mazatl\u00e1n - Nitu - Noticias de la Industria Turistica<\/title>\n<meta name=\"description\" content=\"A la oferta hotelera de Mazatl\u00e1n se sumar\u00e1n 260 habitaciones con Fiesta Inn y The One, de la cadena Grupo Posadas.\" \/>\n<meta name=\"robots\" content=\"index, follow, max-snippet:-1, max-image-preview:large, max-video-preview:-1\" \/>\n<link rel=\"canonical\" href=\"https:\/\/nitu.mx\/index.php\/2019\/03\/18\/__trashed\/\" \/>\n<meta name=\"twitter:card\" content=\"summary_large_image\" \/>\n<meta name=\"twitter:title\" content=\"Llegan Fiesta Inn y The One a Mazatl\u00e1n - Nitu - Noticias de la Industria Turistica\" \/>\n<meta name=\"twitter:description\" content=\"A la oferta hotelera de Mazatl\u00e1n se sumar\u00e1n 260 habitaciones con Fiesta Inn y The One, de la cadena Grupo Posadas.\" \/>\n<meta name=\"twitter:image\" content=\"https:\/\/nitu.mx\/wp-content\/uploads\/2017\/05\/Mazatlan.jpg\" \/>\n<meta name=\"twitter:creator\" content=\"@NITUmx\" \/>\n<meta name=\"twitter:site\" content=\"@Arturo_Medina_G\" \/>\n<meta name=\"twitter:label1\" content=\"Escrito por\" \/>\n\t<meta name=\"twitter:data1\" content=\"Redacci\u00f3n\" \/>\n\t<meta name=\"twitter:label2\" content=\"Tiempo de lectura\" \/>\n\t<meta name=\"twitter:data2\" content=\"1 minuto\" \/>\n<script type=\"application\/ld+json\" class=\"yoast-schema-graph\">{\"@context\":\"https:\/\/schema.org\",\"@graph\":[{\"@type\":\"Article\",\"@id\":\"https:\/\/nitu.mx\/index.php\/2019\/03\/18\/__trashed\/#article\",\"isPartOf\":{\"@id\":\"https:\/\/nitu.mx\/index.php\/2019\/03\/18\/__trashed\/\"},\"author\":{\"name\":\"Redacci\u00f3n\",\"@id\":\"https:\/\/nitu.mx\/#\/schema\/person\/4a28fe9bd65924f7c90623773daf1b0b\"},\"headline\":\"Llegan Fiesta Inn y The One a Mazatl\u00e1n\",\"datePublished\":\"2019-03-19T04:40:11+00:00\",\"dateModified\":\"2019-03-19T05:37:12+00:00\",\"mainEntityOfPage\":{\"@id\":\"https:\/\/nitu.mx\/index.php\/2019\/03\/18\/__trashed\/\"},\"wordCount\":226,\"commentCount\":0,\"publisher\":{\"@id\":\"https:\/\/nitu.mx\/#\/schema\/person\/ae7a53426417292d3dd07b45a33e01bc\"},\"image\":{\"@id\":\"https:\/\/nitu.mx\/index.php\/2019\/03\/18\/__trashed\/#primaryimage\"},\"thumbnailUrl\":\"https:\/\/nitu.mx\/wp-content\/uploads\/2017\/05\/Mazatlan.jpg\",\"keywords\":[\"Fiesta Inn\",\"Grupo ArHe\",\"Grupo Posadas\",\"Hoteles\",\"Mazatl\u00e1n\",\"The One\"],\"articleSection\":[\"Destinos\",\"Hoteles\"],\"inLanguage\":\"es-MX\",\"potentialAction\":[{\"@type\":\"CommentAction\",\"name\":\"Comment\",\"target\":[\"https:\/\/nitu.mx\/index.php\/2019\/03\/18\/__trashed\/#respond\"]}]},{\"@type\":\"WebPage\",\"@id\":\"https:\/\/nitu.mx\/index.php\/2019\/03\/18\/__trashed\/\",\"url\":\"https:\/\/nitu.mx\/index.php\/2019\/03\/18\/__trashed\/\",\"name\":\"Llegan Fiesta Inn y The One a Mazatl\u00e1n - Nitu - Noticias de la Industria Turistica\",\"isPartOf\":{\"@id\":\"https:\/\/nitu.mx\/#website\"},\"primaryImageOfPage\":{\"@id\":\"https:\/\/nitu.mx\/index.php\/2019\/03\/18\/__trashed\/#primaryimage\"},\"image\":{\"@id\":\"https:\/\/nitu.mx\/index.php\/2019\/03\/18\/__trashed\/#primaryimage\"},\"thumbnailUrl\":\"https:\/\/nitu.mx\/wp-content\/uploads\/2017\/05\/Mazatlan.jpg\",\"datePublished\":\"2019-03-19T04:40:11+00:00\",\"dateModified\":\"2019-03-19T05:37:12+00:00\",\"description\":\"A la oferta hotelera de Mazatl\u00e1n se sumar\u00e1n 260 habitaciones con Fiesta Inn y The One, de la cadena Grupo Posadas.\",\"breadcrumb\":{\"@id\":\"https:\/\/nitu.mx\/index.php\/2019\/03\/18\/__trashed\/#breadcrumb\"},\"inLanguage\":\"es-MX\",\"potentialAction\":[{\"@type\":\"ReadAction\",\"target\":[\"https:\/\/nitu.mx\/index.php\/2019\/03\/18\/__trashed\/\"]}]},{\"@type\":\"ImageObject\",\"inLanguage\":\"es-MX\",\"@id\":\"https:\/\/nitu.mx\/index.php\/2019\/03\/18\/__trashed\/#primaryimage\",\"url\":\"https:\/\/nitu.mx\/wp-content\/uploads\/2017\/05\/Mazatlan.jpg\",\"contentUrl\":\"https:\/\/nitu.mx\/wp-content\/uploads\/2017\/05\/Mazatlan.jpg\",\"width\":850,\"height\":480,\"caption\":\"Mazatlan Tianguis tur\u00edstico\"},{\"@type\":\"BreadcrumbList\",\"@id\":\"https:\/\/nitu.mx\/index.php\/2019\/03\/18\/__trashed\/#breadcrumb\",\"itemListElement\":[{\"@type\":\"ListItem\",\"position\":1,\"name\":\"Inicio\",\"item\":\"https:\/\/nitu.mx\/\"},{\"@type\":\"ListItem\",\"position\":2,\"name\":\"Llegan Fiesta Inn y The One a Mazatl\u00e1n\"}]},{\"@type\":\"WebSite\",\"@id\":\"https:\/\/nitu.mx\/#website\",\"url\":\"https:\/\/nitu.mx\/\",\"name\":\"Nitu - Noticias de la Industria Turistica\",\"description\":\"Noticias de la Industria Turistica\",\"publisher\":{\"@id\":\"https:\/\/nitu.mx\/#\/schema\/person\/ae7a53426417292d3dd07b45a33e01bc\"},\"alternateName\":\"Noticias de la Industria Turistica\",\"potentialAction\":[{\"@type\":\"SearchAction\",\"target\":{\"@type\":\"EntryPoint\",\"urlTemplate\":\"https:\/\/nitu.mx\/?s={search_term_string}\"},\"query-input\":\"required name=search_term_string\"}],\"inLanguage\":\"es-MX\"},{\"@type\":[\"Person\",\"Organization\"],\"@id\":\"https:\/\/nitu.mx\/#\/schema\/person\/ae7a53426417292d3dd07b45a33e01bc\",\"name\":\"Arturo Medina\",\"image\":{\"@type\":\"ImageObject\",\"inLanguage\":\"es-MX\",\"@id\":\"https:\/\/nitu.mx\/#\/schema\/person\/image\/\",\"url\":\"https:\/\/nitu.mx\/wp-content\/uploads\/2024\/04\/4A315622-1904-4D5C-B022-878CDC840E04-90x90-1.jpeg\",\"contentUrl\":\"https:\/\/nitu.mx\/wp-content\/uploads\/2024\/04\/4A315622-1904-4D5C-B022-878CDC840E04-90x90-1.jpeg\",\"width\":90,\"height\":90,\"caption\":\"Arturo Medina\"},\"logo\":{\"@id\":\"https:\/\/nitu.mx\/#\/schema\/person\/image\/\"},\"description\":\"Director NITU.mx, Egresado de la Escuela de Periodismo Carlos Septi\u00e9n Garc\u00eda. Periodista y analista especializado en turismo desde hace 35 a\u00f1os, radicado en Canc\u00fan Q.Roo. arturo@nitu.mx\",\"sameAs\":[\"https:\/\/nitu.mx\",\"https:\/\/www.facebook.com\/NITUmx\/\",\"medinacancun\",\"https:\/\/twitter.com\/@Arturo_Medina_G\"]},{\"@type\":\"Person\",\"@id\":\"https:\/\/nitu.mx\/#\/schema\/person\/4a28fe9bd65924f7c90623773daf1b0b\",\"name\":\"Redacci\u00f3n\",\"image\":{\"@type\":\"ImageObject\",\"inLanguage\":\"es-MX\",\"@id\":\"https:\/\/nitu.mx\/#\/schema\/person\/image\/\",\"url\":\"https:\/\/secure.gravatar.com\/avatar\/5dd011c8ccfc5cd7e4c81e42252aab38?s=96&d=mm&r=g\",\"contentUrl\":\"https:\/\/secure.gravatar.com\/avatar\/5dd011c8ccfc5cd7e4c81e42252aab38?s=96&d=mm&r=g\",\"caption\":\"Redacci\u00f3n\"},\"url\":\"https:\/\/nitu.mx\/index.php\/author\/redaccion\/\"}]}<\/script>\n<!-- \/ Yoast SEO plugin. -->","yoast_head_json":{"title":"Llegan Fiesta Inn y The One a Mazatl\u00e1n - Nitu - Noticias de la Industria Turistica","description":"A la oferta hotelera de Mazatl\u00e1n se sumar\u00e1n 260 habitaciones con Fiesta Inn y The One, de la cadena Grupo Posadas.","robots":{"index":"index","follow":"follow","max-snippet":"max-snippet:-1","max-image-preview":"max-image-preview:large","max-video-preview":"max-video-preview:-1"},"canonical":"https:\/\/nitu.mx\/index.php\/2019\/03\/18\/__trashed\/","twitter_card":"summary_large_image","twitter_title":"Llegan Fiesta Inn y The One a Mazatl\u00e1n - Nitu - Noticias de la Industria Turistica","twitter_description":"A la oferta hotelera de Mazatl\u00e1n se sumar\u00e1n 260 habitaciones con Fiesta Inn y The One, de la cadena Grupo Posadas.","twitter_image":"https:\/\/nitu.mx\/wp-content\/uploads\/2017\/05\/Mazatlan.jpg","twitter_creator":"@NITUmx","twitter_site":"@Arturo_Medina_G","twitter_misc":{"Escrito por":"Redacci\u00f3n","Tiempo de lectura":"1 minuto"},"schema":{"@context":"https:\/\/schema.org","@graph":[{"@type":"Article","@id":"https:\/\/nitu.mx\/index.php\/2019\/03\/18\/__trashed\/#article","isPartOf":{"@id":"https:\/\/nitu.mx\/index.php\/2019\/03\/18\/__trashed\/"},"author":{"name":"Redacci\u00f3n","@id":"https:\/\/nitu.mx\/#\/schema\/person\/4a28fe9bd65924f7c90623773daf1b0b"},"headline":"Llegan Fiesta Inn y The One a Mazatl\u00e1n","datePublished":"2019-03-19T04:40:11+00:00","dateModified":"2019-03-19T05:37:12+00:00","mainEntityOfPage":{"@id":"https:\/\/nitu.mx\/index.php\/2019\/03\/18\/__trashed\/"},"wordCount":226,"commentCount":0,"publisher":{"@id":"https:\/\/nitu.mx\/#\/schema\/person\/ae7a53426417292d3dd07b45a33e01bc"},"image":{"@id":"https:\/\/nitu.mx\/index.php\/2019\/03\/18\/__trashed\/#primaryimage"},"thumbnailUrl":"https:\/\/nitu.mx\/wp-content\/uploads\/2017\/05\/Mazatlan.jpg","keywords":["Fiesta Inn","Grupo ArHe","Grupo Posadas","Hoteles","Mazatl\u00e1n","The One"],"articleSection":["Destinos","Hoteles"],"inLanguage":"es-MX","potentialAction":[{"@type":"CommentAction","name":"Comment","target":["https:\/\/nitu.mx\/index.php\/2019\/03\/18\/__trashed\/#respond"]}]},{"@type":"WebPage","@id":"https:\/\/nitu.mx\/index.php\/2019\/03\/18\/__trashed\/","url":"https:\/\/nitu.mx\/index.php\/2019\/03\/18\/__trashed\/","name":"Llegan Fiesta Inn y The One a Mazatl\u00e1n - Nitu - Noticias de la Industria Turistica","isPartOf":{"@id":"https:\/\/nitu.mx\/#website"},"primaryImageOfPage":{"@id":"https:\/\/nitu.mx\/index.php\/2019\/03\/18\/__trashed\/#primaryimage"},"image":{"@id":"https:\/\/nitu.mx\/index.php\/2019\/03\/18\/__trashed\/#primaryimage"},"thumbnailUrl":"https:\/\/nitu.mx\/wp-content\/uploads\/2017\/05\/Mazatlan.jpg","datePublished":"2019-03-19T04:40:11+00:00","dateModified":"2019-03-19T05:37:12+00:00","description":"A la oferta hotelera de Mazatl\u00e1n se sumar\u00e1n 260 habitaciones con Fiesta Inn y The One, de la cadena Grupo Posadas.","breadcrumb":{"@id":"https:\/\/nitu.mx\/index.php\/2019\/03\/18\/__trashed\/#breadcrumb"},"inLanguage":"es-MX","potentialAction":[{"@type":"ReadAction","target":["https:\/\/nitu.mx\/index.php\/2019\/03\/18\/__trashed\/"]}]},{"@type":"ImageObject","inLanguage":"es-MX","@id":"https:\/\/nitu.mx\/index.php\/2019\/03\/18\/__trashed\/#primaryimage","url":"https:\/\/nitu.mx\/wp-content\/uploads\/2017\/05\/Mazatlan.jpg","contentUrl":"https:\/\/nitu.mx\/wp-content\/uploads\/2017\/05\/Mazatlan.jpg","width":850,"height":480,"caption":"Mazatlan Tianguis tur\u00edstico"},{"@type":"BreadcrumbList","@id":"https:\/\/nitu.mx\/index.php\/2019\/03\/18\/__trashed\/#breadcrumb","itemListElement":[{"@type":"ListItem","position":1,"name":"Inicio","item":"https:\/\/nitu.mx\/"},{"@type":"ListItem","position":2,"name":"Llegan Fiesta Inn y The One a Mazatl\u00e1n"}]},{"@type":"WebSite","@id":"https:\/\/nitu.mx\/#website","url":"https:\/\/nitu.mx\/","name":"Nitu - Noticias de la Industria Turistica","description":"Noticias de la Industria Turistica","publisher":{"@id":"https:\/\/nitu.mx\/#\/schema\/person\/ae7a53426417292d3dd07b45a33e01bc"},"alternateName":"Noticias de la Industria Turistica","potentialAction":[{"@type":"SearchAction","target":{"@type":"EntryPoint","urlTemplate":"https:\/\/nitu.mx\/?s={search_term_string}"},"query-input":"required name=search_term_string"}],"inLanguage":"es-MX"},{"@type":["Person","Organization"],"@id":"https:\/\/nitu.mx\/#\/schema\/person\/ae7a53426417292d3dd07b45a33e01bc","name":"Arturo Medina","image":{"@type":"ImageObject","inLanguage":"es-MX","@id":"https:\/\/nitu.mx\/#\/schema\/person\/image\/","url":"https:\/\/nitu.mx\/wp-content\/uploads\/2024\/04\/4A315622-1904-4D5C-B022-878CDC840E04-90x90-1.jpeg","contentUrl":"https:\/\/nitu.mx\/wp-content\/uploads\/2024\/04\/4A315622-1904-4D5C-B022-878CDC840E04-90x90-1.jpeg","width":90,"height":90,"caption":"Arturo Medina"},"logo":{"@id":"https:\/\/nitu.mx\/#\/schema\/person\/image\/"},"description":"Director NITU.mx, Egresado de la Escuela de Periodismo Carlos Septi\u00e9n Garc\u00eda. Periodista y analista especializado en turismo desde hace 35 a\u00f1os, radicado en Canc\u00fan Q.Roo. arturo@nitu.mx","sameAs":["https:\/\/nitu.mx","https:\/\/www.facebook.com\/NITUmx\/","medinacancun","https:\/\/twitter.com\/@Arturo_Medina_G"]},{"@type":"Person","@id":"https:\/\/nitu.mx\/#\/schema\/person\/4a28fe9bd65924f7c90623773daf1b0b","name":"Redacci\u00f3n","image":{"@type":"ImageObject","inLanguage":"es-MX","@id":"https:\/\/nitu.mx\/#\/schema\/person\/image\/","url":"https:\/\/secure.gravatar.com\/avatar\/5dd011c8ccfc5cd7e4c81e42252aab38?s=96&d=mm&r=g","contentUrl":"https:\/\/secure.gravatar.com\/avatar\/5dd011c8ccfc5cd7e4c81e42252aab38?s=96&d=mm&r=g","caption":"Redacci\u00f3n"},"url":"https:\/\/nitu.mx\/index.php\/author\/redaccion\/"}]}},"views":570,"_links":{"self":[{"href":"https:\/\/nitu.mx\/index.php\/wp-json\/wp\/v2\/posts\/30144"}],"collection":[{"href":"https:\/\/nitu.mx\/index.php\/wp-json\/wp\/v2\/posts"}],"about":[{"href":"https:\/\/nitu.mx\/index.php\/wp-json\/wp\/v2\/types\/post"}],"author":[{"embeddable":true,"href":"https:\/\/nitu.mx\/index.php\/wp-json\/wp\/v2\/users\/17"}],"replies":[{"embeddable":true,"href":"https:\/\/nitu.mx\/index.php\/wp-json\/wp\/v2\/comments?post=30144"}],"version-history":[{"count":4,"href":"https:\/\/nitu.mx\/index.php\/wp-json\/wp\/v2\/posts\/30144\/revisions"}],"predecessor-version":[{"id":30179,"href":"https:\/\/nitu.mx\/index.php\/wp-json\/wp\/v2\/posts\/30144\/revisions\/30179"}],"wp:featuredmedia":[{"embeddable":true,"href":"https:\/\/nitu.mx\/index.php\/wp-json\/wp\/v2\/media\/9703"}],"wp:attachment":[{"href":"https:\/\/nitu.mx\/index.php\/wp-json\/wp\/v2\/media?parent=30144"}],"wp:term":[{"taxonomy":"category","embeddable":true,"href":"https:\/\/nitu.mx\/index.php\/wp-json\/wp\/v2\/categories?post=30144"},{"taxonomy":"post_tag","embeddable":true,"href":"https:\/\/nitu.mx\/index.php\/wp-json\/wp\/v2\/tags?post=30144"}],"curies":[{"name":"wp","href":"https:\/\/api.w.org\/{rel}","templated":true}]}}