{"id":30131,"date":"2019-03-16T01:41:42","date_gmt":"2019-03-16T06:41:42","guid":{"rendered":"https:\/\/www.dev.nitu.mx\/?p=30131"},"modified":"2019-03-16T12:53:12","modified_gmt":"2019-03-16T17:53:12","slug":"ana-paula-duron-se-abre-paso-en-la-industria-de-los-viajes","status":"publish","type":"post","link":"https:\/\/nitu.mx\/index.php\/2019\/03\/16\/ana-paula-duron-se-abre-paso-en-la-industria-de-los-viajes\/","title":{"rendered":"Ana Paula Dur\u00f3n\u00a0se abre paso en la industria de los viajes"},"content":{"rendered":"<p>Con casi dos a\u00f1os en el cargo como Country Manager para M\u00e9xico de Amadeus, Ana Paula Dur\u00f3n ha sabido llevar por buen camino la batuta de la compa\u00f1\u00eda especializada en soluciones tecnol\u00f3gicas para la industria del viaje, la cual cada vez va ganado m\u00e1s terreno en nuestro pa\u00eds.<\/p>\n<p>Su carrera profesional en Amadeus se resume en casi dos d\u00e9cadas.\u00a0Desde su incorporaci\u00f3n a la empresa en 2004, ha desempe\u00f1ado varias funciones al interior de Amadeus como Directora de Desarrollo de Negocio y Directora de Cuentas Estrat\u00e9gicas con muy buenos resultados que apoyaron la consolidaci\u00f3n de Amadeus entre las agencias de viaje de M\u00e9xico.<\/p>\n<p>Este tiempo en Amadeus le ha permitido conocer diferentes \u00e1reas en las que ha estado. \u201cConozco muy bien los negocios de la compa\u00f1\u00eda,\u00a0 estuve siete a\u00f1os en el \u00e1rea de hoteles y autos para Latam, que me permiti\u00f3 tener una visi\u00f3n m\u00e1s amplia\u201d.<\/p>\n<p>Destac\u00f3 que este esfuerzo y la posici\u00f3n que hoy mantiene Amadeus en el pa\u00eds, se debe a su equipo, y a las soluciones tecnol\u00f3gicas con las que Amadeus trabaja todos los d\u00edas.<\/p>\n<p>Dur\u00f3n precis\u00f3 que apoyarse de Amadeus les permitir\u00e1 a las agencias de viajes incrementar sus ganancias, en funci\u00f3n de su automatizaci\u00f3n. \u201cVemos las posibilidades para crearles un flujo, con el que pueden reducir costos, pues ahora m\u00e1s robots ahorran cuestiones administrativas. El tiempo para la generaci\u00f3n de un reporte puede eliminarse hasta 100%\u201d. (<a title=\"Amadeus apoya a la industria de viajes de negocios en M\u00e9xico\" href=\"https:\/\/www.dev.nitu.mx\/index.php\/2018\/03\/23\/amadeus-apoya-a-la-industria-de-viajes-de-negocios-en-mexico\/\" rel=\"bookmark\">Amadeus apoya a la industria de viajes de negocios en M\u00e9xico<\/a>).<\/p>\n<p>Asimismo destac\u00f3 que en Amadeus cuentan con el mayor n\u00famero de low cost, y un sistema multimodal que permite agrupar todos los transportes en un solo boleto<\/p>\n<p>La country manager dijo que Amadeus no s\u00f3lo es un sistema, sino todo un c\u00famulo de servicios que potencian los negocios de los diferentes empresarios del turismo, en beneficio de uno de los sectores m\u00e1s pujantes de la econom\u00eda nacional.<\/p>\n<p>Dur\u00e1n es licenciada en Administraci\u00f3n de Empresas tur\u00edsticas por la Escuela Panamericana de Hoteler\u00eda y cuenta con amplia experiencia en la industria tur\u00edstica habi\u00e9ndose desempe\u00f1ado en \u00e1reas de servicio a clientes, desarrollo estrat\u00e9gico de negocios y ventas.<\/p>\n","protected":false},"excerpt":{"rendered":"<p>Con casi dos a\u00f1os en el cargo como Country Manager para M\u00e9xico de Amadeus, Ana Paula Dur\u00f3n ha sabido llevar por buen camino la batuta de la compa\u00f1\u00eda especializada en soluciones tecnol\u00f3gicas para la industria del viaje, la cual cada vez va ganado m\u00e1s terreno en nuestro pa\u00eds. Su carrera profesional en Amadeus se resume [&hellip;]<\/p>\n","protected":false},"author":17,"featured_media":30136,"comment_status":"open","ping_status":"open","sticky":false,"template":"","format":"standard","meta":{"footnotes":""},"categories":[6],"tags":[632,14949,1307,5015],"yoast_head":"<!-- This site is optimized with the Yoast SEO plugin v22.2 - https:\/\/yoast.com\/wordpress\/plugins\/seo\/ -->\n<title>Ana Paula Dur\u00f3n\u00a0se abre paso en la industria de los viajes - Nitu - Noticias de la Industria Turistica<\/title>\n<meta name=\"robots\" content=\"index, follow, max-snippet:-1, max-image-preview:large, max-video-preview:-1\" \/>\n<link rel=\"canonical\" href=\"https:\/\/nitu.mx\/index.php\/2019\/03\/16\/ana-paula-duron-se-abre-paso-en-la-industria-de-los-viajes\/\" \/>\n<meta name=\"twitter:card\" content=\"summary_large_image\" \/>\n<meta name=\"twitter:title\" content=\"Ana Paula Dur\u00f3n\u00a0se abre paso en la industria de los viajes - Nitu - Noticias de la Industria Turistica\" \/>\n<meta name=\"twitter:description\" content=\"Con casi dos a\u00f1os en el cargo como Country Manager para M\u00e9xico de Amadeus, Ana Paula Dur\u00f3n ha sabido llevar por buen camino la batuta de la compa\u00f1\u00eda especializada en soluciones tecnol\u00f3gicas para la industria del viaje, la cual cada vez va ganado m\u00e1s terreno en nuestro pa\u00eds. Su carrera profesional en Amadeus se resume [&hellip;]\" \/>\n<meta name=\"twitter:image\" content=\"https:\/\/nitu.mx\/wp-content\/uploads\/2019\/03\/Ana-Paola-Duron.jpg\" \/>\n<meta name=\"twitter:creator\" content=\"@NITUmx\" \/>\n<meta name=\"twitter:site\" content=\"@Arturo_Medina_G\" \/>\n<meta name=\"twitter:label1\" content=\"Escrito por\" \/>\n\t<meta name=\"twitter:data1\" content=\"Redacci\u00f3n\" \/>\n\t<meta name=\"twitter:label2\" content=\"Tiempo de lectura\" \/>\n\t<meta name=\"twitter:data2\" content=\"2 minutos\" \/>\n<script type=\"application\/ld+json\" class=\"yoast-schema-graph\">{\"@context\":\"https:\/\/schema.org\",\"@graph\":[{\"@type\":\"Article\",\"@id\":\"https:\/\/nitu.mx\/index.php\/2019\/03\/16\/ana-paula-duron-se-abre-paso-en-la-industria-de-los-viajes\/#article\",\"isPartOf\":{\"@id\":\"https:\/\/nitu.mx\/index.php\/2019\/03\/16\/ana-paula-duron-se-abre-paso-en-la-industria-de-los-viajes\/\"},\"author\":{\"name\":\"Redacci\u00f3n\",\"@id\":\"https:\/\/nitu.mx\/#\/schema\/person\/4a28fe9bd65924f7c90623773daf1b0b\"},\"headline\":\"Ana Paula Dur\u00f3n\u00a0se abre paso en la industria de los viajes\",\"datePublished\":\"2019-03-16T06:41:42+00:00\",\"dateModified\":\"2019-03-16T17:53:12+00:00\",\"mainEntityOfPage\":{\"@id\":\"https:\/\/nitu.mx\/index.php\/2019\/03\/16\/ana-paula-duron-se-abre-paso-en-la-industria-de-los-viajes\/\"},\"wordCount\":397,\"commentCount\":0,\"publisher\":{\"@id\":\"https:\/\/nitu.mx\/#\/schema\/person\/ae7a53426417292d3dd07b45a33e01bc\"},\"image\":{\"@id\":\"https:\/\/nitu.mx\/index.php\/2019\/03\/16\/ana-paula-duron-se-abre-paso-en-la-industria-de-los-viajes\/#primaryimage\"},\"thumbnailUrl\":\"https:\/\/nitu.mx\/wp-content\/uploads\/2019\/03\/Ana-Paola-Duron.jpg\",\"keywords\":[\"Amadeus\",\"Ana paula Dur\u00f3n\",\"Latam\",\"low cost\"],\"articleSection\":[\"M\u00e9xico\"],\"inLanguage\":\"es-MX\",\"potentialAction\":[{\"@type\":\"CommentAction\",\"name\":\"Comment\",\"target\":[\"https:\/\/nitu.mx\/index.php\/2019\/03\/16\/ana-paula-duron-se-abre-paso-en-la-industria-de-los-viajes\/#respond\"]}]},{\"@type\":\"WebPage\",\"@id\":\"https:\/\/nitu.mx\/index.php\/2019\/03\/16\/ana-paula-duron-se-abre-paso-en-la-industria-de-los-viajes\/\",\"url\":\"https:\/\/nitu.mx\/index.php\/2019\/03\/16\/ana-paula-duron-se-abre-paso-en-la-industria-de-los-viajes\/\",\"name\":\"Ana Paula Dur\u00f3n\u00a0se abre paso en la industria de los viajes - Nitu - Noticias de la Industria Turistica\",\"isPartOf\":{\"@id\":\"https:\/\/nitu.mx\/#website\"},\"primaryImageOfPage\":{\"@id\":\"https:\/\/nitu.mx\/index.php\/2019\/03\/16\/ana-paula-duron-se-abre-paso-en-la-industria-de-los-viajes\/#primaryimage\"},\"image\":{\"@id\":\"https:\/\/nitu.mx\/index.php\/2019\/03\/16\/ana-paula-duron-se-abre-paso-en-la-industria-de-los-viajes\/#primaryimage\"},\"thumbnailUrl\":\"https:\/\/nitu.mx\/wp-content\/uploads\/2019\/03\/Ana-Paola-Duron.jpg\",\"datePublished\":\"2019-03-16T06:41:42+00:00\",\"dateModified\":\"2019-03-16T17:53:12+00:00\",\"breadcrumb\":{\"@id\":\"https:\/\/nitu.mx\/index.php\/2019\/03\/16\/ana-paula-duron-se-abre-paso-en-la-industria-de-los-viajes\/#breadcrumb\"},\"inLanguage\":\"es-MX\",\"potentialAction\":[{\"@type\":\"ReadAction\",\"target\":[\"https:\/\/nitu.mx\/index.php\/2019\/03\/16\/ana-paula-duron-se-abre-paso-en-la-industria-de-los-viajes\/\"]}]},{\"@type\":\"ImageObject\",\"inLanguage\":\"es-MX\",\"@id\":\"https:\/\/nitu.mx\/index.php\/2019\/03\/16\/ana-paula-duron-se-abre-paso-en-la-industria-de-los-viajes\/#primaryimage\",\"url\":\"https:\/\/nitu.mx\/wp-content\/uploads\/2019\/03\/Ana-Paola-Duron.jpg\",\"contentUrl\":\"https:\/\/nitu.mx\/wp-content\/uploads\/2019\/03\/Ana-Paola-Duron.jpg\",\"width\":850,\"height\":480,\"caption\":\"Ana Paola Duron Amadeus\"},{\"@type\":\"BreadcrumbList\",\"@id\":\"https:\/\/nitu.mx\/index.php\/2019\/03\/16\/ana-paula-duron-se-abre-paso-en-la-industria-de-los-viajes\/#breadcrumb\",\"itemListElement\":[{\"@type\":\"ListItem\",\"position\":1,\"name\":\"Inicio\",\"item\":\"https:\/\/nitu.mx\/\"},{\"@type\":\"ListItem\",\"position\":2,\"name\":\"Ana Paula Dur\u00f3n\u00a0se abre paso en la industria de los viajes\"}]},{\"@type\":\"WebSite\",\"@id\":\"https:\/\/nitu.mx\/#website\",\"url\":\"https:\/\/nitu.mx\/\",\"name\":\"Nitu - Noticias de la Industria Turistica\",\"description\":\"Noticias de la Industria Turistica\",\"publisher\":{\"@id\":\"https:\/\/nitu.mx\/#\/schema\/person\/ae7a53426417292d3dd07b45a33e01bc\"},\"alternateName\":\"Noticias de la Industria Turistica\",\"potentialAction\":[{\"@type\":\"SearchAction\",\"target\":{\"@type\":\"EntryPoint\",\"urlTemplate\":\"https:\/\/nitu.mx\/?s={search_term_string}\"},\"query-input\":\"required name=search_term_string\"}],\"inLanguage\":\"es-MX\"},{\"@type\":[\"Person\",\"Organization\"],\"@id\":\"https:\/\/nitu.mx\/#\/schema\/person\/ae7a53426417292d3dd07b45a33e01bc\",\"name\":\"Arturo Medina\",\"image\":{\"@type\":\"ImageObject\",\"inLanguage\":\"es-MX\",\"@id\":\"https:\/\/nitu.mx\/#\/schema\/person\/image\/\",\"url\":\"https:\/\/nitu.mx\/wp-content\/uploads\/2024\/04\/4A315622-1904-4D5C-B022-878CDC840E04-90x90-1.jpeg\",\"contentUrl\":\"https:\/\/nitu.mx\/wp-content\/uploads\/2024\/04\/4A315622-1904-4D5C-B022-878CDC840E04-90x90-1.jpeg\",\"width\":90,\"height\":90,\"caption\":\"Arturo Medina\"},\"logo\":{\"@id\":\"https:\/\/nitu.mx\/#\/schema\/person\/image\/\"},\"description\":\"Director NITU.mx, Egresado de la Escuela de Periodismo Carlos Septi\u00e9n Garc\u00eda. Periodista y analista especializado en turismo desde hace 35 a\u00f1os, radicado en Canc\u00fan Q.Roo. arturo@nitu.mx\",\"sameAs\":[\"https:\/\/nitu.mx\",\"https:\/\/www.facebook.com\/NITUmx\/\",\"medinacancun\",\"https:\/\/twitter.com\/@Arturo_Medina_G\"]},{\"@type\":\"Person\",\"@id\":\"https:\/\/nitu.mx\/#\/schema\/person\/4a28fe9bd65924f7c90623773daf1b0b\",\"name\":\"Redacci\u00f3n\",\"image\":{\"@type\":\"ImageObject\",\"inLanguage\":\"es-MX\",\"@id\":\"https:\/\/nitu.mx\/#\/schema\/person\/image\/\",\"url\":\"https:\/\/secure.gravatar.com\/avatar\/5dd011c8ccfc5cd7e4c81e42252aab38?s=96&d=mm&r=g\",\"contentUrl\":\"https:\/\/secure.gravatar.com\/avatar\/5dd011c8ccfc5cd7e4c81e42252aab38?s=96&d=mm&r=g\",\"caption\":\"Redacci\u00f3n\"},\"url\":\"https:\/\/nitu.mx\/index.php\/author\/redaccion\/\"}]}<\/script>\n<!-- \/ Yoast SEO plugin. -->","yoast_head_json":{"title":"Ana Paula Dur\u00f3n\u00a0se abre paso en la industria de los viajes - Nitu - Noticias de la Industria Turistica","robots":{"index":"index","follow":"follow","max-snippet":"max-snippet:-1","max-image-preview":"max-image-preview:large","max-video-preview":"max-video-preview:-1"},"canonical":"https:\/\/nitu.mx\/index.php\/2019\/03\/16\/ana-paula-duron-se-abre-paso-en-la-industria-de-los-viajes\/","twitter_card":"summary_large_image","twitter_title":"Ana Paula Dur\u00f3n\u00a0se abre paso en la industria de los viajes - Nitu - Noticias de la Industria Turistica","twitter_description":"Con casi dos a\u00f1os en el cargo como Country Manager para M\u00e9xico de Amadeus, Ana Paula Dur\u00f3n ha sabido llevar por buen camino la batuta de la compa\u00f1\u00eda especializada en soluciones tecnol\u00f3gicas para la industria del viaje, la cual cada vez va ganado m\u00e1s terreno en nuestro pa\u00eds. Su carrera profesional en Amadeus se resume [&hellip;]","twitter_image":"https:\/\/nitu.mx\/wp-content\/uploads\/2019\/03\/Ana-Paola-Duron.jpg","twitter_creator":"@NITUmx","twitter_site":"@Arturo_Medina_G","twitter_misc":{"Escrito por":"Redacci\u00f3n","Tiempo de lectura":"2 minutos"},"schema":{"@context":"https:\/\/schema.org","@graph":[{"@type":"Article","@id":"https:\/\/nitu.mx\/index.php\/2019\/03\/16\/ana-paula-duron-se-abre-paso-en-la-industria-de-los-viajes\/#article","isPartOf":{"@id":"https:\/\/nitu.mx\/index.php\/2019\/03\/16\/ana-paula-duron-se-abre-paso-en-la-industria-de-los-viajes\/"},"author":{"name":"Redacci\u00f3n","@id":"https:\/\/nitu.mx\/#\/schema\/person\/4a28fe9bd65924f7c90623773daf1b0b"},"headline":"Ana Paula Dur\u00f3n\u00a0se abre paso en la industria de los viajes","datePublished":"2019-03-16T06:41:42+00:00","dateModified":"2019-03-16T17:53:12+00:00","mainEntityOfPage":{"@id":"https:\/\/nitu.mx\/index.php\/2019\/03\/16\/ana-paula-duron-se-abre-paso-en-la-industria-de-los-viajes\/"},"wordCount":397,"commentCount":0,"publisher":{"@id":"https:\/\/nitu.mx\/#\/schema\/person\/ae7a53426417292d3dd07b45a33e01bc"},"image":{"@id":"https:\/\/nitu.mx\/index.php\/2019\/03\/16\/ana-paula-duron-se-abre-paso-en-la-industria-de-los-viajes\/#primaryimage"},"thumbnailUrl":"https:\/\/nitu.mx\/wp-content\/uploads\/2019\/03\/Ana-Paola-Duron.jpg","keywords":["Amadeus","Ana paula Dur\u00f3n","Latam","low cost"],"articleSection":["M\u00e9xico"],"inLanguage":"es-MX","potentialAction":[{"@type":"CommentAction","name":"Comment","target":["https:\/\/nitu.mx\/index.php\/2019\/03\/16\/ana-paula-duron-se-abre-paso-en-la-industria-de-los-viajes\/#respond"]}]},{"@type":"WebPage","@id":"https:\/\/nitu.mx\/index.php\/2019\/03\/16\/ana-paula-duron-se-abre-paso-en-la-industria-de-los-viajes\/","url":"https:\/\/nitu.mx\/index.php\/2019\/03\/16\/ana-paula-duron-se-abre-paso-en-la-industria-de-los-viajes\/","name":"Ana Paula Dur\u00f3n\u00a0se abre paso en la industria de los viajes - Nitu - Noticias de la Industria Turistica","isPartOf":{"@id":"https:\/\/nitu.mx\/#website"},"primaryImageOfPage":{"@id":"https:\/\/nitu.mx\/index.php\/2019\/03\/16\/ana-paula-duron-se-abre-paso-en-la-industria-de-los-viajes\/#primaryimage"},"image":{"@id":"https:\/\/nitu.mx\/index.php\/2019\/03\/16\/ana-paula-duron-se-abre-paso-en-la-industria-de-los-viajes\/#primaryimage"},"thumbnailUrl":"https:\/\/nitu.mx\/wp-content\/uploads\/2019\/03\/Ana-Paola-Duron.jpg","datePublished":"2019-03-16T06:41:42+00:00","dateModified":"2019-03-16T17:53:12+00:00","breadcrumb":{"@id":"https:\/\/nitu.mx\/index.php\/2019\/03\/16\/ana-paula-duron-se-abre-paso-en-la-industria-de-los-viajes\/#breadcrumb"},"inLanguage":"es-MX","potentialAction":[{"@type":"ReadAction","target":["https:\/\/nitu.mx\/index.php\/2019\/03\/16\/ana-paula-duron-se-abre-paso-en-la-industria-de-los-viajes\/"]}]},{"@type":"ImageObject","inLanguage":"es-MX","@id":"https:\/\/nitu.mx\/index.php\/2019\/03\/16\/ana-paula-duron-se-abre-paso-en-la-industria-de-los-viajes\/#primaryimage","url":"https:\/\/nitu.mx\/wp-content\/uploads\/2019\/03\/Ana-Paola-Duron.jpg","contentUrl":"https:\/\/nitu.mx\/wp-content\/uploads\/2019\/03\/Ana-Paola-Duron.jpg","width":850,"height":480,"caption":"Ana Paola Duron Amadeus"},{"@type":"BreadcrumbList","@id":"https:\/\/nitu.mx\/index.php\/2019\/03\/16\/ana-paula-duron-se-abre-paso-en-la-industria-de-los-viajes\/#breadcrumb","itemListElement":[{"@type":"ListItem","position":1,"name":"Inicio","item":"https:\/\/nitu.mx\/"},{"@type":"ListItem","position":2,"name":"Ana Paula Dur\u00f3n\u00a0se abre paso en la industria de los viajes"}]},{"@type":"WebSite","@id":"https:\/\/nitu.mx\/#website","url":"https:\/\/nitu.mx\/","name":"Nitu - Noticias de la Industria Turistica","description":"Noticias de la Industria Turistica","publisher":{"@id":"https:\/\/nitu.mx\/#\/schema\/person\/ae7a53426417292d3dd07b45a33e01bc"},"alternateName":"Noticias de la Industria Turistica","potentialAction":[{"@type":"SearchAction","target":{"@type":"EntryPoint","urlTemplate":"https:\/\/nitu.mx\/?s={search_term_string}"},"query-input":"required name=search_term_string"}],"inLanguage":"es-MX"},{"@type":["Person","Organization"],"@id":"https:\/\/nitu.mx\/#\/schema\/person\/ae7a53426417292d3dd07b45a33e01bc","name":"Arturo Medina","image":{"@type":"ImageObject","inLanguage":"es-MX","@id":"https:\/\/nitu.mx\/#\/schema\/person\/image\/","url":"https:\/\/nitu.mx\/wp-content\/uploads\/2024\/04\/4A315622-1904-4D5C-B022-878CDC840E04-90x90-1.jpeg","contentUrl":"https:\/\/nitu.mx\/wp-content\/uploads\/2024\/04\/4A315622-1904-4D5C-B022-878CDC840E04-90x90-1.jpeg","width":90,"height":90,"caption":"Arturo Medina"},"logo":{"@id":"https:\/\/nitu.mx\/#\/schema\/person\/image\/"},"description":"Director NITU.mx, Egresado de la Escuela de Periodismo Carlos Septi\u00e9n Garc\u00eda. Periodista y analista especializado en turismo desde hace 35 a\u00f1os, radicado en Canc\u00fan Q.Roo. arturo@nitu.mx","sameAs":["https:\/\/nitu.mx","https:\/\/www.facebook.com\/NITUmx\/","medinacancun","https:\/\/twitter.com\/@Arturo_Medina_G"]},{"@type":"Person","@id":"https:\/\/nitu.mx\/#\/schema\/person\/4a28fe9bd65924f7c90623773daf1b0b","name":"Redacci\u00f3n","image":{"@type":"ImageObject","inLanguage":"es-MX","@id":"https:\/\/nitu.mx\/#\/schema\/person\/image\/","url":"https:\/\/secure.gravatar.com\/avatar\/5dd011c8ccfc5cd7e4c81e42252aab38?s=96&d=mm&r=g","contentUrl":"https:\/\/secure.gravatar.com\/avatar\/5dd011c8ccfc5cd7e4c81e42252aab38?s=96&d=mm&r=g","caption":"Redacci\u00f3n"},"url":"https:\/\/nitu.mx\/index.php\/author\/redaccion\/"}]}},"views":371,"_links":{"self":[{"href":"https:\/\/nitu.mx\/index.php\/wp-json\/wp\/v2\/posts\/30131"}],"collection":[{"href":"https:\/\/nitu.mx\/index.php\/wp-json\/wp\/v2\/posts"}],"about":[{"href":"https:\/\/nitu.mx\/index.php\/wp-json\/wp\/v2\/types\/post"}],"author":[{"embeddable":true,"href":"https:\/\/nitu.mx\/index.php\/wp-json\/wp\/v2\/users\/17"}],"replies":[{"embeddable":true,"href":"https:\/\/nitu.mx\/index.php\/wp-json\/wp\/v2\/comments?post=30131"}],"version-history":[{"count":4,"href":"https:\/\/nitu.mx\/index.php\/wp-json\/wp\/v2\/posts\/30131\/revisions"}],"predecessor-version":[{"id":30137,"href":"https:\/\/nitu.mx\/index.php\/wp-json\/wp\/v2\/posts\/30131\/revisions\/30137"}],"wp:featuredmedia":[{"embeddable":true,"href":"https:\/\/nitu.mx\/index.php\/wp-json\/wp\/v2\/media\/30136"}],"wp:attachment":[{"href":"https:\/\/nitu.mx\/index.php\/wp-json\/wp\/v2\/media?parent=30131"}],"wp:term":[{"taxonomy":"category","embeddable":true,"href":"https:\/\/nitu.mx\/index.php\/wp-json\/wp\/v2\/categories?post=30131"},{"taxonomy":"post_tag","embeddable":true,"href":"https:\/\/nitu.mx\/index.php\/wp-json\/wp\/v2\/tags?post=30131"}],"curies":[{"name":"wp","href":"https:\/\/api.w.org\/{rel}","templated":true}]}}