{"id":30091,"date":"2019-03-15T01:01:44","date_gmt":"2019-03-15T06:01:44","guid":{"rendered":"https:\/\/www.dev.nitu.mx\/?p=30091"},"modified":"2019-03-15T03:14:57","modified_gmt":"2019-03-15T08:14:57","slug":"merida-se-queda-con-sede-de-tianguis-turistico-2020","status":"publish","type":"post","link":"https:\/\/nitu.mx\/index.php\/2019\/03\/15\/merida-se-queda-con-sede-de-tianguis-turistico-2020\/","title":{"rendered":"M\u00e9rida se queda con sede de Tianguis Tur\u00edstico 2020"},"content":{"rendered":"<p>Despu\u00e9s de que solo se recibieran dos candidaturas en tiempo y forma, para llevar a cabo la feria de turismo m\u00e1s importante de nuestro pa\u00eds, luego de sesionar, el comit\u00e9 de Tianguis Tur\u00edstico como ya lo hab\u00edan adelantado hace unos d\u00edas, decidi\u00f3 que M\u00e9rida ser\u00e1 la sede del Tianguis Tur\u00edstico para el a\u00f1o 2020. El secretario de turismo del Gobierno Federal, Miguel Torruco Marqu\u00e9s, dio a conocer esta decisi\u00f3n en su cuenta de twitter donde celebr\u00f3 esta designaci\u00f3n y agradeci\u00f3 la participaci\u00f3n tambi\u00e9n del gobierno de la Ciudad de M\u00e9xico.<\/p>\n<p>La reacci\u00f3n por parte de Michelle Fridman\u00a0 no se hizo esperar, y de inmediato comparti\u00f3 la noticia en sus redes sociales, expresando su sentir por poder ser la sede de la m\u00e1xima feria tur\u00edstica de nuestro pa\u00eds, la cual ser\u00e1 una vitrina para mostrar al mundo los atractivos tur\u00edsticos de la pen\u00ednsula de Yucat\u00e1n. Asimismo agradeci\u00f3 todo su apoyo al gobernador de Yucat\u00e1n, Mauricio Vila Dosal, y a la secretar\u00eda de turismo federal. (<a title=\"M\u00e9rida buscar\u00e1 ser sede del Tianguis Tur\u00edstico de 2020\" href=\"https:\/\/www.dev.nitu.mx\/index.php\/2019\/02\/18\/merida-buscara-ser-sede-del-tianguis-turistico-de-2020\/\" rel=\"bookmark\">M\u00e9rida buscar\u00e1 ser sede del Tianguis Tur\u00edstico de 2020<\/a>).<\/p>\n<p>Esta designaci\u00f3n llega en un momento oportuno, ya que el crecimiento y desarrollo de Yucat\u00e1n en los \u00faltimos a\u00f1os ha sido muy destacable.<\/p>\n<p>\u201cCorona un esfuerzo entre empresarios y gobierno que se viene realizando desde hace alg\u00fan tiempo para ubicar a Yucat\u00e1n en los ojos del mundo entero&#8221;&#8221;, dijo\u00a0Jos\u00e9 Manuel L\u00f3pez Campos, presidente de la\u00a0Concanaco, quien felicit\u00f3 al gobernador del estado\u00a0 y a todos los dirigentes de los sectores tur\u00edsticos por este logro. &#8220;Hay que celebrar, pero tambi\u00e9n hay que seguir trabajando como hasta ahora hasta el 2020\u201d, apunt\u00f3 L\u00f3pez Campos.<\/p>\n","protected":false},"excerpt":{"rendered":"<p>Despu\u00e9s de que solo se recibieran dos candidaturas en tiempo y forma, para llevar a cabo la feria de turismo m\u00e1s importante de nuestro pa\u00eds, luego de sesionar, el comit\u00e9 de Tianguis Tur\u00edstico como ya lo hab\u00edan adelantado hace unos d\u00edas, decidi\u00f3 que M\u00e9rida ser\u00e1 la sede del Tianguis Tur\u00edstico para el a\u00f1o 2020. El [&hellip;]<\/p>\n","protected":false},"author":17,"featured_media":30115,"comment_status":"open","ping_status":"open","sticky":false,"template":"","format":"standard","meta":{"footnotes":""},"categories":[6],"tags":[12599,910,14541],"yoast_head":"<!-- This site is optimized with the Yoast SEO plugin v22.2 - https:\/\/yoast.com\/wordpress\/plugins\/seo\/ -->\n<title>M\u00e9rida se queda con sede de Tianguis Tur\u00edstico 2020 - Nitu - Noticias de la Industria Turistica<\/title>\n<meta name=\"description\" content=\"El comit\u00e9 de Tianguis Tur\u00edstico como ya lo hab\u00edan adelantado hace unos d\u00edas, decidi\u00f3 que M\u00e9rida ser\u00e1 la sede del Tianguis Tur\u00edstico para el a\u00f1o 2020.\" \/>\n<meta name=\"robots\" content=\"index, follow, max-snippet:-1, max-image-preview:large, max-video-preview:-1\" \/>\n<link rel=\"canonical\" href=\"https:\/\/nitu.mx\/index.php\/2019\/03\/15\/merida-se-queda-con-sede-de-tianguis-turistico-2020\/\" \/>\n<meta name=\"twitter:card\" content=\"summary_large_image\" \/>\n<meta name=\"twitter:title\" content=\"M\u00e9rida se queda con sede de Tianguis Tur\u00edstico 2020 - Nitu - Noticias de la Industria Turistica\" \/>\n<meta name=\"twitter:description\" content=\"El comit\u00e9 de Tianguis Tur\u00edstico como ya lo hab\u00edan adelantado hace unos d\u00edas, decidi\u00f3 que M\u00e9rida ser\u00e1 la sede del Tianguis Tur\u00edstico para el a\u00f1o 2020.\" \/>\n<meta name=\"twitter:image\" content=\"https:\/\/nitu.mx\/wp-content\/uploads\/2019\/03\/merida-tinguis-turistico.jpg\" \/>\n<meta name=\"twitter:creator\" content=\"@NITUmx\" \/>\n<meta name=\"twitter:site\" content=\"@Arturo_Medina_G\" \/>\n<meta name=\"twitter:label1\" content=\"Escrito por\" \/>\n\t<meta name=\"twitter:data1\" content=\"Redacci\u00f3n\" \/>\n\t<meta name=\"twitter:label2\" content=\"Tiempo de lectura\" \/>\n\t<meta name=\"twitter:data2\" content=\"1 minuto\" \/>\n<script type=\"application\/ld+json\" class=\"yoast-schema-graph\">{\"@context\":\"https:\/\/schema.org\",\"@graph\":[{\"@type\":\"Article\",\"@id\":\"https:\/\/nitu.mx\/index.php\/2019\/03\/15\/merida-se-queda-con-sede-de-tianguis-turistico-2020\/#article\",\"isPartOf\":{\"@id\":\"https:\/\/nitu.mx\/index.php\/2019\/03\/15\/merida-se-queda-con-sede-de-tianguis-turistico-2020\/\"},\"author\":{\"name\":\"Redacci\u00f3n\",\"@id\":\"https:\/\/nitu.mx\/#\/schema\/person\/4a28fe9bd65924f7c90623773daf1b0b\"},\"headline\":\"M\u00e9rida se queda con sede de Tianguis Tur\u00edstico 2020\",\"datePublished\":\"2019-03-15T06:01:44+00:00\",\"dateModified\":\"2019-03-15T08:14:57+00:00\",\"mainEntityOfPage\":{\"@id\":\"https:\/\/nitu.mx\/index.php\/2019\/03\/15\/merida-se-queda-con-sede-de-tianguis-turistico-2020\/\"},\"wordCount\":307,\"commentCount\":0,\"publisher\":{\"@id\":\"https:\/\/nitu.mx\/#\/schema\/person\/ae7a53426417292d3dd07b45a33e01bc\"},\"image\":{\"@id\":\"https:\/\/nitu.mx\/index.php\/2019\/03\/15\/merida-se-queda-con-sede-de-tianguis-turistico-2020\/#primaryimage\"},\"thumbnailUrl\":\"https:\/\/nitu.mx\/wp-content\/uploads\/2019\/03\/merida-tinguis-turistico.jpg\",\"keywords\":[\"Michelle Fridman\",\"Miguel Torruco\",\"Tianguis Tur\u00edstico 2020\"],\"articleSection\":[\"M\u00e9xico\"],\"inLanguage\":\"es-MX\",\"potentialAction\":[{\"@type\":\"CommentAction\",\"name\":\"Comment\",\"target\":[\"https:\/\/nitu.mx\/index.php\/2019\/03\/15\/merida-se-queda-con-sede-de-tianguis-turistico-2020\/#respond\"]}]},{\"@type\":\"WebPage\",\"@id\":\"https:\/\/nitu.mx\/index.php\/2019\/03\/15\/merida-se-queda-con-sede-de-tianguis-turistico-2020\/\",\"url\":\"https:\/\/nitu.mx\/index.php\/2019\/03\/15\/merida-se-queda-con-sede-de-tianguis-turistico-2020\/\",\"name\":\"M\u00e9rida se queda con sede de Tianguis Tur\u00edstico 2020 - Nitu - Noticias de la Industria Turistica\",\"isPartOf\":{\"@id\":\"https:\/\/nitu.mx\/#website\"},\"primaryImageOfPage\":{\"@id\":\"https:\/\/nitu.mx\/index.php\/2019\/03\/15\/merida-se-queda-con-sede-de-tianguis-turistico-2020\/#primaryimage\"},\"image\":{\"@id\":\"https:\/\/nitu.mx\/index.php\/2019\/03\/15\/merida-se-queda-con-sede-de-tianguis-turistico-2020\/#primaryimage\"},\"thumbnailUrl\":\"https:\/\/nitu.mx\/wp-content\/uploads\/2019\/03\/merida-tinguis-turistico.jpg\",\"datePublished\":\"2019-03-15T06:01:44+00:00\",\"dateModified\":\"2019-03-15T08:14:57+00:00\",\"description\":\"El comit\u00e9 de Tianguis Tur\u00edstico como ya lo hab\u00edan adelantado hace unos d\u00edas, decidi\u00f3 que M\u00e9rida ser\u00e1 la sede del Tianguis Tur\u00edstico para el a\u00f1o 2020.\",\"breadcrumb\":{\"@id\":\"https:\/\/nitu.mx\/index.php\/2019\/03\/15\/merida-se-queda-con-sede-de-tianguis-turistico-2020\/#breadcrumb\"},\"inLanguage\":\"es-MX\",\"potentialAction\":[{\"@type\":\"ReadAction\",\"target\":[\"https:\/\/nitu.mx\/index.php\/2019\/03\/15\/merida-se-queda-con-sede-de-tianguis-turistico-2020\/\"]}]},{\"@type\":\"ImageObject\",\"inLanguage\":\"es-MX\",\"@id\":\"https:\/\/nitu.mx\/index.php\/2019\/03\/15\/merida-se-queda-con-sede-de-tianguis-turistico-2020\/#primaryimage\",\"url\":\"https:\/\/nitu.mx\/wp-content\/uploads\/2019\/03\/merida-tinguis-turistico.jpg\",\"contentUrl\":\"https:\/\/nitu.mx\/wp-content\/uploads\/2019\/03\/merida-tinguis-turistico.jpg\",\"width\":850,\"height\":480,\"caption\":\"merida tinguis turistico\"},{\"@type\":\"BreadcrumbList\",\"@id\":\"https:\/\/nitu.mx\/index.php\/2019\/03\/15\/merida-se-queda-con-sede-de-tianguis-turistico-2020\/#breadcrumb\",\"itemListElement\":[{\"@type\":\"ListItem\",\"position\":1,\"name\":\"Inicio\",\"item\":\"https:\/\/nitu.mx\/\"},{\"@type\":\"ListItem\",\"position\":2,\"name\":\"M\u00e9rida se queda con sede de Tianguis Tur\u00edstico 2020\"}]},{\"@type\":\"WebSite\",\"@id\":\"https:\/\/nitu.mx\/#website\",\"url\":\"https:\/\/nitu.mx\/\",\"name\":\"Nitu - Noticias de la Industria Turistica\",\"description\":\"Noticias de la Industria Turistica\",\"publisher\":{\"@id\":\"https:\/\/nitu.mx\/#\/schema\/person\/ae7a53426417292d3dd07b45a33e01bc\"},\"alternateName\":\"Noticias de la Industria Turistica\",\"potentialAction\":[{\"@type\":\"SearchAction\",\"target\":{\"@type\":\"EntryPoint\",\"urlTemplate\":\"https:\/\/nitu.mx\/?s={search_term_string}\"},\"query-input\":\"required name=search_term_string\"}],\"inLanguage\":\"es-MX\"},{\"@type\":[\"Person\",\"Organization\"],\"@id\":\"https:\/\/nitu.mx\/#\/schema\/person\/ae7a53426417292d3dd07b45a33e01bc\",\"name\":\"Arturo Medina\",\"image\":{\"@type\":\"ImageObject\",\"inLanguage\":\"es-MX\",\"@id\":\"https:\/\/nitu.mx\/#\/schema\/person\/image\/\",\"url\":\"https:\/\/nitu.mx\/wp-content\/uploads\/2024\/04\/4A315622-1904-4D5C-B022-878CDC840E04-90x90-1.jpeg\",\"contentUrl\":\"https:\/\/nitu.mx\/wp-content\/uploads\/2024\/04\/4A315622-1904-4D5C-B022-878CDC840E04-90x90-1.jpeg\",\"width\":90,\"height\":90,\"caption\":\"Arturo Medina\"},\"logo\":{\"@id\":\"https:\/\/nitu.mx\/#\/schema\/person\/image\/\"},\"description\":\"Director NITU.mx, Egresado de la Escuela de Periodismo Carlos Septi\u00e9n Garc\u00eda. Periodista y analista especializado en turismo desde hace 35 a\u00f1os, radicado en Canc\u00fan Q.Roo. arturo@nitu.mx\",\"sameAs\":[\"https:\/\/nitu.mx\",\"https:\/\/www.facebook.com\/NITUmx\/\",\"medinacancun\",\"https:\/\/twitter.com\/@Arturo_Medina_G\"]},{\"@type\":\"Person\",\"@id\":\"https:\/\/nitu.mx\/#\/schema\/person\/4a28fe9bd65924f7c90623773daf1b0b\",\"name\":\"Redacci\u00f3n\",\"image\":{\"@type\":\"ImageObject\",\"inLanguage\":\"es-MX\",\"@id\":\"https:\/\/nitu.mx\/#\/schema\/person\/image\/\",\"url\":\"https:\/\/secure.gravatar.com\/avatar\/5dd011c8ccfc5cd7e4c81e42252aab38?s=96&d=mm&r=g\",\"contentUrl\":\"https:\/\/secure.gravatar.com\/avatar\/5dd011c8ccfc5cd7e4c81e42252aab38?s=96&d=mm&r=g\",\"caption\":\"Redacci\u00f3n\"},\"url\":\"https:\/\/nitu.mx\/index.php\/author\/redaccion\/\"}]}<\/script>\n<!-- \/ Yoast SEO plugin. -->","yoast_head_json":{"title":"M\u00e9rida se queda con sede de Tianguis Tur\u00edstico 2020 - Nitu - Noticias de la Industria Turistica","description":"El comit\u00e9 de Tianguis Tur\u00edstico como ya lo hab\u00edan adelantado hace unos d\u00edas, decidi\u00f3 que M\u00e9rida ser\u00e1 la sede del Tianguis Tur\u00edstico para el a\u00f1o 2020.","robots":{"index":"index","follow":"follow","max-snippet":"max-snippet:-1","max-image-preview":"max-image-preview:large","max-video-preview":"max-video-preview:-1"},"canonical":"https:\/\/nitu.mx\/index.php\/2019\/03\/15\/merida-se-queda-con-sede-de-tianguis-turistico-2020\/","twitter_card":"summary_large_image","twitter_title":"M\u00e9rida se queda con sede de Tianguis Tur\u00edstico 2020 - Nitu - Noticias de la Industria Turistica","twitter_description":"El comit\u00e9 de Tianguis Tur\u00edstico como ya lo hab\u00edan adelantado hace unos d\u00edas, decidi\u00f3 que M\u00e9rida ser\u00e1 la sede del Tianguis Tur\u00edstico para el a\u00f1o 2020.","twitter_image":"https:\/\/nitu.mx\/wp-content\/uploads\/2019\/03\/merida-tinguis-turistico.jpg","twitter_creator":"@NITUmx","twitter_site":"@Arturo_Medina_G","twitter_misc":{"Escrito por":"Redacci\u00f3n","Tiempo de lectura":"1 minuto"},"schema":{"@context":"https:\/\/schema.org","@graph":[{"@type":"Article","@id":"https:\/\/nitu.mx\/index.php\/2019\/03\/15\/merida-se-queda-con-sede-de-tianguis-turistico-2020\/#article","isPartOf":{"@id":"https:\/\/nitu.mx\/index.php\/2019\/03\/15\/merida-se-queda-con-sede-de-tianguis-turistico-2020\/"},"author":{"name":"Redacci\u00f3n","@id":"https:\/\/nitu.mx\/#\/schema\/person\/4a28fe9bd65924f7c90623773daf1b0b"},"headline":"M\u00e9rida se queda con sede de Tianguis Tur\u00edstico 2020","datePublished":"2019-03-15T06:01:44+00:00","dateModified":"2019-03-15T08:14:57+00:00","mainEntityOfPage":{"@id":"https:\/\/nitu.mx\/index.php\/2019\/03\/15\/merida-se-queda-con-sede-de-tianguis-turistico-2020\/"},"wordCount":307,"commentCount":0,"publisher":{"@id":"https:\/\/nitu.mx\/#\/schema\/person\/ae7a53426417292d3dd07b45a33e01bc"},"image":{"@id":"https:\/\/nitu.mx\/index.php\/2019\/03\/15\/merida-se-queda-con-sede-de-tianguis-turistico-2020\/#primaryimage"},"thumbnailUrl":"https:\/\/nitu.mx\/wp-content\/uploads\/2019\/03\/merida-tinguis-turistico.jpg","keywords":["Michelle Fridman","Miguel Torruco","Tianguis Tur\u00edstico 2020"],"articleSection":["M\u00e9xico"],"inLanguage":"es-MX","potentialAction":[{"@type":"CommentAction","name":"Comment","target":["https:\/\/nitu.mx\/index.php\/2019\/03\/15\/merida-se-queda-con-sede-de-tianguis-turistico-2020\/#respond"]}]},{"@type":"WebPage","@id":"https:\/\/nitu.mx\/index.php\/2019\/03\/15\/merida-se-queda-con-sede-de-tianguis-turistico-2020\/","url":"https:\/\/nitu.mx\/index.php\/2019\/03\/15\/merida-se-queda-con-sede-de-tianguis-turistico-2020\/","name":"M\u00e9rida se queda con sede de Tianguis Tur\u00edstico 2020 - Nitu - Noticias de la Industria Turistica","isPartOf":{"@id":"https:\/\/nitu.mx\/#website"},"primaryImageOfPage":{"@id":"https:\/\/nitu.mx\/index.php\/2019\/03\/15\/merida-se-queda-con-sede-de-tianguis-turistico-2020\/#primaryimage"},"image":{"@id":"https:\/\/nitu.mx\/index.php\/2019\/03\/15\/merida-se-queda-con-sede-de-tianguis-turistico-2020\/#primaryimage"},"thumbnailUrl":"https:\/\/nitu.mx\/wp-content\/uploads\/2019\/03\/merida-tinguis-turistico.jpg","datePublished":"2019-03-15T06:01:44+00:00","dateModified":"2019-03-15T08:14:57+00:00","description":"El comit\u00e9 de Tianguis Tur\u00edstico como ya lo hab\u00edan adelantado hace unos d\u00edas, decidi\u00f3 que M\u00e9rida ser\u00e1 la sede del Tianguis Tur\u00edstico para el a\u00f1o 2020.","breadcrumb":{"@id":"https:\/\/nitu.mx\/index.php\/2019\/03\/15\/merida-se-queda-con-sede-de-tianguis-turistico-2020\/#breadcrumb"},"inLanguage":"es-MX","potentialAction":[{"@type":"ReadAction","target":["https:\/\/nitu.mx\/index.php\/2019\/03\/15\/merida-se-queda-con-sede-de-tianguis-turistico-2020\/"]}]},{"@type":"ImageObject","inLanguage":"es-MX","@id":"https:\/\/nitu.mx\/index.php\/2019\/03\/15\/merida-se-queda-con-sede-de-tianguis-turistico-2020\/#primaryimage","url":"https:\/\/nitu.mx\/wp-content\/uploads\/2019\/03\/merida-tinguis-turistico.jpg","contentUrl":"https:\/\/nitu.mx\/wp-content\/uploads\/2019\/03\/merida-tinguis-turistico.jpg","width":850,"height":480,"caption":"merida tinguis turistico"},{"@type":"BreadcrumbList","@id":"https:\/\/nitu.mx\/index.php\/2019\/03\/15\/merida-se-queda-con-sede-de-tianguis-turistico-2020\/#breadcrumb","itemListElement":[{"@type":"ListItem","position":1,"name":"Inicio","item":"https:\/\/nitu.mx\/"},{"@type":"ListItem","position":2,"name":"M\u00e9rida se queda con sede de Tianguis Tur\u00edstico 2020"}]},{"@type":"WebSite","@id":"https:\/\/nitu.mx\/#website","url":"https:\/\/nitu.mx\/","name":"Nitu - Noticias de la Industria Turistica","description":"Noticias de la Industria Turistica","publisher":{"@id":"https:\/\/nitu.mx\/#\/schema\/person\/ae7a53426417292d3dd07b45a33e01bc"},"alternateName":"Noticias de la Industria Turistica","potentialAction":[{"@type":"SearchAction","target":{"@type":"EntryPoint","urlTemplate":"https:\/\/nitu.mx\/?s={search_term_string}"},"query-input":"required name=search_term_string"}],"inLanguage":"es-MX"},{"@type":["Person","Organization"],"@id":"https:\/\/nitu.mx\/#\/schema\/person\/ae7a53426417292d3dd07b45a33e01bc","name":"Arturo Medina","image":{"@type":"ImageObject","inLanguage":"es-MX","@id":"https:\/\/nitu.mx\/#\/schema\/person\/image\/","url":"https:\/\/nitu.mx\/wp-content\/uploads\/2024\/04\/4A315622-1904-4D5C-B022-878CDC840E04-90x90-1.jpeg","contentUrl":"https:\/\/nitu.mx\/wp-content\/uploads\/2024\/04\/4A315622-1904-4D5C-B022-878CDC840E04-90x90-1.jpeg","width":90,"height":90,"caption":"Arturo Medina"},"logo":{"@id":"https:\/\/nitu.mx\/#\/schema\/person\/image\/"},"description":"Director NITU.mx, Egresado de la Escuela de Periodismo Carlos Septi\u00e9n Garc\u00eda. Periodista y analista especializado en turismo desde hace 35 a\u00f1os, radicado en Canc\u00fan Q.Roo. arturo@nitu.mx","sameAs":["https:\/\/nitu.mx","https:\/\/www.facebook.com\/NITUmx\/","medinacancun","https:\/\/twitter.com\/@Arturo_Medina_G"]},{"@type":"Person","@id":"https:\/\/nitu.mx\/#\/schema\/person\/4a28fe9bd65924f7c90623773daf1b0b","name":"Redacci\u00f3n","image":{"@type":"ImageObject","inLanguage":"es-MX","@id":"https:\/\/nitu.mx\/#\/schema\/person\/image\/","url":"https:\/\/secure.gravatar.com\/avatar\/5dd011c8ccfc5cd7e4c81e42252aab38?s=96&d=mm&r=g","contentUrl":"https:\/\/secure.gravatar.com\/avatar\/5dd011c8ccfc5cd7e4c81e42252aab38?s=96&d=mm&r=g","caption":"Redacci\u00f3n"},"url":"https:\/\/nitu.mx\/index.php\/author\/redaccion\/"}]}},"views":412,"_links":{"self":[{"href":"https:\/\/nitu.mx\/index.php\/wp-json\/wp\/v2\/posts\/30091"}],"collection":[{"href":"https:\/\/nitu.mx\/index.php\/wp-json\/wp\/v2\/posts"}],"about":[{"href":"https:\/\/nitu.mx\/index.php\/wp-json\/wp\/v2\/types\/post"}],"author":[{"embeddable":true,"href":"https:\/\/nitu.mx\/index.php\/wp-json\/wp\/v2\/users\/17"}],"replies":[{"embeddable":true,"href":"https:\/\/nitu.mx\/index.php\/wp-json\/wp\/v2\/comments?post=30091"}],"version-history":[{"count":4,"href":"https:\/\/nitu.mx\/index.php\/wp-json\/wp\/v2\/posts\/30091\/revisions"}],"predecessor-version":[{"id":30117,"href":"https:\/\/nitu.mx\/index.php\/wp-json\/wp\/v2\/posts\/30091\/revisions\/30117"}],"wp:featuredmedia":[{"embeddable":true,"href":"https:\/\/nitu.mx\/index.php\/wp-json\/wp\/v2\/media\/30115"}],"wp:attachment":[{"href":"https:\/\/nitu.mx\/index.php\/wp-json\/wp\/v2\/media?parent=30091"}],"wp:term":[{"taxonomy":"category","embeddable":true,"href":"https:\/\/nitu.mx\/index.php\/wp-json\/wp\/v2\/categories?post=30091"},{"taxonomy":"post_tag","embeddable":true,"href":"https:\/\/nitu.mx\/index.php\/wp-json\/wp\/v2\/tags?post=30091"}],"curies":[{"name":"wp","href":"https:\/\/api.w.org\/{rel}","templated":true}]}}