{"id":30021,"date":"2019-03-13T01:15:40","date_gmt":"2019-03-13T06:15:40","guid":{"rendered":"https:\/\/www.dev.nitu.mx\/?p=30021"},"modified":"2019-03-13T01:43:02","modified_gmt":"2019-03-13T06:43:02","slug":"volaris-celebra-sus-13-anos-con-el-lanzamiento-de-la-tercera-tarifa","status":"publish","type":"post","link":"https:\/\/nitu.mx\/index.php\/2019\/03\/13\/volaris-celebra-sus-13-anos-con-el-lanzamiento-de-la-tercera-tarifa\/","title":{"rendered":"Volaris celebra sus 13 a\u00f1os con el lanzamiento de la Tercera Tarifa"},"content":{"rendered":"<p>Pese a factores como el precio del combustible, la incertidumbre econ\u00f3mica y pol\u00edtica y la falta de un proyecto a\u00e9reo claro, la aerol\u00ednea mexicana de bajo costo, Volaris, celebra 13 a\u00f1os de operaciones con su firme promesa de quitarle mercado a las l\u00edneas de autob\u00fas.<\/p>\n<p>El modelo de bajo costo tuvo una alta penetraci\u00f3n en M\u00e9xico que actualmente ya supera el 50 por ciento del mercado, en el cual Volaris tiene una alta participaci\u00f3n. Para reforzar su esquema de negocio y al mismo tiempo marcar un diferencial, en febrero puso en operaci\u00f3n la Tercera Tarifa.<\/p>\n<p>El director general de la l\u00ednea a\u00e9rea, Enrique Beltranena, se\u00f1al\u00f3 que este modelo tarifario incluye beneficios adicionales a los clientes conocidos como Vuela Plus, con el que podr\u00e1 transportar dos equipajes de mano de 10 kilogramos en total, maleta documentada de 25 kg, selecci\u00f3n de asientos regulares y prioridad en abordaje.<\/p>\n<p>En un encuentro realizado en la Ciudad de M\u00e9xico, el ejecutivo detall\u00f3 los logros que ha alcanzado la aerol\u00ednea en estos 13 a\u00f1os, como el haber transportado a m\u00e1s de ocho millones de pasajeros. Actualmente, Volaris cuenta con 185 rutas de las cuales 114 son nacionales, 71 internacionales y 77 son exclusivas de la l\u00ednea a\u00e9rea. (<a title=\"Volaris anuncia nueva ruta entre Durango y Dallas \/ Fort Worth\" href=\"https:\/\/www.dev.nitu.mx\/index.php\/2019\/02\/22\/volaris-anuncia-nueva-ruta-entre-durango-y-dallas-fort-worth\/\" rel=\"bookmark\">Volaris anuncia nueva ruta entre Durango y Dallas \/ Fort Worth<\/a>).<\/p>\n<p>Beltranena coment\u00f3 tambi\u00e9n que Volaris tiene una penetraci\u00f3n en el mercado dom\u00e9stico de 30.9 por ciento, y que a\u00f1o tras a\u00f1o ha mostrado un crecimiento de 17 por ciento en rutas y 19 por ciento en tr\u00e1fico de viajeros.<\/p>\n<p>\u201cEl mercado nacional tiene un potencial todav\u00eda muy alto, la apuesta es llevar a m\u00e1s usuarios de autob\u00fas a aviones, con el modelo de bajo costo\u201d. De acuerdo con el directivo, en 2018 se subieron por primera vez a un avi\u00f3n, 1.4 millones de sus clientes.<\/p>\n<p>Afirm\u00f3 que la estrategia financiera y el esquema de bajo costo le permitieron superar los retos que enfrent\u00f3 no s\u00f3lo Volaris, sino el sector a\u00e9reo en general. Enrique Beltranena destac\u00f3 que la flota actual se integra por ocho aviones A319, 55 A320 de los cuales 12 son A320Neo, y 14 A321 que incluyen cuatro A321Neo.<\/p>\n","protected":false},"excerpt":{"rendered":"<p>Pese a factores como el precio del combustible, la incertidumbre econ\u00f3mica y pol\u00edtica y la falta de un proyecto a\u00e9reo claro, la aerol\u00ednea mexicana de bajo costo, Volaris, celebra 13 a\u00f1os de operaciones con su firme promesa de quitarle mercado a las l\u00edneas de autob\u00fas. El modelo de bajo costo tuvo una alta penetraci\u00f3n en [&hellip;]<\/p>\n","protected":false},"author":5,"featured_media":7128,"comment_status":"open","ping_status":"open","sticky":false,"template":"","format":"standard","meta":{"footnotes":""},"categories":[29],"tags":[14909,445,435,131],"yoast_head":"<!-- This site is optimized with the Yoast SEO plugin v22.2 - https:\/\/yoast.com\/wordpress\/plugins\/seo\/ -->\n<title>Volaris celebra sus 13 a\u00f1os con el lanzamiento de la Tercera Tarifa - Nitu - Noticias de la Industria Turistica<\/title>\n<meta name=\"description\" content=\"La aerol\u00ednea mexicana Volaris, celebra 13 a\u00f1os de operaciones con su firme promesa de quitarle mercado a las l\u00edneas de autob\u00fas.\" \/>\n<meta name=\"robots\" content=\"index, follow, max-snippet:-1, max-image-preview:large, max-video-preview:-1\" \/>\n<link rel=\"canonical\" href=\"https:\/\/nitu.mx\/index.php\/2019\/03\/13\/volaris-celebra-sus-13-anos-con-el-lanzamiento-de-la-tercera-tarifa\/\" \/>\n<meta name=\"twitter:card\" content=\"summary_large_image\" \/>\n<meta name=\"twitter:title\" content=\"Volaris celebra sus 13 a\u00f1os con el lanzamiento de la Tercera Tarifa - Nitu - Noticias de la Industria Turistica\" \/>\n<meta name=\"twitter:description\" content=\"La aerol\u00ednea mexicana Volaris, celebra 13 a\u00f1os de operaciones con su firme promesa de quitarle mercado a las l\u00edneas de autob\u00fas.\" \/>\n<meta name=\"twitter:image\" content=\"https:\/\/nitu.mx\/wp-content\/uploads\/2017\/02\/Enrique-Beltranena.jpg\" \/>\n<meta name=\"twitter:creator\" content=\"@NITUmx\" \/>\n<meta name=\"twitter:site\" content=\"@Arturo_Medina_G\" \/>\n<meta name=\"twitter:label1\" content=\"Escrito por\" \/>\n\t<meta name=\"twitter:data1\" content=\"Mari Soto\" \/>\n\t<meta name=\"twitter:label2\" content=\"Tiempo de lectura\" \/>\n\t<meta name=\"twitter:data2\" content=\"2 minutos\" \/>\n<script type=\"application\/ld+json\" class=\"yoast-schema-graph\">{\"@context\":\"https:\/\/schema.org\",\"@graph\":[{\"@type\":\"Article\",\"@id\":\"https:\/\/nitu.mx\/index.php\/2019\/03\/13\/volaris-celebra-sus-13-anos-con-el-lanzamiento-de-la-tercera-tarifa\/#article\",\"isPartOf\":{\"@id\":\"https:\/\/nitu.mx\/index.php\/2019\/03\/13\/volaris-celebra-sus-13-anos-con-el-lanzamiento-de-la-tercera-tarifa\/\"},\"author\":{\"name\":\"Mari Soto\",\"@id\":\"https:\/\/nitu.mx\/#\/schema\/person\/afc52e313e27e660739556d421d3d6b4\"},\"headline\":\"Volaris celebra sus 13 a\u00f1os con el lanzamiento de la Tercera Tarifa\",\"datePublished\":\"2019-03-13T06:15:40+00:00\",\"dateModified\":\"2019-03-13T06:43:02+00:00\",\"mainEntityOfPage\":{\"@id\":\"https:\/\/nitu.mx\/index.php\/2019\/03\/13\/volaris-celebra-sus-13-anos-con-el-lanzamiento-de-la-tercera-tarifa\/\"},\"wordCount\":382,\"commentCount\":0,\"publisher\":{\"@id\":\"https:\/\/nitu.mx\/#\/schema\/person\/ae7a53426417292d3dd07b45a33e01bc\"},\"image\":{\"@id\":\"https:\/\/nitu.mx\/index.php\/2019\/03\/13\/volaris-celebra-sus-13-anos-con-el-lanzamiento-de-la-tercera-tarifa\/#primaryimage\"},\"thumbnailUrl\":\"https:\/\/nitu.mx\/wp-content\/uploads\/2017\/02\/Enrique-Beltranena.jpg\",\"keywords\":[\"A319\",\"A320neo\",\"Enrique Beltranena\",\"Volaris\"],\"articleSection\":[\"Aerol\u00edneas\"],\"inLanguage\":\"es-MX\",\"potentialAction\":[{\"@type\":\"CommentAction\",\"name\":\"Comment\",\"target\":[\"https:\/\/nitu.mx\/index.php\/2019\/03\/13\/volaris-celebra-sus-13-anos-con-el-lanzamiento-de-la-tercera-tarifa\/#respond\"]}]},{\"@type\":\"WebPage\",\"@id\":\"https:\/\/nitu.mx\/index.php\/2019\/03\/13\/volaris-celebra-sus-13-anos-con-el-lanzamiento-de-la-tercera-tarifa\/\",\"url\":\"https:\/\/nitu.mx\/index.php\/2019\/03\/13\/volaris-celebra-sus-13-anos-con-el-lanzamiento-de-la-tercera-tarifa\/\",\"name\":\"Volaris celebra sus 13 a\u00f1os con el lanzamiento de la Tercera Tarifa - Nitu - Noticias de la Industria Turistica\",\"isPartOf\":{\"@id\":\"https:\/\/nitu.mx\/#website\"},\"primaryImageOfPage\":{\"@id\":\"https:\/\/nitu.mx\/index.php\/2019\/03\/13\/volaris-celebra-sus-13-anos-con-el-lanzamiento-de-la-tercera-tarifa\/#primaryimage\"},\"image\":{\"@id\":\"https:\/\/nitu.mx\/index.php\/2019\/03\/13\/volaris-celebra-sus-13-anos-con-el-lanzamiento-de-la-tercera-tarifa\/#primaryimage\"},\"thumbnailUrl\":\"https:\/\/nitu.mx\/wp-content\/uploads\/2017\/02\/Enrique-Beltranena.jpg\",\"datePublished\":\"2019-03-13T06:15:40+00:00\",\"dateModified\":\"2019-03-13T06:43:02+00:00\",\"description\":\"La aerol\u00ednea mexicana Volaris, celebra 13 a\u00f1os de operaciones con su firme promesa de quitarle mercado a las l\u00edneas de autob\u00fas.\",\"breadcrumb\":{\"@id\":\"https:\/\/nitu.mx\/index.php\/2019\/03\/13\/volaris-celebra-sus-13-anos-con-el-lanzamiento-de-la-tercera-tarifa\/#breadcrumb\"},\"inLanguage\":\"es-MX\",\"potentialAction\":[{\"@type\":\"ReadAction\",\"target\":[\"https:\/\/nitu.mx\/index.php\/2019\/03\/13\/volaris-celebra-sus-13-anos-con-el-lanzamiento-de-la-tercera-tarifa\/\"]}]},{\"@type\":\"ImageObject\",\"inLanguage\":\"es-MX\",\"@id\":\"https:\/\/nitu.mx\/index.php\/2019\/03\/13\/volaris-celebra-sus-13-anos-con-el-lanzamiento-de-la-tercera-tarifa\/#primaryimage\",\"url\":\"https:\/\/nitu.mx\/wp-content\/uploads\/2017\/02\/Enrique-Beltranena.jpg\",\"contentUrl\":\"https:\/\/nitu.mx\/wp-content\/uploads\/2017\/02\/Enrique-Beltranena.jpg\",\"width\":850,\"height\":480,\"caption\":\"Volaris Blankenstein Enrique Beltranena\"},{\"@type\":\"BreadcrumbList\",\"@id\":\"https:\/\/nitu.mx\/index.php\/2019\/03\/13\/volaris-celebra-sus-13-anos-con-el-lanzamiento-de-la-tercera-tarifa\/#breadcrumb\",\"itemListElement\":[{\"@type\":\"ListItem\",\"position\":1,\"name\":\"Inicio\",\"item\":\"https:\/\/nitu.mx\/\"},{\"@type\":\"ListItem\",\"position\":2,\"name\":\"Volaris celebra sus 13 a\u00f1os con el lanzamiento de la Tercera Tarifa\"}]},{\"@type\":\"WebSite\",\"@id\":\"https:\/\/nitu.mx\/#website\",\"url\":\"https:\/\/nitu.mx\/\",\"name\":\"Nitu - Noticias de la Industria Turistica\",\"description\":\"Noticias de la Industria Turistica\",\"publisher\":{\"@id\":\"https:\/\/nitu.mx\/#\/schema\/person\/ae7a53426417292d3dd07b45a33e01bc\"},\"alternateName\":\"Noticias de la Industria Turistica\",\"potentialAction\":[{\"@type\":\"SearchAction\",\"target\":{\"@type\":\"EntryPoint\",\"urlTemplate\":\"https:\/\/nitu.mx\/?s={search_term_string}\"},\"query-input\":\"required name=search_term_string\"}],\"inLanguage\":\"es-MX\"},{\"@type\":[\"Person\",\"Organization\"],\"@id\":\"https:\/\/nitu.mx\/#\/schema\/person\/ae7a53426417292d3dd07b45a33e01bc\",\"name\":\"Arturo Medina\",\"image\":{\"@type\":\"ImageObject\",\"inLanguage\":\"es-MX\",\"@id\":\"https:\/\/nitu.mx\/#\/schema\/person\/image\/\",\"url\":\"https:\/\/nitu.mx\/wp-content\/uploads\/2024\/04\/4A315622-1904-4D5C-B022-878CDC840E04-90x90-1.jpeg\",\"contentUrl\":\"https:\/\/nitu.mx\/wp-content\/uploads\/2024\/04\/4A315622-1904-4D5C-B022-878CDC840E04-90x90-1.jpeg\",\"width\":90,\"height\":90,\"caption\":\"Arturo Medina\"},\"logo\":{\"@id\":\"https:\/\/nitu.mx\/#\/schema\/person\/image\/\"},\"description\":\"Director NITU.mx, Egresado de la Escuela de Periodismo Carlos Septi\u00e9n Garc\u00eda. Periodista y analista especializado en turismo desde hace 35 a\u00f1os, radicado en Canc\u00fan Q.Roo. arturo@nitu.mx\",\"sameAs\":[\"https:\/\/nitu.mx\",\"https:\/\/www.facebook.com\/NITUmx\/\",\"medinacancun\",\"https:\/\/twitter.com\/@Arturo_Medina_G\"]},{\"@type\":\"Person\",\"@id\":\"https:\/\/nitu.mx\/#\/schema\/person\/afc52e313e27e660739556d421d3d6b4\",\"name\":\"Mari Soto\",\"image\":{\"@type\":\"ImageObject\",\"inLanguage\":\"es-MX\",\"@id\":\"https:\/\/nitu.mx\/#\/schema\/person\/image\/\",\"url\":\"https:\/\/secure.gravatar.com\/avatar\/2619c282a180a20d89fcaea82a6736e2?s=96&d=mm&r=g\",\"contentUrl\":\"https:\/\/secure.gravatar.com\/avatar\/2619c282a180a20d89fcaea82a6736e2?s=96&d=mm&r=g\",\"caption\":\"Mari Soto\"},\"sameAs\":[\"https:\/\/nitu.mx\"],\"url\":\"https:\/\/nitu.mx\/index.php\/author\/guadalupe\/\"}]}<\/script>\n<!-- \/ Yoast SEO plugin. -->","yoast_head_json":{"title":"Volaris celebra sus 13 a\u00f1os con el lanzamiento de la Tercera Tarifa - Nitu - Noticias de la Industria Turistica","description":"La aerol\u00ednea mexicana Volaris, celebra 13 a\u00f1os de operaciones con su firme promesa de quitarle mercado a las l\u00edneas de autob\u00fas.","robots":{"index":"index","follow":"follow","max-snippet":"max-snippet:-1","max-image-preview":"max-image-preview:large","max-video-preview":"max-video-preview:-1"},"canonical":"https:\/\/nitu.mx\/index.php\/2019\/03\/13\/volaris-celebra-sus-13-anos-con-el-lanzamiento-de-la-tercera-tarifa\/","twitter_card":"summary_large_image","twitter_title":"Volaris celebra sus 13 a\u00f1os con el lanzamiento de la Tercera Tarifa - Nitu - Noticias de la Industria Turistica","twitter_description":"La aerol\u00ednea mexicana Volaris, celebra 13 a\u00f1os de operaciones con su firme promesa de quitarle mercado a las l\u00edneas de autob\u00fas.","twitter_image":"https:\/\/nitu.mx\/wp-content\/uploads\/2017\/02\/Enrique-Beltranena.jpg","twitter_creator":"@NITUmx","twitter_site":"@Arturo_Medina_G","twitter_misc":{"Escrito por":"Mari Soto","Tiempo de lectura":"2 minutos"},"schema":{"@context":"https:\/\/schema.org","@graph":[{"@type":"Article","@id":"https:\/\/nitu.mx\/index.php\/2019\/03\/13\/volaris-celebra-sus-13-anos-con-el-lanzamiento-de-la-tercera-tarifa\/#article","isPartOf":{"@id":"https:\/\/nitu.mx\/index.php\/2019\/03\/13\/volaris-celebra-sus-13-anos-con-el-lanzamiento-de-la-tercera-tarifa\/"},"author":{"name":"Mari Soto","@id":"https:\/\/nitu.mx\/#\/schema\/person\/afc52e313e27e660739556d421d3d6b4"},"headline":"Volaris celebra sus 13 a\u00f1os con el lanzamiento de la Tercera Tarifa","datePublished":"2019-03-13T06:15:40+00:00","dateModified":"2019-03-13T06:43:02+00:00","mainEntityOfPage":{"@id":"https:\/\/nitu.mx\/index.php\/2019\/03\/13\/volaris-celebra-sus-13-anos-con-el-lanzamiento-de-la-tercera-tarifa\/"},"wordCount":382,"commentCount":0,"publisher":{"@id":"https:\/\/nitu.mx\/#\/schema\/person\/ae7a53426417292d3dd07b45a33e01bc"},"image":{"@id":"https:\/\/nitu.mx\/index.php\/2019\/03\/13\/volaris-celebra-sus-13-anos-con-el-lanzamiento-de-la-tercera-tarifa\/#primaryimage"},"thumbnailUrl":"https:\/\/nitu.mx\/wp-content\/uploads\/2017\/02\/Enrique-Beltranena.jpg","keywords":["A319","A320neo","Enrique Beltranena","Volaris"],"articleSection":["Aerol\u00edneas"],"inLanguage":"es-MX","potentialAction":[{"@type":"CommentAction","name":"Comment","target":["https:\/\/nitu.mx\/index.php\/2019\/03\/13\/volaris-celebra-sus-13-anos-con-el-lanzamiento-de-la-tercera-tarifa\/#respond"]}]},{"@type":"WebPage","@id":"https:\/\/nitu.mx\/index.php\/2019\/03\/13\/volaris-celebra-sus-13-anos-con-el-lanzamiento-de-la-tercera-tarifa\/","url":"https:\/\/nitu.mx\/index.php\/2019\/03\/13\/volaris-celebra-sus-13-anos-con-el-lanzamiento-de-la-tercera-tarifa\/","name":"Volaris celebra sus 13 a\u00f1os con el lanzamiento de la Tercera Tarifa - Nitu - Noticias de la Industria Turistica","isPartOf":{"@id":"https:\/\/nitu.mx\/#website"},"primaryImageOfPage":{"@id":"https:\/\/nitu.mx\/index.php\/2019\/03\/13\/volaris-celebra-sus-13-anos-con-el-lanzamiento-de-la-tercera-tarifa\/#primaryimage"},"image":{"@id":"https:\/\/nitu.mx\/index.php\/2019\/03\/13\/volaris-celebra-sus-13-anos-con-el-lanzamiento-de-la-tercera-tarifa\/#primaryimage"},"thumbnailUrl":"https:\/\/nitu.mx\/wp-content\/uploads\/2017\/02\/Enrique-Beltranena.jpg","datePublished":"2019-03-13T06:15:40+00:00","dateModified":"2019-03-13T06:43:02+00:00","description":"La aerol\u00ednea mexicana Volaris, celebra 13 a\u00f1os de operaciones con su firme promesa de quitarle mercado a las l\u00edneas de autob\u00fas.","breadcrumb":{"@id":"https:\/\/nitu.mx\/index.php\/2019\/03\/13\/volaris-celebra-sus-13-anos-con-el-lanzamiento-de-la-tercera-tarifa\/#breadcrumb"},"inLanguage":"es-MX","potentialAction":[{"@type":"ReadAction","target":["https:\/\/nitu.mx\/index.php\/2019\/03\/13\/volaris-celebra-sus-13-anos-con-el-lanzamiento-de-la-tercera-tarifa\/"]}]},{"@type":"ImageObject","inLanguage":"es-MX","@id":"https:\/\/nitu.mx\/index.php\/2019\/03\/13\/volaris-celebra-sus-13-anos-con-el-lanzamiento-de-la-tercera-tarifa\/#primaryimage","url":"https:\/\/nitu.mx\/wp-content\/uploads\/2017\/02\/Enrique-Beltranena.jpg","contentUrl":"https:\/\/nitu.mx\/wp-content\/uploads\/2017\/02\/Enrique-Beltranena.jpg","width":850,"height":480,"caption":"Volaris Blankenstein Enrique Beltranena"},{"@type":"BreadcrumbList","@id":"https:\/\/nitu.mx\/index.php\/2019\/03\/13\/volaris-celebra-sus-13-anos-con-el-lanzamiento-de-la-tercera-tarifa\/#breadcrumb","itemListElement":[{"@type":"ListItem","position":1,"name":"Inicio","item":"https:\/\/nitu.mx\/"},{"@type":"ListItem","position":2,"name":"Volaris celebra sus 13 a\u00f1os con el lanzamiento de la Tercera Tarifa"}]},{"@type":"WebSite","@id":"https:\/\/nitu.mx\/#website","url":"https:\/\/nitu.mx\/","name":"Nitu - Noticias de la Industria Turistica","description":"Noticias de la Industria Turistica","publisher":{"@id":"https:\/\/nitu.mx\/#\/schema\/person\/ae7a53426417292d3dd07b45a33e01bc"},"alternateName":"Noticias de la Industria Turistica","potentialAction":[{"@type":"SearchAction","target":{"@type":"EntryPoint","urlTemplate":"https:\/\/nitu.mx\/?s={search_term_string}"},"query-input":"required name=search_term_string"}],"inLanguage":"es-MX"},{"@type":["Person","Organization"],"@id":"https:\/\/nitu.mx\/#\/schema\/person\/ae7a53426417292d3dd07b45a33e01bc","name":"Arturo Medina","image":{"@type":"ImageObject","inLanguage":"es-MX","@id":"https:\/\/nitu.mx\/#\/schema\/person\/image\/","url":"https:\/\/nitu.mx\/wp-content\/uploads\/2024\/04\/4A315622-1904-4D5C-B022-878CDC840E04-90x90-1.jpeg","contentUrl":"https:\/\/nitu.mx\/wp-content\/uploads\/2024\/04\/4A315622-1904-4D5C-B022-878CDC840E04-90x90-1.jpeg","width":90,"height":90,"caption":"Arturo Medina"},"logo":{"@id":"https:\/\/nitu.mx\/#\/schema\/person\/image\/"},"description":"Director NITU.mx, Egresado de la Escuela de Periodismo Carlos Septi\u00e9n Garc\u00eda. Periodista y analista especializado en turismo desde hace 35 a\u00f1os, radicado en Canc\u00fan Q.Roo. arturo@nitu.mx","sameAs":["https:\/\/nitu.mx","https:\/\/www.facebook.com\/NITUmx\/","medinacancun","https:\/\/twitter.com\/@Arturo_Medina_G"]},{"@type":"Person","@id":"https:\/\/nitu.mx\/#\/schema\/person\/afc52e313e27e660739556d421d3d6b4","name":"Mari Soto","image":{"@type":"ImageObject","inLanguage":"es-MX","@id":"https:\/\/nitu.mx\/#\/schema\/person\/image\/","url":"https:\/\/secure.gravatar.com\/avatar\/2619c282a180a20d89fcaea82a6736e2?s=96&d=mm&r=g","contentUrl":"https:\/\/secure.gravatar.com\/avatar\/2619c282a180a20d89fcaea82a6736e2?s=96&d=mm&r=g","caption":"Mari Soto"},"sameAs":["https:\/\/nitu.mx"],"url":"https:\/\/nitu.mx\/index.php\/author\/guadalupe\/"}]}},"views":466,"_links":{"self":[{"href":"https:\/\/nitu.mx\/index.php\/wp-json\/wp\/v2\/posts\/30021"}],"collection":[{"href":"https:\/\/nitu.mx\/index.php\/wp-json\/wp\/v2\/posts"}],"about":[{"href":"https:\/\/nitu.mx\/index.php\/wp-json\/wp\/v2\/types\/post"}],"author":[{"embeddable":true,"href":"https:\/\/nitu.mx\/index.php\/wp-json\/wp\/v2\/users\/5"}],"replies":[{"embeddable":true,"href":"https:\/\/nitu.mx\/index.php\/wp-json\/wp\/v2\/comments?post=30021"}],"version-history":[{"count":2,"href":"https:\/\/nitu.mx\/index.php\/wp-json\/wp\/v2\/posts\/30021\/revisions"}],"predecessor-version":[{"id":30026,"href":"https:\/\/nitu.mx\/index.php\/wp-json\/wp\/v2\/posts\/30021\/revisions\/30026"}],"wp:featuredmedia":[{"embeddable":true,"href":"https:\/\/nitu.mx\/index.php\/wp-json\/wp\/v2\/media\/7128"}],"wp:attachment":[{"href":"https:\/\/nitu.mx\/index.php\/wp-json\/wp\/v2\/media?parent=30021"}],"wp:term":[{"taxonomy":"category","embeddable":true,"href":"https:\/\/nitu.mx\/index.php\/wp-json\/wp\/v2\/categories?post=30021"},{"taxonomy":"post_tag","embeddable":true,"href":"https:\/\/nitu.mx\/index.php\/wp-json\/wp\/v2\/tags?post=30021"}],"curies":[{"name":"wp","href":"https:\/\/api.w.org\/{rel}","templated":true}]}}