{"id":30011,"date":"2019-03-13T01:20:18","date_gmt":"2019-03-13T06:20:18","guid":{"rendered":"https:\/\/www.dev.nitu.mx\/?p=30011"},"modified":"2019-03-13T01:44:19","modified_gmt":"2019-03-13T06:44:19","slug":"volaris-conecta-a-monterrey-con-oaxaca-y-los-cabos","status":"publish","type":"post","link":"https:\/\/nitu.mx\/index.php\/2019\/03\/13\/volaris-conecta-a-monterrey-con-oaxaca-y-los-cabos\/","title":{"rendered":"Volaris conecta a Monterrey con Oaxaca y Los Cabos"},"content":{"rendered":"<p>Volaris la aerol\u00ednea mexicana de ultra bajo costo que opera en M\u00e9xico, Estados Unidos y Centroam\u00e9rica, informa la incorporaci\u00f3n de dos nuevas rutas en Monterrey, las cuales ampliar\u00e1n su conexi\u00f3n de punto a punto con diferentes estados del pa\u00eds. Ambas rutas, Monterrey \u2013 Oaxaca y Monterrey \u2013 Los Cabos, tendr\u00e1n una frecuencia diaria y comenzar\u00e1n operaciones en noviembre de este a\u00f1o, a una tarifa desde $629 pesos mexicanos.<\/p>\n<p>\u201cVolaris tiene el compromiso de brindarle a sus Clientes las tarifas m\u00e1s competitivas, para que viajen a m\u00e1s destinos con las mejores opciones de vuelo\u201d coment\u00f3 Miguel Agui\u00f1iga, Director de Desarrollo de Mercados y Distribuci\u00f3n de Volaris.<\/p>\n<p>Los detalles de las rutas son:<\/p>\n<p>Monterrey \u2013 Oaxaca (Todos los d\u00edas de la semana)<\/p>\n<p>&#8211; Saliendo de Monterrey a las 5:25 de la ma\u00f1ana y llegando a Oaxaca a las 7:25 de la ma\u00f1ana.<\/p>\n<p>&#8211; Saliendo de Oaxaca a las 8:20 de la ma\u00f1ana y llegando a Monterrey a las 10:17 de la ma\u00f1ana.<\/p>\n<p>Monterrey \u2013 Los Cabos (Todos los d\u00edas de la semana)<\/p>\n<p>&#8211; Saliendo de Monterrey a las 15:21 de la tarde y llegando a Los Cabos a las 16:29 de la tarde.<\/p>\n<p>&#8211; Saliendo de Los Cabos a las 16:59 de la tarde y llegando a Monterrey a las 19:51 de la tarde.<\/p>\n","protected":false},"excerpt":{"rendered":"<p>Volaris la aerol\u00ednea mexicana de ultra bajo costo que opera en M\u00e9xico, Estados Unidos y Centroam\u00e9rica, informa la incorporaci\u00f3n de dos nuevas rutas en Monterrey, las cuales ampliar\u00e1n su conexi\u00f3n de punto a punto con diferentes estados del pa\u00eds. Ambas rutas, Monterrey \u2013 Oaxaca y Monterrey \u2013 Los Cabos, tendr\u00e1n una frecuencia diaria y comenzar\u00e1n [&hellip;]<\/p>\n","protected":false},"author":17,"featured_media":23376,"comment_status":"open","ping_status":"open","sticky":false,"template":"","format":"standard","meta":{"footnotes":""},"categories":[29,6],"tags":[881,403,100,68,491,14894,14893,131],"yoast_head":"<!-- This site is optimized with the Yoast SEO plugin v22.2 - https:\/\/yoast.com\/wordpress\/plugins\/seo\/ -->\n<title>Volaris conecta a Monterrey con Oaxaca y Los Cabos - Nitu - Noticias de la Industria Turistica<\/title>\n<meta name=\"description\" content=\"Volaris la aerol\u00ednea mexicana de ultra bajo costo, informa la incorporaci\u00f3n de nuevas rutas en Monterrey, Oaxaca y Los Cabos.\" \/>\n<meta name=\"robots\" content=\"index, follow, max-snippet:-1, max-image-preview:large, max-video-preview:-1\" \/>\n<link rel=\"canonical\" href=\"https:\/\/nitu.mx\/index.php\/2019\/03\/13\/volaris-conecta-a-monterrey-con-oaxaca-y-los-cabos\/\" \/>\n<meta name=\"twitter:card\" content=\"summary_large_image\" \/>\n<meta name=\"twitter:title\" content=\"Volaris conecta a Monterrey con Oaxaca y Los Cabos - Nitu - Noticias de la Industria Turistica\" \/>\n<meta name=\"twitter:description\" content=\"Volaris la aerol\u00ednea mexicana de ultra bajo costo, informa la incorporaci\u00f3n de nuevas rutas en Monterrey, Oaxaca y Los Cabos.\" \/>\n<meta name=\"twitter:image\" content=\"https:\/\/nitu.mx\/wp-content\/uploads\/2018\/08\/volaris2-0.jpg\" \/>\n<meta name=\"twitter:creator\" content=\"@NITUmx\" \/>\n<meta name=\"twitter:site\" content=\"@Arturo_Medina_G\" \/>\n<meta name=\"twitter:label1\" content=\"Escrito por\" \/>\n\t<meta name=\"twitter:data1\" content=\"Redacci\u00f3n\" \/>\n\t<meta name=\"twitter:label2\" content=\"Tiempo de lectura\" \/>\n\t<meta name=\"twitter:data2\" content=\"1 minuto\" \/>\n<script type=\"application\/ld+json\" class=\"yoast-schema-graph\">{\"@context\":\"https:\/\/schema.org\",\"@graph\":[{\"@type\":\"Article\",\"@id\":\"https:\/\/nitu.mx\/index.php\/2019\/03\/13\/volaris-conecta-a-monterrey-con-oaxaca-y-los-cabos\/#article\",\"isPartOf\":{\"@id\":\"https:\/\/nitu.mx\/index.php\/2019\/03\/13\/volaris-conecta-a-monterrey-con-oaxaca-y-los-cabos\/\"},\"author\":{\"name\":\"Redacci\u00f3n\",\"@id\":\"https:\/\/nitu.mx\/#\/schema\/person\/4a28fe9bd65924f7c90623773daf1b0b\"},\"headline\":\"Volaris conecta a Monterrey con Oaxaca y Los Cabos\",\"datePublished\":\"2019-03-13T06:20:18+00:00\",\"dateModified\":\"2019-03-13T06:44:19+00:00\",\"mainEntityOfPage\":{\"@id\":\"https:\/\/nitu.mx\/index.php\/2019\/03\/13\/volaris-conecta-a-monterrey-con-oaxaca-y-los-cabos\/\"},\"wordCount\":228,\"commentCount\":0,\"publisher\":{\"@id\":\"https:\/\/nitu.mx\/#\/schema\/person\/ae7a53426417292d3dd07b45a33e01bc\"},\"image\":{\"@id\":\"https:\/\/nitu.mx\/index.php\/2019\/03\/13\/volaris-conecta-a-monterrey-con-oaxaca-y-los-cabos\/#primaryimage\"},\"thumbnailUrl\":\"https:\/\/nitu.mx\/wp-content\/uploads\/2018\/08\/volaris2-0.jpg\",\"keywords\":[\"aerol\u00ednea mexicana\",\"Centroam\u00e9rica\",\"Estados Unidos\",\"M\u00e9xico\",\"Monterrey\",\"Monterrey \u2013 Los Cabos\",\"Monterrey \u2013 Oaxaca\",\"Volaris\"],\"articleSection\":[\"Aerol\u00edneas\",\"M\u00e9xico\"],\"inLanguage\":\"es-MX\",\"potentialAction\":[{\"@type\":\"CommentAction\",\"name\":\"Comment\",\"target\":[\"https:\/\/nitu.mx\/index.php\/2019\/03\/13\/volaris-conecta-a-monterrey-con-oaxaca-y-los-cabos\/#respond\"]}]},{\"@type\":\"WebPage\",\"@id\":\"https:\/\/nitu.mx\/index.php\/2019\/03\/13\/volaris-conecta-a-monterrey-con-oaxaca-y-los-cabos\/\",\"url\":\"https:\/\/nitu.mx\/index.php\/2019\/03\/13\/volaris-conecta-a-monterrey-con-oaxaca-y-los-cabos\/\",\"name\":\"Volaris conecta a Monterrey con Oaxaca y Los Cabos - Nitu - Noticias de la Industria Turistica\",\"isPartOf\":{\"@id\":\"https:\/\/nitu.mx\/#website\"},\"primaryImageOfPage\":{\"@id\":\"https:\/\/nitu.mx\/index.php\/2019\/03\/13\/volaris-conecta-a-monterrey-con-oaxaca-y-los-cabos\/#primaryimage\"},\"image\":{\"@id\":\"https:\/\/nitu.mx\/index.php\/2019\/03\/13\/volaris-conecta-a-monterrey-con-oaxaca-y-los-cabos\/#primaryimage\"},\"thumbnailUrl\":\"https:\/\/nitu.mx\/wp-content\/uploads\/2018\/08\/volaris2-0.jpg\",\"datePublished\":\"2019-03-13T06:20:18+00:00\",\"dateModified\":\"2019-03-13T06:44:19+00:00\",\"description\":\"Volaris la aerol\u00ednea mexicana de ultra bajo costo, informa la incorporaci\u00f3n de nuevas rutas en Monterrey, Oaxaca y Los Cabos.\",\"breadcrumb\":{\"@id\":\"https:\/\/nitu.mx\/index.php\/2019\/03\/13\/volaris-conecta-a-monterrey-con-oaxaca-y-los-cabos\/#breadcrumb\"},\"inLanguage\":\"es-MX\",\"potentialAction\":[{\"@type\":\"ReadAction\",\"target\":[\"https:\/\/nitu.mx\/index.php\/2019\/03\/13\/volaris-conecta-a-monterrey-con-oaxaca-y-los-cabos\/\"]}]},{\"@type\":\"ImageObject\",\"inLanguage\":\"es-MX\",\"@id\":\"https:\/\/nitu.mx\/index.php\/2019\/03\/13\/volaris-conecta-a-monterrey-con-oaxaca-y-los-cabos\/#primaryimage\",\"url\":\"https:\/\/nitu.mx\/wp-content\/uploads\/2018\/08\/volaris2-0.jpg\",\"contentUrl\":\"https:\/\/nitu.mx\/wp-content\/uploads\/2018\/08\/volaris2-0.jpg\",\"width\":800,\"height\":551,\"caption\":\"Volaris\"},{\"@type\":\"BreadcrumbList\",\"@id\":\"https:\/\/nitu.mx\/index.php\/2019\/03\/13\/volaris-conecta-a-monterrey-con-oaxaca-y-los-cabos\/#breadcrumb\",\"itemListElement\":[{\"@type\":\"ListItem\",\"position\":1,\"name\":\"Inicio\",\"item\":\"https:\/\/nitu.mx\/\"},{\"@type\":\"ListItem\",\"position\":2,\"name\":\"Volaris conecta a Monterrey con Oaxaca y Los Cabos\"}]},{\"@type\":\"WebSite\",\"@id\":\"https:\/\/nitu.mx\/#website\",\"url\":\"https:\/\/nitu.mx\/\",\"name\":\"Nitu - Noticias de la Industria Turistica\",\"description\":\"Noticias de la Industria Turistica\",\"publisher\":{\"@id\":\"https:\/\/nitu.mx\/#\/schema\/person\/ae7a53426417292d3dd07b45a33e01bc\"},\"alternateName\":\"Noticias de la Industria Turistica\",\"potentialAction\":[{\"@type\":\"SearchAction\",\"target\":{\"@type\":\"EntryPoint\",\"urlTemplate\":\"https:\/\/nitu.mx\/?s={search_term_string}\"},\"query-input\":\"required name=search_term_string\"}],\"inLanguage\":\"es-MX\"},{\"@type\":[\"Person\",\"Organization\"],\"@id\":\"https:\/\/nitu.mx\/#\/schema\/person\/ae7a53426417292d3dd07b45a33e01bc\",\"name\":\"Arturo Medina\",\"image\":{\"@type\":\"ImageObject\",\"inLanguage\":\"es-MX\",\"@id\":\"https:\/\/nitu.mx\/#\/schema\/person\/image\/\",\"url\":\"https:\/\/nitu.mx\/wp-content\/uploads\/2024\/04\/4A315622-1904-4D5C-B022-878CDC840E04-90x90-1.jpeg\",\"contentUrl\":\"https:\/\/nitu.mx\/wp-content\/uploads\/2024\/04\/4A315622-1904-4D5C-B022-878CDC840E04-90x90-1.jpeg\",\"width\":90,\"height\":90,\"caption\":\"Arturo Medina\"},\"logo\":{\"@id\":\"https:\/\/nitu.mx\/#\/schema\/person\/image\/\"},\"description\":\"Director NITU.mx, Egresado de la Escuela de Periodismo Carlos Septi\u00e9n Garc\u00eda. Periodista y analista especializado en turismo desde hace 35 a\u00f1os, radicado en Canc\u00fan Q.Roo. arturo@nitu.mx\",\"sameAs\":[\"https:\/\/nitu.mx\",\"https:\/\/www.facebook.com\/NITUmx\/\",\"medinacancun\",\"https:\/\/twitter.com\/@Arturo_Medina_G\"]},{\"@type\":\"Person\",\"@id\":\"https:\/\/nitu.mx\/#\/schema\/person\/4a28fe9bd65924f7c90623773daf1b0b\",\"name\":\"Redacci\u00f3n\",\"image\":{\"@type\":\"ImageObject\",\"inLanguage\":\"es-MX\",\"@id\":\"https:\/\/nitu.mx\/#\/schema\/person\/image\/\",\"url\":\"https:\/\/secure.gravatar.com\/avatar\/5dd011c8ccfc5cd7e4c81e42252aab38?s=96&d=mm&r=g\",\"contentUrl\":\"https:\/\/secure.gravatar.com\/avatar\/5dd011c8ccfc5cd7e4c81e42252aab38?s=96&d=mm&r=g\",\"caption\":\"Redacci\u00f3n\"},\"url\":\"https:\/\/nitu.mx\/index.php\/author\/redaccion\/\"}]}<\/script>\n<!-- \/ Yoast SEO plugin. -->","yoast_head_json":{"title":"Volaris conecta a Monterrey con Oaxaca y Los Cabos - Nitu - Noticias de la Industria Turistica","description":"Volaris la aerol\u00ednea mexicana de ultra bajo costo, informa la incorporaci\u00f3n de nuevas rutas en Monterrey, Oaxaca y Los Cabos.","robots":{"index":"index","follow":"follow","max-snippet":"max-snippet:-1","max-image-preview":"max-image-preview:large","max-video-preview":"max-video-preview:-1"},"canonical":"https:\/\/nitu.mx\/index.php\/2019\/03\/13\/volaris-conecta-a-monterrey-con-oaxaca-y-los-cabos\/","twitter_card":"summary_large_image","twitter_title":"Volaris conecta a Monterrey con Oaxaca y Los Cabos - Nitu - Noticias de la Industria Turistica","twitter_description":"Volaris la aerol\u00ednea mexicana de ultra bajo costo, informa la incorporaci\u00f3n de nuevas rutas en Monterrey, Oaxaca y Los Cabos.","twitter_image":"https:\/\/nitu.mx\/wp-content\/uploads\/2018\/08\/volaris2-0.jpg","twitter_creator":"@NITUmx","twitter_site":"@Arturo_Medina_G","twitter_misc":{"Escrito por":"Redacci\u00f3n","Tiempo de lectura":"1 minuto"},"schema":{"@context":"https:\/\/schema.org","@graph":[{"@type":"Article","@id":"https:\/\/nitu.mx\/index.php\/2019\/03\/13\/volaris-conecta-a-monterrey-con-oaxaca-y-los-cabos\/#article","isPartOf":{"@id":"https:\/\/nitu.mx\/index.php\/2019\/03\/13\/volaris-conecta-a-monterrey-con-oaxaca-y-los-cabos\/"},"author":{"name":"Redacci\u00f3n","@id":"https:\/\/nitu.mx\/#\/schema\/person\/4a28fe9bd65924f7c90623773daf1b0b"},"headline":"Volaris conecta a Monterrey con Oaxaca y Los Cabos","datePublished":"2019-03-13T06:20:18+00:00","dateModified":"2019-03-13T06:44:19+00:00","mainEntityOfPage":{"@id":"https:\/\/nitu.mx\/index.php\/2019\/03\/13\/volaris-conecta-a-monterrey-con-oaxaca-y-los-cabos\/"},"wordCount":228,"commentCount":0,"publisher":{"@id":"https:\/\/nitu.mx\/#\/schema\/person\/ae7a53426417292d3dd07b45a33e01bc"},"image":{"@id":"https:\/\/nitu.mx\/index.php\/2019\/03\/13\/volaris-conecta-a-monterrey-con-oaxaca-y-los-cabos\/#primaryimage"},"thumbnailUrl":"https:\/\/nitu.mx\/wp-content\/uploads\/2018\/08\/volaris2-0.jpg","keywords":["aerol\u00ednea mexicana","Centroam\u00e9rica","Estados Unidos","M\u00e9xico","Monterrey","Monterrey \u2013 Los Cabos","Monterrey \u2013 Oaxaca","Volaris"],"articleSection":["Aerol\u00edneas","M\u00e9xico"],"inLanguage":"es-MX","potentialAction":[{"@type":"CommentAction","name":"Comment","target":["https:\/\/nitu.mx\/index.php\/2019\/03\/13\/volaris-conecta-a-monterrey-con-oaxaca-y-los-cabos\/#respond"]}]},{"@type":"WebPage","@id":"https:\/\/nitu.mx\/index.php\/2019\/03\/13\/volaris-conecta-a-monterrey-con-oaxaca-y-los-cabos\/","url":"https:\/\/nitu.mx\/index.php\/2019\/03\/13\/volaris-conecta-a-monterrey-con-oaxaca-y-los-cabos\/","name":"Volaris conecta a Monterrey con Oaxaca y Los Cabos - Nitu - Noticias de la Industria Turistica","isPartOf":{"@id":"https:\/\/nitu.mx\/#website"},"primaryImageOfPage":{"@id":"https:\/\/nitu.mx\/index.php\/2019\/03\/13\/volaris-conecta-a-monterrey-con-oaxaca-y-los-cabos\/#primaryimage"},"image":{"@id":"https:\/\/nitu.mx\/index.php\/2019\/03\/13\/volaris-conecta-a-monterrey-con-oaxaca-y-los-cabos\/#primaryimage"},"thumbnailUrl":"https:\/\/nitu.mx\/wp-content\/uploads\/2018\/08\/volaris2-0.jpg","datePublished":"2019-03-13T06:20:18+00:00","dateModified":"2019-03-13T06:44:19+00:00","description":"Volaris la aerol\u00ednea mexicana de ultra bajo costo, informa la incorporaci\u00f3n de nuevas rutas en Monterrey, Oaxaca y Los Cabos.","breadcrumb":{"@id":"https:\/\/nitu.mx\/index.php\/2019\/03\/13\/volaris-conecta-a-monterrey-con-oaxaca-y-los-cabos\/#breadcrumb"},"inLanguage":"es-MX","potentialAction":[{"@type":"ReadAction","target":["https:\/\/nitu.mx\/index.php\/2019\/03\/13\/volaris-conecta-a-monterrey-con-oaxaca-y-los-cabos\/"]}]},{"@type":"ImageObject","inLanguage":"es-MX","@id":"https:\/\/nitu.mx\/index.php\/2019\/03\/13\/volaris-conecta-a-monterrey-con-oaxaca-y-los-cabos\/#primaryimage","url":"https:\/\/nitu.mx\/wp-content\/uploads\/2018\/08\/volaris2-0.jpg","contentUrl":"https:\/\/nitu.mx\/wp-content\/uploads\/2018\/08\/volaris2-0.jpg","width":800,"height":551,"caption":"Volaris"},{"@type":"BreadcrumbList","@id":"https:\/\/nitu.mx\/index.php\/2019\/03\/13\/volaris-conecta-a-monterrey-con-oaxaca-y-los-cabos\/#breadcrumb","itemListElement":[{"@type":"ListItem","position":1,"name":"Inicio","item":"https:\/\/nitu.mx\/"},{"@type":"ListItem","position":2,"name":"Volaris conecta a Monterrey con Oaxaca y Los Cabos"}]},{"@type":"WebSite","@id":"https:\/\/nitu.mx\/#website","url":"https:\/\/nitu.mx\/","name":"Nitu - Noticias de la Industria Turistica","description":"Noticias de la Industria Turistica","publisher":{"@id":"https:\/\/nitu.mx\/#\/schema\/person\/ae7a53426417292d3dd07b45a33e01bc"},"alternateName":"Noticias de la Industria Turistica","potentialAction":[{"@type":"SearchAction","target":{"@type":"EntryPoint","urlTemplate":"https:\/\/nitu.mx\/?s={search_term_string}"},"query-input":"required name=search_term_string"}],"inLanguage":"es-MX"},{"@type":["Person","Organization"],"@id":"https:\/\/nitu.mx\/#\/schema\/person\/ae7a53426417292d3dd07b45a33e01bc","name":"Arturo Medina","image":{"@type":"ImageObject","inLanguage":"es-MX","@id":"https:\/\/nitu.mx\/#\/schema\/person\/image\/","url":"https:\/\/nitu.mx\/wp-content\/uploads\/2024\/04\/4A315622-1904-4D5C-B022-878CDC840E04-90x90-1.jpeg","contentUrl":"https:\/\/nitu.mx\/wp-content\/uploads\/2024\/04\/4A315622-1904-4D5C-B022-878CDC840E04-90x90-1.jpeg","width":90,"height":90,"caption":"Arturo Medina"},"logo":{"@id":"https:\/\/nitu.mx\/#\/schema\/person\/image\/"},"description":"Director NITU.mx, Egresado de la Escuela de Periodismo Carlos Septi\u00e9n Garc\u00eda. Periodista y analista especializado en turismo desde hace 35 a\u00f1os, radicado en Canc\u00fan Q.Roo. arturo@nitu.mx","sameAs":["https:\/\/nitu.mx","https:\/\/www.facebook.com\/NITUmx\/","medinacancun","https:\/\/twitter.com\/@Arturo_Medina_G"]},{"@type":"Person","@id":"https:\/\/nitu.mx\/#\/schema\/person\/4a28fe9bd65924f7c90623773daf1b0b","name":"Redacci\u00f3n","image":{"@type":"ImageObject","inLanguage":"es-MX","@id":"https:\/\/nitu.mx\/#\/schema\/person\/image\/","url":"https:\/\/secure.gravatar.com\/avatar\/5dd011c8ccfc5cd7e4c81e42252aab38?s=96&d=mm&r=g","contentUrl":"https:\/\/secure.gravatar.com\/avatar\/5dd011c8ccfc5cd7e4c81e42252aab38?s=96&d=mm&r=g","caption":"Redacci\u00f3n"},"url":"https:\/\/nitu.mx\/index.php\/author\/redaccion\/"}]}},"views":428,"_links":{"self":[{"href":"https:\/\/nitu.mx\/index.php\/wp-json\/wp\/v2\/posts\/30011"}],"collection":[{"href":"https:\/\/nitu.mx\/index.php\/wp-json\/wp\/v2\/posts"}],"about":[{"href":"https:\/\/nitu.mx\/index.php\/wp-json\/wp\/v2\/types\/post"}],"author":[{"embeddable":true,"href":"https:\/\/nitu.mx\/index.php\/wp-json\/wp\/v2\/users\/17"}],"replies":[{"embeddable":true,"href":"https:\/\/nitu.mx\/index.php\/wp-json\/wp\/v2\/comments?post=30011"}],"version-history":[{"count":1,"href":"https:\/\/nitu.mx\/index.php\/wp-json\/wp\/v2\/posts\/30011\/revisions"}],"predecessor-version":[{"id":30012,"href":"https:\/\/nitu.mx\/index.php\/wp-json\/wp\/v2\/posts\/30011\/revisions\/30012"}],"wp:featuredmedia":[{"embeddable":true,"href":"https:\/\/nitu.mx\/index.php\/wp-json\/wp\/v2\/media\/23376"}],"wp:attachment":[{"href":"https:\/\/nitu.mx\/index.php\/wp-json\/wp\/v2\/media?parent=30011"}],"wp:term":[{"taxonomy":"category","embeddable":true,"href":"https:\/\/nitu.mx\/index.php\/wp-json\/wp\/v2\/categories?post=30011"},{"taxonomy":"post_tag","embeddable":true,"href":"https:\/\/nitu.mx\/index.php\/wp-json\/wp\/v2\/tags?post=30011"}],"curies":[{"name":"wp","href":"https:\/\/api.w.org\/{rel}","templated":true}]}}