{"id":29972,"date":"2019-03-12T01:20:28","date_gmt":"2019-03-12T06:20:28","guid":{"rendered":"https:\/\/www.dev.nitu.mx\/?p=29972"},"modified":"2019-03-12T01:27:31","modified_gmt":"2019-03-12T06:27:31","slug":"aeromexico-deja-en-tierra-sus-boeing-737-max-8","status":"publish","type":"post","link":"https:\/\/nitu.mx\/index.php\/2019\/03\/12\/aeromexico-deja-en-tierra-sus-boeing-737-max-8\/","title":{"rendered":"Aerom\u00e9xico deja en tierra sus Boeing 737 MAX 8"},"content":{"rendered":"<p>Debido al accidente del vuelo ET302 de Ethiopian Airlines el cual operaba con un equipo Boeing 737 MAX, la aerol\u00ednea del Caballero Aguila decidi\u00f3 suspender temporalmente la operaci\u00f3n de los seis aviones que mantiene en su flota de este tipo.<\/p>\n<p>A trav\u00e9s de un comunicado la aerol\u00ednea inform\u00f3, que mantiene una permanente comunicaci\u00f3n con el fabricante y las autoridades aeron\u00e1uticas correspondientes y aunque conf\u00eda plenamente en la seguridad de su flota, la tranquilidad y seguridad de sus clientes es m\u00e1s importante. (<a title=\"Aerom\u00e9xico reporta descenso de 2.5% en transporte de pasajeros\" href=\"https:\/\/www.dev.nitu.mx\/index.php\/2019\/03\/08\/aeromexico-reporta-descenso-de-2-5-en-transporte-de-pasajeros\/\" rel=\"bookmark\">Aerom\u00e9xico reporta descenso de 2.5% en transporte de pasajeros<\/a>).<\/p>\n<p>Durante el \u00faltimo a\u00f1o la aerol\u00ednea ha operado los equipos Boeing 737 MAX 8 de manera segura, confiable y eficiente, sin embargo se\u00f1alan, tomar\u00e1n las precauciones debidas hasta no contar con informaci\u00f3n contundente sobre las investigaciones del lamentable accidente.<\/p>\n<p>Los vuelos que operaban con estos aviones ser\u00e1n cubiertos con el resto de la flota, por lo que no se preven ning\u00fan tipo de contratiempo o cancelaciones.<\/p>\n","protected":false},"excerpt":{"rendered":"<p>Debido al accidente del vuelo ET302 de Ethiopian Airlines el cual operaba con un equipo Boeing 737 MAX, la aerol\u00ednea del Caballero Aguila decidi\u00f3 suspender temporalmente la operaci\u00f3n de los seis aviones que mantiene en su flota de este tipo. A trav\u00e9s de un comunicado la aerol\u00ednea inform\u00f3, que mantiene una permanente comunicaci\u00f3n con el [&hellip;]<\/p>\n","protected":false},"author":17,"featured_media":29995,"comment_status":"open","ping_status":"open","sticky":false,"template":"","format":"standard","meta":{"footnotes":""},"categories":[29,6],"tags":[30,14807,2056,14880],"yoast_head":"<!-- This site is optimized with the Yoast SEO plugin v22.2 - https:\/\/yoast.com\/wordpress\/plugins\/seo\/ -->\n<title>Aerom\u00e9xico deja en tierra sus Boeing 737 MAX 8 - Nitu - Noticias de la Industria Turistica<\/title>\n<meta name=\"description\" content=\"La aerol\u00ednea Aerom\u00e9xico decidi\u00f3 suspender temporalmente la operaci\u00f3n de los seis aviones Boeing 737 MAX que mantiene en su flota.\" \/>\n<meta name=\"robots\" content=\"index, follow, max-snippet:-1, max-image-preview:large, max-video-preview:-1\" \/>\n<link rel=\"canonical\" href=\"https:\/\/nitu.mx\/index.php\/2019\/03\/12\/aeromexico-deja-en-tierra-sus-boeing-737-max-8\/\" \/>\n<meta name=\"twitter:card\" content=\"summary_large_image\" \/>\n<meta name=\"twitter:title\" content=\"Aerom\u00e9xico deja en tierra sus Boeing 737 MAX 8 - Nitu - Noticias de la Industria Turistica\" \/>\n<meta name=\"twitter:description\" content=\"La aerol\u00ednea Aerom\u00e9xico decidi\u00f3 suspender temporalmente la operaci\u00f3n de los seis aviones Boeing 737 MAX que mantiene en su flota.\" \/>\n<meta name=\"twitter:image\" content=\"https:\/\/nitu.mx\/wp-content\/uploads\/2019\/03\/aeromexico-737-MAX.jpg\" \/>\n<meta name=\"twitter:creator\" content=\"@NITUmx\" \/>\n<meta name=\"twitter:site\" content=\"@Arturo_Medina_G\" \/>\n<meta name=\"twitter:label1\" content=\"Escrito por\" \/>\n\t<meta name=\"twitter:data1\" content=\"Redacci\u00f3n\" \/>\n\t<meta name=\"twitter:label2\" content=\"Tiempo de lectura\" \/>\n\t<meta name=\"twitter:data2\" content=\"1 minuto\" \/>\n<script type=\"application\/ld+json\" class=\"yoast-schema-graph\">{\"@context\":\"https:\/\/schema.org\",\"@graph\":[{\"@type\":\"Article\",\"@id\":\"https:\/\/nitu.mx\/index.php\/2019\/03\/12\/aeromexico-deja-en-tierra-sus-boeing-737-max-8\/#article\",\"isPartOf\":{\"@id\":\"https:\/\/nitu.mx\/index.php\/2019\/03\/12\/aeromexico-deja-en-tierra-sus-boeing-737-max-8\/\"},\"author\":{\"name\":\"Redacci\u00f3n\",\"@id\":\"https:\/\/nitu.mx\/#\/schema\/person\/4a28fe9bd65924f7c90623773daf1b0b\"},\"headline\":\"Aerom\u00e9xico deja en tierra sus Boeing 737 MAX 8\",\"datePublished\":\"2019-03-12T06:20:28+00:00\",\"dateModified\":\"2019-03-12T06:27:31+00:00\",\"mainEntityOfPage\":{\"@id\":\"https:\/\/nitu.mx\/index.php\/2019\/03\/12\/aeromexico-deja-en-tierra-sus-boeing-737-max-8\/\"},\"wordCount\":176,\"commentCount\":0,\"publisher\":{\"@id\":\"https:\/\/nitu.mx\/#\/schema\/person\/ae7a53426417292d3dd07b45a33e01bc\"},\"image\":{\"@id\":\"https:\/\/nitu.mx\/index.php\/2019\/03\/12\/aeromexico-deja-en-tierra-sus-boeing-737-max-8\/#primaryimage\"},\"thumbnailUrl\":\"https:\/\/nitu.mx\/wp-content\/uploads\/2019\/03\/aeromexico-737-MAX.jpg\",\"keywords\":[\"Aerom\u00e9xico\",\"Boeing 737 MAX\",\"Caballero \u00c1guila\",\"ET302\"],\"articleSection\":[\"Aerol\u00edneas\",\"M\u00e9xico\"],\"inLanguage\":\"es-MX\",\"potentialAction\":[{\"@type\":\"CommentAction\",\"name\":\"Comment\",\"target\":[\"https:\/\/nitu.mx\/index.php\/2019\/03\/12\/aeromexico-deja-en-tierra-sus-boeing-737-max-8\/#respond\"]}]},{\"@type\":\"WebPage\",\"@id\":\"https:\/\/nitu.mx\/index.php\/2019\/03\/12\/aeromexico-deja-en-tierra-sus-boeing-737-max-8\/\",\"url\":\"https:\/\/nitu.mx\/index.php\/2019\/03\/12\/aeromexico-deja-en-tierra-sus-boeing-737-max-8\/\",\"name\":\"Aerom\u00e9xico deja en tierra sus Boeing 737 MAX 8 - Nitu - Noticias de la Industria Turistica\",\"isPartOf\":{\"@id\":\"https:\/\/nitu.mx\/#website\"},\"primaryImageOfPage\":{\"@id\":\"https:\/\/nitu.mx\/index.php\/2019\/03\/12\/aeromexico-deja-en-tierra-sus-boeing-737-max-8\/#primaryimage\"},\"image\":{\"@id\":\"https:\/\/nitu.mx\/index.php\/2019\/03\/12\/aeromexico-deja-en-tierra-sus-boeing-737-max-8\/#primaryimage\"},\"thumbnailUrl\":\"https:\/\/nitu.mx\/wp-content\/uploads\/2019\/03\/aeromexico-737-MAX.jpg\",\"datePublished\":\"2019-03-12T06:20:28+00:00\",\"dateModified\":\"2019-03-12T06:27:31+00:00\",\"description\":\"La aerol\u00ednea Aerom\u00e9xico decidi\u00f3 suspender temporalmente la operaci\u00f3n de los seis aviones Boeing 737 MAX que mantiene en su flota.\",\"breadcrumb\":{\"@id\":\"https:\/\/nitu.mx\/index.php\/2019\/03\/12\/aeromexico-deja-en-tierra-sus-boeing-737-max-8\/#breadcrumb\"},\"inLanguage\":\"es-MX\",\"potentialAction\":[{\"@type\":\"ReadAction\",\"target\":[\"https:\/\/nitu.mx\/index.php\/2019\/03\/12\/aeromexico-deja-en-tierra-sus-boeing-737-max-8\/\"]}]},{\"@type\":\"ImageObject\",\"inLanguage\":\"es-MX\",\"@id\":\"https:\/\/nitu.mx\/index.php\/2019\/03\/12\/aeromexico-deja-en-tierra-sus-boeing-737-max-8\/#primaryimage\",\"url\":\"https:\/\/nitu.mx\/wp-content\/uploads\/2019\/03\/aeromexico-737-MAX.jpg\",\"contentUrl\":\"https:\/\/nitu.mx\/wp-content\/uploads\/2019\/03\/aeromexico-737-MAX.jpg\",\"width\":850,\"height\":480,\"caption\":\"aeromexico 737 MAX izzi\"},{\"@type\":\"BreadcrumbList\",\"@id\":\"https:\/\/nitu.mx\/index.php\/2019\/03\/12\/aeromexico-deja-en-tierra-sus-boeing-737-max-8\/#breadcrumb\",\"itemListElement\":[{\"@type\":\"ListItem\",\"position\":1,\"name\":\"Inicio\",\"item\":\"https:\/\/nitu.mx\/\"},{\"@type\":\"ListItem\",\"position\":2,\"name\":\"Aerom\u00e9xico deja en tierra sus Boeing 737 MAX 8\"}]},{\"@type\":\"WebSite\",\"@id\":\"https:\/\/nitu.mx\/#website\",\"url\":\"https:\/\/nitu.mx\/\",\"name\":\"Nitu - Noticias de la Industria Turistica\",\"description\":\"Noticias de la Industria Turistica\",\"publisher\":{\"@id\":\"https:\/\/nitu.mx\/#\/schema\/person\/ae7a53426417292d3dd07b45a33e01bc\"},\"alternateName\":\"Noticias de la Industria Turistica\",\"potentialAction\":[{\"@type\":\"SearchAction\",\"target\":{\"@type\":\"EntryPoint\",\"urlTemplate\":\"https:\/\/nitu.mx\/?s={search_term_string}\"},\"query-input\":\"required name=search_term_string\"}],\"inLanguage\":\"es-MX\"},{\"@type\":[\"Person\",\"Organization\"],\"@id\":\"https:\/\/nitu.mx\/#\/schema\/person\/ae7a53426417292d3dd07b45a33e01bc\",\"name\":\"Arturo Medina\",\"image\":{\"@type\":\"ImageObject\",\"inLanguage\":\"es-MX\",\"@id\":\"https:\/\/nitu.mx\/#\/schema\/person\/image\/\",\"url\":\"https:\/\/nitu.mx\/wp-content\/uploads\/2024\/04\/4A315622-1904-4D5C-B022-878CDC840E04-90x90-1.jpeg\",\"contentUrl\":\"https:\/\/nitu.mx\/wp-content\/uploads\/2024\/04\/4A315622-1904-4D5C-B022-878CDC840E04-90x90-1.jpeg\",\"width\":90,\"height\":90,\"caption\":\"Arturo Medina\"},\"logo\":{\"@id\":\"https:\/\/nitu.mx\/#\/schema\/person\/image\/\"},\"description\":\"Director NITU.mx, Egresado de la Escuela de Periodismo Carlos Septi\u00e9n Garc\u00eda. Periodista y analista especializado en turismo desde hace 35 a\u00f1os, radicado en Canc\u00fan Q.Roo. arturo@nitu.mx\",\"sameAs\":[\"https:\/\/nitu.mx\",\"https:\/\/www.facebook.com\/NITUmx\/\",\"medinacancun\",\"https:\/\/twitter.com\/@Arturo_Medina_G\"]},{\"@type\":\"Person\",\"@id\":\"https:\/\/nitu.mx\/#\/schema\/person\/4a28fe9bd65924f7c90623773daf1b0b\",\"name\":\"Redacci\u00f3n\",\"image\":{\"@type\":\"ImageObject\",\"inLanguage\":\"es-MX\",\"@id\":\"https:\/\/nitu.mx\/#\/schema\/person\/image\/\",\"url\":\"https:\/\/secure.gravatar.com\/avatar\/5dd011c8ccfc5cd7e4c81e42252aab38?s=96&d=mm&r=g\",\"contentUrl\":\"https:\/\/secure.gravatar.com\/avatar\/5dd011c8ccfc5cd7e4c81e42252aab38?s=96&d=mm&r=g\",\"caption\":\"Redacci\u00f3n\"},\"url\":\"https:\/\/nitu.mx\/index.php\/author\/redaccion\/\"}]}<\/script>\n<!-- \/ Yoast SEO plugin. -->","yoast_head_json":{"title":"Aerom\u00e9xico deja en tierra sus Boeing 737 MAX 8 - Nitu - Noticias de la Industria Turistica","description":"La aerol\u00ednea Aerom\u00e9xico decidi\u00f3 suspender temporalmente la operaci\u00f3n de los seis aviones Boeing 737 MAX que mantiene en su flota.","robots":{"index":"index","follow":"follow","max-snippet":"max-snippet:-1","max-image-preview":"max-image-preview:large","max-video-preview":"max-video-preview:-1"},"canonical":"https:\/\/nitu.mx\/index.php\/2019\/03\/12\/aeromexico-deja-en-tierra-sus-boeing-737-max-8\/","twitter_card":"summary_large_image","twitter_title":"Aerom\u00e9xico deja en tierra sus Boeing 737 MAX 8 - Nitu - Noticias de la Industria Turistica","twitter_description":"La aerol\u00ednea Aerom\u00e9xico decidi\u00f3 suspender temporalmente la operaci\u00f3n de los seis aviones Boeing 737 MAX que mantiene en su flota.","twitter_image":"https:\/\/nitu.mx\/wp-content\/uploads\/2019\/03\/aeromexico-737-MAX.jpg","twitter_creator":"@NITUmx","twitter_site":"@Arturo_Medina_G","twitter_misc":{"Escrito por":"Redacci\u00f3n","Tiempo de lectura":"1 minuto"},"schema":{"@context":"https:\/\/schema.org","@graph":[{"@type":"Article","@id":"https:\/\/nitu.mx\/index.php\/2019\/03\/12\/aeromexico-deja-en-tierra-sus-boeing-737-max-8\/#article","isPartOf":{"@id":"https:\/\/nitu.mx\/index.php\/2019\/03\/12\/aeromexico-deja-en-tierra-sus-boeing-737-max-8\/"},"author":{"name":"Redacci\u00f3n","@id":"https:\/\/nitu.mx\/#\/schema\/person\/4a28fe9bd65924f7c90623773daf1b0b"},"headline":"Aerom\u00e9xico deja en tierra sus Boeing 737 MAX 8","datePublished":"2019-03-12T06:20:28+00:00","dateModified":"2019-03-12T06:27:31+00:00","mainEntityOfPage":{"@id":"https:\/\/nitu.mx\/index.php\/2019\/03\/12\/aeromexico-deja-en-tierra-sus-boeing-737-max-8\/"},"wordCount":176,"commentCount":0,"publisher":{"@id":"https:\/\/nitu.mx\/#\/schema\/person\/ae7a53426417292d3dd07b45a33e01bc"},"image":{"@id":"https:\/\/nitu.mx\/index.php\/2019\/03\/12\/aeromexico-deja-en-tierra-sus-boeing-737-max-8\/#primaryimage"},"thumbnailUrl":"https:\/\/nitu.mx\/wp-content\/uploads\/2019\/03\/aeromexico-737-MAX.jpg","keywords":["Aerom\u00e9xico","Boeing 737 MAX","Caballero \u00c1guila","ET302"],"articleSection":["Aerol\u00edneas","M\u00e9xico"],"inLanguage":"es-MX","potentialAction":[{"@type":"CommentAction","name":"Comment","target":["https:\/\/nitu.mx\/index.php\/2019\/03\/12\/aeromexico-deja-en-tierra-sus-boeing-737-max-8\/#respond"]}]},{"@type":"WebPage","@id":"https:\/\/nitu.mx\/index.php\/2019\/03\/12\/aeromexico-deja-en-tierra-sus-boeing-737-max-8\/","url":"https:\/\/nitu.mx\/index.php\/2019\/03\/12\/aeromexico-deja-en-tierra-sus-boeing-737-max-8\/","name":"Aerom\u00e9xico deja en tierra sus Boeing 737 MAX 8 - Nitu - Noticias de la Industria Turistica","isPartOf":{"@id":"https:\/\/nitu.mx\/#website"},"primaryImageOfPage":{"@id":"https:\/\/nitu.mx\/index.php\/2019\/03\/12\/aeromexico-deja-en-tierra-sus-boeing-737-max-8\/#primaryimage"},"image":{"@id":"https:\/\/nitu.mx\/index.php\/2019\/03\/12\/aeromexico-deja-en-tierra-sus-boeing-737-max-8\/#primaryimage"},"thumbnailUrl":"https:\/\/nitu.mx\/wp-content\/uploads\/2019\/03\/aeromexico-737-MAX.jpg","datePublished":"2019-03-12T06:20:28+00:00","dateModified":"2019-03-12T06:27:31+00:00","description":"La aerol\u00ednea Aerom\u00e9xico decidi\u00f3 suspender temporalmente la operaci\u00f3n de los seis aviones Boeing 737 MAX que mantiene en su flota.","breadcrumb":{"@id":"https:\/\/nitu.mx\/index.php\/2019\/03\/12\/aeromexico-deja-en-tierra-sus-boeing-737-max-8\/#breadcrumb"},"inLanguage":"es-MX","potentialAction":[{"@type":"ReadAction","target":["https:\/\/nitu.mx\/index.php\/2019\/03\/12\/aeromexico-deja-en-tierra-sus-boeing-737-max-8\/"]}]},{"@type":"ImageObject","inLanguage":"es-MX","@id":"https:\/\/nitu.mx\/index.php\/2019\/03\/12\/aeromexico-deja-en-tierra-sus-boeing-737-max-8\/#primaryimage","url":"https:\/\/nitu.mx\/wp-content\/uploads\/2019\/03\/aeromexico-737-MAX.jpg","contentUrl":"https:\/\/nitu.mx\/wp-content\/uploads\/2019\/03\/aeromexico-737-MAX.jpg","width":850,"height":480,"caption":"aeromexico 737 MAX izzi"},{"@type":"BreadcrumbList","@id":"https:\/\/nitu.mx\/index.php\/2019\/03\/12\/aeromexico-deja-en-tierra-sus-boeing-737-max-8\/#breadcrumb","itemListElement":[{"@type":"ListItem","position":1,"name":"Inicio","item":"https:\/\/nitu.mx\/"},{"@type":"ListItem","position":2,"name":"Aerom\u00e9xico deja en tierra sus Boeing 737 MAX 8"}]},{"@type":"WebSite","@id":"https:\/\/nitu.mx\/#website","url":"https:\/\/nitu.mx\/","name":"Nitu - Noticias de la Industria Turistica","description":"Noticias de la Industria Turistica","publisher":{"@id":"https:\/\/nitu.mx\/#\/schema\/person\/ae7a53426417292d3dd07b45a33e01bc"},"alternateName":"Noticias de la Industria Turistica","potentialAction":[{"@type":"SearchAction","target":{"@type":"EntryPoint","urlTemplate":"https:\/\/nitu.mx\/?s={search_term_string}"},"query-input":"required name=search_term_string"}],"inLanguage":"es-MX"},{"@type":["Person","Organization"],"@id":"https:\/\/nitu.mx\/#\/schema\/person\/ae7a53426417292d3dd07b45a33e01bc","name":"Arturo Medina","image":{"@type":"ImageObject","inLanguage":"es-MX","@id":"https:\/\/nitu.mx\/#\/schema\/person\/image\/","url":"https:\/\/nitu.mx\/wp-content\/uploads\/2024\/04\/4A315622-1904-4D5C-B022-878CDC840E04-90x90-1.jpeg","contentUrl":"https:\/\/nitu.mx\/wp-content\/uploads\/2024\/04\/4A315622-1904-4D5C-B022-878CDC840E04-90x90-1.jpeg","width":90,"height":90,"caption":"Arturo Medina"},"logo":{"@id":"https:\/\/nitu.mx\/#\/schema\/person\/image\/"},"description":"Director NITU.mx, Egresado de la Escuela de Periodismo Carlos Septi\u00e9n Garc\u00eda. Periodista y analista especializado en turismo desde hace 35 a\u00f1os, radicado en Canc\u00fan Q.Roo. arturo@nitu.mx","sameAs":["https:\/\/nitu.mx","https:\/\/www.facebook.com\/NITUmx\/","medinacancun","https:\/\/twitter.com\/@Arturo_Medina_G"]},{"@type":"Person","@id":"https:\/\/nitu.mx\/#\/schema\/person\/4a28fe9bd65924f7c90623773daf1b0b","name":"Redacci\u00f3n","image":{"@type":"ImageObject","inLanguage":"es-MX","@id":"https:\/\/nitu.mx\/#\/schema\/person\/image\/","url":"https:\/\/secure.gravatar.com\/avatar\/5dd011c8ccfc5cd7e4c81e42252aab38?s=96&d=mm&r=g","contentUrl":"https:\/\/secure.gravatar.com\/avatar\/5dd011c8ccfc5cd7e4c81e42252aab38?s=96&d=mm&r=g","caption":"Redacci\u00f3n"},"url":"https:\/\/nitu.mx\/index.php\/author\/redaccion\/"}]}},"views":413,"_links":{"self":[{"href":"https:\/\/nitu.mx\/index.php\/wp-json\/wp\/v2\/posts\/29972"}],"collection":[{"href":"https:\/\/nitu.mx\/index.php\/wp-json\/wp\/v2\/posts"}],"about":[{"href":"https:\/\/nitu.mx\/index.php\/wp-json\/wp\/v2\/types\/post"}],"author":[{"embeddable":true,"href":"https:\/\/nitu.mx\/index.php\/wp-json\/wp\/v2\/users\/17"}],"replies":[{"embeddable":true,"href":"https:\/\/nitu.mx\/index.php\/wp-json\/wp\/v2\/comments?post=29972"}],"version-history":[{"count":2,"href":"https:\/\/nitu.mx\/index.php\/wp-json\/wp\/v2\/posts\/29972\/revisions"}],"predecessor-version":[{"id":29996,"href":"https:\/\/nitu.mx\/index.php\/wp-json\/wp\/v2\/posts\/29972\/revisions\/29996"}],"wp:featuredmedia":[{"embeddable":true,"href":"https:\/\/nitu.mx\/index.php\/wp-json\/wp\/v2\/media\/29995"}],"wp:attachment":[{"href":"https:\/\/nitu.mx\/index.php\/wp-json\/wp\/v2\/media?parent=29972"}],"wp:term":[{"taxonomy":"category","embeddable":true,"href":"https:\/\/nitu.mx\/index.php\/wp-json\/wp\/v2\/categories?post=29972"},{"taxonomy":"post_tag","embeddable":true,"href":"https:\/\/nitu.mx\/index.php\/wp-json\/wp\/v2\/tags?post=29972"}],"curies":[{"name":"wp","href":"https:\/\/api.w.org\/{rel}","templated":true}]}}