{"id":29970,"date":"2019-03-12T01:24:51","date_gmt":"2019-03-12T06:24:51","guid":{"rendered":"https:\/\/www.dev.nitu.mx\/?p=29970"},"modified":"2019-03-12T01:27:59","modified_gmt":"2019-03-12T06:27:59","slug":"viva-aerobus-inicia-operaciones-a-oaxaca-y-hermosillo","status":"publish","type":"post","link":"https:\/\/nitu.mx\/index.php\/2019\/03\/12\/viva-aerobus-inicia-operaciones-a-oaxaca-y-hermosillo\/","title":{"rendered":"Viva Aerobus inicia operaciones a Oaxaca y Hermosillo"},"content":{"rendered":"<p>La aerol\u00ednea de ultrabajo costo arranca el 2019 con la inauguraci\u00f3n de dos nuevas rutas desde ciudad de M\u00e9xico a partir del 31 de marzo a Oaxaca y Hermosillo.<\/p>\n<p>Las operaciones a Oaxaca comenzar\u00e1n con tres vuelos a la semana con precios desde $748 pesos en viaje sencillo. En tanto a Hermosillo mantendr\u00e1n un vuelo diario y por introducci\u00f3n el precio en vuelo sencillo comenzar\u00e1 desde $798 pesos.<\/p>\n<p>Con estas dos rutas Viva llega a 106 rutas y 45 destinos, lo que reafirma su compromiso por acentuar la conectividad del pa\u00eds.<\/p>\n<p>Durante el anuncio Juan Carlos Rivera Castellanos, secretario de Turismo de Oaxaca, destac\u00f3 que la capital oaxaque\u00f1a representa una oportunidad para potencializar el desarrollo econ\u00f3mico del estado, al beneficiarse con mayores y m\u00e1s accesibles opciones de vuelo \u201ces uno de los destinos tur\u00edsticos m\u00e1s privilegiados del pa\u00eds\u201d, dijo.<\/p>\n<p>Viva Aerobus ha venido contribuyendo con el dinamismo del tr\u00e1fico de pasajeros de Oaxaca, pues a la fecha opera en tres de los aeropuertos de la entidad: Oaxaca, Huatulco y Puerto Escondido. A lo largo del 2018, la aerol\u00ednea registr\u00f3 un incremento del 17% en el n\u00famero de asientos ocupados desde\/hacia el estado respecto al 2017. (<a title=\"VivaAerobus tuvo una ca\u00edda en sus ganancias en el tercer trimestre del a\u00f1o\" href=\"https:\/\/www.dev.nitu.mx\/index.php\/2018\/10\/26\/vivaaerobus-tuvo-una-caida-en-sus-ganancias-en-el-tercer-trimestre-del-ano\/\" rel=\"bookmark\">VivaAerobus tuvo una ca\u00edda en sus ganancias en el tercer trimestre del a\u00f1o<\/a>).<\/p>\n<p>En el caso de Hermosillo, la aerol\u00ednea tambi\u00e9n report\u00f3 un crecimiento anual del 4% en el n\u00famero de pasajeros transportados desde\/ hacia dicha ciudad en 2018 respecto al 2017, recordando que Viva opera las rutas Hermosillo \u2013 Guadalajara y Hermosillo \u2013 Monterrey.<\/p>\n<p>Ra\u00fal Revuelta, director general del Grupo Aeroportuario del Pac\u00edfico, operador del Aeropuerto Internacional de Hermosillo, mencion\u00f3 que el valor agregado de la ruta Ciudad de M\u00e9xico &#8211; Hermosillo consiste en que \u201ca la par de crear un puente directo entre dos prominentes ciudades, estimulando as\u00ed la actividad econ\u00f3mica, tambi\u00e9n facilita el viaje a otros destinos, puesto que el aeropuerto de Hermosillo es una de las plataformas principales de conexi\u00f3n para viajeros con destino en la regi\u00f3n fronteriza M\u00e9xico-Estados Unidos\u201d.<\/p>\n<p>Con el anuncio de esta ruta, Viva Aerobus ya suma 23 rutas desde la Ciudad de M\u00e9xico, oferta que se ha visto respaldada por la creciente preferencia de los pasajeros.<\/p>\n<p>Juan Carlos Zuazua, director general de Viva Aerobus, dijo: \u201cSeguimos cobrando fuerza como una aerol\u00ednea referente en materia de crecimiento y expansi\u00f3n, sobre todo a nivel nacional. Tenemos el firme prop\u00f3sito de permitir que m\u00e1s personas tengan la oportunidad de volar con una oferta de rutas cada vez m\u00e1s amplia y a precios bajos\u201d, por ello expres\u00f3 su orgullo de contar ya con 106 rutas, lo que significa que han crecido cerca de un 20% en t\u00e9rminos de rutas en comparaci\u00f3n con marzo del a\u00f1o pasado.<\/p>\n","protected":false},"excerpt":{"rendered":"<p>La aerol\u00ednea de ultrabajo costo arranca el 2019 con la inauguraci\u00f3n de dos nuevas rutas desde ciudad de M\u00e9xico a partir del 31 de marzo a Oaxaca y Hermosillo. Las operaciones a Oaxaca comenzar\u00e1n con tres vuelos a la semana con precios desde $748 pesos en viaje sencillo. En tanto a Hermosillo mantendr\u00e1n un vuelo [&hellip;]<\/p>\n","protected":false},"author":17,"featured_media":28322,"comment_status":"open","ping_status":"open","sticky":false,"template":"","format":"standard","meta":{"footnotes":""},"categories":[29,6],"tags":[994,300,295,906,14879,2102],"yoast_head":"<!-- This site is optimized with the Yoast SEO plugin v22.2 - https:\/\/yoast.com\/wordpress\/plugins\/seo\/ -->\n<title>Viva Aerobus inicia operaciones a Oaxaca y Hermosillo - Nitu - Noticias de la Industria Turistica<\/title>\n<meta name=\"description\" content=\"Viva Aerobus arranca el 2019 con la inauguraci\u00f3n de dos nuevas rutas desde ciudad de M\u00e9xico a partir del 31 de marzo a Oaxaca y Hermosillo.\" \/>\n<meta name=\"robots\" content=\"index, follow, max-snippet:-1, max-image-preview:large, max-video-preview:-1\" \/>\n<link rel=\"canonical\" href=\"https:\/\/nitu.mx\/index.php\/2019\/03\/12\/viva-aerobus-inicia-operaciones-a-oaxaca-y-hermosillo\/\" \/>\n<meta name=\"twitter:card\" content=\"summary_large_image\" \/>\n<meta name=\"twitter:title\" content=\"Viva Aerobus inicia operaciones a Oaxaca y Hermosillo - Nitu - Noticias de la Industria Turistica\" \/>\n<meta name=\"twitter:description\" content=\"Viva Aerobus arranca el 2019 con la inauguraci\u00f3n de dos nuevas rutas desde ciudad de M\u00e9xico a partir del 31 de marzo a Oaxaca y Hermosillo.\" \/>\n<meta name=\"twitter:image\" content=\"https:\/\/nitu.mx\/wp-content\/uploads\/2019\/01\/Viva-Aerobus-Puebla.jpg\" \/>\n<meta name=\"twitter:creator\" content=\"@NITUmx\" \/>\n<meta name=\"twitter:site\" content=\"@Arturo_Medina_G\" \/>\n<meta name=\"twitter:label1\" content=\"Escrito por\" \/>\n\t<meta name=\"twitter:data1\" content=\"Redacci\u00f3n\" \/>\n\t<meta name=\"twitter:label2\" content=\"Tiempo de lectura\" \/>\n\t<meta name=\"twitter:data2\" content=\"2 minutos\" \/>\n<script type=\"application\/ld+json\" class=\"yoast-schema-graph\">{\"@context\":\"https:\/\/schema.org\",\"@graph\":[{\"@type\":\"Article\",\"@id\":\"https:\/\/nitu.mx\/index.php\/2019\/03\/12\/viva-aerobus-inicia-operaciones-a-oaxaca-y-hermosillo\/#article\",\"isPartOf\":{\"@id\":\"https:\/\/nitu.mx\/index.php\/2019\/03\/12\/viva-aerobus-inicia-operaciones-a-oaxaca-y-hermosillo\/\"},\"author\":{\"name\":\"Redacci\u00f3n\",\"@id\":\"https:\/\/nitu.mx\/#\/schema\/person\/4a28fe9bd65924f7c90623773daf1b0b\"},\"headline\":\"Viva Aerobus inicia operaciones a Oaxaca y Hermosillo\",\"datePublished\":\"2019-03-12T06:24:51+00:00\",\"dateModified\":\"2019-03-12T06:27:59+00:00\",\"mainEntityOfPage\":{\"@id\":\"https:\/\/nitu.mx\/index.php\/2019\/03\/12\/viva-aerobus-inicia-operaciones-a-oaxaca-y-hermosillo\/\"},\"wordCount\":475,\"commentCount\":0,\"publisher\":{\"@id\":\"https:\/\/nitu.mx\/#\/schema\/person\/ae7a53426417292d3dd07b45a33e01bc\"},\"image\":{\"@id\":\"https:\/\/nitu.mx\/index.php\/2019\/03\/12\/viva-aerobus-inicia-operaciones-a-oaxaca-y-hermosillo\/#primaryimage\"},\"thumbnailUrl\":\"https:\/\/nitu.mx\/wp-content\/uploads\/2019\/01\/Viva-Aerobus-Puebla.jpg\",\"keywords\":[\"Grupo Aeroportuario del Pac\u00edfico\",\"Hermosillo\",\"Juan Carlos Zuazua\",\"Oaxaca\",\"Ra\u00fal Revuelta\",\"Viva Aerobus\"],\"articleSection\":[\"Aerol\u00edneas\",\"M\u00e9xico\"],\"inLanguage\":\"es-MX\",\"potentialAction\":[{\"@type\":\"CommentAction\",\"name\":\"Comment\",\"target\":[\"https:\/\/nitu.mx\/index.php\/2019\/03\/12\/viva-aerobus-inicia-operaciones-a-oaxaca-y-hermosillo\/#respond\"]}]},{\"@type\":\"WebPage\",\"@id\":\"https:\/\/nitu.mx\/index.php\/2019\/03\/12\/viva-aerobus-inicia-operaciones-a-oaxaca-y-hermosillo\/\",\"url\":\"https:\/\/nitu.mx\/index.php\/2019\/03\/12\/viva-aerobus-inicia-operaciones-a-oaxaca-y-hermosillo\/\",\"name\":\"Viva Aerobus inicia operaciones a Oaxaca y Hermosillo - Nitu - Noticias de la Industria Turistica\",\"isPartOf\":{\"@id\":\"https:\/\/nitu.mx\/#website\"},\"primaryImageOfPage\":{\"@id\":\"https:\/\/nitu.mx\/index.php\/2019\/03\/12\/viva-aerobus-inicia-operaciones-a-oaxaca-y-hermosillo\/#primaryimage\"},\"image\":{\"@id\":\"https:\/\/nitu.mx\/index.php\/2019\/03\/12\/viva-aerobus-inicia-operaciones-a-oaxaca-y-hermosillo\/#primaryimage\"},\"thumbnailUrl\":\"https:\/\/nitu.mx\/wp-content\/uploads\/2019\/01\/Viva-Aerobus-Puebla.jpg\",\"datePublished\":\"2019-03-12T06:24:51+00:00\",\"dateModified\":\"2019-03-12T06:27:59+00:00\",\"description\":\"Viva Aerobus arranca el 2019 con la inauguraci\u00f3n de dos nuevas rutas desde ciudad de M\u00e9xico a partir del 31 de marzo a Oaxaca y Hermosillo.\",\"breadcrumb\":{\"@id\":\"https:\/\/nitu.mx\/index.php\/2019\/03\/12\/viva-aerobus-inicia-operaciones-a-oaxaca-y-hermosillo\/#breadcrumb\"},\"inLanguage\":\"es-MX\",\"potentialAction\":[{\"@type\":\"ReadAction\",\"target\":[\"https:\/\/nitu.mx\/index.php\/2019\/03\/12\/viva-aerobus-inicia-operaciones-a-oaxaca-y-hermosillo\/\"]}]},{\"@type\":\"ImageObject\",\"inLanguage\":\"es-MX\",\"@id\":\"https:\/\/nitu.mx\/index.php\/2019\/03\/12\/viva-aerobus-inicia-operaciones-a-oaxaca-y-hermosillo\/#primaryimage\",\"url\":\"https:\/\/nitu.mx\/wp-content\/uploads\/2019\/01\/Viva-Aerobus-Puebla.jpg\",\"contentUrl\":\"https:\/\/nitu.mx\/wp-content\/uploads\/2019\/01\/Viva-Aerobus-Puebla.jpg\",\"width\":850,\"height\":480,\"caption\":\"Viva Aerobus Puebla\"},{\"@type\":\"BreadcrumbList\",\"@id\":\"https:\/\/nitu.mx\/index.php\/2019\/03\/12\/viva-aerobus-inicia-operaciones-a-oaxaca-y-hermosillo\/#breadcrumb\",\"itemListElement\":[{\"@type\":\"ListItem\",\"position\":1,\"name\":\"Inicio\",\"item\":\"https:\/\/nitu.mx\/\"},{\"@type\":\"ListItem\",\"position\":2,\"name\":\"Viva Aerobus inicia operaciones a Oaxaca y Hermosillo\"}]},{\"@type\":\"WebSite\",\"@id\":\"https:\/\/nitu.mx\/#website\",\"url\":\"https:\/\/nitu.mx\/\",\"name\":\"Nitu - Noticias de la Industria Turistica\",\"description\":\"Noticias de la Industria Turistica\",\"publisher\":{\"@id\":\"https:\/\/nitu.mx\/#\/schema\/person\/ae7a53426417292d3dd07b45a33e01bc\"},\"alternateName\":\"Noticias de la Industria Turistica\",\"potentialAction\":[{\"@type\":\"SearchAction\",\"target\":{\"@type\":\"EntryPoint\",\"urlTemplate\":\"https:\/\/nitu.mx\/?s={search_term_string}\"},\"query-input\":\"required name=search_term_string\"}],\"inLanguage\":\"es-MX\"},{\"@type\":[\"Person\",\"Organization\"],\"@id\":\"https:\/\/nitu.mx\/#\/schema\/person\/ae7a53426417292d3dd07b45a33e01bc\",\"name\":\"Arturo Medina\",\"image\":{\"@type\":\"ImageObject\",\"inLanguage\":\"es-MX\",\"@id\":\"https:\/\/nitu.mx\/#\/schema\/person\/image\/\",\"url\":\"https:\/\/nitu.mx\/wp-content\/uploads\/2024\/04\/4A315622-1904-4D5C-B022-878CDC840E04-90x90-1.jpeg\",\"contentUrl\":\"https:\/\/nitu.mx\/wp-content\/uploads\/2024\/04\/4A315622-1904-4D5C-B022-878CDC840E04-90x90-1.jpeg\",\"width\":90,\"height\":90,\"caption\":\"Arturo Medina\"},\"logo\":{\"@id\":\"https:\/\/nitu.mx\/#\/schema\/person\/image\/\"},\"description\":\"Director NITU.mx, Egresado de la Escuela de Periodismo Carlos Septi\u00e9n Garc\u00eda. Periodista y analista especializado en turismo desde hace 35 a\u00f1os, radicado en Canc\u00fan Q.Roo. arturo@nitu.mx\",\"sameAs\":[\"https:\/\/nitu.mx\",\"https:\/\/www.facebook.com\/NITUmx\/\",\"medinacancun\",\"https:\/\/twitter.com\/@Arturo_Medina_G\"]},{\"@type\":\"Person\",\"@id\":\"https:\/\/nitu.mx\/#\/schema\/person\/4a28fe9bd65924f7c90623773daf1b0b\",\"name\":\"Redacci\u00f3n\",\"image\":{\"@type\":\"ImageObject\",\"inLanguage\":\"es-MX\",\"@id\":\"https:\/\/nitu.mx\/#\/schema\/person\/image\/\",\"url\":\"https:\/\/secure.gravatar.com\/avatar\/5dd011c8ccfc5cd7e4c81e42252aab38?s=96&d=mm&r=g\",\"contentUrl\":\"https:\/\/secure.gravatar.com\/avatar\/5dd011c8ccfc5cd7e4c81e42252aab38?s=96&d=mm&r=g\",\"caption\":\"Redacci\u00f3n\"},\"url\":\"https:\/\/nitu.mx\/index.php\/author\/redaccion\/\"}]}<\/script>\n<!-- \/ Yoast SEO plugin. -->","yoast_head_json":{"title":"Viva Aerobus inicia operaciones a Oaxaca y Hermosillo - Nitu - Noticias de la Industria Turistica","description":"Viva Aerobus arranca el 2019 con la inauguraci\u00f3n de dos nuevas rutas desde ciudad de M\u00e9xico a partir del 31 de marzo a Oaxaca y Hermosillo.","robots":{"index":"index","follow":"follow","max-snippet":"max-snippet:-1","max-image-preview":"max-image-preview:large","max-video-preview":"max-video-preview:-1"},"canonical":"https:\/\/nitu.mx\/index.php\/2019\/03\/12\/viva-aerobus-inicia-operaciones-a-oaxaca-y-hermosillo\/","twitter_card":"summary_large_image","twitter_title":"Viva Aerobus inicia operaciones a Oaxaca y Hermosillo - Nitu - Noticias de la Industria Turistica","twitter_description":"Viva Aerobus arranca el 2019 con la inauguraci\u00f3n de dos nuevas rutas desde ciudad de M\u00e9xico a partir del 31 de marzo a Oaxaca y Hermosillo.","twitter_image":"https:\/\/nitu.mx\/wp-content\/uploads\/2019\/01\/Viva-Aerobus-Puebla.jpg","twitter_creator":"@NITUmx","twitter_site":"@Arturo_Medina_G","twitter_misc":{"Escrito por":"Redacci\u00f3n","Tiempo de lectura":"2 minutos"},"schema":{"@context":"https:\/\/schema.org","@graph":[{"@type":"Article","@id":"https:\/\/nitu.mx\/index.php\/2019\/03\/12\/viva-aerobus-inicia-operaciones-a-oaxaca-y-hermosillo\/#article","isPartOf":{"@id":"https:\/\/nitu.mx\/index.php\/2019\/03\/12\/viva-aerobus-inicia-operaciones-a-oaxaca-y-hermosillo\/"},"author":{"name":"Redacci\u00f3n","@id":"https:\/\/nitu.mx\/#\/schema\/person\/4a28fe9bd65924f7c90623773daf1b0b"},"headline":"Viva Aerobus inicia operaciones a Oaxaca y Hermosillo","datePublished":"2019-03-12T06:24:51+00:00","dateModified":"2019-03-12T06:27:59+00:00","mainEntityOfPage":{"@id":"https:\/\/nitu.mx\/index.php\/2019\/03\/12\/viva-aerobus-inicia-operaciones-a-oaxaca-y-hermosillo\/"},"wordCount":475,"commentCount":0,"publisher":{"@id":"https:\/\/nitu.mx\/#\/schema\/person\/ae7a53426417292d3dd07b45a33e01bc"},"image":{"@id":"https:\/\/nitu.mx\/index.php\/2019\/03\/12\/viva-aerobus-inicia-operaciones-a-oaxaca-y-hermosillo\/#primaryimage"},"thumbnailUrl":"https:\/\/nitu.mx\/wp-content\/uploads\/2019\/01\/Viva-Aerobus-Puebla.jpg","keywords":["Grupo Aeroportuario del Pac\u00edfico","Hermosillo","Juan Carlos Zuazua","Oaxaca","Ra\u00fal Revuelta","Viva Aerobus"],"articleSection":["Aerol\u00edneas","M\u00e9xico"],"inLanguage":"es-MX","potentialAction":[{"@type":"CommentAction","name":"Comment","target":["https:\/\/nitu.mx\/index.php\/2019\/03\/12\/viva-aerobus-inicia-operaciones-a-oaxaca-y-hermosillo\/#respond"]}]},{"@type":"WebPage","@id":"https:\/\/nitu.mx\/index.php\/2019\/03\/12\/viva-aerobus-inicia-operaciones-a-oaxaca-y-hermosillo\/","url":"https:\/\/nitu.mx\/index.php\/2019\/03\/12\/viva-aerobus-inicia-operaciones-a-oaxaca-y-hermosillo\/","name":"Viva Aerobus inicia operaciones a Oaxaca y Hermosillo - Nitu - Noticias de la Industria Turistica","isPartOf":{"@id":"https:\/\/nitu.mx\/#website"},"primaryImageOfPage":{"@id":"https:\/\/nitu.mx\/index.php\/2019\/03\/12\/viva-aerobus-inicia-operaciones-a-oaxaca-y-hermosillo\/#primaryimage"},"image":{"@id":"https:\/\/nitu.mx\/index.php\/2019\/03\/12\/viva-aerobus-inicia-operaciones-a-oaxaca-y-hermosillo\/#primaryimage"},"thumbnailUrl":"https:\/\/nitu.mx\/wp-content\/uploads\/2019\/01\/Viva-Aerobus-Puebla.jpg","datePublished":"2019-03-12T06:24:51+00:00","dateModified":"2019-03-12T06:27:59+00:00","description":"Viva Aerobus arranca el 2019 con la inauguraci\u00f3n de dos nuevas rutas desde ciudad de M\u00e9xico a partir del 31 de marzo a Oaxaca y Hermosillo.","breadcrumb":{"@id":"https:\/\/nitu.mx\/index.php\/2019\/03\/12\/viva-aerobus-inicia-operaciones-a-oaxaca-y-hermosillo\/#breadcrumb"},"inLanguage":"es-MX","potentialAction":[{"@type":"ReadAction","target":["https:\/\/nitu.mx\/index.php\/2019\/03\/12\/viva-aerobus-inicia-operaciones-a-oaxaca-y-hermosillo\/"]}]},{"@type":"ImageObject","inLanguage":"es-MX","@id":"https:\/\/nitu.mx\/index.php\/2019\/03\/12\/viva-aerobus-inicia-operaciones-a-oaxaca-y-hermosillo\/#primaryimage","url":"https:\/\/nitu.mx\/wp-content\/uploads\/2019\/01\/Viva-Aerobus-Puebla.jpg","contentUrl":"https:\/\/nitu.mx\/wp-content\/uploads\/2019\/01\/Viva-Aerobus-Puebla.jpg","width":850,"height":480,"caption":"Viva Aerobus Puebla"},{"@type":"BreadcrumbList","@id":"https:\/\/nitu.mx\/index.php\/2019\/03\/12\/viva-aerobus-inicia-operaciones-a-oaxaca-y-hermosillo\/#breadcrumb","itemListElement":[{"@type":"ListItem","position":1,"name":"Inicio","item":"https:\/\/nitu.mx\/"},{"@type":"ListItem","position":2,"name":"Viva Aerobus inicia operaciones a Oaxaca y Hermosillo"}]},{"@type":"WebSite","@id":"https:\/\/nitu.mx\/#website","url":"https:\/\/nitu.mx\/","name":"Nitu - Noticias de la Industria Turistica","description":"Noticias de la Industria Turistica","publisher":{"@id":"https:\/\/nitu.mx\/#\/schema\/person\/ae7a53426417292d3dd07b45a33e01bc"},"alternateName":"Noticias de la Industria Turistica","potentialAction":[{"@type":"SearchAction","target":{"@type":"EntryPoint","urlTemplate":"https:\/\/nitu.mx\/?s={search_term_string}"},"query-input":"required name=search_term_string"}],"inLanguage":"es-MX"},{"@type":["Person","Organization"],"@id":"https:\/\/nitu.mx\/#\/schema\/person\/ae7a53426417292d3dd07b45a33e01bc","name":"Arturo Medina","image":{"@type":"ImageObject","inLanguage":"es-MX","@id":"https:\/\/nitu.mx\/#\/schema\/person\/image\/","url":"https:\/\/nitu.mx\/wp-content\/uploads\/2024\/04\/4A315622-1904-4D5C-B022-878CDC840E04-90x90-1.jpeg","contentUrl":"https:\/\/nitu.mx\/wp-content\/uploads\/2024\/04\/4A315622-1904-4D5C-B022-878CDC840E04-90x90-1.jpeg","width":90,"height":90,"caption":"Arturo Medina"},"logo":{"@id":"https:\/\/nitu.mx\/#\/schema\/person\/image\/"},"description":"Director NITU.mx, Egresado de la Escuela de Periodismo Carlos Septi\u00e9n Garc\u00eda. Periodista y analista especializado en turismo desde hace 35 a\u00f1os, radicado en Canc\u00fan Q.Roo. arturo@nitu.mx","sameAs":["https:\/\/nitu.mx","https:\/\/www.facebook.com\/NITUmx\/","medinacancun","https:\/\/twitter.com\/@Arturo_Medina_G"]},{"@type":"Person","@id":"https:\/\/nitu.mx\/#\/schema\/person\/4a28fe9bd65924f7c90623773daf1b0b","name":"Redacci\u00f3n","image":{"@type":"ImageObject","inLanguage":"es-MX","@id":"https:\/\/nitu.mx\/#\/schema\/person\/image\/","url":"https:\/\/secure.gravatar.com\/avatar\/5dd011c8ccfc5cd7e4c81e42252aab38?s=96&d=mm&r=g","contentUrl":"https:\/\/secure.gravatar.com\/avatar\/5dd011c8ccfc5cd7e4c81e42252aab38?s=96&d=mm&r=g","caption":"Redacci\u00f3n"},"url":"https:\/\/nitu.mx\/index.php\/author\/redaccion\/"}]}},"views":663,"_links":{"self":[{"href":"https:\/\/nitu.mx\/index.php\/wp-json\/wp\/v2\/posts\/29970"}],"collection":[{"href":"https:\/\/nitu.mx\/index.php\/wp-json\/wp\/v2\/posts"}],"about":[{"href":"https:\/\/nitu.mx\/index.php\/wp-json\/wp\/v2\/types\/post"}],"author":[{"embeddable":true,"href":"https:\/\/nitu.mx\/index.php\/wp-json\/wp\/v2\/users\/17"}],"replies":[{"embeddable":true,"href":"https:\/\/nitu.mx\/index.php\/wp-json\/wp\/v2\/comments?post=29970"}],"version-history":[{"count":2,"href":"https:\/\/nitu.mx\/index.php\/wp-json\/wp\/v2\/posts\/29970\/revisions"}],"predecessor-version":[{"id":29997,"href":"https:\/\/nitu.mx\/index.php\/wp-json\/wp\/v2\/posts\/29970\/revisions\/29997"}],"wp:featuredmedia":[{"embeddable":true,"href":"https:\/\/nitu.mx\/index.php\/wp-json\/wp\/v2\/media\/28322"}],"wp:attachment":[{"href":"https:\/\/nitu.mx\/index.php\/wp-json\/wp\/v2\/media?parent=29970"}],"wp:term":[{"taxonomy":"category","embeddable":true,"href":"https:\/\/nitu.mx\/index.php\/wp-json\/wp\/v2\/categories?post=29970"},{"taxonomy":"post_tag","embeddable":true,"href":"https:\/\/nitu.mx\/index.php\/wp-json\/wp\/v2\/tags?post=29970"}],"curies":[{"name":"wp","href":"https:\/\/api.w.org\/{rel}","templated":true}]}}