{"id":29939,"date":"2019-03-11T00:49:53","date_gmt":"2019-03-11T05:49:53","guid":{"rendered":"https:\/\/www.dev.nitu.mx\/?p=29939"},"modified":"2019-03-11T00:55:33","modified_gmt":"2019-03-11T05:55:33","slug":"arprm-solicita-elaboracion-de-plan-de-comunicacion-y-accion-de-crisis-de-imagen-para-q-roo","status":"publish","type":"post","link":"https:\/\/nitu.mx\/index.php\/2019\/03\/11\/arprm-solicita-elaboracion-de-plan-de-comunicacion-y-accion-de-crisis-de-imagen-para-q-roo\/","title":{"rendered":"ARPRM solicita elaboraci\u00f3n de Plan de Comunicaci\u00f3n y Acci\u00f3n de Crisis de imagen para Q. Roo"},"content":{"rendered":"<p>La presidente de la Asociaci\u00f3n de Relaciones P\u00fablicas de la Riviera Maya, Roc\u00edo Mena R\u00e9ndiz present\u00f3 al diputado Federal Luis Alegre el oficio solicitando la elaboraci\u00f3n de tres proposiciones con punto de acuerdo con base en la ley general de turismo para la elaboraci\u00f3n de un Plan de Comunicaci\u00f3n y el Protocolo de acci\u00f3n en situaciones de crisis de imagen y reputaci\u00f3n para exhortar a los gobiernos estatales, municipales, empresas tur\u00edsticas y sus proveedores en Quintana Roo.<\/p>\n<p>La competitividad y la imagen de Quintana Roo y sus destinos tur\u00edsticos se han visto afectados por causas multifactoriales, entre las que destacan la presencia de sargazo en las costas, la erosi\u00f3n de playas, el aumento de la inseguridad y la sobreoferta de hospedaje tur\u00edstico.<\/p>\n<p>Estos factores, que se han agravado en los primeros meses de 2019, y a los cuales se a\u00f1ade la falta de presupuesto y estrategia para promoci\u00f3n y la desaparici\u00f3n del CPTM como promotor de la marca \u201cM\u00c9XICO\u201d, se reflejan en porcentajes de ocupaci\u00f3n, llegada de turistas internacionales y ca\u00edda de tarifas.<\/p>\n<p>El objetivo de la solicitud es contribuir a la soluci\u00f3n del problema de gesti\u00f3n de la comunicaci\u00f3n, imagen y reputaci\u00f3n de los destinos de Quintana Roo, contribuyendo tambi\u00e9n a garantizar la veracidad y oportuna informaci\u00f3n a los mercados estrat\u00e9gicos donde se origina el turismo. (<a title=\"Demostr\u00f3 Quintana Roo fortaleza y resiliencia tur\u00edstica en 2018\" href=\"https:\/\/www.dev.nitu.mx\/index.php\/2019\/02\/14\/demostro-quintana-roo-fortaleza-y-resiliencia-turistica-en-2018\/\" rel=\"bookmark\">Demostr\u00f3 Quintana Roo fortaleza y resiliencia tur\u00edstica en 2018<\/a>).<\/p>\n<p>Quintana Roo: Estados Unidos de Norteam\u00e9rica, Canad\u00e1, Sudam\u00e9rica, Europa entre otros, generando as\u00ed confianza y evitando la disminuci\u00f3n y cancelaci\u00f3n de visitantes a Quintana Roo.<\/p>\n<p>Con estas acciones se espera tener los siguientes impactos positivos:<\/p>\n<ul>\n<li>Mejorar la percepci\u00f3n de la imagen de los destinos tur\u00edsticos de Quintana Roo;<\/li>\n<li>Crear confianza en los mayoristas de viajes de los mercados estrat\u00e9gicos<\/li>\n<li>Evitar cancelaciones de viajes a los destinos de Quintana Roo<\/li>\n<li>Garantizar una derrama econ\u00f3mica en el estado<\/li>\n<li>Evitar ca\u00eddas en los niveles de ocupaci\u00f3n garantizando con ello las fuentes de empleo conservando as\u00ed un entorno de bienestar social.<\/li>\n<\/ul>\n<p>La ARPRM se\u00f1ala que la petici\u00f3n se fundamenta ya que actualmente no se cuenta con un Plan vigente de Comunicaci\u00f3n y tampoco de un Protocolo de Acci\u00f3n en Situaci\u00f3n de Crisis de Imagen y Reputaci\u00f3n en Quintana Roo, lo que da como resultado que acontecimientos medi\u00e1ticos del presente y del pasado como el arribo de sargazo, hechos violentos, explosi\u00f3n en embarcaci\u00f3n de pasajeros, entre otros, la informaci\u00f3n se maneja de manera inconsistente lo que ocasiona incluso que pa\u00edses como Canad\u00e1 y Alemania hayan impuesto en el pasado warnings de viaje hacia algunos destinos tur\u00edsticos de Quintana Roo.<\/p>\n","protected":false},"excerpt":{"rendered":"<p>La presidente de la Asociaci\u00f3n de Relaciones P\u00fablicas de la Riviera Maya, Roc\u00edo Mena R\u00e9ndiz present\u00f3 al diputado Federal Luis Alegre el oficio solicitando la elaboraci\u00f3n de tres proposiciones con punto de acuerdo con base en la ley general de turismo para la elaboraci\u00f3n de un Plan de Comunicaci\u00f3n y el Protocolo de acci\u00f3n en [&hellip;]<\/p>\n","protected":false},"author":17,"featured_media":22012,"comment_status":"open","ping_status":"open","sticky":false,"template":"","format":"standard","meta":{"footnotes":""},"categories":[5,12],"tags":[14871,14870,14869,14872],"yoast_head":"<!-- This site is optimized with the Yoast SEO plugin v22.2 - https:\/\/yoast.com\/wordpress\/plugins\/seo\/ -->\n<title>ARPRM solicita elaboraci\u00f3n de Plan de Comunicaci\u00f3n y Acci\u00f3n de Crisis de imagen para Q. Roo - Nitu - Noticias de la Industria Turistica<\/title>\n<meta name=\"robots\" content=\"index, follow, max-snippet:-1, max-image-preview:large, max-video-preview:-1\" \/>\n<link rel=\"canonical\" href=\"https:\/\/nitu.mx\/index.php\/2019\/03\/11\/arprm-solicita-elaboracion-de-plan-de-comunicacion-y-accion-de-crisis-de-imagen-para-q-roo\/\" \/>\n<meta name=\"twitter:card\" content=\"summary_large_image\" \/>\n<meta name=\"twitter:title\" content=\"ARPRM solicita elaboraci\u00f3n de Plan de Comunicaci\u00f3n y Acci\u00f3n de Crisis de imagen para Q. Roo - Nitu - Noticias de la Industria Turistica\" \/>\n<meta name=\"twitter:description\" content=\"La presidente de la Asociaci\u00f3n de Relaciones P\u00fablicas de la Riviera Maya, Roc\u00edo Mena R\u00e9ndiz present\u00f3 al diputado Federal Luis Alegre el oficio solicitando la elaboraci\u00f3n de tres proposiciones con punto de acuerdo con base en la ley general de turismo para la elaboraci\u00f3n de un Plan de Comunicaci\u00f3n y el Protocolo de acci\u00f3n en [&hellip;]\" \/>\n<meta name=\"twitter:image\" content=\"https:\/\/nitu.mx\/wp-content\/uploads\/2018\/07\/hoteles-quintana-roo.jpg\" \/>\n<meta name=\"twitter:creator\" content=\"@NITUmx\" \/>\n<meta name=\"twitter:site\" content=\"@Arturo_Medina_G\" \/>\n<meta name=\"twitter:label1\" content=\"Escrito por\" \/>\n\t<meta name=\"twitter:data1\" content=\"Redacci\u00f3n\" \/>\n\t<meta name=\"twitter:label2\" content=\"Tiempo de lectura\" \/>\n\t<meta name=\"twitter:data2\" content=\"2 minutos\" \/>\n<script type=\"application\/ld+json\" class=\"yoast-schema-graph\">{\"@context\":\"https:\/\/schema.org\",\"@graph\":[{\"@type\":\"Article\",\"@id\":\"https:\/\/nitu.mx\/index.php\/2019\/03\/11\/arprm-solicita-elaboracion-de-plan-de-comunicacion-y-accion-de-crisis-de-imagen-para-q-roo\/#article\",\"isPartOf\":{\"@id\":\"https:\/\/nitu.mx\/index.php\/2019\/03\/11\/arprm-solicita-elaboracion-de-plan-de-comunicacion-y-accion-de-crisis-de-imagen-para-q-roo\/\"},\"author\":{\"name\":\"Redacci\u00f3n\",\"@id\":\"https:\/\/nitu.mx\/#\/schema\/person\/4a28fe9bd65924f7c90623773daf1b0b\"},\"headline\":\"ARPRM solicita elaboraci\u00f3n de Plan de Comunicaci\u00f3n y Acci\u00f3n de Crisis de imagen para Q. Roo\",\"datePublished\":\"2019-03-11T05:49:53+00:00\",\"dateModified\":\"2019-03-11T05:55:33+00:00\",\"mainEntityOfPage\":{\"@id\":\"https:\/\/nitu.mx\/index.php\/2019\/03\/11\/arprm-solicita-elaboracion-de-plan-de-comunicacion-y-accion-de-crisis-de-imagen-para-q-roo\/\"},\"wordCount\":486,\"commentCount\":0,\"publisher\":{\"@id\":\"https:\/\/nitu.mx\/#\/schema\/person\/ae7a53426417292d3dd07b45a33e01bc\"},\"image\":{\"@id\":\"https:\/\/nitu.mx\/index.php\/2019\/03\/11\/arprm-solicita-elaboracion-de-plan-de-comunicacion-y-accion-de-crisis-de-imagen-para-q-roo\/#primaryimage\"},\"thumbnailUrl\":\"https:\/\/nitu.mx\/wp-content\/uploads\/2018\/07\/hoteles-quintana-roo.jpg\",\"keywords\":[\"Diputado Federal Luis Alegre\",\"El Consejo Coordinador Empresarial de la Riviera Maya\",\"Playa del Carmen Quintana Roo\",\"Roc\u00edo Mena\"],\"articleSection\":[\"Destinos\",\"Marketing\"],\"inLanguage\":\"es-MX\",\"potentialAction\":[{\"@type\":\"CommentAction\",\"name\":\"Comment\",\"target\":[\"https:\/\/nitu.mx\/index.php\/2019\/03\/11\/arprm-solicita-elaboracion-de-plan-de-comunicacion-y-accion-de-crisis-de-imagen-para-q-roo\/#respond\"]}]},{\"@type\":\"WebPage\",\"@id\":\"https:\/\/nitu.mx\/index.php\/2019\/03\/11\/arprm-solicita-elaboracion-de-plan-de-comunicacion-y-accion-de-crisis-de-imagen-para-q-roo\/\",\"url\":\"https:\/\/nitu.mx\/index.php\/2019\/03\/11\/arprm-solicita-elaboracion-de-plan-de-comunicacion-y-accion-de-crisis-de-imagen-para-q-roo\/\",\"name\":\"ARPRM solicita elaboraci\u00f3n de Plan de Comunicaci\u00f3n y Acci\u00f3n de Crisis de imagen para Q. Roo - Nitu - Noticias de la Industria Turistica\",\"isPartOf\":{\"@id\":\"https:\/\/nitu.mx\/#website\"},\"primaryImageOfPage\":{\"@id\":\"https:\/\/nitu.mx\/index.php\/2019\/03\/11\/arprm-solicita-elaboracion-de-plan-de-comunicacion-y-accion-de-crisis-de-imagen-para-q-roo\/#primaryimage\"},\"image\":{\"@id\":\"https:\/\/nitu.mx\/index.php\/2019\/03\/11\/arprm-solicita-elaboracion-de-plan-de-comunicacion-y-accion-de-crisis-de-imagen-para-q-roo\/#primaryimage\"},\"thumbnailUrl\":\"https:\/\/nitu.mx\/wp-content\/uploads\/2018\/07\/hoteles-quintana-roo.jpg\",\"datePublished\":\"2019-03-11T05:49:53+00:00\",\"dateModified\":\"2019-03-11T05:55:33+00:00\",\"breadcrumb\":{\"@id\":\"https:\/\/nitu.mx\/index.php\/2019\/03\/11\/arprm-solicita-elaboracion-de-plan-de-comunicacion-y-accion-de-crisis-de-imagen-para-q-roo\/#breadcrumb\"},\"inLanguage\":\"es-MX\",\"potentialAction\":[{\"@type\":\"ReadAction\",\"target\":[\"https:\/\/nitu.mx\/index.php\/2019\/03\/11\/arprm-solicita-elaboracion-de-plan-de-comunicacion-y-accion-de-crisis-de-imagen-para-q-roo\/\"]}]},{\"@type\":\"ImageObject\",\"inLanguage\":\"es-MX\",\"@id\":\"https:\/\/nitu.mx\/index.php\/2019\/03\/11\/arprm-solicita-elaboracion-de-plan-de-comunicacion-y-accion-de-crisis-de-imagen-para-q-roo\/#primaryimage\",\"url\":\"https:\/\/nitu.mx\/wp-content\/uploads\/2018\/07\/hoteles-quintana-roo.jpg\",\"contentUrl\":\"https:\/\/nitu.mx\/wp-content\/uploads\/2018\/07\/hoteles-quintana-roo.jpg\",\"width\":850,\"height\":480,\"caption\":\"ARPRM hoteles quintana roo caribe\"},{\"@type\":\"BreadcrumbList\",\"@id\":\"https:\/\/nitu.mx\/index.php\/2019\/03\/11\/arprm-solicita-elaboracion-de-plan-de-comunicacion-y-accion-de-crisis-de-imagen-para-q-roo\/#breadcrumb\",\"itemListElement\":[{\"@type\":\"ListItem\",\"position\":1,\"name\":\"Inicio\",\"item\":\"https:\/\/nitu.mx\/\"},{\"@type\":\"ListItem\",\"position\":2,\"name\":\"ARPRM solicita elaboraci\u00f3n de Plan de Comunicaci\u00f3n y Acci\u00f3n de Crisis de imagen para Q. Roo\"}]},{\"@type\":\"WebSite\",\"@id\":\"https:\/\/nitu.mx\/#website\",\"url\":\"https:\/\/nitu.mx\/\",\"name\":\"Nitu - Noticias de la Industria Turistica\",\"description\":\"Noticias de la Industria Turistica\",\"publisher\":{\"@id\":\"https:\/\/nitu.mx\/#\/schema\/person\/ae7a53426417292d3dd07b45a33e01bc\"},\"alternateName\":\"Noticias de la Industria Turistica\",\"potentialAction\":[{\"@type\":\"SearchAction\",\"target\":{\"@type\":\"EntryPoint\",\"urlTemplate\":\"https:\/\/nitu.mx\/?s={search_term_string}\"},\"query-input\":\"required name=search_term_string\"}],\"inLanguage\":\"es-MX\"},{\"@type\":[\"Person\",\"Organization\"],\"@id\":\"https:\/\/nitu.mx\/#\/schema\/person\/ae7a53426417292d3dd07b45a33e01bc\",\"name\":\"Arturo Medina\",\"image\":{\"@type\":\"ImageObject\",\"inLanguage\":\"es-MX\",\"@id\":\"https:\/\/nitu.mx\/#\/schema\/person\/image\/\",\"url\":\"https:\/\/nitu.mx\/wp-content\/uploads\/2024\/04\/4A315622-1904-4D5C-B022-878CDC840E04-90x90-1.jpeg\",\"contentUrl\":\"https:\/\/nitu.mx\/wp-content\/uploads\/2024\/04\/4A315622-1904-4D5C-B022-878CDC840E04-90x90-1.jpeg\",\"width\":90,\"height\":90,\"caption\":\"Arturo Medina\"},\"logo\":{\"@id\":\"https:\/\/nitu.mx\/#\/schema\/person\/image\/\"},\"description\":\"Director NITU.mx, Egresado de la Escuela de Periodismo Carlos Septi\u00e9n Garc\u00eda. Periodista y analista especializado en turismo desde hace 35 a\u00f1os, radicado en Canc\u00fan Q.Roo. arturo@nitu.mx\",\"sameAs\":[\"https:\/\/nitu.mx\",\"https:\/\/www.facebook.com\/NITUmx\/\",\"medinacancun\",\"https:\/\/twitter.com\/@Arturo_Medina_G\"]},{\"@type\":\"Person\",\"@id\":\"https:\/\/nitu.mx\/#\/schema\/person\/4a28fe9bd65924f7c90623773daf1b0b\",\"name\":\"Redacci\u00f3n\",\"image\":{\"@type\":\"ImageObject\",\"inLanguage\":\"es-MX\",\"@id\":\"https:\/\/nitu.mx\/#\/schema\/person\/image\/\",\"url\":\"https:\/\/secure.gravatar.com\/avatar\/5dd011c8ccfc5cd7e4c81e42252aab38?s=96&d=mm&r=g\",\"contentUrl\":\"https:\/\/secure.gravatar.com\/avatar\/5dd011c8ccfc5cd7e4c81e42252aab38?s=96&d=mm&r=g\",\"caption\":\"Redacci\u00f3n\"},\"url\":\"https:\/\/nitu.mx\/index.php\/author\/redaccion\/\"}]}<\/script>\n<!-- \/ Yoast SEO plugin. -->","yoast_head_json":{"title":"ARPRM solicita elaboraci\u00f3n de Plan de Comunicaci\u00f3n y Acci\u00f3n de Crisis de imagen para Q. Roo - Nitu - Noticias de la Industria Turistica","robots":{"index":"index","follow":"follow","max-snippet":"max-snippet:-1","max-image-preview":"max-image-preview:large","max-video-preview":"max-video-preview:-1"},"canonical":"https:\/\/nitu.mx\/index.php\/2019\/03\/11\/arprm-solicita-elaboracion-de-plan-de-comunicacion-y-accion-de-crisis-de-imagen-para-q-roo\/","twitter_card":"summary_large_image","twitter_title":"ARPRM solicita elaboraci\u00f3n de Plan de Comunicaci\u00f3n y Acci\u00f3n de Crisis de imagen para Q. Roo - Nitu - Noticias de la Industria Turistica","twitter_description":"La presidente de la Asociaci\u00f3n de Relaciones P\u00fablicas de la Riviera Maya, Roc\u00edo Mena R\u00e9ndiz present\u00f3 al diputado Federal Luis Alegre el oficio solicitando la elaboraci\u00f3n de tres proposiciones con punto de acuerdo con base en la ley general de turismo para la elaboraci\u00f3n de un Plan de Comunicaci\u00f3n y el Protocolo de acci\u00f3n en [&hellip;]","twitter_image":"https:\/\/nitu.mx\/wp-content\/uploads\/2018\/07\/hoteles-quintana-roo.jpg","twitter_creator":"@NITUmx","twitter_site":"@Arturo_Medina_G","twitter_misc":{"Escrito por":"Redacci\u00f3n","Tiempo de lectura":"2 minutos"},"schema":{"@context":"https:\/\/schema.org","@graph":[{"@type":"Article","@id":"https:\/\/nitu.mx\/index.php\/2019\/03\/11\/arprm-solicita-elaboracion-de-plan-de-comunicacion-y-accion-de-crisis-de-imagen-para-q-roo\/#article","isPartOf":{"@id":"https:\/\/nitu.mx\/index.php\/2019\/03\/11\/arprm-solicita-elaboracion-de-plan-de-comunicacion-y-accion-de-crisis-de-imagen-para-q-roo\/"},"author":{"name":"Redacci\u00f3n","@id":"https:\/\/nitu.mx\/#\/schema\/person\/4a28fe9bd65924f7c90623773daf1b0b"},"headline":"ARPRM solicita elaboraci\u00f3n de Plan de Comunicaci\u00f3n y Acci\u00f3n de Crisis de imagen para Q. Roo","datePublished":"2019-03-11T05:49:53+00:00","dateModified":"2019-03-11T05:55:33+00:00","mainEntityOfPage":{"@id":"https:\/\/nitu.mx\/index.php\/2019\/03\/11\/arprm-solicita-elaboracion-de-plan-de-comunicacion-y-accion-de-crisis-de-imagen-para-q-roo\/"},"wordCount":486,"commentCount":0,"publisher":{"@id":"https:\/\/nitu.mx\/#\/schema\/person\/ae7a53426417292d3dd07b45a33e01bc"},"image":{"@id":"https:\/\/nitu.mx\/index.php\/2019\/03\/11\/arprm-solicita-elaboracion-de-plan-de-comunicacion-y-accion-de-crisis-de-imagen-para-q-roo\/#primaryimage"},"thumbnailUrl":"https:\/\/nitu.mx\/wp-content\/uploads\/2018\/07\/hoteles-quintana-roo.jpg","keywords":["Diputado Federal Luis Alegre","El Consejo Coordinador Empresarial de la Riviera Maya","Playa del Carmen Quintana Roo","Roc\u00edo Mena"],"articleSection":["Destinos","Marketing"],"inLanguage":"es-MX","potentialAction":[{"@type":"CommentAction","name":"Comment","target":["https:\/\/nitu.mx\/index.php\/2019\/03\/11\/arprm-solicita-elaboracion-de-plan-de-comunicacion-y-accion-de-crisis-de-imagen-para-q-roo\/#respond"]}]},{"@type":"WebPage","@id":"https:\/\/nitu.mx\/index.php\/2019\/03\/11\/arprm-solicita-elaboracion-de-plan-de-comunicacion-y-accion-de-crisis-de-imagen-para-q-roo\/","url":"https:\/\/nitu.mx\/index.php\/2019\/03\/11\/arprm-solicita-elaboracion-de-plan-de-comunicacion-y-accion-de-crisis-de-imagen-para-q-roo\/","name":"ARPRM solicita elaboraci\u00f3n de Plan de Comunicaci\u00f3n y Acci\u00f3n de Crisis de imagen para Q. Roo - Nitu - Noticias de la Industria Turistica","isPartOf":{"@id":"https:\/\/nitu.mx\/#website"},"primaryImageOfPage":{"@id":"https:\/\/nitu.mx\/index.php\/2019\/03\/11\/arprm-solicita-elaboracion-de-plan-de-comunicacion-y-accion-de-crisis-de-imagen-para-q-roo\/#primaryimage"},"image":{"@id":"https:\/\/nitu.mx\/index.php\/2019\/03\/11\/arprm-solicita-elaboracion-de-plan-de-comunicacion-y-accion-de-crisis-de-imagen-para-q-roo\/#primaryimage"},"thumbnailUrl":"https:\/\/nitu.mx\/wp-content\/uploads\/2018\/07\/hoteles-quintana-roo.jpg","datePublished":"2019-03-11T05:49:53+00:00","dateModified":"2019-03-11T05:55:33+00:00","breadcrumb":{"@id":"https:\/\/nitu.mx\/index.php\/2019\/03\/11\/arprm-solicita-elaboracion-de-plan-de-comunicacion-y-accion-de-crisis-de-imagen-para-q-roo\/#breadcrumb"},"inLanguage":"es-MX","potentialAction":[{"@type":"ReadAction","target":["https:\/\/nitu.mx\/index.php\/2019\/03\/11\/arprm-solicita-elaboracion-de-plan-de-comunicacion-y-accion-de-crisis-de-imagen-para-q-roo\/"]}]},{"@type":"ImageObject","inLanguage":"es-MX","@id":"https:\/\/nitu.mx\/index.php\/2019\/03\/11\/arprm-solicita-elaboracion-de-plan-de-comunicacion-y-accion-de-crisis-de-imagen-para-q-roo\/#primaryimage","url":"https:\/\/nitu.mx\/wp-content\/uploads\/2018\/07\/hoteles-quintana-roo.jpg","contentUrl":"https:\/\/nitu.mx\/wp-content\/uploads\/2018\/07\/hoteles-quintana-roo.jpg","width":850,"height":480,"caption":"ARPRM hoteles quintana roo caribe"},{"@type":"BreadcrumbList","@id":"https:\/\/nitu.mx\/index.php\/2019\/03\/11\/arprm-solicita-elaboracion-de-plan-de-comunicacion-y-accion-de-crisis-de-imagen-para-q-roo\/#breadcrumb","itemListElement":[{"@type":"ListItem","position":1,"name":"Inicio","item":"https:\/\/nitu.mx\/"},{"@type":"ListItem","position":2,"name":"ARPRM solicita elaboraci\u00f3n de Plan de Comunicaci\u00f3n y Acci\u00f3n de Crisis de imagen para Q. Roo"}]},{"@type":"WebSite","@id":"https:\/\/nitu.mx\/#website","url":"https:\/\/nitu.mx\/","name":"Nitu - Noticias de la Industria Turistica","description":"Noticias de la Industria Turistica","publisher":{"@id":"https:\/\/nitu.mx\/#\/schema\/person\/ae7a53426417292d3dd07b45a33e01bc"},"alternateName":"Noticias de la Industria Turistica","potentialAction":[{"@type":"SearchAction","target":{"@type":"EntryPoint","urlTemplate":"https:\/\/nitu.mx\/?s={search_term_string}"},"query-input":"required name=search_term_string"}],"inLanguage":"es-MX"},{"@type":["Person","Organization"],"@id":"https:\/\/nitu.mx\/#\/schema\/person\/ae7a53426417292d3dd07b45a33e01bc","name":"Arturo Medina","image":{"@type":"ImageObject","inLanguage":"es-MX","@id":"https:\/\/nitu.mx\/#\/schema\/person\/image\/","url":"https:\/\/nitu.mx\/wp-content\/uploads\/2024\/04\/4A315622-1904-4D5C-B022-878CDC840E04-90x90-1.jpeg","contentUrl":"https:\/\/nitu.mx\/wp-content\/uploads\/2024\/04\/4A315622-1904-4D5C-B022-878CDC840E04-90x90-1.jpeg","width":90,"height":90,"caption":"Arturo Medina"},"logo":{"@id":"https:\/\/nitu.mx\/#\/schema\/person\/image\/"},"description":"Director NITU.mx, Egresado de la Escuela de Periodismo Carlos Septi\u00e9n Garc\u00eda. Periodista y analista especializado en turismo desde hace 35 a\u00f1os, radicado en Canc\u00fan Q.Roo. arturo@nitu.mx","sameAs":["https:\/\/nitu.mx","https:\/\/www.facebook.com\/NITUmx\/","medinacancun","https:\/\/twitter.com\/@Arturo_Medina_G"]},{"@type":"Person","@id":"https:\/\/nitu.mx\/#\/schema\/person\/4a28fe9bd65924f7c90623773daf1b0b","name":"Redacci\u00f3n","image":{"@type":"ImageObject","inLanguage":"es-MX","@id":"https:\/\/nitu.mx\/#\/schema\/person\/image\/","url":"https:\/\/secure.gravatar.com\/avatar\/5dd011c8ccfc5cd7e4c81e42252aab38?s=96&d=mm&r=g","contentUrl":"https:\/\/secure.gravatar.com\/avatar\/5dd011c8ccfc5cd7e4c81e42252aab38?s=96&d=mm&r=g","caption":"Redacci\u00f3n"},"url":"https:\/\/nitu.mx\/index.php\/author\/redaccion\/"}]}},"views":228,"_links":{"self":[{"href":"https:\/\/nitu.mx\/index.php\/wp-json\/wp\/v2\/posts\/29939"}],"collection":[{"href":"https:\/\/nitu.mx\/index.php\/wp-json\/wp\/v2\/posts"}],"about":[{"href":"https:\/\/nitu.mx\/index.php\/wp-json\/wp\/v2\/types\/post"}],"author":[{"embeddable":true,"href":"https:\/\/nitu.mx\/index.php\/wp-json\/wp\/v2\/users\/17"}],"replies":[{"embeddable":true,"href":"https:\/\/nitu.mx\/index.php\/wp-json\/wp\/v2\/comments?post=29939"}],"version-history":[{"count":3,"href":"https:\/\/nitu.mx\/index.php\/wp-json\/wp\/v2\/posts\/29939\/revisions"}],"predecessor-version":[{"id":29969,"href":"https:\/\/nitu.mx\/index.php\/wp-json\/wp\/v2\/posts\/29939\/revisions\/29969"}],"wp:featuredmedia":[{"embeddable":true,"href":"https:\/\/nitu.mx\/index.php\/wp-json\/wp\/v2\/media\/22012"}],"wp:attachment":[{"href":"https:\/\/nitu.mx\/index.php\/wp-json\/wp\/v2\/media?parent=29939"}],"wp:term":[{"taxonomy":"category","embeddable":true,"href":"https:\/\/nitu.mx\/index.php\/wp-json\/wp\/v2\/categories?post=29939"},{"taxonomy":"post_tag","embeddable":true,"href":"https:\/\/nitu.mx\/index.php\/wp-json\/wp\/v2\/tags?post=29939"}],"curies":[{"name":"wp","href":"https:\/\/api.w.org\/{rel}","templated":true}]}}